{"id":190596,"date":"2022-09-25T11:17:11","date_gmt":"2022-09-25T14:17:11","guid":{"rendered":"https:\/\/aconteceunovale.com.br\/portal\/?p=190596"},"modified":"2022-09-25T11:17:57","modified_gmt":"2022-09-25T14:17:57","slug":"domador-de-leao-e-preso-em-minas-gerais-25-anos-apos-animal-matar-crianca","status":"publish","type":"post","link":"https:\/\/aconteceunovale.com.br\/portal\/?p=190596","title":{"rendered":"Domador de le\u00e3o \u00e9 preso em Minas Gerais 25 anos ap\u00f3s animal matar crian\u00e7a"},"content":{"rendered":"\n<p class=\"wp-block-paragraph\">A Pol\u00edcia Rodovi\u00e1ria Federal deteve um homem de 48 anos, artista circense, condenado por homic\u00eddio doloso, ocorrido h\u00e1 25 anos em Tiangu\u00e1, cidade do interior do Estado do Cear\u00e1 (314 km a Oeste de Fortaleza).<\/p>\n\n\n\n<p class=\"wp-block-paragraph\">A deten\u00e7\u00e3o ocorreu durante uma a\u00e7\u00e3o policial, orientada pelo servi\u00e7o de Intelig\u00eancia da PRF, quando os policiais abordaram o condutor de um ve\u00edculo VW Crossfox no Km 8 da BR-459, no munic\u00edpio de Po\u00e7os de Caldas (MG).<\/p>\n\n\n\n<p class=\"wp-block-paragraph\">Em consulta aos sistemas informatizados de seguran\u00e7a p\u00fablica, foi verificado a exist\u00eancia de um Mandado de Pris\u00e3o, pendente de cumprimento, emitido em 18\/05\/2018, pela 1\u00aa Vara da comarca de Tiangu\u00e1 (CE), relativo a um crime cometido h\u00e1 25 anos.<\/p>\n\n\n\n<p class=\"wp-block-paragraph\">O homem que trabalhava como domador de um le\u00e3o, \u00e0 \u00e9poca do ocorrido, perdeu o controle do animal durante sua exibi\u00e7\u00e3o pelas ruas da cidade, como propaganda de um circo instalado naquela localidade, momento em que o felino atacou e matou uma crian\u00e7a de 04 anos de idade.<\/p>\n\n\n\n<p class=\"wp-block-paragraph\">O detido foi conduzido ileso \u00e0 Depol de\u00a0Po\u00e7os de Caldas\u00a0(MG)\u00a0e o ve\u00edculo foi encaminhado para o p\u00e1tio credenciado da PRF.<\/p>\n\n\n\n<p class=\"wp-block-paragraph\">&#8212;&#8212;&#8212;&#8212;&#8212;&#8212;<br><br><strong>Sabia que o Aconteceu no Vale est\u00e1 tamb\u00e9m no Telegram? <a rel=\"noreferrer noopener\" href=\"https:\/\/t.me\/aconteceunovaleoficial\" target=\"_blank\">Inscreva-se no canal<\/a>.<\/strong><br><br><strong>J\u00e1 curtiu ou seguiu nossas p\u00e1ginas nas redes sociais?\u00a0Receba as not\u00edcias em primeira m\u00e3o:<\/strong><br>\u2022 <a rel=\"noreferrer noopener\" href=\"https:\/\/news.google.com\/publications\/CAAqBwgKMNjklQswi4etAw?hl=pt-BR&amp;gl=BR&amp;ceid=BR%3Apt-419\" target=\"_blank\">Google News<\/a><br>\u2022 <a rel=\"noreferrer noopener\" href=\"https:\/\/www.facebook.com\/aconteceunovale\/\" target=\"_blank\">Facebook<\/a><br>\u2022 <a rel=\"noreferrer noopener\" href=\"https:\/\/twitter.com\/noticiadosvales\" target=\"_blank\">Twitter<\/a><br>\u2022 <a rel=\"noreferrer noopener\" href=\"https:\/\/www.instagram.com\/aconteceunovale\" target=\"_blank\">Instagram<\/a><br>\u2022 <a rel=\"noreferrer noopener\" href=\"https:\/\/www.youtube.com\/AconteceunoValeOficial\" target=\"_blank\">Youtube<\/a><br>\u2022 <a rel=\"noreferrer noopener\" href=\"https:\/\/www.tiktok.com\/@aconteceunovale\" target=\"_blank\">TikTok<\/a><\/p>\n","protected":false},"excerpt":{"rendered":"<p>A Pol\u00edcia Rodovi\u00e1ria Federal deteve um homem de 48 anos, artista circense, condenado por homic\u00eddio doloso, ocorrido h\u00e1 25 anos em Tiangu\u00e1, cidade do interior do Estado do Cear\u00e1 (314 km a Oeste de Fortaleza). A deten\u00e7\u00e3o ocorreu durante uma a\u00e7\u00e3o policial, orientada pelo servi\u00e7o de Intelig\u00eancia da PRF, quando os policiais abordaram o condutor [&hellip;]<\/p>\n","protected":false},"author":4,"featured_media":190597,"comment_status":"open","ping_status":"closed","sticky":false,"template":"","format":"standard","meta":{"amp_status":"","footnotes":""},"categories":[6,123],"tags":[11469,263398,263399,1018,263396,263397,131,215,239,133272],"class_list":["post-190596","post","type-post","status-publish","format-standard","has-post-thumbnail","hentry","category-br","category-gerais","tag-ceara","tag-crianca-morta-por-leao-em-tiangua","tag-crianca-morta-por-leao-no-ceara","tag-destaque","tag-domador-de-leao-e-preso-em-minas-gerais-25-anos-apos-animal-matar-crianca","tag-domador-de-leao-preso-em-minas-gerais","tag-minas-gerais","tag-pocos-de-caldas","tag-prf","tag-tiangua"],"yoast_head":"<!-- This site is optimized with the Yoast SEO plugin v28.3 - https:\/\/yoast.com\/product\/yoast-seo-wordpress\/ -->\n<title>Domador de le\u00e3o \u00e9 preso em Minas Gerais 25 anos ap\u00f3s animal matar crian\u00e7a - Aconteceu no Vale<\/title>\n<meta name=\"robots\" content=\"index, follow, max-snippet:-1, max-image-preview:large, max-video-preview:-1\" \/>\n<link rel=\"canonical\" href=\"https:\/\/aconteceunovale.com.br\/portal\/?p=190596\" \/>\n<meta property=\"og:locale\" content=\"pt_BR\" \/>\n<meta property=\"og:type\" content=\"article\" \/>\n<meta property=\"og:title\" content=\"Domador de le\u00e3o \u00e9 preso em Minas Gerais 25 anos ap\u00f3s animal matar crian\u00e7a - Aconteceu no Vale\" \/>\n<meta property=\"og:description\" content=\"A Pol\u00edcia Rodovi\u00e1ria Federal deteve um homem de 48 anos, artista circense, condenado por homic\u00eddio doloso, ocorrido h\u00e1 25 anos em Tiangu\u00e1, cidade do interior do Estado do Cear\u00e1 (314 km a Oeste de Fortaleza). A deten\u00e7\u00e3o ocorreu durante uma a\u00e7\u00e3o policial, orientada pelo servi\u00e7o de Intelig\u00eancia da PRF, quando os policiais abordaram o condutor [&hellip;]\" \/>\n<meta property=\"og:url\" content=\"https:\/\/aconteceunovale.com.br\/portal\/?p=190596\" \/>\n<meta property=\"og:site_name\" content=\"Aconteceu no Vale\" \/>\n<meta property=\"article:publisher\" content=\"https:\/\/www.facebook.com\/aconteceunovale\/\" \/>\n<meta property=\"article:published_time\" content=\"2022-09-25T14:17:11+00:00\" \/>\n<meta property=\"article:modified_time\" content=\"2022-09-25T14:17:57+00:00\" \/>\n<meta property=\"og:image\" content=\"https:\/\/aconteceunovale.com.br\/portal\/wp-content\/uploads\/2022\/09\/domador_preso.jpeg\" \/>\n\t<meta property=\"og:image:width\" content=\"678\" \/>\n\t<meta property=\"og:image:height\" content=\"401\" \/>\n\t<meta property=\"og:image:type\" content=\"image\/jpeg\" \/>\n<meta name=\"author\" content=\"Reda\u00e7\u00e3o Aconteceu no Vale\" \/>\n<meta name=\"twitter:card\" content=\"summary_large_image\" \/>\n<meta name=\"twitter:creator\" content=\"@noticiadosvales\" \/>\n<meta name=\"twitter:site\" content=\"@noticiadosvales\" \/>\n<meta name=\"twitter:label1\" content=\"Escrito por\" \/>\n\t<meta name=\"twitter:data1\" content=\"Reda\u00e7\u00e3o Aconteceu no Vale\" \/>\n\t<meta name=\"twitter:label2\" content=\"Est. tempo de leitura\" \/>\n\t<meta name=\"twitter:data2\" content=\"1 minuto\" \/>\n<script type=\"application\/ld+json\" class=\"yoast-schema-graph\">{\"@context\":\"https:\\\/\\\/schema.org\",\"@graph\":[{\"@type\":\"Article\",\"@id\":\"https:\\\/\\\/aconteceunovale.com.br\\\/portal\\\/?p=190596#article\",\"isPartOf\":{\"@id\":\"https:\\\/\\\/aconteceunovale.com.br\\\/portal\\\/?p=190596\"},\"author\":{\"name\":\"Reda\u00e7\u00e3o Aconteceu no Vale\",\"@id\":\"https:\\\/\\\/aconteceunovale.com.br\\\/portal\\\/#\\\/schema\\\/person\\\/7d2f26d1483f8a63de73da1ee0754d35\"},\"headline\":\"Domador de le\u00e3o \u00e9 preso em Minas Gerais 25 anos ap\u00f3s animal matar crian\u00e7a\",\"datePublished\":\"2022-09-25T14:17:11+00:00\",\"dateModified\":\"2022-09-25T14:17:57+00:00\",\"mainEntityOfPage\":{\"@id\":\"https:\\\/\\\/aconteceunovale.com.br\\\/portal\\\/?p=190596\"},\"wordCount\":247,\"commentCount\":0,\"image\":{\"@id\":\"https:\\\/\\\/aconteceunovale.com.br\\\/portal\\\/?p=190596#primaryimage\"},\"thumbnailUrl\":\"https:\\\/\\\/aconteceunovale.com.br\\\/portal\\\/wp-content\\\/uploads\\\/2022\\\/09\\\/domador_preso.jpeg\",\"keywords\":[\"Cear\u00e1\",\"Crian\u00e7a morta por le\u00e3o em Tiangu\u00e1\",\"Crian\u00e7a morta por le\u00e3o no Cear\u00e1\",\"destaque\",\"Domador de le\u00e3o \u00e9 preso em Minas Gerais 25 anos ap\u00f3s animal matar crian\u00e7a\",\"Domador de le\u00e3o preso em Minas Gerais\",\"Minas Gerais\",\"Po\u00e7os de Caldas\",\"PRF\",\"Tiangu\u00e1\"],\"articleSection\":[\"Brasil\",\"Minas Gerais\"],\"inLanguage\":\"pt-BR\",\"potentialAction\":[{\"@type\":\"CommentAction\",\"name\":\"Comment\",\"target\":[\"https:\\\/\\\/aconteceunovale.com.br\\\/portal\\\/?p=190596#respond\"]}]},{\"@type\":\"WebPage\",\"@id\":\"https:\\\/\\\/aconteceunovale.com.br\\\/portal\\\/?p=190596\",\"url\":\"https:\\\/\\\/aconteceunovale.com.br\\\/portal\\\/?p=190596\",\"name\":\"Domador de le\u00e3o \u00e9 preso em Minas Gerais 25 anos ap\u00f3s animal matar crian\u00e7a - Aconteceu no Vale\",\"isPartOf\":{\"@id\":\"https:\\\/\\\/aconteceunovale.com.br\\\/portal\\\/#website\"},\"primaryImageOfPage\":{\"@id\":\"https:\\\/\\\/aconteceunovale.com.br\\\/portal\\\/?p=190596#primaryimage\"},\"image\":{\"@id\":\"https:\\\/\\\/aconteceunovale.com.br\\\/portal\\\/?p=190596#primaryimage\"},\"thumbnailUrl\":\"https:\\\/\\\/aconteceunovale.com.br\\\/portal\\\/wp-content\\\/uploads\\\/2022\\\/09\\\/domador_preso.jpeg\",\"datePublished\":\"2022-09-25T14:17:11+00:00\",\"dateModified\":\"2022-09-25T14:17:57+00:00\",\"author\":{\"@id\":\"https:\\\/\\\/aconteceunovale.com.br\\\/portal\\\/#\\\/schema\\\/person\\\/7d2f26d1483f8a63de73da1ee0754d35\"},\"breadcrumb\":{\"@id\":\"https:\\\/\\\/aconteceunovale.com.br\\\/portal\\\/?p=190596#breadcrumb\"},\"inLanguage\":\"pt-BR\",\"potentialAction\":[{\"@type\":\"ReadAction\",\"target\":[\"https:\\\/\\\/aconteceunovale.com.br\\\/portal\\\/?p=190596\"]}]},{\"@type\":\"ImageObject\",\"inLanguage\":\"pt-BR\",\"@id\":\"https:\\\/\\\/aconteceunovale.com.br\\\/portal\\\/?p=190596#primaryimage\",\"url\":\"https:\\\/\\\/aconteceunovale.com.br\\\/portal\\\/wp-content\\\/uploads\\\/2022\\\/09\\\/domador_preso.jpeg\",\"contentUrl\":\"https:\\\/\\\/aconteceunovale.com.br\\\/portal\\\/wp-content\\\/uploads\\\/2022\\\/09\\\/domador_preso.jpeg\",\"width\":678,\"height\":401},{\"@type\":\"BreadcrumbList\",\"@id\":\"https:\\\/\\\/aconteceunovale.com.br\\\/portal\\\/?p=190596#breadcrumb\",\"itemListElement\":[{\"@type\":\"ListItem\",\"position\":1,\"name\":\"In\u00edcio\",\"item\":\"https:\\\/\\\/aconteceunovale.com.br\\\/portal\\\/\"},{\"@type\":\"ListItem\",\"position\":2,\"name\":\"Domador de le\u00e3o \u00e9 preso em Minas Gerais 25 anos ap\u00f3s animal matar crian\u00e7a\"}]},{\"@type\":\"WebSite\",\"@id\":\"https:\\\/\\\/aconteceunovale.com.br\\\/portal\\\/#website\",\"url\":\"https:\\\/\\\/aconteceunovale.com.br\\\/portal\\\/\",\"name\":\"Aconteceu no Vale\",\"description\":\"Portal de Not\u00edcias\",\"potentialAction\":[{\"@type\":\"SearchAction\",\"target\":{\"@type\":\"EntryPoint\",\"urlTemplate\":\"https:\\\/\\\/aconteceunovale.com.br\\\/portal\\\/?s={search_term_string}\"},\"query-input\":{\"@type\":\"PropertyValueSpecification\",\"valueRequired\":true,\"valueName\":\"search_term_string\"}}],\"inLanguage\":\"pt-BR\"},{\"@type\":\"Person\",\"@id\":\"https:\\\/\\\/aconteceunovale.com.br\\\/portal\\\/#\\\/schema\\\/person\\\/7d2f26d1483f8a63de73da1ee0754d35\",\"name\":\"Reda\u00e7\u00e3o Aconteceu no Vale\",\"description\":\"Equipe de reportagem do Aconteceu no Vale, portal de not\u00edcias do Vale do Jequitinhonha, em Minas Gerais. Cobrimos as 51 cidades do Vale desde 2013. Sugest\u00f5es de pauta e pedidos de corre\u00e7\u00e3o: contato@aconteceunovale.com.br\",\"url\":\"https:\\\/\\\/aconteceunovale.com.br\\\/portal\\\/?author=4\"}]}<\/script>\n<!-- \/ Yoast SEO plugin. -->","yoast_head_json":{"title":"Domador de le\u00e3o \u00e9 preso em Minas Gerais 25 anos ap\u00f3s animal matar crian\u00e7a - Aconteceu no Vale","robots":{"index":"index","follow":"follow","max-snippet":"max-snippet:-1","max-image-preview":"max-image-preview:large","max-video-preview":"max-video-preview:-1"},"canonical":"https:\/\/aconteceunovale.com.br\/portal\/?p=190596","og_locale":"pt_BR","og_type":"article","og_title":"Domador de le\u00e3o \u00e9 preso em Minas Gerais 25 anos ap\u00f3s animal matar crian\u00e7a - Aconteceu no Vale","og_description":"A Pol\u00edcia Rodovi\u00e1ria Federal deteve um homem de 48 anos, artista circense, condenado por homic\u00eddio doloso, ocorrido h\u00e1 25 anos em Tiangu\u00e1, cidade do interior do Estado do Cear\u00e1 (314 km a Oeste de Fortaleza). A deten\u00e7\u00e3o ocorreu durante uma a\u00e7\u00e3o policial, orientada pelo servi\u00e7o de Intelig\u00eancia da PRF, quando os policiais abordaram o condutor [&hellip;]","og_url":"https:\/\/aconteceunovale.com.br\/portal\/?p=190596","og_site_name":"Aconteceu no Vale","article_publisher":"https:\/\/www.facebook.com\/aconteceunovale\/","article_published_time":"2022-09-25T14:17:11+00:00","article_modified_time":"2022-09-25T14:17:57+00:00","og_image":[{"width":678,"height":401,"url":"https:\/\/aconteceunovale.com.br\/portal\/wp-content\/uploads\/2022\/09\/domador_preso.jpeg","type":"image\/jpeg"}],"author":"Reda\u00e7\u00e3o Aconteceu no Vale","twitter_card":"summary_large_image","twitter_creator":"@noticiadosvales","twitter_site":"@noticiadosvales","twitter_misc":{"Escrito por":"Reda\u00e7\u00e3o Aconteceu no Vale","Est. tempo de leitura":"1 minuto"},"schema":{"@context":"https:\/\/schema.org","@graph":[{"@type":"Article","@id":"https:\/\/aconteceunovale.com.br\/portal\/?p=190596#article","isPartOf":{"@id":"https:\/\/aconteceunovale.com.br\/portal\/?p=190596"},"author":{"name":"Reda\u00e7\u00e3o Aconteceu no Vale","@id":"https:\/\/aconteceunovale.com.br\/portal\/#\/schema\/person\/7d2f26d1483f8a63de73da1ee0754d35"},"headline":"Domador de le\u00e3o \u00e9 preso em Minas Gerais 25 anos ap\u00f3s animal matar crian\u00e7a","datePublished":"2022-09-25T14:17:11+00:00","dateModified":"2022-09-25T14:17:57+00:00","mainEntityOfPage":{"@id":"https:\/\/aconteceunovale.com.br\/portal\/?p=190596"},"wordCount":247,"commentCount":0,"image":{"@id":"https:\/\/aconteceunovale.com.br\/portal\/?p=190596#primaryimage"},"thumbnailUrl":"https:\/\/aconteceunovale.com.br\/portal\/wp-content\/uploads\/2022\/09\/domador_preso.jpeg","keywords":["Cear\u00e1","Crian\u00e7a morta por le\u00e3o em Tiangu\u00e1","Crian\u00e7a morta por le\u00e3o no Cear\u00e1","destaque","Domador de le\u00e3o \u00e9 preso em Minas Gerais 25 anos ap\u00f3s animal matar crian\u00e7a","Domador de le\u00e3o preso em Minas Gerais","Minas Gerais","Po\u00e7os de Caldas","PRF","Tiangu\u00e1"],"articleSection":["Brasil","Minas Gerais"],"inLanguage":"pt-BR","potentialAction":[{"@type":"CommentAction","name":"Comment","target":["https:\/\/aconteceunovale.com.br\/portal\/?p=190596#respond"]}]},{"@type":"WebPage","@id":"https:\/\/aconteceunovale.com.br\/portal\/?p=190596","url":"https:\/\/aconteceunovale.com.br\/portal\/?p=190596","name":"Domador de le\u00e3o \u00e9 preso em Minas Gerais 25 anos ap\u00f3s animal matar crian\u00e7a - Aconteceu no Vale","isPartOf":{"@id":"https:\/\/aconteceunovale.com.br\/portal\/#website"},"primaryImageOfPage":{"@id":"https:\/\/aconteceunovale.com.br\/portal\/?p=190596#primaryimage"},"image":{"@id":"https:\/\/aconteceunovale.com.br\/portal\/?p=190596#primaryimage"},"thumbnailUrl":"https:\/\/aconteceunovale.com.br\/portal\/wp-content\/uploads\/2022\/09\/domador_preso.jpeg","datePublished":"2022-09-25T14:17:11+00:00","dateModified":"2022-09-25T14:17:57+00:00","author":{"@id":"https:\/\/aconteceunovale.com.br\/portal\/#\/schema\/person\/7d2f26d1483f8a63de73da1ee0754d35"},"breadcrumb":{"@id":"https:\/\/aconteceunovale.com.br\/portal\/?p=190596#breadcrumb"},"inLanguage":"pt-BR","potentialAction":[{"@type":"ReadAction","target":["https:\/\/aconteceunovale.com.br\/portal\/?p=190596"]}]},{"@type":"ImageObject","inLanguage":"pt-BR","@id":"https:\/\/aconteceunovale.com.br\/portal\/?p=190596#primaryimage","url":"https:\/\/aconteceunovale.com.br\/portal\/wp-content\/uploads\/2022\/09\/domador_preso.jpeg","contentUrl":"https:\/\/aconteceunovale.com.br\/portal\/wp-content\/uploads\/2022\/09\/domador_preso.jpeg","width":678,"height":401},{"@type":"BreadcrumbList","@id":"https:\/\/aconteceunovale.com.br\/portal\/?p=190596#breadcrumb","itemListElement":[{"@type":"ListItem","position":1,"name":"In\u00edcio","item":"https:\/\/aconteceunovale.com.br\/portal\/"},{"@type":"ListItem","position":2,"name":"Domador de le\u00e3o \u00e9 preso em Minas Gerais 25 anos ap\u00f3s animal matar crian\u00e7a"}]},{"@type":"WebSite","@id":"https:\/\/aconteceunovale.com.br\/portal\/#website","url":"https:\/\/aconteceunovale.com.br\/portal\/","name":"Aconteceu no Vale","description":"Portal de Not\u00edcias","potentialAction":[{"@type":"SearchAction","target":{"@type":"EntryPoint","urlTemplate":"https:\/\/aconteceunovale.com.br\/portal\/?s={search_term_string}"},"query-input":{"@type":"PropertyValueSpecification","valueRequired":true,"valueName":"search_term_string"}}],"inLanguage":"pt-BR"},{"@type":"Person","@id":"https:\/\/aconteceunovale.com.br\/portal\/#\/schema\/person\/7d2f26d1483f8a63de73da1ee0754d35","name":"Reda\u00e7\u00e3o Aconteceu no Vale","description":"Equipe de reportagem do Aconteceu no Vale, portal de not\u00edcias do Vale do Jequitinhonha, em Minas Gerais. Cobrimos as 51 cidades do Vale desde 2013. Sugest\u00f5es de pauta e pedidos de corre\u00e7\u00e3o: contato@aconteceunovale.com.br","url":"https:\/\/aconteceunovale.com.br\/portal\/?author=4"}]}},"_links":{"self":[{"href":"https:\/\/aconteceunovale.com.br\/portal\/index.php?rest_route=\/wp\/v2\/posts\/190596","targetHints":{"allow":["GET"]}}],"collection":[{"href":"https:\/\/aconteceunovale.com.br\/portal\/index.php?rest_route=\/wp\/v2\/posts"}],"about":[{"href":"https:\/\/aconteceunovale.com.br\/portal\/index.php?rest_route=\/wp\/v2\/types\/post"}],"author":[{"embeddable":true,"href":"https:\/\/aconteceunovale.com.br\/portal\/index.php?rest_route=\/wp\/v2\/users\/4"}],"replies":[{"embeddable":true,"href":"https:\/\/aconteceunovale.com.br\/portal\/index.php?rest_route=%2Fwp%2Fv2%2Fcomments&post=190596"}],"version-history":[{"count":1,"href":"https:\/\/aconteceunovale.com.br\/portal\/index.php?rest_route=\/wp\/v2\/posts\/190596\/revisions"}],"predecessor-version":[{"id":190598,"href":"https:\/\/aconteceunovale.com.br\/portal\/index.php?rest_route=\/wp\/v2\/posts\/190596\/revisions\/190598"}],"wp:featuredmedia":[{"embeddable":true,"href":"https:\/\/aconteceunovale.com.br\/portal\/index.php?rest_route=\/wp\/v2\/media\/190597"}],"wp:attachment":[{"href":"https:\/\/aconteceunovale.com.br\/portal\/index.php?rest_route=%2Fwp%2Fv2%2Fmedia&parent=190596"}],"wp:term":[{"taxonomy":"category","embeddable":true,"href":"https:\/\/aconteceunovale.com.br\/portal\/index.php?rest_route=%2Fwp%2Fv2%2Fcategories&post=190596"},{"taxonomy":"post_tag","embeddable":true,"href":"https:\/\/aconteceunovale.com.br\/portal\/index.php?rest_route=%2Fwp%2Fv2%2Ftags&post=190596"}],"curies":[{"name":"wp","href":"https:\/\/api.w.org\/{rel}","templated":true}]}}