{"id":190594,"date":"2022-09-25T11:02:29","date_gmt":"2022-09-25T14:02:29","guid":{"rendered":"https:\/\/aconteceunovale.com.br\/portal\/?p=190594"},"modified":"2022-09-25T11:03:34","modified_gmt":"2022-09-25T14:03:34","slug":"foragido-por-duplo-homicidio-qualificado-em-ipatinga-e-preso-no-espirito-santo","status":"publish","type":"post","link":"https:\/\/aconteceunovale.com.br\/portal\/?p=190594","title":{"rendered":"Foragido por duplo homic\u00eddio qualificado em Ipatinga \u00e9 preso no Esp\u00edrito Santo"},"content":{"rendered":"\n<p class=\"wp-block-paragraph\">Atua\u00e7\u00e3o conjunta do Minist\u00e9rio P\u00fablico de Minas Gerais (MPMG), por meio da 11\u00aa Promotoria de Justi\u00e7a de Ipatinga, com a Pol\u00edcia Militar de Minas Gerais e com a Pol\u00edcia Militar do Esp\u00edrito Santo, resultou na captura do foragido da Justi\u00e7a de Minas, por duplo homic\u00eddio qualificado ocorrido em novembro de 2005, em Ipatinga. O homem est\u00e1 recolhido no Centro de Deten\u00e7\u00e3o Provis\u00f3ria de Viana II, no Esp\u00edrito Santo.<\/p>\n\n\n\n<p class=\"wp-block-paragraph\">Segundo a Promotoria de Justi\u00e7a, trata-se de um dos mais graves casos com mandado de pris\u00e3o aberto na comarca de Ipatinga.<\/p>\n\n\n\n<p class=\"wp-block-paragraph\">Na A\u00e7\u00e3o Penal, o MPMG requereu, ao Ju\u00edzo da Vara de Execu\u00e7\u00f5es Penais, Cartas Precat\u00f3rias Criminais e do Tribunal do J\u00fari da Comarca de Ipatinga, prioridade de acordo com a meta n\u00ba 02 do Conselho Nacional de Justi\u00e7a \u2013 Julgar processos mais antigos &#8211; todos os segmentos.<\/p>\n\n\n\n<p class=\"wp-block-paragraph\">No dia 22 deste m\u00eas, o promotor de Justi\u00e7a Jonas Junio Monteiro Costa fez aditamento \u00e0 den\u00fancia da Pol\u00edcia Civil de Ipatinga, de 2005, com base no Art. 121, \u00a72\u00ba, incisos I e IV do C\u00f3digo Penal (CP), para incluir duas qualificadoras e o crime conexo de corrup\u00e7\u00e3o de menores, j\u00e1 que o r\u00e9u praticou os homic\u00eddios \u201ccom aux\u00edlio moral e material do seu sobrinho de 16 anos\u201d. Agindo assim, o acusado infringiu a Lei n\u00ba 2.2252\/1954, vigente \u00e0 \u00e9poca, na medida em que corrompeu menor de 18 anos para praticar infra\u00e7\u00e3o penal.<\/p>\n\n\n\n<p class=\"wp-block-paragraph\">Conforme o aditamento, o denunciado atirou nas v\u00edtimas, inclusive \u00e0 curta dist\u00e2ncia, por motivo torpe, por que as v\u00edtimas invadiram im\u00f3vel da fam\u00edlia dele e porque estavam nas proximidades furtando objetos.<\/p>\n\n\n\n<p class=\"wp-block-paragraph\">Al\u00e9m da condena\u00e7\u00e3o \u00e0s penas cab\u00edveis, inclusive para repara\u00e7\u00e3o aos danos materiais e morais causados \u00e0 fam\u00edlia da v\u00edtima, conforme art. 387 do C\u00f3digo de Processo Penal (CPP), o MPMG requer anota\u00e7\u00e3o da prioridade legal, prevista para apura\u00e7\u00e3o dos crimes hediondos, nos termos do art. 394-A, do CPP.<\/p>\n\n\n\n<p class=\"wp-block-paragraph\"><strong>Circunst\u00e2ncias judiciais<\/strong><\/p>\n\n\n\n<p class=\"wp-block-paragraph\"><strong>Fato 1&nbsp;<\/strong>&#8211;&nbsp; Conforme a Lei n\u00ba 12.852\/2013, a&nbsp;incomensur\u00e1vel dor da perda sentida pelos familiares e amigos do adolescente, e&nbsp;a condi\u00e7\u00e3o jovem da v\u00edtima, menor de 29 anos, formam&nbsp;circunst\u00e2ncia que dever\u00e1 ser sopesada na fixa\u00e7\u00e3o da pena-base, a t\u00edtulo de consequ\u00eancias do crime, conforme o art. 59 do CP&#8221;.<\/p>\n\n\n\n<p class=\"wp-block-paragraph\"><strong>Fato 2<\/strong>&nbsp;\u2013 A forma de execu\u00e7\u00e3o das v\u00edtimas revela especial gravidade, fato que deve ser valorado negativamente como circunst\u00e2ncia&nbsp;do crime, tamb\u00e9m conforme art. 59 do CP, segundo o aditamento.<\/p>\n\n\n\n<p class=\"wp-block-paragraph\"><strong>Hist\u00f3rico&nbsp;<\/strong>&#8211; Consta no Inqu\u00e9rito Policial que, na tarde do dia 14 de novembro de 2005, na Rua Passagem Espargo, no bairro Esperan\u00e7a, em Ipatinga, o denunciado, com aux\u00edlio do sobrinho de 16 anos, matou um homem de 31 anos e o sobrinho dele, de 17 anos, por motivo torpe e mediante recurso que dificultou a defesa das v\u00edtimas, com v\u00e1rios tiros, alguns disparados \u00e0 curta dist\u00e2ncia.<\/p>\n\n\n\n<p class=\"wp-block-paragraph\">Conforme apurado, as v\u00edtimas entraram numa casa abandonada para furtar materiais hidr\u00e1ulicos. Em determinado momento, uma das v\u00edtimas invadiu o im\u00f3vel vizinho onde estavam o denunciado e o adolescente &#8211; sobrinho dele e filho dos donos da casa -, e depois retornou&nbsp;ao im\u00f3vel vazio.<\/p>\n\n\n\n<p class=\"wp-block-paragraph\">Pouco depois, o denunciado e o sobrinho foram ao im\u00f3vel vizinho e conversaram com as v\u00edtimas na laje da casa. Em seguida, o grupo desceu para a parte inferior do im\u00f3vel, onde as v\u00edtimas foram surpreendidas com os tiros disparados.<\/p>\n\n\n\n<p class=\"wp-block-paragraph\">&#8212;&#8212;&#8212;&#8212;&#8212;&#8212;<br><br><strong>Sabia que o Aconteceu no Vale est\u00e1 tamb\u00e9m no Telegram? <a rel=\"noreferrer noopener\" href=\"https:\/\/t.me\/aconteceunovaleoficial\" target=\"_blank\">Inscreva-se no canal<\/a>.<\/strong><br><br><strong>J\u00e1 curtiu ou seguiu nossas p\u00e1ginas nas redes sociais?\u00a0Receba as not\u00edcias em primeira m\u00e3o:<\/strong><br>\u2022 <a rel=\"noreferrer noopener\" href=\"https:\/\/news.google.com\/publications\/CAAqBwgKMNjklQswi4etAw?hl=pt-BR&amp;gl=BR&amp;ceid=BR%3Apt-419\" target=\"_blank\">Google News<\/a><br>\u2022 <a rel=\"noreferrer noopener\" href=\"https:\/\/www.facebook.com\/aconteceunovale\/\" target=\"_blank\">Facebook<\/a><br>\u2022 <a rel=\"noreferrer noopener\" href=\"https:\/\/twitter.com\/noticiadosvales\" target=\"_blank\">Twitter<\/a><br>\u2022 <a rel=\"noreferrer noopener\" href=\"https:\/\/www.instagram.com\/aconteceunovale\" target=\"_blank\">Instagram<\/a><br>\u2022 <a rel=\"noreferrer noopener\" href=\"https:\/\/www.youtube.com\/AconteceunoValeOficial\" target=\"_blank\">Youtube<\/a><br>\u2022 <a rel=\"noreferrer noopener\" href=\"https:\/\/www.tiktok.com\/@aconteceunovale\" target=\"_blank\">TikTok<\/a><\/p>\n","protected":false},"excerpt":{"rendered":"<p>Atua\u00e7\u00e3o conjunta do Minist\u00e9rio P\u00fablico de Minas Gerais (MPMG), por meio da 11\u00aa Promotoria de Justi\u00e7a de Ipatinga, com a Pol\u00edcia Militar de Minas Gerais e com a Pol\u00edcia Militar do Esp\u00edrito Santo, resultou na captura do foragido da Justi\u00e7a de Minas, por duplo homic\u00eddio qualificado ocorrido em novembro de 2005, em Ipatinga. O homem [&hellip;]<\/p>\n","protected":false},"author":4,"featured_media":180925,"comment_status":"open","ping_status":"closed","sticky":false,"template":"","format":"standard","meta":{"amp_status":"","footnotes":""},"categories":[6,121],"tags":[1018,263391,201,19675,604,263394,38187,263393,263392,263395,154492],"class_list":["post-190594","post","type-post","status-publish","format-standard","has-post-thumbnail","hentry","category-br","category-leste","tag-destaque","tag-foragido-por-duplo-homicidio-qualificado-em-ipatinga-e-preso-no-espirito-santo","tag-ipatinga","tag-mpmg","tag-pcmg","tag-pmes","tag-pmmg","tag-preso-em-viana","tag-preso-por-duplo-homicidio-em-ipatinga","tag-promotor-de-justica-jonas-junio-monteiro-costa","tag-promotoria-de-justica-de-ipatinga"],"yoast_head":"<!-- This site is optimized with the Yoast SEO plugin v28.3 - https:\/\/yoast.com\/product\/yoast-seo-wordpress\/ -->\n<title>Foragido por duplo homic\u00eddio qualificado em Ipatinga \u00e9 preso no Esp\u00edrito Santo - Aconteceu no Vale<\/title>\n<meta name=\"robots\" content=\"index, follow, max-snippet:-1, max-image-preview:large, max-video-preview:-1\" \/>\n<link rel=\"canonical\" href=\"https:\/\/aconteceunovale.com.br\/portal\/?p=190594\" \/>\n<meta property=\"og:locale\" content=\"pt_BR\" \/>\n<meta property=\"og:type\" content=\"article\" \/>\n<meta property=\"og:title\" content=\"Foragido por duplo homic\u00eddio qualificado em Ipatinga \u00e9 preso no Esp\u00edrito Santo - Aconteceu no Vale\" \/>\n<meta property=\"og:description\" content=\"Atua\u00e7\u00e3o conjunta do Minist\u00e9rio P\u00fablico de Minas Gerais (MPMG), por meio da 11\u00aa Promotoria de Justi\u00e7a de Ipatinga, com a Pol\u00edcia Militar de Minas Gerais e com a Pol\u00edcia Militar do Esp\u00edrito Santo, resultou na captura do foragido da Justi\u00e7a de Minas, por duplo homic\u00eddio qualificado ocorrido em novembro de 2005, em Ipatinga. O homem [&hellip;]\" \/>\n<meta property=\"og:url\" content=\"https:\/\/aconteceunovale.com.br\/portal\/?p=190594\" \/>\n<meta property=\"og:site_name\" content=\"Aconteceu no Vale\" \/>\n<meta property=\"article:publisher\" content=\"https:\/\/www.facebook.com\/aconteceunovale\/\" \/>\n<meta property=\"article:published_time\" content=\"2022-09-25T14:02:29+00:00\" \/>\n<meta property=\"article:modified_time\" content=\"2022-09-25T14:03:34+00:00\" \/>\n<meta property=\"og:image\" content=\"https:\/\/aconteceunovale.com.br\/portal\/wp-content\/uploads\/2021\/08\/plantao_sirene_policial.jpg\" \/>\n\t<meta property=\"og:image:width\" content=\"678\" \/>\n\t<meta property=\"og:image:height\" content=\"440\" \/>\n\t<meta property=\"og:image:type\" content=\"image\/jpeg\" \/>\n<meta name=\"author\" content=\"Reda\u00e7\u00e3o Aconteceu no Vale\" \/>\n<meta name=\"twitter:card\" content=\"summary_large_image\" \/>\n<meta name=\"twitter:creator\" content=\"@noticiadosvales\" \/>\n<meta name=\"twitter:site\" content=\"@noticiadosvales\" \/>\n<meta name=\"twitter:label1\" content=\"Escrito por\" \/>\n\t<meta name=\"twitter:data1\" content=\"Reda\u00e7\u00e3o Aconteceu no Vale\" \/>\n\t<meta name=\"twitter:label2\" content=\"Est. tempo de leitura\" \/>\n\t<meta name=\"twitter:data2\" content=\"3 minutos\" \/>\n<script type=\"application\/ld+json\" class=\"yoast-schema-graph\">{\"@context\":\"https:\\\/\\\/schema.org\",\"@graph\":[{\"@type\":\"Article\",\"@id\":\"https:\\\/\\\/aconteceunovale.com.br\\\/portal\\\/?p=190594#article\",\"isPartOf\":{\"@id\":\"https:\\\/\\\/aconteceunovale.com.br\\\/portal\\\/?p=190594\"},\"author\":{\"name\":\"Reda\u00e7\u00e3o Aconteceu no Vale\",\"@id\":\"https:\\\/\\\/aconteceunovale.com.br\\\/portal\\\/#\\\/schema\\\/person\\\/7d2f26d1483f8a63de73da1ee0754d35\"},\"headline\":\"Foragido por duplo homic\u00eddio qualificado em Ipatinga \u00e9 preso no Esp\u00edrito Santo\",\"datePublished\":\"2022-09-25T14:02:29+00:00\",\"dateModified\":\"2022-09-25T14:03:34+00:00\",\"mainEntityOfPage\":{\"@id\":\"https:\\\/\\\/aconteceunovale.com.br\\\/portal\\\/?p=190594\"},\"wordCount\":650,\"commentCount\":0,\"image\":{\"@id\":\"https:\\\/\\\/aconteceunovale.com.br\\\/portal\\\/?p=190594#primaryimage\"},\"thumbnailUrl\":\"https:\\\/\\\/aconteceunovale.com.br\\\/portal\\\/wp-content\\\/uploads\\\/2021\\\/08\\\/plantao_sirene_policial.jpg\",\"keywords\":[\"destaque\",\"Foragido por duplo homic\u00eddio qualificado em Ipatinga \u00e9 preso no Esp\u00edrito Santo\",\"Ipatinga\",\"MPMG\",\"PCMG\",\"PMES\",\"PMMG\",\"Preso em Viana\",\"Preso por duplo homic\u00eddio em Ipatinga\",\"Promotor de Justi\u00e7a Jonas Junio Monteiro Costa\",\"Promotoria de Justi\u00e7a de Ipatinga\"],\"articleSection\":[\"Brasil\",\"Leste de Minas\"],\"inLanguage\":\"pt-BR\",\"potentialAction\":[{\"@type\":\"CommentAction\",\"name\":\"Comment\",\"target\":[\"https:\\\/\\\/aconteceunovale.com.br\\\/portal\\\/?p=190594#respond\"]}]},{\"@type\":\"WebPage\",\"@id\":\"https:\\\/\\\/aconteceunovale.com.br\\\/portal\\\/?p=190594\",\"url\":\"https:\\\/\\\/aconteceunovale.com.br\\\/portal\\\/?p=190594\",\"name\":\"Foragido por duplo homic\u00eddio qualificado em Ipatinga \u00e9 preso no Esp\u00edrito Santo - Aconteceu no Vale\",\"isPartOf\":{\"@id\":\"https:\\\/\\\/aconteceunovale.com.br\\\/portal\\\/#website\"},\"primaryImageOfPage\":{\"@id\":\"https:\\\/\\\/aconteceunovale.com.br\\\/portal\\\/?p=190594#primaryimage\"},\"image\":{\"@id\":\"https:\\\/\\\/aconteceunovale.com.br\\\/portal\\\/?p=190594#primaryimage\"},\"thumbnailUrl\":\"https:\\\/\\\/aconteceunovale.com.br\\\/portal\\\/wp-content\\\/uploads\\\/2021\\\/08\\\/plantao_sirene_policial.jpg\",\"datePublished\":\"2022-09-25T14:02:29+00:00\",\"dateModified\":\"2022-09-25T14:03:34+00:00\",\"author\":{\"@id\":\"https:\\\/\\\/aconteceunovale.com.br\\\/portal\\\/#\\\/schema\\\/person\\\/7d2f26d1483f8a63de73da1ee0754d35\"},\"breadcrumb\":{\"@id\":\"https:\\\/\\\/aconteceunovale.com.br\\\/portal\\\/?p=190594#breadcrumb\"},\"inLanguage\":\"pt-BR\",\"potentialAction\":[{\"@type\":\"ReadAction\",\"target\":[\"https:\\\/\\\/aconteceunovale.com.br\\\/portal\\\/?p=190594\"]}]},{\"@type\":\"ImageObject\",\"inLanguage\":\"pt-BR\",\"@id\":\"https:\\\/\\\/aconteceunovale.com.br\\\/portal\\\/?p=190594#primaryimage\",\"url\":\"https:\\\/\\\/aconteceunovale.com.br\\\/portal\\\/wp-content\\\/uploads\\\/2021\\\/08\\\/plantao_sirene_policial.jpg\",\"contentUrl\":\"https:\\\/\\\/aconteceunovale.com.br\\\/portal\\\/wp-content\\\/uploads\\\/2021\\\/08\\\/plantao_sirene_policial.jpg\",\"width\":678,\"height\":440},{\"@type\":\"BreadcrumbList\",\"@id\":\"https:\\\/\\\/aconteceunovale.com.br\\\/portal\\\/?p=190594#breadcrumb\",\"itemListElement\":[{\"@type\":\"ListItem\",\"position\":1,\"name\":\"In\u00edcio\",\"item\":\"https:\\\/\\\/aconteceunovale.com.br\\\/portal\\\/\"},{\"@type\":\"ListItem\",\"position\":2,\"name\":\"Foragido por duplo homic\u00eddio qualificado em Ipatinga \u00e9 preso no Esp\u00edrito Santo\"}]},{\"@type\":\"WebSite\",\"@id\":\"https:\\\/\\\/aconteceunovale.com.br\\\/portal\\\/#website\",\"url\":\"https:\\\/\\\/aconteceunovale.com.br\\\/portal\\\/\",\"name\":\"Aconteceu no Vale\",\"description\":\"Portal de Not\u00edcias\",\"potentialAction\":[{\"@type\":\"SearchAction\",\"target\":{\"@type\":\"EntryPoint\",\"urlTemplate\":\"https:\\\/\\\/aconteceunovale.com.br\\\/portal\\\/?s={search_term_string}\"},\"query-input\":{\"@type\":\"PropertyValueSpecification\",\"valueRequired\":true,\"valueName\":\"search_term_string\"}}],\"inLanguage\":\"pt-BR\"},{\"@type\":\"Person\",\"@id\":\"https:\\\/\\\/aconteceunovale.com.br\\\/portal\\\/#\\\/schema\\\/person\\\/7d2f26d1483f8a63de73da1ee0754d35\",\"name\":\"Reda\u00e7\u00e3o Aconteceu no Vale\",\"description\":\"Equipe de reportagem do Aconteceu no Vale, portal de not\u00edcias do Vale do Jequitinhonha, em Minas Gerais. Cobrimos as 51 cidades do Vale desde 2013. Sugest\u00f5es de pauta e pedidos de corre\u00e7\u00e3o: contato@aconteceunovale.com.br\",\"url\":\"https:\\\/\\\/aconteceunovale.com.br\\\/portal\\\/?author=4\"}]}<\/script>\n<!-- \/ Yoast SEO plugin. -->","yoast_head_json":{"title":"Foragido por duplo homic\u00eddio qualificado em Ipatinga \u00e9 preso no Esp\u00edrito Santo - Aconteceu no Vale","robots":{"index":"index","follow":"follow","max-snippet":"max-snippet:-1","max-image-preview":"max-image-preview:large","max-video-preview":"max-video-preview:-1"},"canonical":"https:\/\/aconteceunovale.com.br\/portal\/?p=190594","og_locale":"pt_BR","og_type":"article","og_title":"Foragido por duplo homic\u00eddio qualificado em Ipatinga \u00e9 preso no Esp\u00edrito Santo - Aconteceu no Vale","og_description":"Atua\u00e7\u00e3o conjunta do Minist\u00e9rio P\u00fablico de Minas Gerais (MPMG), por meio da 11\u00aa Promotoria de Justi\u00e7a de Ipatinga, com a Pol\u00edcia Militar de Minas Gerais e com a Pol\u00edcia Militar do Esp\u00edrito Santo, resultou na captura do foragido da Justi\u00e7a de Minas, por duplo homic\u00eddio qualificado ocorrido em novembro de 2005, em Ipatinga. O homem [&hellip;]","og_url":"https:\/\/aconteceunovale.com.br\/portal\/?p=190594","og_site_name":"Aconteceu no Vale","article_publisher":"https:\/\/www.facebook.com\/aconteceunovale\/","article_published_time":"2022-09-25T14:02:29+00:00","article_modified_time":"2022-09-25T14:03:34+00:00","og_image":[{"width":678,"height":440,"url":"https:\/\/aconteceunovale.com.br\/portal\/wp-content\/uploads\/2021\/08\/plantao_sirene_policial.jpg","type":"image\/jpeg"}],"author":"Reda\u00e7\u00e3o Aconteceu no Vale","twitter_card":"summary_large_image","twitter_creator":"@noticiadosvales","twitter_site":"@noticiadosvales","twitter_misc":{"Escrito por":"Reda\u00e7\u00e3o Aconteceu no Vale","Est. tempo de leitura":"3 minutos"},"schema":{"@context":"https:\/\/schema.org","@graph":[{"@type":"Article","@id":"https:\/\/aconteceunovale.com.br\/portal\/?p=190594#article","isPartOf":{"@id":"https:\/\/aconteceunovale.com.br\/portal\/?p=190594"},"author":{"name":"Reda\u00e7\u00e3o Aconteceu no Vale","@id":"https:\/\/aconteceunovale.com.br\/portal\/#\/schema\/person\/7d2f26d1483f8a63de73da1ee0754d35"},"headline":"Foragido por duplo homic\u00eddio qualificado em Ipatinga \u00e9 preso no Esp\u00edrito Santo","datePublished":"2022-09-25T14:02:29+00:00","dateModified":"2022-09-25T14:03:34+00:00","mainEntityOfPage":{"@id":"https:\/\/aconteceunovale.com.br\/portal\/?p=190594"},"wordCount":650,"commentCount":0,"image":{"@id":"https:\/\/aconteceunovale.com.br\/portal\/?p=190594#primaryimage"},"thumbnailUrl":"https:\/\/aconteceunovale.com.br\/portal\/wp-content\/uploads\/2021\/08\/plantao_sirene_policial.jpg","keywords":["destaque","Foragido por duplo homic\u00eddio qualificado em Ipatinga \u00e9 preso no Esp\u00edrito Santo","Ipatinga","MPMG","PCMG","PMES","PMMG","Preso em Viana","Preso por duplo homic\u00eddio em Ipatinga","Promotor de Justi\u00e7a Jonas Junio Monteiro Costa","Promotoria de Justi\u00e7a de Ipatinga"],"articleSection":["Brasil","Leste de Minas"],"inLanguage":"pt-BR","potentialAction":[{"@type":"CommentAction","name":"Comment","target":["https:\/\/aconteceunovale.com.br\/portal\/?p=190594#respond"]}]},{"@type":"WebPage","@id":"https:\/\/aconteceunovale.com.br\/portal\/?p=190594","url":"https:\/\/aconteceunovale.com.br\/portal\/?p=190594","name":"Foragido por duplo homic\u00eddio qualificado em Ipatinga \u00e9 preso no Esp\u00edrito Santo - Aconteceu no Vale","isPartOf":{"@id":"https:\/\/aconteceunovale.com.br\/portal\/#website"},"primaryImageOfPage":{"@id":"https:\/\/aconteceunovale.com.br\/portal\/?p=190594#primaryimage"},"image":{"@id":"https:\/\/aconteceunovale.com.br\/portal\/?p=190594#primaryimage"},"thumbnailUrl":"https:\/\/aconteceunovale.com.br\/portal\/wp-content\/uploads\/2021\/08\/plantao_sirene_policial.jpg","datePublished":"2022-09-25T14:02:29+00:00","dateModified":"2022-09-25T14:03:34+00:00","author":{"@id":"https:\/\/aconteceunovale.com.br\/portal\/#\/schema\/person\/7d2f26d1483f8a63de73da1ee0754d35"},"breadcrumb":{"@id":"https:\/\/aconteceunovale.com.br\/portal\/?p=190594#breadcrumb"},"inLanguage":"pt-BR","potentialAction":[{"@type":"ReadAction","target":["https:\/\/aconteceunovale.com.br\/portal\/?p=190594"]}]},{"@type":"ImageObject","inLanguage":"pt-BR","@id":"https:\/\/aconteceunovale.com.br\/portal\/?p=190594#primaryimage","url":"https:\/\/aconteceunovale.com.br\/portal\/wp-content\/uploads\/2021\/08\/plantao_sirene_policial.jpg","contentUrl":"https:\/\/aconteceunovale.com.br\/portal\/wp-content\/uploads\/2021\/08\/plantao_sirene_policial.jpg","width":678,"height":440},{"@type":"BreadcrumbList","@id":"https:\/\/aconteceunovale.com.br\/portal\/?p=190594#breadcrumb","itemListElement":[{"@type":"ListItem","position":1,"name":"In\u00edcio","item":"https:\/\/aconteceunovale.com.br\/portal\/"},{"@type":"ListItem","position":2,"name":"Foragido por duplo homic\u00eddio qualificado em Ipatinga \u00e9 preso no Esp\u00edrito Santo"}]},{"@type":"WebSite","@id":"https:\/\/aconteceunovale.com.br\/portal\/#website","url":"https:\/\/aconteceunovale.com.br\/portal\/","name":"Aconteceu no Vale","description":"Portal de Not\u00edcias","potentialAction":[{"@type":"SearchAction","target":{"@type":"EntryPoint","urlTemplate":"https:\/\/aconteceunovale.com.br\/portal\/?s={search_term_string}"},"query-input":{"@type":"PropertyValueSpecification","valueRequired":true,"valueName":"search_term_string"}}],"inLanguage":"pt-BR"},{"@type":"Person","@id":"https:\/\/aconteceunovale.com.br\/portal\/#\/schema\/person\/7d2f26d1483f8a63de73da1ee0754d35","name":"Reda\u00e7\u00e3o Aconteceu no Vale","description":"Equipe de reportagem do Aconteceu no Vale, portal de not\u00edcias do Vale do Jequitinhonha, em Minas Gerais. Cobrimos as 51 cidades do Vale desde 2013. Sugest\u00f5es de pauta e pedidos de corre\u00e7\u00e3o: contato@aconteceunovale.com.br","url":"https:\/\/aconteceunovale.com.br\/portal\/?author=4"}]}},"_links":{"self":[{"href":"https:\/\/aconteceunovale.com.br\/portal\/index.php?rest_route=\/wp\/v2\/posts\/190594","targetHints":{"allow":["GET"]}}],"collection":[{"href":"https:\/\/aconteceunovale.com.br\/portal\/index.php?rest_route=\/wp\/v2\/posts"}],"about":[{"href":"https:\/\/aconteceunovale.com.br\/portal\/index.php?rest_route=\/wp\/v2\/types\/post"}],"author":[{"embeddable":true,"href":"https:\/\/aconteceunovale.com.br\/portal\/index.php?rest_route=\/wp\/v2\/users\/4"}],"replies":[{"embeddable":true,"href":"https:\/\/aconteceunovale.com.br\/portal\/index.php?rest_route=%2Fwp%2Fv2%2Fcomments&post=190594"}],"version-history":[{"count":1,"href":"https:\/\/aconteceunovale.com.br\/portal\/index.php?rest_route=\/wp\/v2\/posts\/190594\/revisions"}],"predecessor-version":[{"id":190595,"href":"https:\/\/aconteceunovale.com.br\/portal\/index.php?rest_route=\/wp\/v2\/posts\/190594\/revisions\/190595"}],"wp:featuredmedia":[{"embeddable":true,"href":"https:\/\/aconteceunovale.com.br\/portal\/index.php?rest_route=\/wp\/v2\/media\/180925"}],"wp:attachment":[{"href":"https:\/\/aconteceunovale.com.br\/portal\/index.php?rest_route=%2Fwp%2Fv2%2Fmedia&parent=190594"}],"wp:term":[{"taxonomy":"category","embeddable":true,"href":"https:\/\/aconteceunovale.com.br\/portal\/index.php?rest_route=%2Fwp%2Fv2%2Fcategories&post=190594"},{"taxonomy":"post_tag","embeddable":true,"href":"https:\/\/aconteceunovale.com.br\/portal\/index.php?rest_route=%2Fwp%2Fv2%2Ftags&post=190594"}],"curies":[{"name":"wp","href":"https:\/\/api.w.org\/{rel}","templated":true}]}}