{"id":190587,"date":"2022-09-24T11:51:28","date_gmt":"2022-09-24T14:51:28","guid":{"rendered":"https:\/\/aconteceunovale.com.br\/portal\/?p=190587"},"modified":"2022-09-24T11:53:27","modified_gmt":"2022-09-24T14:53:27","slug":"azul-anuncia-voos-para-varginha-patos-de-minas-paracatu-e-teofilo-otoni","status":"publish","type":"post","link":"https:\/\/aconteceunovale.com.br\/portal\/?p=190587","title":{"rendered":"Azul anuncia voos para Varginha, Patos de Minas, Paracatu e Te\u00f3filo Otoni"},"content":{"rendered":"\n<p class=\"wp-block-paragraph\">Por conta da alta procura, e com o objetivo de oferecer maior praticidade e conforto aos Clientes do interior mineiro, a partir do dia\u00a004\u00a0de\u00a0outubro, a Azul\u00a0iniciar\u00e1 a venda de passagens \u00e0s cidades de Varginha, Patos de Minas, Paracatu e Te\u00f3filo Otoni, partindo do Aeroporto Internacional de Belo Horizonte.<\/p>\n\n\n\n<figure class=\"wp-block-gallery has-nested-images columns-default is-cropped wp-block-gallery-1 is-layout-flex wp-block-gallery-is-layout-flex\">\n<figure class=\"wp-block-image size-large\"><img loading=\"lazy\" decoding=\"async\" width=\"675\" height=\"450\" data-id=\"190592\" src=\"https:\/\/aconteceunovale.com.br\/portal\/wp-content\/uploads\/2022\/09\/azul_conecta.jpg\" alt=\"\" class=\"wp-image-190592\" srcset=\"https:\/\/aconteceunovale.com.br\/portal\/wp-content\/uploads\/2022\/09\/azul_conecta.jpg 675w, https:\/\/aconteceunovale.com.br\/portal\/wp-content\/uploads\/2022\/09\/azul_conecta-300x200.jpg 300w, https:\/\/aconteceunovale.com.br\/portal\/wp-content\/uploads\/2022\/09\/azul_conecta-630x420.jpg 630w\" sizes=\"auto, (max-width: 675px) 100vw, 675px\" \/><figcaption><em><sub>Foto: Azul Conecta \/ Divulga\u00e7\u00e3o<\/sub><\/em><\/figcaption><\/figure>\n<\/figure>\n\n\n\n<p class=\"wp-block-paragraph\">A Azul Conecta ser\u00e1 respons\u00e1vel por operar os voos que conectar\u00e3o as quatro cidades \u00e0 capital do estado, Belo Horizonte. Os voos acontecer\u00e3o a bordo das aeronaves modelo Cessna Grand Caravan, com nove assentos, a partir do dia 12 de dezembro deste ano.<\/p>\n\n\n\n<p class=\"wp-block-paragraph\">Em resposta ao desenvolvimento das regi\u00f5es que cercam as cidades de Varginha, Patos de Minas, Paracatu e Te\u00f3filo Otoni, nesse in\u00edcio de opera\u00e7\u00e3o ser\u00e3o\u00a0tr\u00eas voos\u00a0semanais para o Aeroporto Internacional de Belo Horizonte. <em>&#8220;O nosso aeroporto \u00e9 um hub, um centro de distribui\u00e7\u00e3o de voos que est\u00e1 sempre perto das pessoas, pronto para ampliar destinos e encurtar dist\u00e2ncias. O aumento da conectividade da Azul no nosso aeroporto traz grande satisfa\u00e7\u00e3o, mostra a confian\u00e7a na nossa gest\u00e3o e que estamos no caminho certo para oferecer a melhor experi\u00eancia aeroportu\u00e1ria aos nossos clientes&#8221;, <\/em>ressalta o diretor de Opera\u00e7\u00f5es e Infraestrutura da BH Airport, Herlichy Bastos.<\/p>\n\n\n\n<p class=\"wp-block-paragraph\"><em>&#8220;N\u00f3s estamos felizes com esses novos destinos em Minas Gerais. Por acreditar no potencial destas rotas, assim que iniciarmos a opera\u00e7\u00e3o de fato, o nosso pr\u00f3ximo objetivo ser\u00e1 aumentar ainda mais a oferta de voos para esses munic\u00edpios. E, se esta demanda crescer, n\u00f3s poderemos avaliar outras novas ofertas, e assim alimentarmos nossa conectividade na capital. Gostaria de agradecer ao BH Airport e o Governo do Estado por esta parceria&#8221;<\/em>, comenta C\u00e9sar Grandolfo, gerente de Rela\u00e7\u00f5es Institucionais da Azul.<\/p>\n\n\n\n<p class=\"wp-block-paragraph\"><em>&#8220;Sem conex\u00e3o, n\u00e3o h\u00e1 desenvolvimento regional. Pensando nisso, o Governo de Minas concluiu esta importante negocia\u00e7\u00e3o com a Azul, a fim de aumentar a oferta de voos regionais em nosso estado. A iniciativa insere as cidades no mapa de desenvolvimento, atrai novos investimentos e impulsiona os j\u00e1 existentes. Isso tudo colabora para um ambiente favor\u00e1vel, gerando ainda mais prosperidade e qualidade de vida aos cidad\u00e3os. Al\u00e9m disso, \u00e9 um passo importante tamb\u00e9m para o fomento do turismo, j\u00e1 que o novo hub conecta n\u00e3o somente as cidades contempladas \u00e0 capital mineira, mas ao mundo&#8221;,<\/em> celebra o secret\u00e1rio de Estado de Desenvolvimento Econ\u00f4mico, Fernando Passalio.<\/p>\n\n\n\n<p class=\"wp-block-paragraph\">Atualmente, partindo do Aeroporto de Confins, a Azul j\u00e1 atua em\u00a037\u00a0cidades. Com esta nova opera\u00e7\u00e3o, partindo do mesmo aeroporto, ser\u00e3o\u00a041\u00a0destinos com conex\u00f5es no estado mineiro. Tamb\u00e9m em dezembro deste ano, a Azul prev\u00ea realizar conex\u00f5es entre os aeroportos de Confins e Zona da Mata, e assim atender aos munic\u00edpios do Sul e Sudeste de Minas Gerais.\u00a0<\/p>\n\n\n\n<p class=\"wp-block-paragraph\">As passagens poder\u00e3o ser adquiridas\u00a0via Central de Relacionamento Azul (4003-11 para capitais e regi\u00f5es metropolitanas e 0800 887 1118 para demais localidades), site da Azul (<a href=\"https:\/\/www.voeazul.com.br\/br\/pt\/home\" target=\"_blank\" rel=\"noreferrer noopener\">www.voeazul.com.br<\/a>) ou em qualquer ag\u00eancia de viagens parceira.\u00a0\u00a0<\/p>\n\n\n\n<p class=\"wp-block-paragraph\"><strong>Veja os hor\u00e1rios e frequ\u00eancia dos voos<\/strong>:<\/p>\n\n\n\n<figure class=\"wp-block-gallery has-nested-images columns-1 is-cropped wp-block-gallery-2 is-layout-flex wp-block-gallery-is-layout-flex\">\n<figure class=\"wp-block-image size-large\"><img loading=\"lazy\" decoding=\"async\" width=\"678\" height=\"307\" data-id=\"190590\" src=\"https:\/\/aconteceunovale.com.br\/portal\/wp-content\/uploads\/2022\/09\/voos_azul_4.jpeg\" alt=\"\" class=\"wp-image-190590\" srcset=\"https:\/\/aconteceunovale.com.br\/portal\/wp-content\/uploads\/2022\/09\/voos_azul_4.jpeg 678w, https:\/\/aconteceunovale.com.br\/portal\/wp-content\/uploads\/2022\/09\/voos_azul_4-300x136.jpeg 300w\" sizes=\"auto, (max-width: 678px) 100vw, 678px\" \/><\/figure>\n\n\n\n<figure class=\"wp-block-image size-large\"><img loading=\"lazy\" decoding=\"async\" width=\"678\" height=\"309\" data-id=\"190588\" src=\"https:\/\/aconteceunovale.com.br\/portal\/wp-content\/uploads\/2022\/09\/voos_azul_3.jpeg\" alt=\"\" class=\"wp-image-190588\" srcset=\"https:\/\/aconteceunovale.com.br\/portal\/wp-content\/uploads\/2022\/09\/voos_azul_3.jpeg 678w, https:\/\/aconteceunovale.com.br\/portal\/wp-content\/uploads\/2022\/09\/voos_azul_3-300x137.jpeg 300w\" sizes=\"auto, (max-width: 678px) 100vw, 678px\" \/><\/figure>\n\n\n\n<figure class=\"wp-block-image size-large\"><img loading=\"lazy\" decoding=\"async\" width=\"678\" height=\"249\" data-id=\"190591\" src=\"https:\/\/aconteceunovale.com.br\/portal\/wp-content\/uploads\/2022\/09\/voos_azul_2.jpeg\" alt=\"\" class=\"wp-image-190591\" srcset=\"https:\/\/aconteceunovale.com.br\/portal\/wp-content\/uploads\/2022\/09\/voos_azul_2.jpeg 678w, https:\/\/aconteceunovale.com.br\/portal\/wp-content\/uploads\/2022\/09\/voos_azul_2-300x110.jpeg 300w\" sizes=\"auto, (max-width: 678px) 100vw, 678px\" \/><\/figure>\n\n\n\n<figure class=\"wp-block-image size-large\"><img loading=\"lazy\" decoding=\"async\" width=\"678\" height=\"310\" data-id=\"190589\" src=\"https:\/\/aconteceunovale.com.br\/portal\/wp-content\/uploads\/2022\/09\/voos_azul_1.jpeg\" alt=\"\" class=\"wp-image-190589\" srcset=\"https:\/\/aconteceunovale.com.br\/portal\/wp-content\/uploads\/2022\/09\/voos_azul_1.jpeg 678w, https:\/\/aconteceunovale.com.br\/portal\/wp-content\/uploads\/2022\/09\/voos_azul_1-300x137.jpeg 300w\" sizes=\"auto, (max-width: 678px) 100vw, 678px\" \/><\/figure>\n<\/figure>\n\n\n\n<p class=\"wp-block-paragraph\">&#8212;&#8212;&#8212;&#8212;&#8212;&#8212;<br><br><strong>Sabia que o Aconteceu no Vale est\u00e1 tamb\u00e9m no Telegram? <a rel=\"noreferrer noopener\" href=\"https:\/\/t.me\/aconteceunovaleoficial\" target=\"_blank\">Inscreva-se no canal<\/a>.<\/strong><br><br><strong>J\u00e1 curtiu ou seguiu nossas p\u00e1ginas nas redes sociais?\u00a0Receba as not\u00edcias em primeira m\u00e3o:<\/strong><br>\u2022 <a rel=\"noreferrer noopener\" href=\"https:\/\/news.google.com\/publications\/CAAqBwgKMNjklQswi4etAw?hl=pt-BR&amp;gl=BR&amp;ceid=BR%3Apt-419\" target=\"_blank\">Google News<\/a><br>\u2022 <a rel=\"noreferrer noopener\" href=\"https:\/\/www.facebook.com\/aconteceunovale\/\" target=\"_blank\">Facebook<\/a><br>\u2022 <a rel=\"noreferrer noopener\" href=\"https:\/\/twitter.com\/noticiadosvales\" target=\"_blank\">Twitter<\/a><br>\u2022 <a rel=\"noreferrer noopener\" href=\"https:\/\/www.instagram.com\/aconteceunovale\" target=\"_blank\">Instagram<\/a><br>\u2022 <a rel=\"noreferrer noopener\" href=\"https:\/\/www.youtube.com\/AconteceunoValeOficial\" target=\"_blank\">Youtube<\/a><br>\u2022 <a rel=\"noreferrer noopener\" href=\"https:\/\/www.tiktok.com\/@aconteceunovale\" target=\"_blank\">TikTok<\/a><\/p>\n","protected":false},"excerpt":{"rendered":"<p>Por conta da alta procura, e com o objetivo de oferecer maior praticidade e conforto aos Clientes do interior mineiro, a partir do dia\u00a004\u00a0de\u00a0outubro, a Azul\u00a0iniciar\u00e1 a venda de passagens \u00e0s cidades de Varginha, Patos de Minas, Paracatu e Te\u00f3filo Otoni, partindo do Aeroporto Internacional de Belo Horizonte. A Azul Conecta ser\u00e1 respons\u00e1vel por operar [&hellip;]<\/p>\n","protected":false},"author":4,"featured_media":190592,"comment_status":"open","ping_status":"closed","sticky":false,"template":"","format":"standard","meta":{"amp_status":"","footnotes":""},"categories":[123,122],"tags":[38323,77876,263384,263383,263385,263382,232797,1077,194,1017,38695,263390,232799,22090,1018,202745,263389,40917,131,263388,223,263386,263387],"class_list":["post-190587","post","type-post","status-publish","format-standard","has-post-thumbnail","hentry","category-gerais","category-mucuri","tag-aeroporto-de-confins","tag-azul","tag-azul-anuncia-voos-para-paracatu","tag-azul-anuncia-voos-para-patos-de-minas","tag-azul-anuncia-voos-para-teofilo-otoni","tag-azul-anuncia-voos-para-varginha","tag-azul-conecta","tag-azul-linhas-aereas","tag-belo-horizonte","tag-bh","tag-bh-airport","tag-cesar-grandolfo","tag-cessna-grand-caravan","tag-confins","tag-destaque","tag-fernando-passalio","tag-herlichy-bastos","tag-mg","tag-minas-gerais","tag-passagens-da-azul-para-teofilo-otoni","tag-varginha","tag-voos-azul","tag-voos-da-azul-para-teofilo-otoni"],"yoast_head":"<!-- This site is optimized with the Yoast SEO plugin v28.3 - https:\/\/yoast.com\/product\/yoast-seo-wordpress\/ -->\n<title>Azul anuncia voos para Varginha, Patos de Minas, Paracatu e Te\u00f3filo Otoni - Aconteceu no Vale<\/title>\n<meta name=\"robots\" content=\"index, follow, max-snippet:-1, max-image-preview:large, max-video-preview:-1\" \/>\n<link rel=\"canonical\" href=\"https:\/\/aconteceunovale.com.br\/portal\/?p=190587\" \/>\n<meta property=\"og:locale\" content=\"pt_BR\" \/>\n<meta property=\"og:type\" content=\"article\" \/>\n<meta property=\"og:title\" content=\"Azul anuncia voos para Varginha, Patos de Minas, Paracatu e Te\u00f3filo Otoni - Aconteceu no Vale\" \/>\n<meta property=\"og:description\" content=\"Por conta da alta procura, e com o objetivo de oferecer maior praticidade e conforto aos Clientes do interior mineiro, a partir do dia\u00a004\u00a0de\u00a0outubro, a Azul\u00a0iniciar\u00e1 a venda de passagens \u00e0s cidades de Varginha, Patos de Minas, Paracatu e Te\u00f3filo Otoni, partindo do Aeroporto Internacional de Belo Horizonte. A Azul Conecta ser\u00e1 respons\u00e1vel por operar [&hellip;]\" \/>\n<meta property=\"og:url\" content=\"https:\/\/aconteceunovale.com.br\/portal\/?p=190587\" \/>\n<meta property=\"og:site_name\" content=\"Aconteceu no Vale\" \/>\n<meta property=\"article:publisher\" content=\"https:\/\/www.facebook.com\/aconteceunovale\/\" \/>\n<meta property=\"article:published_time\" content=\"2022-09-24T14:51:28+00:00\" \/>\n<meta property=\"article:modified_time\" content=\"2022-09-24T14:53:27+00:00\" \/>\n<meta property=\"og:image\" content=\"https:\/\/aconteceunovale.com.br\/portal\/wp-content\/uploads\/2022\/09\/azul_conecta.jpg\" \/>\n\t<meta property=\"og:image:width\" content=\"675\" \/>\n\t<meta property=\"og:image:height\" content=\"450\" \/>\n\t<meta property=\"og:image:type\" content=\"image\/jpeg\" \/>\n<meta name=\"author\" content=\"Reda\u00e7\u00e3o Aconteceu no Vale\" \/>\n<meta name=\"twitter:card\" content=\"summary_large_image\" \/>\n<meta name=\"twitter:creator\" content=\"@noticiadosvales\" \/>\n<meta name=\"twitter:site\" content=\"@noticiadosvales\" \/>\n<meta name=\"twitter:label1\" content=\"Escrito por\" \/>\n\t<meta name=\"twitter:data1\" content=\"Reda\u00e7\u00e3o Aconteceu no Vale\" \/>\n\t<meta name=\"twitter:label2\" content=\"Est. tempo de leitura\" \/>\n\t<meta name=\"twitter:data2\" content=\"3 minutos\" \/>\n<script type=\"application\/ld+json\" class=\"yoast-schema-graph\">{\"@context\":\"https:\\\/\\\/schema.org\",\"@graph\":[{\"@type\":\"Article\",\"@id\":\"https:\\\/\\\/aconteceunovale.com.br\\\/portal\\\/?p=190587#article\",\"isPartOf\":{\"@id\":\"https:\\\/\\\/aconteceunovale.com.br\\\/portal\\\/?p=190587\"},\"author\":{\"name\":\"Reda\u00e7\u00e3o Aconteceu no Vale\",\"@id\":\"https:\\\/\\\/aconteceunovale.com.br\\\/portal\\\/#\\\/schema\\\/person\\\/7d2f26d1483f8a63de73da1ee0754d35\"},\"headline\":\"Azul anuncia voos para Varginha, Patos de Minas, Paracatu e Te\u00f3filo Otoni\",\"datePublished\":\"2022-09-24T14:51:28+00:00\",\"dateModified\":\"2022-09-24T14:53:27+00:00\",\"mainEntityOfPage\":{\"@id\":\"https:\\\/\\\/aconteceunovale.com.br\\\/portal\\\/?p=190587\"},\"wordCount\":579,\"commentCount\":0,\"image\":{\"@id\":\"https:\\\/\\\/aconteceunovale.com.br\\\/portal\\\/?p=190587#primaryimage\"},\"thumbnailUrl\":\"https:\\\/\\\/aconteceunovale.com.br\\\/portal\\\/wp-content\\\/uploads\\\/2022\\\/09\\\/azul_conecta.jpg\",\"keywords\":[\"aeroporto de Confins\",\"Azul\",\"Azul anuncia voos para Paracatu\",\"Azul anuncia voos para Patos de Minas\",\"Azul anuncia voos para Te\u00f3filo Otoni\",\"Azul anuncia voos para Varginha\",\"Azul Conecta\",\"azul linhas a\u00e9reas\",\"Belo Horizonte\",\"bh\",\"BH Airport\",\"C\u00e9sar Grandolfo\",\"Cessna Grand Caravan\",\"Confins\",\"destaque\",\"Fernando Passalio\",\"Herlichy Bastos\",\"MG\",\"Minas Gerais\",\"Passagens da Azul para Te\u00f3filo Otoni\",\"Varginha\",\"Voos Azul\",\"Voos da Azul para Te\u00f3filo Otoni\"],\"articleSection\":[\"Minas Gerais\",\"Vale do Mucuri\"],\"inLanguage\":\"pt-BR\",\"potentialAction\":[{\"@type\":\"CommentAction\",\"name\":\"Comment\",\"target\":[\"https:\\\/\\\/aconteceunovale.com.br\\\/portal\\\/?p=190587#respond\"]}]},{\"@type\":\"WebPage\",\"@id\":\"https:\\\/\\\/aconteceunovale.com.br\\\/portal\\\/?p=190587\",\"url\":\"https:\\\/\\\/aconteceunovale.com.br\\\/portal\\\/?p=190587\",\"name\":\"Azul anuncia voos para Varginha, Patos de Minas, Paracatu e Te\u00f3filo Otoni - Aconteceu no Vale\",\"isPartOf\":{\"@id\":\"https:\\\/\\\/aconteceunovale.com.br\\\/portal\\\/#website\"},\"primaryImageOfPage\":{\"@id\":\"https:\\\/\\\/aconteceunovale.com.br\\\/portal\\\/?p=190587#primaryimage\"},\"image\":{\"@id\":\"https:\\\/\\\/aconteceunovale.com.br\\\/portal\\\/?p=190587#primaryimage\"},\"thumbnailUrl\":\"https:\\\/\\\/aconteceunovale.com.br\\\/portal\\\/wp-content\\\/uploads\\\/2022\\\/09\\\/azul_conecta.jpg\",\"datePublished\":\"2022-09-24T14:51:28+00:00\",\"dateModified\":\"2022-09-24T14:53:27+00:00\",\"author\":{\"@id\":\"https:\\\/\\\/aconteceunovale.com.br\\\/portal\\\/#\\\/schema\\\/person\\\/7d2f26d1483f8a63de73da1ee0754d35\"},\"breadcrumb\":{\"@id\":\"https:\\\/\\\/aconteceunovale.com.br\\\/portal\\\/?p=190587#breadcrumb\"},\"inLanguage\":\"pt-BR\",\"potentialAction\":[{\"@type\":\"ReadAction\",\"target\":[\"https:\\\/\\\/aconteceunovale.com.br\\\/portal\\\/?p=190587\"]}]},{\"@type\":\"ImageObject\",\"inLanguage\":\"pt-BR\",\"@id\":\"https:\\\/\\\/aconteceunovale.com.br\\\/portal\\\/?p=190587#primaryimage\",\"url\":\"https:\\\/\\\/aconteceunovale.com.br\\\/portal\\\/wp-content\\\/uploads\\\/2022\\\/09\\\/azul_conecta.jpg\",\"contentUrl\":\"https:\\\/\\\/aconteceunovale.com.br\\\/portal\\\/wp-content\\\/uploads\\\/2022\\\/09\\\/azul_conecta.jpg\",\"width\":675,\"height\":450},{\"@type\":\"BreadcrumbList\",\"@id\":\"https:\\\/\\\/aconteceunovale.com.br\\\/portal\\\/?p=190587#breadcrumb\",\"itemListElement\":[{\"@type\":\"ListItem\",\"position\":1,\"name\":\"In\u00edcio\",\"item\":\"https:\\\/\\\/aconteceunovale.com.br\\\/portal\\\/\"},{\"@type\":\"ListItem\",\"position\":2,\"name\":\"Azul anuncia voos para Varginha, Patos de Minas, Paracatu e Te\u00f3filo Otoni\"}]},{\"@type\":\"WebSite\",\"@id\":\"https:\\\/\\\/aconteceunovale.com.br\\\/portal\\\/#website\",\"url\":\"https:\\\/\\\/aconteceunovale.com.br\\\/portal\\\/\",\"name\":\"Aconteceu no Vale\",\"description\":\"Portal de Not\u00edcias\",\"potentialAction\":[{\"@type\":\"SearchAction\",\"target\":{\"@type\":\"EntryPoint\",\"urlTemplate\":\"https:\\\/\\\/aconteceunovale.com.br\\\/portal\\\/?s={search_term_string}\"},\"query-input\":{\"@type\":\"PropertyValueSpecification\",\"valueRequired\":true,\"valueName\":\"search_term_string\"}}],\"inLanguage\":\"pt-BR\"},{\"@type\":\"Person\",\"@id\":\"https:\\\/\\\/aconteceunovale.com.br\\\/portal\\\/#\\\/schema\\\/person\\\/7d2f26d1483f8a63de73da1ee0754d35\",\"name\":\"Reda\u00e7\u00e3o Aconteceu no Vale\",\"description\":\"Equipe de reportagem do Aconteceu no Vale, portal de not\u00edcias do Vale do Jequitinhonha, em Minas Gerais. Cobrimos as 51 cidades do Vale desde 2013. Sugest\u00f5es de pauta e pedidos de corre\u00e7\u00e3o: contato@aconteceunovale.com.br\",\"url\":\"https:\\\/\\\/aconteceunovale.com.br\\\/portal\\\/?author=4\"}]}<\/script>\n<!-- \/ Yoast SEO plugin. -->","yoast_head_json":{"title":"Azul anuncia voos para Varginha, Patos de Minas, Paracatu e Te\u00f3filo Otoni - Aconteceu no Vale","robots":{"index":"index","follow":"follow","max-snippet":"max-snippet:-1","max-image-preview":"max-image-preview:large","max-video-preview":"max-video-preview:-1"},"canonical":"https:\/\/aconteceunovale.com.br\/portal\/?p=190587","og_locale":"pt_BR","og_type":"article","og_title":"Azul anuncia voos para Varginha, Patos de Minas, Paracatu e Te\u00f3filo Otoni - Aconteceu no Vale","og_description":"Por conta da alta procura, e com o objetivo de oferecer maior praticidade e conforto aos Clientes do interior mineiro, a partir do dia\u00a004\u00a0de\u00a0outubro, a Azul\u00a0iniciar\u00e1 a venda de passagens \u00e0s cidades de Varginha, Patos de Minas, Paracatu e Te\u00f3filo Otoni, partindo do Aeroporto Internacional de Belo Horizonte. A Azul Conecta ser\u00e1 respons\u00e1vel por operar [&hellip;]","og_url":"https:\/\/aconteceunovale.com.br\/portal\/?p=190587","og_site_name":"Aconteceu no Vale","article_publisher":"https:\/\/www.facebook.com\/aconteceunovale\/","article_published_time":"2022-09-24T14:51:28+00:00","article_modified_time":"2022-09-24T14:53:27+00:00","og_image":[{"width":675,"height":450,"url":"https:\/\/aconteceunovale.com.br\/portal\/wp-content\/uploads\/2022\/09\/azul_conecta.jpg","type":"image\/jpeg"}],"author":"Reda\u00e7\u00e3o Aconteceu no Vale","twitter_card":"summary_large_image","twitter_creator":"@noticiadosvales","twitter_site":"@noticiadosvales","twitter_misc":{"Escrito por":"Reda\u00e7\u00e3o Aconteceu no Vale","Est. tempo de leitura":"3 minutos"},"schema":{"@context":"https:\/\/schema.org","@graph":[{"@type":"Article","@id":"https:\/\/aconteceunovale.com.br\/portal\/?p=190587#article","isPartOf":{"@id":"https:\/\/aconteceunovale.com.br\/portal\/?p=190587"},"author":{"name":"Reda\u00e7\u00e3o Aconteceu no Vale","@id":"https:\/\/aconteceunovale.com.br\/portal\/#\/schema\/person\/7d2f26d1483f8a63de73da1ee0754d35"},"headline":"Azul anuncia voos para Varginha, Patos de Minas, Paracatu e Te\u00f3filo Otoni","datePublished":"2022-09-24T14:51:28+00:00","dateModified":"2022-09-24T14:53:27+00:00","mainEntityOfPage":{"@id":"https:\/\/aconteceunovale.com.br\/portal\/?p=190587"},"wordCount":579,"commentCount":0,"image":{"@id":"https:\/\/aconteceunovale.com.br\/portal\/?p=190587#primaryimage"},"thumbnailUrl":"https:\/\/aconteceunovale.com.br\/portal\/wp-content\/uploads\/2022\/09\/azul_conecta.jpg","keywords":["aeroporto de Confins","Azul","Azul anuncia voos para Paracatu","Azul anuncia voos para Patos de Minas","Azul anuncia voos para Te\u00f3filo Otoni","Azul anuncia voos para Varginha","Azul Conecta","azul linhas a\u00e9reas","Belo Horizonte","bh","BH Airport","C\u00e9sar Grandolfo","Cessna Grand Caravan","Confins","destaque","Fernando Passalio","Herlichy Bastos","MG","Minas Gerais","Passagens da Azul para Te\u00f3filo Otoni","Varginha","Voos Azul","Voos da Azul para Te\u00f3filo Otoni"],"articleSection":["Minas Gerais","Vale do Mucuri"],"inLanguage":"pt-BR","potentialAction":[{"@type":"CommentAction","name":"Comment","target":["https:\/\/aconteceunovale.com.br\/portal\/?p=190587#respond"]}]},{"@type":"WebPage","@id":"https:\/\/aconteceunovale.com.br\/portal\/?p=190587","url":"https:\/\/aconteceunovale.com.br\/portal\/?p=190587","name":"Azul anuncia voos para Varginha, Patos de Minas, Paracatu e Te\u00f3filo Otoni - Aconteceu no Vale","isPartOf":{"@id":"https:\/\/aconteceunovale.com.br\/portal\/#website"},"primaryImageOfPage":{"@id":"https:\/\/aconteceunovale.com.br\/portal\/?p=190587#primaryimage"},"image":{"@id":"https:\/\/aconteceunovale.com.br\/portal\/?p=190587#primaryimage"},"thumbnailUrl":"https:\/\/aconteceunovale.com.br\/portal\/wp-content\/uploads\/2022\/09\/azul_conecta.jpg","datePublished":"2022-09-24T14:51:28+00:00","dateModified":"2022-09-24T14:53:27+00:00","author":{"@id":"https:\/\/aconteceunovale.com.br\/portal\/#\/schema\/person\/7d2f26d1483f8a63de73da1ee0754d35"},"breadcrumb":{"@id":"https:\/\/aconteceunovale.com.br\/portal\/?p=190587#breadcrumb"},"inLanguage":"pt-BR","potentialAction":[{"@type":"ReadAction","target":["https:\/\/aconteceunovale.com.br\/portal\/?p=190587"]}]},{"@type":"ImageObject","inLanguage":"pt-BR","@id":"https:\/\/aconteceunovale.com.br\/portal\/?p=190587#primaryimage","url":"https:\/\/aconteceunovale.com.br\/portal\/wp-content\/uploads\/2022\/09\/azul_conecta.jpg","contentUrl":"https:\/\/aconteceunovale.com.br\/portal\/wp-content\/uploads\/2022\/09\/azul_conecta.jpg","width":675,"height":450},{"@type":"BreadcrumbList","@id":"https:\/\/aconteceunovale.com.br\/portal\/?p=190587#breadcrumb","itemListElement":[{"@type":"ListItem","position":1,"name":"In\u00edcio","item":"https:\/\/aconteceunovale.com.br\/portal\/"},{"@type":"ListItem","position":2,"name":"Azul anuncia voos para Varginha, Patos de Minas, Paracatu e Te\u00f3filo Otoni"}]},{"@type":"WebSite","@id":"https:\/\/aconteceunovale.com.br\/portal\/#website","url":"https:\/\/aconteceunovale.com.br\/portal\/","name":"Aconteceu no Vale","description":"Portal de Not\u00edcias","potentialAction":[{"@type":"SearchAction","target":{"@type":"EntryPoint","urlTemplate":"https:\/\/aconteceunovale.com.br\/portal\/?s={search_term_string}"},"query-input":{"@type":"PropertyValueSpecification","valueRequired":true,"valueName":"search_term_string"}}],"inLanguage":"pt-BR"},{"@type":"Person","@id":"https:\/\/aconteceunovale.com.br\/portal\/#\/schema\/person\/7d2f26d1483f8a63de73da1ee0754d35","name":"Reda\u00e7\u00e3o Aconteceu no Vale","description":"Equipe de reportagem do Aconteceu no Vale, portal de not\u00edcias do Vale do Jequitinhonha, em Minas Gerais. Cobrimos as 51 cidades do Vale desde 2013. Sugest\u00f5es de pauta e pedidos de corre\u00e7\u00e3o: contato@aconteceunovale.com.br","url":"https:\/\/aconteceunovale.com.br\/portal\/?author=4"}]}},"_links":{"self":[{"href":"https:\/\/aconteceunovale.com.br\/portal\/index.php?rest_route=\/wp\/v2\/posts\/190587","targetHints":{"allow":["GET"]}}],"collection":[{"href":"https:\/\/aconteceunovale.com.br\/portal\/index.php?rest_route=\/wp\/v2\/posts"}],"about":[{"href":"https:\/\/aconteceunovale.com.br\/portal\/index.php?rest_route=\/wp\/v2\/types\/post"}],"author":[{"embeddable":true,"href":"https:\/\/aconteceunovale.com.br\/portal\/index.php?rest_route=\/wp\/v2\/users\/4"}],"replies":[{"embeddable":true,"href":"https:\/\/aconteceunovale.com.br\/portal\/index.php?rest_route=%2Fwp%2Fv2%2Fcomments&post=190587"}],"version-history":[{"count":1,"href":"https:\/\/aconteceunovale.com.br\/portal\/index.php?rest_route=\/wp\/v2\/posts\/190587\/revisions"}],"predecessor-version":[{"id":190593,"href":"https:\/\/aconteceunovale.com.br\/portal\/index.php?rest_route=\/wp\/v2\/posts\/190587\/revisions\/190593"}],"wp:featuredmedia":[{"embeddable":true,"href":"https:\/\/aconteceunovale.com.br\/portal\/index.php?rest_route=\/wp\/v2\/media\/190592"}],"wp:attachment":[{"href":"https:\/\/aconteceunovale.com.br\/portal\/index.php?rest_route=%2Fwp%2Fv2%2Fmedia&parent=190587"}],"wp:term":[{"taxonomy":"category","embeddable":true,"href":"https:\/\/aconteceunovale.com.br\/portal\/index.php?rest_route=%2Fwp%2Fv2%2Fcategories&post=190587"},{"taxonomy":"post_tag","embeddable":true,"href":"https:\/\/aconteceunovale.com.br\/portal\/index.php?rest_route=%2Fwp%2Fv2%2Ftags&post=190587"}],"curies":[{"name":"wp","href":"https:\/\/api.w.org\/{rel}","templated":true}]}}