{"id":190577,"date":"2022-09-22T15:25:55","date_gmt":"2022-09-22T18:25:55","guid":{"rendered":"https:\/\/aconteceunovale.com.br\/portal\/?p=190577"},"modified":"2022-09-22T15:26:33","modified_gmt":"2022-09-22T18:26:33","slug":"ministerio-publico-federal-propoe-transacao-penal-a-internautas-que-desejaram-a-morte-de-jair-bolsonaro","status":"publish","type":"post","link":"https:\/\/aconteceunovale.com.br\/portal\/?p=190577","title":{"rendered":"Minist\u00e9rio P\u00fablico Federal prop\u00f5e transa\u00e7\u00e3o penal a internautas que desejaram a morte de Jair Bolsonaro"},"content":{"rendered":"\n<p class=\"wp-block-paragraph\">O Minist\u00e9rio P\u00fablico Federal (MPF) ofereceu transa\u00e7\u00e3o penal para sete pessoas que, por ocasi\u00e3o da visita de Jair Bolsonaro \u00e0 cidade de Uberl\u00e2ndia (MG), no dia 4 de abril de 2021, publicaram na rede social Twitter mensagens que incitariam \u00e0 pr\u00e1tica de atos de viol\u00eancia contra a vida e a integridade f\u00edsica do presidente da Rep\u00fablica.<\/p>\n\n\n\n<p class=\"wp-block-paragraph\">De acordo com o MPF, o servi\u00e7o de intelig\u00eancia da Pol\u00edcia Militar mineira encontrou no perfil de J.R.S.J a mensagem <em>\u201cBOLSONARO em Udia amanh\u00e3 \u2026 Algu\u00e9m fecha virar her\u00f3i nacional?\u201d.<\/em><\/p>\n\n\n\n<p class=\"wp-block-paragraph\">Em resposta a esse tu\u00edte, os outros envolvidos postaram conte\u00fados tais como<em> \u201cS\u00f3 preciso da arma\u201d <\/em>(R.A.F); <em>\u201cBOLSONARO se vier a Uberl\u00e2ndia voltar\u00e1 pra casa num caix\u00e3o, n\u00e3o \u00e9 amea\u00e7a \u00e9 comunica\u00e7\u00e3o\u201d <\/em>(L.G.Q); <em>\u201cBOLSONARO em Uberl\u00e2ndia amanh\u00e3. N\u00e9 poss\u00edvel que n\u00e3o tem um sniper nessa cidade. Aqui produz tanto maluco, um l\u00facido e armado, seria demais? Nunca te pedi nada @deus\u201d<\/em> (V.M.G.S); <em>\u201cBom, fa\u00e7o um pix de 500 reais para quem quiser brincar de tiro ao alvo (e o alvo \u00e9 o BOLSONARO) amanh\u00e3 em Uberl\u00e2ndia\u201d <\/em>(I.G.A.C), e <em>\u201cum recado para os corajosos de plant\u00e3o: BOLSONARO estar\u00e1 aqui em Uberl\u00e2ndia hoje, quinta-feira, ent\u00e3o assim sabe, se quiser vir e p\u00e1\u2026fazer e tals\u2026 concluir\u2026terminar o que\u2026sei l\u00e1 n\u00e9, fica a dica a\u00ed\u201d<\/em> (G.P.N.F), e <em>\u201cBOLSONARO vindo pra Uberl\u00e2ndia, quem vai ser o esperto pra acertar a facada dessa vez\u201d <\/em>(L.E.C).<\/p>\n\n\n\n<p class=\"wp-block-paragraph\">Para o procurador da Rep\u00fablica Cleber Eust\u00e1quio Neves, com tais mensagens, os internautas, <em>\u201clivres e conscientemente\u201d,<\/em> praticaram o delito de incita\u00e7\u00e3o p\u00fablica \u00e0 pr\u00e1tica de crime (artigo 286 do C\u00f3digo Penal), que tem pena prevista de 3 a 6 meses de pris\u00e3o.<\/p>\n\n\n\n<p class=\"wp-block-paragraph\"><strong>Requisitos &#8211;<\/strong>&nbsp;A transa\u00e7\u00e3o penal \u00e9 um acordo firmado entre o autor do crime e o Minist\u00e9rio P\u00fablico, no qual o primeiro aceita cumprir pena antecipada de multa ou restri\u00e7\u00e3o de direitos, para que n\u00e3o tenha que responder a um processo.<\/p>\n\n\n\n<p class=\"wp-block-paragraph\">Ela s\u00f3 \u00e9 cab\u00edvel em delitos de menor potencial ofensivo e se o envolvido no crime for prim\u00e1rio e com bons antecedentes, o que \u00e9 o caso dos sete envolvidos, com idades entre 28 e 24 anos de idade.<\/p>\n\n\n\n<p class=\"wp-block-paragraph\">&#8212;&#8212;&#8212;&#8212;&#8212;&#8212;<br><br><strong>Sabia que o Aconteceu no Vale est\u00e1 tamb\u00e9m no Telegram? <a rel=\"noreferrer noopener\" href=\"https:\/\/t.me\/aconteceunovaleoficial\" target=\"_blank\">Inscreva-se no canal<\/a>.<\/strong><br><br><strong>J\u00e1 curtiu ou seguiu nossas p\u00e1ginas nas redes sociais?\u00a0Receba as not\u00edcias em primeira m\u00e3o:<\/strong><br>\u2022 <a rel=\"noreferrer noopener\" href=\"https:\/\/news.google.com\/publications\/CAAqBwgKMNjklQswi4etAw?hl=pt-BR&amp;gl=BR&amp;ceid=BR%3Apt-419\" target=\"_blank\">Google News<\/a><br>\u2022 <a rel=\"noreferrer noopener\" href=\"https:\/\/www.facebook.com\/aconteceunovale\/\" target=\"_blank\">Facebook<\/a><br>\u2022 <a rel=\"noreferrer noopener\" href=\"https:\/\/twitter.com\/noticiadosvales\" target=\"_blank\">Twitter<\/a><br>\u2022 <a rel=\"noreferrer noopener\" href=\"https:\/\/www.instagram.com\/aconteceunovale\" target=\"_blank\">Instagram<\/a><br>\u2022 <a rel=\"noreferrer noopener\" href=\"https:\/\/www.youtube.com\/AconteceunoValeOficial\" target=\"_blank\">Youtube<\/a><br>\u2022 <a rel=\"noreferrer noopener\" href=\"https:\/\/www.tiktok.com\/@aconteceunovale\" target=\"_blank\">TikTok<\/a><\/p>\n","protected":false},"excerpt":{"rendered":"<p>O Minist\u00e9rio P\u00fablico Federal (MPF) ofereceu transa\u00e7\u00e3o penal para sete pessoas que, por ocasi\u00e3o da visita de Jair Bolsonaro \u00e0 cidade de Uberl\u00e2ndia (MG), no dia 4 de abril de 2021, publicaram na rede social Twitter mensagens que incitariam \u00e0 pr\u00e1tica de atos de viol\u00eancia contra a vida e a integridade f\u00edsica do presidente da [&hellip;]<\/p>\n","protected":false},"author":4,"featured_media":185115,"comment_status":"open","ping_status":"closed","sticky":false,"template":"","format":"standard","meta":{"amp_status":"","footnotes":""},"categories":[6,123,40240],"tags":[162678,1018,26436,5667,200477,263369,18887,221],"class_list":["post-190577","post","type-post","status-publish","format-standard","has-post-thumbnail","hentry","category-br","category-gerais","category-politica","tag-bolsonaro-em-uberlandia","tag-destaque","tag-jair-bolsonaro","tag-ministerio-publico-federal","tag-ministerio-publico-federal-em-minas-gerais","tag-ministerio-publico-federal-propoe-transacao-penal-a-internautas-que-desejaram-a-morte-de-jair-bolsonaro","tag-mpf","tag-uberlandia"],"yoast_head":"<!-- This site is optimized with the Yoast SEO plugin v28.3 - https:\/\/yoast.com\/product\/yoast-seo-wordpress\/ -->\n<title>Minist\u00e9rio P\u00fablico Federal prop\u00f5e transa\u00e7\u00e3o penal a internautas que desejaram a morte de Jair Bolsonaro - Aconteceu no Vale<\/title>\n<meta name=\"robots\" content=\"index, follow, max-snippet:-1, max-image-preview:large, max-video-preview:-1\" \/>\n<link rel=\"canonical\" href=\"https:\/\/aconteceunovale.com.br\/portal\/?p=190577\" \/>\n<meta property=\"og:locale\" content=\"pt_BR\" \/>\n<meta property=\"og:type\" content=\"article\" \/>\n<meta property=\"og:title\" content=\"Minist\u00e9rio P\u00fablico Federal prop\u00f5e transa\u00e7\u00e3o penal a internautas que desejaram a morte de Jair Bolsonaro - Aconteceu no Vale\" \/>\n<meta property=\"og:description\" content=\"O Minist\u00e9rio P\u00fablico Federal (MPF) ofereceu transa\u00e7\u00e3o penal para sete pessoas que, por ocasi\u00e3o da visita de Jair Bolsonaro \u00e0 cidade de Uberl\u00e2ndia (MG), no dia 4 de abril de 2021, publicaram na rede social Twitter mensagens que incitariam \u00e0 pr\u00e1tica de atos de viol\u00eancia contra a vida e a integridade f\u00edsica do presidente da [&hellip;]\" \/>\n<meta property=\"og:url\" content=\"https:\/\/aconteceunovale.com.br\/portal\/?p=190577\" \/>\n<meta property=\"og:site_name\" content=\"Aconteceu no Vale\" \/>\n<meta property=\"article:publisher\" content=\"https:\/\/www.facebook.com\/aconteceunovale\/\" \/>\n<meta property=\"article:published_time\" content=\"2022-09-22T18:25:55+00:00\" \/>\n<meta property=\"article:modified_time\" content=\"2022-09-22T18:26:33+00:00\" \/>\n<meta property=\"og:image\" content=\"https:\/\/aconteceunovale.com.br\/portal\/wp-content\/uploads\/2021\/12\/bolsonaro_indulto.jpg\" \/>\n\t<meta property=\"og:image:width\" content=\"678\" \/>\n\t<meta property=\"og:image:height\" content=\"406\" \/>\n\t<meta property=\"og:image:type\" content=\"image\/jpeg\" \/>\n<meta name=\"author\" content=\"Reda\u00e7\u00e3o Aconteceu no Vale\" \/>\n<meta name=\"twitter:card\" content=\"summary_large_image\" \/>\n<meta name=\"twitter:creator\" content=\"@noticiadosvales\" \/>\n<meta name=\"twitter:site\" content=\"@noticiadosvales\" \/>\n<meta name=\"twitter:label1\" content=\"Escrito por\" \/>\n\t<meta name=\"twitter:data1\" content=\"Reda\u00e7\u00e3o Aconteceu no Vale\" \/>\n\t<meta name=\"twitter:label2\" content=\"Est. tempo de leitura\" \/>\n\t<meta name=\"twitter:data2\" content=\"2 minutos\" \/>\n<script type=\"application\/ld+json\" class=\"yoast-schema-graph\">{\"@context\":\"https:\\\/\\\/schema.org\",\"@graph\":[{\"@type\":\"Article\",\"@id\":\"https:\\\/\\\/aconteceunovale.com.br\\\/portal\\\/?p=190577#article\",\"isPartOf\":{\"@id\":\"https:\\\/\\\/aconteceunovale.com.br\\\/portal\\\/?p=190577\"},\"author\":{\"name\":\"Reda\u00e7\u00e3o Aconteceu no Vale\",\"@id\":\"https:\\\/\\\/aconteceunovale.com.br\\\/portal\\\/#\\\/schema\\\/person\\\/7d2f26d1483f8a63de73da1ee0754d35\"},\"headline\":\"Minist\u00e9rio P\u00fablico Federal prop\u00f5e transa\u00e7\u00e3o penal a internautas que desejaram a morte de Jair Bolsonaro\",\"datePublished\":\"2022-09-22T18:25:55+00:00\",\"dateModified\":\"2022-09-22T18:26:33+00:00\",\"mainEntityOfPage\":{\"@id\":\"https:\\\/\\\/aconteceunovale.com.br\\\/portal\\\/?p=190577\"},\"wordCount\":455,\"commentCount\":0,\"image\":{\"@id\":\"https:\\\/\\\/aconteceunovale.com.br\\\/portal\\\/?p=190577#primaryimage\"},\"thumbnailUrl\":\"https:\\\/\\\/aconteceunovale.com.br\\\/portal\\\/wp-content\\\/uploads\\\/2021\\\/12\\\/bolsonaro_indulto.jpg\",\"keywords\":[\"Bolsonaro em Uberl\u00e2ndia\",\"destaque\",\"Jair Bolsonaro\",\"Minist\u00e9rio P\u00fablico Federal\",\"Minist\u00e9rio P\u00fablico Federal em Minas Gerais\",\"Minist\u00e9rio P\u00fablico Federal prop\u00f5e transa\u00e7\u00e3o penal a internautas que desejaram a morte de Jair Bolsonaro\",\"MPF\",\"Uberl\u00e2ndia\"],\"articleSection\":[\"Brasil\",\"Minas Gerais\",\"Pol\u00edtica\"],\"inLanguage\":\"pt-BR\",\"potentialAction\":[{\"@type\":\"CommentAction\",\"name\":\"Comment\",\"target\":[\"https:\\\/\\\/aconteceunovale.com.br\\\/portal\\\/?p=190577#respond\"]}]},{\"@type\":\"WebPage\",\"@id\":\"https:\\\/\\\/aconteceunovale.com.br\\\/portal\\\/?p=190577\",\"url\":\"https:\\\/\\\/aconteceunovale.com.br\\\/portal\\\/?p=190577\",\"name\":\"Minist\u00e9rio P\u00fablico Federal prop\u00f5e transa\u00e7\u00e3o penal a internautas que desejaram a morte de Jair Bolsonaro - Aconteceu no Vale\",\"isPartOf\":{\"@id\":\"https:\\\/\\\/aconteceunovale.com.br\\\/portal\\\/#website\"},\"primaryImageOfPage\":{\"@id\":\"https:\\\/\\\/aconteceunovale.com.br\\\/portal\\\/?p=190577#primaryimage\"},\"image\":{\"@id\":\"https:\\\/\\\/aconteceunovale.com.br\\\/portal\\\/?p=190577#primaryimage\"},\"thumbnailUrl\":\"https:\\\/\\\/aconteceunovale.com.br\\\/portal\\\/wp-content\\\/uploads\\\/2021\\\/12\\\/bolsonaro_indulto.jpg\",\"datePublished\":\"2022-09-22T18:25:55+00:00\",\"dateModified\":\"2022-09-22T18:26:33+00:00\",\"author\":{\"@id\":\"https:\\\/\\\/aconteceunovale.com.br\\\/portal\\\/#\\\/schema\\\/person\\\/7d2f26d1483f8a63de73da1ee0754d35\"},\"breadcrumb\":{\"@id\":\"https:\\\/\\\/aconteceunovale.com.br\\\/portal\\\/?p=190577#breadcrumb\"},\"inLanguage\":\"pt-BR\",\"potentialAction\":[{\"@type\":\"ReadAction\",\"target\":[\"https:\\\/\\\/aconteceunovale.com.br\\\/portal\\\/?p=190577\"]}]},{\"@type\":\"ImageObject\",\"inLanguage\":\"pt-BR\",\"@id\":\"https:\\\/\\\/aconteceunovale.com.br\\\/portal\\\/?p=190577#primaryimage\",\"url\":\"https:\\\/\\\/aconteceunovale.com.br\\\/portal\\\/wp-content\\\/uploads\\\/2021\\\/12\\\/bolsonaro_indulto.jpg\",\"contentUrl\":\"https:\\\/\\\/aconteceunovale.com.br\\\/portal\\\/wp-content\\\/uploads\\\/2021\\\/12\\\/bolsonaro_indulto.jpg\",\"width\":678,\"height\":406,\"caption\":\"O presidente da Rep\u00fablica,Jair Bolsonaro,e o ministro das Comunica\u00e7\u00f5es, F\u00e1bio Faria, participam de cerim\u00f4nia de assinatura de termos de autoriza\u00e7\u00e3o de uso de radiofrequ\u00eancias pelas empresas vencedoras das faixas do leil\u00e3o do 5G, no Pal\u00e1cio do Planalto\"},{\"@type\":\"BreadcrumbList\",\"@id\":\"https:\\\/\\\/aconteceunovale.com.br\\\/portal\\\/?p=190577#breadcrumb\",\"itemListElement\":[{\"@type\":\"ListItem\",\"position\":1,\"name\":\"In\u00edcio\",\"item\":\"https:\\\/\\\/aconteceunovale.com.br\\\/portal\\\/\"},{\"@type\":\"ListItem\",\"position\":2,\"name\":\"Minist\u00e9rio P\u00fablico Federal prop\u00f5e transa\u00e7\u00e3o penal a internautas que desejaram a morte de Jair Bolsonaro\"}]},{\"@type\":\"WebSite\",\"@id\":\"https:\\\/\\\/aconteceunovale.com.br\\\/portal\\\/#website\",\"url\":\"https:\\\/\\\/aconteceunovale.com.br\\\/portal\\\/\",\"name\":\"Aconteceu no Vale\",\"description\":\"Portal de Not\u00edcias\",\"potentialAction\":[{\"@type\":\"SearchAction\",\"target\":{\"@type\":\"EntryPoint\",\"urlTemplate\":\"https:\\\/\\\/aconteceunovale.com.br\\\/portal\\\/?s={search_term_string}\"},\"query-input\":{\"@type\":\"PropertyValueSpecification\",\"valueRequired\":true,\"valueName\":\"search_term_string\"}}],\"inLanguage\":\"pt-BR\"},{\"@type\":\"Person\",\"@id\":\"https:\\\/\\\/aconteceunovale.com.br\\\/portal\\\/#\\\/schema\\\/person\\\/7d2f26d1483f8a63de73da1ee0754d35\",\"name\":\"Reda\u00e7\u00e3o Aconteceu no Vale\",\"description\":\"Equipe de reportagem do Aconteceu no Vale, portal de not\u00edcias do Vale do Jequitinhonha, em Minas Gerais. Cobrimos as 51 cidades do Vale desde 2013. Sugest\u00f5es de pauta e pedidos de corre\u00e7\u00e3o: contato@aconteceunovale.com.br\",\"url\":\"https:\\\/\\\/aconteceunovale.com.br\\\/portal\\\/?author=4\"}]}<\/script>\n<!-- \/ Yoast SEO plugin. -->","yoast_head_json":{"title":"Minist\u00e9rio P\u00fablico Federal prop\u00f5e transa\u00e7\u00e3o penal a internautas que desejaram a morte de Jair Bolsonaro - Aconteceu no Vale","robots":{"index":"index","follow":"follow","max-snippet":"max-snippet:-1","max-image-preview":"max-image-preview:large","max-video-preview":"max-video-preview:-1"},"canonical":"https:\/\/aconteceunovale.com.br\/portal\/?p=190577","og_locale":"pt_BR","og_type":"article","og_title":"Minist\u00e9rio P\u00fablico Federal prop\u00f5e transa\u00e7\u00e3o penal a internautas que desejaram a morte de Jair Bolsonaro - Aconteceu no Vale","og_description":"O Minist\u00e9rio P\u00fablico Federal (MPF) ofereceu transa\u00e7\u00e3o penal para sete pessoas que, por ocasi\u00e3o da visita de Jair Bolsonaro \u00e0 cidade de Uberl\u00e2ndia (MG), no dia 4 de abril de 2021, publicaram na rede social Twitter mensagens que incitariam \u00e0 pr\u00e1tica de atos de viol\u00eancia contra a vida e a integridade f\u00edsica do presidente da [&hellip;]","og_url":"https:\/\/aconteceunovale.com.br\/portal\/?p=190577","og_site_name":"Aconteceu no Vale","article_publisher":"https:\/\/www.facebook.com\/aconteceunovale\/","article_published_time":"2022-09-22T18:25:55+00:00","article_modified_time":"2022-09-22T18:26:33+00:00","og_image":[{"width":678,"height":406,"url":"https:\/\/aconteceunovale.com.br\/portal\/wp-content\/uploads\/2021\/12\/bolsonaro_indulto.jpg","type":"image\/jpeg"}],"author":"Reda\u00e7\u00e3o Aconteceu no Vale","twitter_card":"summary_large_image","twitter_creator":"@noticiadosvales","twitter_site":"@noticiadosvales","twitter_misc":{"Escrito por":"Reda\u00e7\u00e3o Aconteceu no Vale","Est. tempo de leitura":"2 minutos"},"schema":{"@context":"https:\/\/schema.org","@graph":[{"@type":"Article","@id":"https:\/\/aconteceunovale.com.br\/portal\/?p=190577#article","isPartOf":{"@id":"https:\/\/aconteceunovale.com.br\/portal\/?p=190577"},"author":{"name":"Reda\u00e7\u00e3o Aconteceu no Vale","@id":"https:\/\/aconteceunovale.com.br\/portal\/#\/schema\/person\/7d2f26d1483f8a63de73da1ee0754d35"},"headline":"Minist\u00e9rio P\u00fablico Federal prop\u00f5e transa\u00e7\u00e3o penal a internautas que desejaram a morte de Jair Bolsonaro","datePublished":"2022-09-22T18:25:55+00:00","dateModified":"2022-09-22T18:26:33+00:00","mainEntityOfPage":{"@id":"https:\/\/aconteceunovale.com.br\/portal\/?p=190577"},"wordCount":455,"commentCount":0,"image":{"@id":"https:\/\/aconteceunovale.com.br\/portal\/?p=190577#primaryimage"},"thumbnailUrl":"https:\/\/aconteceunovale.com.br\/portal\/wp-content\/uploads\/2021\/12\/bolsonaro_indulto.jpg","keywords":["Bolsonaro em Uberl\u00e2ndia","destaque","Jair Bolsonaro","Minist\u00e9rio P\u00fablico Federal","Minist\u00e9rio P\u00fablico Federal em Minas Gerais","Minist\u00e9rio P\u00fablico Federal prop\u00f5e transa\u00e7\u00e3o penal a internautas que desejaram a morte de Jair Bolsonaro","MPF","Uberl\u00e2ndia"],"articleSection":["Brasil","Minas Gerais","Pol\u00edtica"],"inLanguage":"pt-BR","potentialAction":[{"@type":"CommentAction","name":"Comment","target":["https:\/\/aconteceunovale.com.br\/portal\/?p=190577#respond"]}]},{"@type":"WebPage","@id":"https:\/\/aconteceunovale.com.br\/portal\/?p=190577","url":"https:\/\/aconteceunovale.com.br\/portal\/?p=190577","name":"Minist\u00e9rio P\u00fablico Federal prop\u00f5e transa\u00e7\u00e3o penal a internautas que desejaram a morte de Jair Bolsonaro - Aconteceu no Vale","isPartOf":{"@id":"https:\/\/aconteceunovale.com.br\/portal\/#website"},"primaryImageOfPage":{"@id":"https:\/\/aconteceunovale.com.br\/portal\/?p=190577#primaryimage"},"image":{"@id":"https:\/\/aconteceunovale.com.br\/portal\/?p=190577#primaryimage"},"thumbnailUrl":"https:\/\/aconteceunovale.com.br\/portal\/wp-content\/uploads\/2021\/12\/bolsonaro_indulto.jpg","datePublished":"2022-09-22T18:25:55+00:00","dateModified":"2022-09-22T18:26:33+00:00","author":{"@id":"https:\/\/aconteceunovale.com.br\/portal\/#\/schema\/person\/7d2f26d1483f8a63de73da1ee0754d35"},"breadcrumb":{"@id":"https:\/\/aconteceunovale.com.br\/portal\/?p=190577#breadcrumb"},"inLanguage":"pt-BR","potentialAction":[{"@type":"ReadAction","target":["https:\/\/aconteceunovale.com.br\/portal\/?p=190577"]}]},{"@type":"ImageObject","inLanguage":"pt-BR","@id":"https:\/\/aconteceunovale.com.br\/portal\/?p=190577#primaryimage","url":"https:\/\/aconteceunovale.com.br\/portal\/wp-content\/uploads\/2021\/12\/bolsonaro_indulto.jpg","contentUrl":"https:\/\/aconteceunovale.com.br\/portal\/wp-content\/uploads\/2021\/12\/bolsonaro_indulto.jpg","width":678,"height":406,"caption":"O presidente da Rep\u00fablica,Jair Bolsonaro,e o ministro das Comunica\u00e7\u00f5es, F\u00e1bio Faria, participam de cerim\u00f4nia de assinatura de termos de autoriza\u00e7\u00e3o de uso de radiofrequ\u00eancias pelas empresas vencedoras das faixas do leil\u00e3o do 5G, no Pal\u00e1cio do Planalto"},{"@type":"BreadcrumbList","@id":"https:\/\/aconteceunovale.com.br\/portal\/?p=190577#breadcrumb","itemListElement":[{"@type":"ListItem","position":1,"name":"In\u00edcio","item":"https:\/\/aconteceunovale.com.br\/portal\/"},{"@type":"ListItem","position":2,"name":"Minist\u00e9rio P\u00fablico Federal prop\u00f5e transa\u00e7\u00e3o penal a internautas que desejaram a morte de Jair Bolsonaro"}]},{"@type":"WebSite","@id":"https:\/\/aconteceunovale.com.br\/portal\/#website","url":"https:\/\/aconteceunovale.com.br\/portal\/","name":"Aconteceu no Vale","description":"Portal de Not\u00edcias","potentialAction":[{"@type":"SearchAction","target":{"@type":"EntryPoint","urlTemplate":"https:\/\/aconteceunovale.com.br\/portal\/?s={search_term_string}"},"query-input":{"@type":"PropertyValueSpecification","valueRequired":true,"valueName":"search_term_string"}}],"inLanguage":"pt-BR"},{"@type":"Person","@id":"https:\/\/aconteceunovale.com.br\/portal\/#\/schema\/person\/7d2f26d1483f8a63de73da1ee0754d35","name":"Reda\u00e7\u00e3o Aconteceu no Vale","description":"Equipe de reportagem do Aconteceu no Vale, portal de not\u00edcias do Vale do Jequitinhonha, em Minas Gerais. Cobrimos as 51 cidades do Vale desde 2013. Sugest\u00f5es de pauta e pedidos de corre\u00e7\u00e3o: contato@aconteceunovale.com.br","url":"https:\/\/aconteceunovale.com.br\/portal\/?author=4"}]}},"_links":{"self":[{"href":"https:\/\/aconteceunovale.com.br\/portal\/index.php?rest_route=\/wp\/v2\/posts\/190577","targetHints":{"allow":["GET"]}}],"collection":[{"href":"https:\/\/aconteceunovale.com.br\/portal\/index.php?rest_route=\/wp\/v2\/posts"}],"about":[{"href":"https:\/\/aconteceunovale.com.br\/portal\/index.php?rest_route=\/wp\/v2\/types\/post"}],"author":[{"embeddable":true,"href":"https:\/\/aconteceunovale.com.br\/portal\/index.php?rest_route=\/wp\/v2\/users\/4"}],"replies":[{"embeddable":true,"href":"https:\/\/aconteceunovale.com.br\/portal\/index.php?rest_route=%2Fwp%2Fv2%2Fcomments&post=190577"}],"version-history":[{"count":1,"href":"https:\/\/aconteceunovale.com.br\/portal\/index.php?rest_route=\/wp\/v2\/posts\/190577\/revisions"}],"predecessor-version":[{"id":190578,"href":"https:\/\/aconteceunovale.com.br\/portal\/index.php?rest_route=\/wp\/v2\/posts\/190577\/revisions\/190578"}],"wp:featuredmedia":[{"embeddable":true,"href":"https:\/\/aconteceunovale.com.br\/portal\/index.php?rest_route=\/wp\/v2\/media\/185115"}],"wp:attachment":[{"href":"https:\/\/aconteceunovale.com.br\/portal\/index.php?rest_route=%2Fwp%2Fv2%2Fmedia&parent=190577"}],"wp:term":[{"taxonomy":"category","embeddable":true,"href":"https:\/\/aconteceunovale.com.br\/portal\/index.php?rest_route=%2Fwp%2Fv2%2Fcategories&post=190577"},{"taxonomy":"post_tag","embeddable":true,"href":"https:\/\/aconteceunovale.com.br\/portal\/index.php?rest_route=%2Fwp%2Fv2%2Ftags&post=190577"}],"curies":[{"name":"wp","href":"https:\/\/api.w.org\/{rel}","templated":true}]}}