{"id":190561,"date":"2022-09-21T16:26:06","date_gmt":"2022-09-21T19:26:06","guid":{"rendered":"https:\/\/aconteceunovale.com.br\/portal\/?p=190561"},"modified":"2022-09-21T16:31:21","modified_gmt":"2022-09-21T19:31:21","slug":"video-mostra-exato-momento-em-que-helicoptero-cai-no-leste-de-minas","status":"publish","type":"post","link":"https:\/\/aconteceunovale.com.br\/portal\/?p=190561","title":{"rendered":"V\u00eddeo mostra exato momento em que helic\u00f3ptero cai no Leste de Minas"},"content":{"rendered":"\n<p class=\"wp-block-paragraph\">Um v\u00eddeo registrado por um morador mostra o momento em que helic\u00f3ptero com o deputado federal Herc\u00edlio Coelho Diniz (MDB), candidato \u00e0 reelei\u00e7\u00e3o, atinge rede el\u00e9trica e cai em Engenheiro Caldas (MG). O parlamentar e outros tr\u00eas ocupantes da aeronave n\u00e3o se feriram gravemente.<\/p>\n\n\n\n<iframe loading=\"lazy\" src=\"https:\/\/www.facebook.com\/plugins\/video.php?height=476&#038;href=https%3A%2F%2Fwww.facebook.com%2Faconteceunovale%2Fvideos%2F403149548650737%2F&#038;show_text=false&#038;width=261&#038;t=0\" width=\"261\" height=\"476\" style=\"border:none;overflow:hidden\" scrolling=\"no\" frameborder=\"0\" allowfullscreen=\"true\" allow=\"autoplay; clipboard-write; encrypted-media; picture-in-picture; web-share\" allowFullScreen=\"true\"><\/iframe>\n\n\n\n<p class=\"wp-block-paragraph\">Saiba mais em: <a href=\"https:\/\/aconteceunovale.com.br\/portal\/?p=190558\" target=\"_blank\" rel=\"noreferrer noopener\">https:\/\/aconteceunovale.com.br\/portal\/?p=190558<\/a><\/p>\n\n\n\n<p class=\"wp-block-paragraph\">&#8212;&#8212;&#8212;&#8212;&#8212;&#8212;<br><br><strong>Sabia que o Aconteceu no Vale est\u00e1 tamb\u00e9m no Telegram? <a rel=\"noreferrer noopener\" href=\"https:\/\/t.me\/aconteceunovaleoficial\" target=\"_blank\">Inscreva-se no canal<\/a>.<\/strong><br><br><strong>J\u00e1 curtiu ou seguiu nossas p\u00e1ginas nas redes sociais?\u00a0Receba as not\u00edcias em primeira m\u00e3o:<\/strong><br>\u2022 <a rel=\"noreferrer noopener\" href=\"https:\/\/news.google.com\/publications\/CAAqBwgKMNjklQswi4etAw?hl=pt-BR&amp;gl=BR&amp;ceid=BR%3Apt-419\" target=\"_blank\">Google News<\/a><br>\u2022 <a rel=\"noreferrer noopener\" href=\"https:\/\/www.facebook.com\/aconteceunovale\/\" target=\"_blank\">Facebook<\/a><br>\u2022 <a rel=\"noreferrer noopener\" href=\"https:\/\/twitter.com\/noticiadosvales\" target=\"_blank\">Twitter<\/a><br>\u2022 <a rel=\"noreferrer noopener\" href=\"https:\/\/www.instagram.com\/aconteceunovale\" target=\"_blank\">Instagram<\/a><br>\u2022 <a rel=\"noreferrer noopener\" href=\"https:\/\/www.youtube.com\/AconteceunoValeOficial\" target=\"_blank\">Youtube<\/a><br>\u2022 <a rel=\"noreferrer noopener\" href=\"https:\/\/www.tiktok.com\/@aconteceunovale\" target=\"_blank\">TikTok<\/a><\/p>\n","protected":false},"excerpt":{"rendered":"<p>Um v\u00eddeo registrado por um morador mostra o momento em que helic\u00f3ptero com o deputado federal Herc\u00edlio Coelho Diniz (MDB), candidato \u00e0 reelei\u00e7\u00e3o, atinge rede el\u00e9trica e cai em Engenheiro Caldas (MG). O parlamentar e outros tr\u00eas ocupantes da aeronave n\u00e3o se feriram gravemente. Saiba mais em: https:\/\/aconteceunovale.com.br\/portal\/?p=190558 &#8212;&#8212;&#8212;&#8212;&#8212;&#8212; Sabia que o Aconteceu no Vale [&hellip;]<\/p>\n","protected":false},"author":4,"featured_media":190562,"comment_status":"open","ping_status":"closed","sticky":false,"template":"","format":"standard","meta":{"amp_status":"","footnotes":""},"categories":[121],"tags":[36235,263362,36234,72495,1018,288,247,18800,263365,263363,263364,263360,263361,18801,263366,263367,263368],"class_list":["post-190561","post","type-post","status-publish","format-standard","has-post-thumbnail","hentry","category-leste","tag-acidente-com-dono-do-coelho-diniz","tag-acidente-com-hercilio-coelho-diniz","tag-acidente-com-hercilio-diniz-dono-do-coelho-diniz","tag-acidente-em-engenheiro-caldas","tag-destaque","tag-engenheiro-caldas","tag-governador-valadares","tag-gv","tag-helicoptero-coelho-diniz","tag-helicoptero-dono-do-coelho-diniz","tag-helicoptero-hercilio-coelho-diniz","tag-queda-de-helicoptero-hercilio-diniz-dono-do-coelho-diniz","tag-queda-do-helicoptero-dono-do-coelho-diniz","tag-valadares","tag-video-mostra-exato-momento-em-que-helicoptero-cai-no-leste-de-minas","tag-video-mostra-exato-momento-em-que-helicoptero-com-hercilio-coelho-diniz-cai-no-leste-de-minas","tag-video-mostra-momento-do-acidente-com-helicoptero-que-transportava-deputado-hercilio-coelho-diniz"],"yoast_head":"<!-- This site is optimized with the Yoast SEO plugin v28.3 - https:\/\/yoast.com\/product\/yoast-seo-wordpress\/ -->\n<title>V\u00eddeo mostra exato momento em que helic\u00f3ptero cai no Leste de Minas - Aconteceu no Vale<\/title>\n<meta name=\"robots\" content=\"index, follow, max-snippet:-1, max-image-preview:large, max-video-preview:-1\" \/>\n<link rel=\"canonical\" href=\"https:\/\/aconteceunovale.com.br\/portal\/?p=190561\" \/>\n<meta property=\"og:locale\" content=\"pt_BR\" \/>\n<meta property=\"og:type\" content=\"article\" \/>\n<meta property=\"og:title\" content=\"V\u00eddeo mostra exato momento em que helic\u00f3ptero cai no Leste de Minas - Aconteceu no Vale\" \/>\n<meta property=\"og:description\" content=\"Um v\u00eddeo registrado por um morador mostra o momento em que helic\u00f3ptero com o deputado federal Herc\u00edlio Coelho Diniz (MDB), candidato \u00e0 reelei\u00e7\u00e3o, atinge rede el\u00e9trica e cai em Engenheiro Caldas (MG). O parlamentar e outros tr\u00eas ocupantes da aeronave n\u00e3o se feriram gravemente. Saiba mais em: https:\/\/aconteceunovale.com.br\/portal\/?p=190558 &#8212;&#8212;&#8212;&#8212;&#8212;&#8212; Sabia que o Aconteceu no Vale [&hellip;]\" \/>\n<meta property=\"og:url\" content=\"https:\/\/aconteceunovale.com.br\/portal\/?p=190561\" \/>\n<meta property=\"og:site_name\" content=\"Aconteceu no Vale\" \/>\n<meta property=\"article:publisher\" content=\"https:\/\/www.facebook.com\/aconteceunovale\/\" \/>\n<meta property=\"article:published_time\" content=\"2022-09-21T19:26:06+00:00\" \/>\n<meta property=\"article:modified_time\" content=\"2022-09-21T19:31:21+00:00\" \/>\n<meta property=\"og:image\" content=\"https:\/\/aconteceunovale.com.br\/portal\/wp-content\/uploads\/2022\/09\/aviao_hercilio.png\" \/>\n\t<meta property=\"og:image:width\" content=\"650\" \/>\n\t<meta property=\"og:image:height\" content=\"408\" \/>\n\t<meta property=\"og:image:type\" content=\"image\/png\" \/>\n<meta name=\"author\" content=\"Reda\u00e7\u00e3o Aconteceu no Vale\" \/>\n<meta name=\"twitter:card\" content=\"summary_large_image\" \/>\n<meta name=\"twitter:creator\" content=\"@noticiadosvales\" \/>\n<meta name=\"twitter:site\" content=\"@noticiadosvales\" \/>\n<meta name=\"twitter:label1\" content=\"Escrito por\" \/>\n\t<meta name=\"twitter:data1\" content=\"Reda\u00e7\u00e3o Aconteceu no Vale\" \/>\n<script type=\"application\/ld+json\" class=\"yoast-schema-graph\">{\"@context\":\"https:\\\/\\\/schema.org\",\"@graph\":[{\"@type\":\"Article\",\"@id\":\"https:\\\/\\\/aconteceunovale.com.br\\\/portal\\\/?p=190561#article\",\"isPartOf\":{\"@id\":\"https:\\\/\\\/aconteceunovale.com.br\\\/portal\\\/?p=190561\"},\"author\":{\"name\":\"Reda\u00e7\u00e3o Aconteceu no Vale\",\"@id\":\"https:\\\/\\\/aconteceunovale.com.br\\\/portal\\\/#\\\/schema\\\/person\\\/7d2f26d1483f8a63de73da1ee0754d35\"},\"headline\":\"V\u00eddeo mostra exato momento em que helic\u00f3ptero cai no Leste de Minas\",\"datePublished\":\"2022-09-21T19:26:06+00:00\",\"dateModified\":\"2022-09-21T19:31:21+00:00\",\"mainEntityOfPage\":{\"@id\":\"https:\\\/\\\/aconteceunovale.com.br\\\/portal\\\/?p=190561\"},\"wordCount\":113,\"commentCount\":0,\"image\":{\"@id\":\"https:\\\/\\\/aconteceunovale.com.br\\\/portal\\\/?p=190561#primaryimage\"},\"thumbnailUrl\":\"https:\\\/\\\/aconteceunovale.com.br\\\/portal\\\/wp-content\\\/uploads\\\/2022\\\/09\\\/aviao_hercilio.png\",\"keywords\":[\"Acidente com dono do Coelho Diniz\",\"Acidente com Herc\u00edlio Coelho Diniz\",\"Acidente com Hercilio Diniz dono do Coelho Diniz\",\"acidente em engenheiro caldas\",\"destaque\",\"Engenheiro Caldas\",\"Governador Valadares\",\"gv\",\"Helic\u00f3ptero Coelho Diniz\",\"Helic\u00f3ptero Dono do Coelho Diniz\",\"Helic\u00f3ptero Herc\u00edlio Coelho Diniz\",\"Queda de helic\u00f3ptero Herc\u00edlio Diniz dono do Coelho Diniz\",\"Queda do helic\u00f3ptero dono do Coelho Diniz\",\"valadares\",\"V\u00eddeo mostra exato momento em que helic\u00f3ptero cai no Leste de Minas\",\"V\u00eddeo mostra exato momento em que helic\u00f3ptero com Herc\u00edlio Coelho Diniz cai no Leste de Minas\",\"V\u00eddeo mostra momento do acidente com helic\u00f3ptero que transportava deputado Herc\u00edlio Coelho Diniz\"],\"articleSection\":[\"Leste de Minas\"],\"inLanguage\":\"pt-BR\",\"potentialAction\":[{\"@type\":\"CommentAction\",\"name\":\"Comment\",\"target\":[\"https:\\\/\\\/aconteceunovale.com.br\\\/portal\\\/?p=190561#respond\"]}]},{\"@type\":\"WebPage\",\"@id\":\"https:\\\/\\\/aconteceunovale.com.br\\\/portal\\\/?p=190561\",\"url\":\"https:\\\/\\\/aconteceunovale.com.br\\\/portal\\\/?p=190561\",\"name\":\"V\u00eddeo mostra exato momento em que helic\u00f3ptero cai no Leste de Minas - Aconteceu no Vale\",\"isPartOf\":{\"@id\":\"https:\\\/\\\/aconteceunovale.com.br\\\/portal\\\/#website\"},\"primaryImageOfPage\":{\"@id\":\"https:\\\/\\\/aconteceunovale.com.br\\\/portal\\\/?p=190561#primaryimage\"},\"image\":{\"@id\":\"https:\\\/\\\/aconteceunovale.com.br\\\/portal\\\/?p=190561#primaryimage\"},\"thumbnailUrl\":\"https:\\\/\\\/aconteceunovale.com.br\\\/portal\\\/wp-content\\\/uploads\\\/2022\\\/09\\\/aviao_hercilio.png\",\"datePublished\":\"2022-09-21T19:26:06+00:00\",\"dateModified\":\"2022-09-21T19:31:21+00:00\",\"author\":{\"@id\":\"https:\\\/\\\/aconteceunovale.com.br\\\/portal\\\/#\\\/schema\\\/person\\\/7d2f26d1483f8a63de73da1ee0754d35\"},\"breadcrumb\":{\"@id\":\"https:\\\/\\\/aconteceunovale.com.br\\\/portal\\\/?p=190561#breadcrumb\"},\"inLanguage\":\"pt-BR\",\"potentialAction\":[{\"@type\":\"ReadAction\",\"target\":[\"https:\\\/\\\/aconteceunovale.com.br\\\/portal\\\/?p=190561\"]}]},{\"@type\":\"ImageObject\",\"inLanguage\":\"pt-BR\",\"@id\":\"https:\\\/\\\/aconteceunovale.com.br\\\/portal\\\/?p=190561#primaryimage\",\"url\":\"https:\\\/\\\/aconteceunovale.com.br\\\/portal\\\/wp-content\\\/uploads\\\/2022\\\/09\\\/aviao_hercilio.png\",\"contentUrl\":\"https:\\\/\\\/aconteceunovale.com.br\\\/portal\\\/wp-content\\\/uploads\\\/2022\\\/09\\\/aviao_hercilio.png\",\"width\":650,\"height\":408},{\"@type\":\"BreadcrumbList\",\"@id\":\"https:\\\/\\\/aconteceunovale.com.br\\\/portal\\\/?p=190561#breadcrumb\",\"itemListElement\":[{\"@type\":\"ListItem\",\"position\":1,\"name\":\"In\u00edcio\",\"item\":\"https:\\\/\\\/aconteceunovale.com.br\\\/portal\\\/\"},{\"@type\":\"ListItem\",\"position\":2,\"name\":\"V\u00eddeo mostra exato momento em que helic\u00f3ptero cai no Leste de Minas\"}]},{\"@type\":\"WebSite\",\"@id\":\"https:\\\/\\\/aconteceunovale.com.br\\\/portal\\\/#website\",\"url\":\"https:\\\/\\\/aconteceunovale.com.br\\\/portal\\\/\",\"name\":\"Aconteceu no Vale\",\"description\":\"Portal de Not\u00edcias\",\"potentialAction\":[{\"@type\":\"SearchAction\",\"target\":{\"@type\":\"EntryPoint\",\"urlTemplate\":\"https:\\\/\\\/aconteceunovale.com.br\\\/portal\\\/?s={search_term_string}\"},\"query-input\":{\"@type\":\"PropertyValueSpecification\",\"valueRequired\":true,\"valueName\":\"search_term_string\"}}],\"inLanguage\":\"pt-BR\"},{\"@type\":\"Person\",\"@id\":\"https:\\\/\\\/aconteceunovale.com.br\\\/portal\\\/#\\\/schema\\\/person\\\/7d2f26d1483f8a63de73da1ee0754d35\",\"name\":\"Reda\u00e7\u00e3o Aconteceu no Vale\",\"description\":\"Equipe de reportagem do Aconteceu no Vale, portal de not\u00edcias do Vale do Jequitinhonha, em Minas Gerais. Cobrimos as 51 cidades do Vale desde 2013. Sugest\u00f5es de pauta e pedidos de corre\u00e7\u00e3o: contato@aconteceunovale.com.br\",\"url\":\"https:\\\/\\\/aconteceunovale.com.br\\\/portal\\\/?author=4\"}]}<\/script>\n<!-- \/ Yoast SEO plugin. -->","yoast_head_json":{"title":"V\u00eddeo mostra exato momento em que helic\u00f3ptero cai no Leste de Minas - Aconteceu no Vale","robots":{"index":"index","follow":"follow","max-snippet":"max-snippet:-1","max-image-preview":"max-image-preview:large","max-video-preview":"max-video-preview:-1"},"canonical":"https:\/\/aconteceunovale.com.br\/portal\/?p=190561","og_locale":"pt_BR","og_type":"article","og_title":"V\u00eddeo mostra exato momento em que helic\u00f3ptero cai no Leste de Minas - Aconteceu no Vale","og_description":"Um v\u00eddeo registrado por um morador mostra o momento em que helic\u00f3ptero com o deputado federal Herc\u00edlio Coelho Diniz (MDB), candidato \u00e0 reelei\u00e7\u00e3o, atinge rede el\u00e9trica e cai em Engenheiro Caldas (MG). O parlamentar e outros tr\u00eas ocupantes da aeronave n\u00e3o se feriram gravemente. Saiba mais em: https:\/\/aconteceunovale.com.br\/portal\/?p=190558 &#8212;&#8212;&#8212;&#8212;&#8212;&#8212; Sabia que o Aconteceu no Vale [&hellip;]","og_url":"https:\/\/aconteceunovale.com.br\/portal\/?p=190561","og_site_name":"Aconteceu no Vale","article_publisher":"https:\/\/www.facebook.com\/aconteceunovale\/","article_published_time":"2022-09-21T19:26:06+00:00","article_modified_time":"2022-09-21T19:31:21+00:00","og_image":[{"width":650,"height":408,"url":"https:\/\/aconteceunovale.com.br\/portal\/wp-content\/uploads\/2022\/09\/aviao_hercilio.png","type":"image\/png"}],"author":"Reda\u00e7\u00e3o Aconteceu no Vale","twitter_card":"summary_large_image","twitter_creator":"@noticiadosvales","twitter_site":"@noticiadosvales","twitter_misc":{"Escrito por":"Reda\u00e7\u00e3o Aconteceu no Vale"},"schema":{"@context":"https:\/\/schema.org","@graph":[{"@type":"Article","@id":"https:\/\/aconteceunovale.com.br\/portal\/?p=190561#article","isPartOf":{"@id":"https:\/\/aconteceunovale.com.br\/portal\/?p=190561"},"author":{"name":"Reda\u00e7\u00e3o Aconteceu no Vale","@id":"https:\/\/aconteceunovale.com.br\/portal\/#\/schema\/person\/7d2f26d1483f8a63de73da1ee0754d35"},"headline":"V\u00eddeo mostra exato momento em que helic\u00f3ptero cai no Leste de Minas","datePublished":"2022-09-21T19:26:06+00:00","dateModified":"2022-09-21T19:31:21+00:00","mainEntityOfPage":{"@id":"https:\/\/aconteceunovale.com.br\/portal\/?p=190561"},"wordCount":113,"commentCount":0,"image":{"@id":"https:\/\/aconteceunovale.com.br\/portal\/?p=190561#primaryimage"},"thumbnailUrl":"https:\/\/aconteceunovale.com.br\/portal\/wp-content\/uploads\/2022\/09\/aviao_hercilio.png","keywords":["Acidente com dono do Coelho Diniz","Acidente com Herc\u00edlio Coelho Diniz","Acidente com Hercilio Diniz dono do Coelho Diniz","acidente em engenheiro caldas","destaque","Engenheiro Caldas","Governador Valadares","gv","Helic\u00f3ptero Coelho Diniz","Helic\u00f3ptero Dono do Coelho Diniz","Helic\u00f3ptero Herc\u00edlio Coelho Diniz","Queda de helic\u00f3ptero Herc\u00edlio Diniz dono do Coelho Diniz","Queda do helic\u00f3ptero dono do Coelho Diniz","valadares","V\u00eddeo mostra exato momento em que helic\u00f3ptero cai no Leste de Minas","V\u00eddeo mostra exato momento em que helic\u00f3ptero com Herc\u00edlio Coelho Diniz cai no Leste de Minas","V\u00eddeo mostra momento do acidente com helic\u00f3ptero que transportava deputado Herc\u00edlio Coelho Diniz"],"articleSection":["Leste de Minas"],"inLanguage":"pt-BR","potentialAction":[{"@type":"CommentAction","name":"Comment","target":["https:\/\/aconteceunovale.com.br\/portal\/?p=190561#respond"]}]},{"@type":"WebPage","@id":"https:\/\/aconteceunovale.com.br\/portal\/?p=190561","url":"https:\/\/aconteceunovale.com.br\/portal\/?p=190561","name":"V\u00eddeo mostra exato momento em que helic\u00f3ptero cai no Leste de Minas - Aconteceu no Vale","isPartOf":{"@id":"https:\/\/aconteceunovale.com.br\/portal\/#website"},"primaryImageOfPage":{"@id":"https:\/\/aconteceunovale.com.br\/portal\/?p=190561#primaryimage"},"image":{"@id":"https:\/\/aconteceunovale.com.br\/portal\/?p=190561#primaryimage"},"thumbnailUrl":"https:\/\/aconteceunovale.com.br\/portal\/wp-content\/uploads\/2022\/09\/aviao_hercilio.png","datePublished":"2022-09-21T19:26:06+00:00","dateModified":"2022-09-21T19:31:21+00:00","author":{"@id":"https:\/\/aconteceunovale.com.br\/portal\/#\/schema\/person\/7d2f26d1483f8a63de73da1ee0754d35"},"breadcrumb":{"@id":"https:\/\/aconteceunovale.com.br\/portal\/?p=190561#breadcrumb"},"inLanguage":"pt-BR","potentialAction":[{"@type":"ReadAction","target":["https:\/\/aconteceunovale.com.br\/portal\/?p=190561"]}]},{"@type":"ImageObject","inLanguage":"pt-BR","@id":"https:\/\/aconteceunovale.com.br\/portal\/?p=190561#primaryimage","url":"https:\/\/aconteceunovale.com.br\/portal\/wp-content\/uploads\/2022\/09\/aviao_hercilio.png","contentUrl":"https:\/\/aconteceunovale.com.br\/portal\/wp-content\/uploads\/2022\/09\/aviao_hercilio.png","width":650,"height":408},{"@type":"BreadcrumbList","@id":"https:\/\/aconteceunovale.com.br\/portal\/?p=190561#breadcrumb","itemListElement":[{"@type":"ListItem","position":1,"name":"In\u00edcio","item":"https:\/\/aconteceunovale.com.br\/portal\/"},{"@type":"ListItem","position":2,"name":"V\u00eddeo mostra exato momento em que helic\u00f3ptero cai no Leste de Minas"}]},{"@type":"WebSite","@id":"https:\/\/aconteceunovale.com.br\/portal\/#website","url":"https:\/\/aconteceunovale.com.br\/portal\/","name":"Aconteceu no Vale","description":"Portal de Not\u00edcias","potentialAction":[{"@type":"SearchAction","target":{"@type":"EntryPoint","urlTemplate":"https:\/\/aconteceunovale.com.br\/portal\/?s={search_term_string}"},"query-input":{"@type":"PropertyValueSpecification","valueRequired":true,"valueName":"search_term_string"}}],"inLanguage":"pt-BR"},{"@type":"Person","@id":"https:\/\/aconteceunovale.com.br\/portal\/#\/schema\/person\/7d2f26d1483f8a63de73da1ee0754d35","name":"Reda\u00e7\u00e3o Aconteceu no Vale","description":"Equipe de reportagem do Aconteceu no Vale, portal de not\u00edcias do Vale do Jequitinhonha, em Minas Gerais. Cobrimos as 51 cidades do Vale desde 2013. Sugest\u00f5es de pauta e pedidos de corre\u00e7\u00e3o: contato@aconteceunovale.com.br","url":"https:\/\/aconteceunovale.com.br\/portal\/?author=4"}]}},"_links":{"self":[{"href":"https:\/\/aconteceunovale.com.br\/portal\/index.php?rest_route=\/wp\/v2\/posts\/190561","targetHints":{"allow":["GET"]}}],"collection":[{"href":"https:\/\/aconteceunovale.com.br\/portal\/index.php?rest_route=\/wp\/v2\/posts"}],"about":[{"href":"https:\/\/aconteceunovale.com.br\/portal\/index.php?rest_route=\/wp\/v2\/types\/post"}],"author":[{"embeddable":true,"href":"https:\/\/aconteceunovale.com.br\/portal\/index.php?rest_route=\/wp\/v2\/users\/4"}],"replies":[{"embeddable":true,"href":"https:\/\/aconteceunovale.com.br\/portal\/index.php?rest_route=%2Fwp%2Fv2%2Fcomments&post=190561"}],"version-history":[{"count":3,"href":"https:\/\/aconteceunovale.com.br\/portal\/index.php?rest_route=\/wp\/v2\/posts\/190561\/revisions"}],"predecessor-version":[{"id":190567,"href":"https:\/\/aconteceunovale.com.br\/portal\/index.php?rest_route=\/wp\/v2\/posts\/190561\/revisions\/190567"}],"wp:featuredmedia":[{"embeddable":true,"href":"https:\/\/aconteceunovale.com.br\/portal\/index.php?rest_route=\/wp\/v2\/media\/190562"}],"wp:attachment":[{"href":"https:\/\/aconteceunovale.com.br\/portal\/index.php?rest_route=%2Fwp%2Fv2%2Fmedia&parent=190561"}],"wp:term":[{"taxonomy":"category","embeddable":true,"href":"https:\/\/aconteceunovale.com.br\/portal\/index.php?rest_route=%2Fwp%2Fv2%2Fcategories&post=190561"},{"taxonomy":"post_tag","embeddable":true,"href":"https:\/\/aconteceunovale.com.br\/portal\/index.php?rest_route=%2Fwp%2Fv2%2Ftags&post=190561"}],"curies":[{"name":"wp","href":"https:\/\/api.w.org\/{rel}","templated":true}]}}