{"id":190558,"date":"2022-09-21T15:52:48","date_gmt":"2022-09-21T18:52:48","guid":{"rendered":"https:\/\/aconteceunovale.com.br\/portal\/?p=190558"},"modified":"2022-09-22T11:24:33","modified_gmt":"2022-09-22T14:24:33","slug":"helicoptero-que-transportava-politicos-cai-no-leste-de-minas","status":"publish","type":"post","link":"https:\/\/aconteceunovale.com.br\/portal\/?p=190558","title":{"rendered":"Helic\u00f3ptero que transportava pol\u00edticos cai no Leste de Minas"},"content":{"rendered":"\n<p class=\"wp-block-paragraph\">Um helic\u00f3ptero caiu, no in\u00edcio da tarde desta quarta-feira (21\/9\/2022), no munic\u00edpio de Engenheiro Caldas (MG). A bordo da aeronave estavam o deputado federal Herc\u00edlio Coelho Diniz (MDB-MG), o vice-prefeito de Governador Valadares, David Barroso, o locutor Luciano Viana e o piloto Fabiano Rufino. Segundo informa\u00e7\u00f5es do Corpo de Bombeiros, os quatro foram levados com vida para um hospital de Valadares.<\/p>\n\n\n\n<figure class=\"wp-block-gallery has-nested-images columns-default is-cropped wp-block-gallery-1 is-layout-flex wp-block-gallery-is-layout-flex\">\n<figure class=\"wp-block-image size-large\"><img loading=\"lazy\" decoding=\"async\" width=\"678\" height=\"448\" data-id=\"190559\" src=\"https:\/\/aconteceunovale.com.br\/portal\/wp-content\/uploads\/2022\/09\/local_queda_helicoptero.jpeg\" alt=\"\" class=\"wp-image-190559\" srcset=\"https:\/\/aconteceunovale.com.br\/portal\/wp-content\/uploads\/2022\/09\/local_queda_helicoptero.jpeg 678w, https:\/\/aconteceunovale.com.br\/portal\/wp-content\/uploads\/2022\/09\/local_queda_helicoptero-300x198.jpeg 300w, https:\/\/aconteceunovale.com.br\/portal\/wp-content\/uploads\/2022\/09\/local_queda_helicoptero-636x420.jpeg 636w\" sizes=\"auto, (max-width: 678px) 100vw, 678px\" \/><figcaption><em><sub>Helic\u00f3ptero teria atingido rede el\u00e9trica e caiu pr\u00f3ximo a campo de futebol (Foto: Reprodu\u00e7\u00e3o\/WhatsApp)<\/sub><\/em><\/figcaption><\/figure>\n<\/figure>\n\n\n\n<p class=\"wp-block-paragraph\">A coordena\u00e7\u00e3o de campanha do parlamentar divulgou nota na p\u00e1gina oficial informando que os quatro passam bem e foram encaminhados ao hospital para exames cl\u00ednicos. Segundo os Bombeiros, o helic\u00f3ptero atingiu a rede el\u00e9trica e caiu em uma \u00e1rea de brejo marginal \u00e0 rodovia BR-116, pouco antes de 14h45, quando houve o chamado.<\/p>\n\n\n\n<p class=\"wp-block-paragraph\"><em>\u201cCom a queda, houve o rompimento dos cabos e um princ\u00edpio de inc\u00eandio que se propagou para a vegeta\u00e7\u00e3o adjacente. As chamas foram debeladas antes que se alastrassem para uma \u00e1rea verde maior. A concession\u00e1ria de energia foi acionada para o local para desenergiza\u00e7\u00e3o da rede\u201d,<\/em> informaram os Bombeiros.<\/p>\n\n\n\n<h2 class=\"wp-block-heading\">V\u00eddeo do momento exato<\/h2>\n\n\n\n<iframe loading=\"lazy\" src=\"https:\/\/www.facebook.com\/plugins\/video.php?height=476&#038;href=https%3A%2F%2Fwww.facebook.com%2Faconteceunovale%2Fvideos%2F403149548650737%2F&#038;show_text=false&#038;width=261&#038;t=0\" width=\"261\" height=\"476\" style=\"border:none;overflow:hidden\" scrolling=\"no\" frameborder=\"0\" allowfullscreen=\"true\" allow=\"autoplay; clipboard-write; encrypted-media; picture-in-picture; web-share\" allowFullScreen=\"true\"><\/iframe>\n\n\n\n<h2 class=\"wp-block-heading\">Nota oficial<\/h2>\n\n\n\n<p class=\"wp-block-paragraph\">Nota divulgada nas redes sociais do deputado Herc\u00edlio Coelho Diniz:  <\/p>\n\n\n\n<p class=\"wp-block-paragraph\"><em>&#8220;A coordena\u00e7\u00e3o de campanha do deputado federal Herc\u00edlio Coelho Diniz informa que o helic\u00f3ptero em que estava o candidato, o vice-prefeito de Valadares David Barroso, o locutor Luciano Viana e o piloto Fabiano Rufino sofreu um acidente quando pousava em Engenheiro Caldas. Os quatro passageiros passam bem e est\u00e3o a caminho do hospital para laudo cl\u00ednico completo. Agradecemos a todos pelas ora\u00e7\u00f5es e mensagens de apoio. Mais informa\u00e7\u00f5es em breve.&#8221;<\/em><\/p>\n\n\n\n<p class=\"wp-block-paragraph\">&#8212;&#8212;&#8212;&#8212;&#8212;&#8212;<br><br><strong>Sabia que o Aconteceu no Vale est\u00e1 tamb\u00e9m no Telegram? <a rel=\"noreferrer noopener\" href=\"https:\/\/t.me\/aconteceunovaleoficial\" target=\"_blank\">Inscreva-se no canal<\/a>.<\/strong><br><br><strong>J\u00e1 curtiu ou seguiu nossas p\u00e1ginas nas redes sociais?&nbsp;Receba as not\u00edcias em primeira m\u00e3o:<\/strong><br>\u2022 <a rel=\"noreferrer noopener\" href=\"https:\/\/news.google.com\/publications\/CAAqBwgKMNjklQswi4etAw?hl=pt-BR&amp;gl=BR&amp;ceid=BR%3Apt-419\" target=\"_blank\">Google News<\/a><br>\u2022 <a rel=\"noreferrer noopener\" href=\"https:\/\/www.facebook.com\/aconteceunovale\/\" target=\"_blank\">Facebook<\/a><br>\u2022 <a rel=\"noreferrer noopener\" href=\"https:\/\/twitter.com\/noticiadosvales\" target=\"_blank\">Twitter<\/a><br>\u2022 <a rel=\"noreferrer noopener\" href=\"https:\/\/www.instagram.com\/aconteceunovale\" target=\"_blank\">Instagram<\/a><br>\u2022 <a rel=\"noreferrer noopener\" href=\"https:\/\/www.youtube.com\/AconteceunoValeOficial\" target=\"_blank\">Youtube<\/a><br>\u2022 <a rel=\"noreferrer noopener\" href=\"https:\/\/www.tiktok.com\/@aconteceunovale\" target=\"_blank\">TikTok<\/a><\/p>\n","protected":false},"excerpt":{"rendered":"<p>Um helic\u00f3ptero caiu, no in\u00edcio da tarde desta quarta-feira (21\/9\/2022), no munic\u00edpio de Engenheiro Caldas (MG). A bordo da aeronave estavam o deputado federal Herc\u00edlio Coelho Diniz (MDB-MG), o vice-prefeito de Governador Valadares, David Barroso, o locutor Luciano Viana e o piloto Fabiano Rufino. Segundo informa\u00e7\u00f5es do Corpo de Bombeiros, os quatro foram levados com [&hellip;]<\/p>\n","protected":false},"author":4,"featured_media":190571,"comment_status":"open","ping_status":"closed","sticky":false,"template":"","format":"standard","meta":{"amp_status":"","footnotes":""},"categories":[121],"tags":[36235,263362,36234,72495,1018,288,247,18800,263365,263363,263364,263360,263361,18801],"class_list":["post-190558","post","type-post","status-publish","format-standard","has-post-thumbnail","hentry","category-leste","tag-acidente-com-dono-do-coelho-diniz","tag-acidente-com-hercilio-coelho-diniz","tag-acidente-com-hercilio-diniz-dono-do-coelho-diniz","tag-acidente-em-engenheiro-caldas","tag-destaque","tag-engenheiro-caldas","tag-governador-valadares","tag-gv","tag-helicoptero-coelho-diniz","tag-helicoptero-dono-do-coelho-diniz","tag-helicoptero-hercilio-coelho-diniz","tag-queda-de-helicoptero-hercilio-diniz-dono-do-coelho-diniz","tag-queda-do-helicoptero-dono-do-coelho-diniz","tag-valadares"],"yoast_head":"<!-- This site is optimized with the Yoast SEO plugin v28.3 - https:\/\/yoast.com\/product\/yoast-seo-wordpress\/ -->\n<title>Helic\u00f3ptero que transportava pol\u00edticos cai no Leste de Minas - Aconteceu no Vale<\/title>\n<meta name=\"robots\" content=\"index, follow, max-snippet:-1, max-image-preview:large, max-video-preview:-1\" \/>\n<link rel=\"canonical\" href=\"https:\/\/aconteceunovale.com.br\/portal\/?p=190558\" \/>\n<meta property=\"og:locale\" content=\"pt_BR\" \/>\n<meta property=\"og:type\" content=\"article\" \/>\n<meta property=\"og:title\" content=\"Helic\u00f3ptero que transportava pol\u00edticos cai no Leste de Minas - Aconteceu no Vale\" \/>\n<meta property=\"og:description\" content=\"Um helic\u00f3ptero caiu, no in\u00edcio da tarde desta quarta-feira (21\/9\/2022), no munic\u00edpio de Engenheiro Caldas (MG). A bordo da aeronave estavam o deputado federal Herc\u00edlio Coelho Diniz (MDB-MG), o vice-prefeito de Governador Valadares, David Barroso, o locutor Luciano Viana e o piloto Fabiano Rufino. Segundo informa\u00e7\u00f5es do Corpo de Bombeiros, os quatro foram levados com [&hellip;]\" \/>\n<meta property=\"og:url\" content=\"https:\/\/aconteceunovale.com.br\/portal\/?p=190558\" \/>\n<meta property=\"og:site_name\" content=\"Aconteceu no Vale\" \/>\n<meta property=\"article:publisher\" content=\"https:\/\/www.facebook.com\/aconteceunovale\/\" \/>\n<meta property=\"article:published_time\" content=\"2022-09-21T18:52:48+00:00\" \/>\n<meta property=\"article:modified_time\" content=\"2022-09-22T14:24:33+00:00\" \/>\n<meta property=\"og:image\" content=\"https:\/\/aconteceunovale.com.br\/portal\/wp-content\/uploads\/2022\/09\/acidente_helicoptero.jpeg\" \/>\n\t<meta property=\"og:image:width\" content=\"678\" \/>\n\t<meta property=\"og:image:height\" content=\"394\" \/>\n\t<meta property=\"og:image:type\" content=\"image\/jpeg\" \/>\n<meta name=\"author\" content=\"Reda\u00e7\u00e3o Aconteceu no Vale\" \/>\n<meta name=\"twitter:card\" content=\"summary_large_image\" \/>\n<meta name=\"twitter:creator\" content=\"@noticiadosvales\" \/>\n<meta name=\"twitter:site\" content=\"@noticiadosvales\" \/>\n<meta name=\"twitter:label1\" content=\"Escrito por\" \/>\n\t<meta name=\"twitter:data1\" content=\"Reda\u00e7\u00e3o Aconteceu no Vale\" \/>\n\t<meta name=\"twitter:label2\" content=\"Est. tempo de leitura\" \/>\n\t<meta name=\"twitter:data2\" content=\"2 minutos\" \/>\n<script type=\"application\/ld+json\" class=\"yoast-schema-graph\">{\"@context\":\"https:\\\/\\\/schema.org\",\"@graph\":[{\"@type\":\"Article\",\"@id\":\"https:\\\/\\\/aconteceunovale.com.br\\\/portal\\\/?p=190558#article\",\"isPartOf\":{\"@id\":\"https:\\\/\\\/aconteceunovale.com.br\\\/portal\\\/?p=190558\"},\"author\":{\"name\":\"Reda\u00e7\u00e3o Aconteceu no Vale\",\"@id\":\"https:\\\/\\\/aconteceunovale.com.br\\\/portal\\\/#\\\/schema\\\/person\\\/7d2f26d1483f8a63de73da1ee0754d35\"},\"headline\":\"Helic\u00f3ptero que transportava pol\u00edticos cai no Leste de Minas\",\"datePublished\":\"2022-09-21T18:52:48+00:00\",\"dateModified\":\"2022-09-22T14:24:33+00:00\",\"mainEntityOfPage\":{\"@id\":\"https:\\\/\\\/aconteceunovale.com.br\\\/portal\\\/?p=190558\"},\"wordCount\":342,\"commentCount\":0,\"image\":{\"@id\":\"https:\\\/\\\/aconteceunovale.com.br\\\/portal\\\/?p=190558#primaryimage\"},\"thumbnailUrl\":\"https:\\\/\\\/aconteceunovale.com.br\\\/portal\\\/wp-content\\\/uploads\\\/2022\\\/09\\\/acidente_helicoptero.jpeg\",\"keywords\":[\"Acidente com dono do Coelho Diniz\",\"Acidente com Herc\u00edlio Coelho Diniz\",\"Acidente com Hercilio Diniz dono do Coelho Diniz\",\"acidente em engenheiro caldas\",\"destaque\",\"Engenheiro Caldas\",\"Governador Valadares\",\"gv\",\"Helic\u00f3ptero Coelho Diniz\",\"Helic\u00f3ptero Dono do Coelho Diniz\",\"Helic\u00f3ptero Herc\u00edlio Coelho Diniz\",\"Queda de helic\u00f3ptero Herc\u00edlio Diniz dono do Coelho Diniz\",\"Queda do helic\u00f3ptero dono do Coelho Diniz\",\"valadares\"],\"articleSection\":[\"Leste de Minas\"],\"inLanguage\":\"pt-BR\",\"potentialAction\":[{\"@type\":\"CommentAction\",\"name\":\"Comment\",\"target\":[\"https:\\\/\\\/aconteceunovale.com.br\\\/portal\\\/?p=190558#respond\"]}]},{\"@type\":\"WebPage\",\"@id\":\"https:\\\/\\\/aconteceunovale.com.br\\\/portal\\\/?p=190558\",\"url\":\"https:\\\/\\\/aconteceunovale.com.br\\\/portal\\\/?p=190558\",\"name\":\"Helic\u00f3ptero que transportava pol\u00edticos cai no Leste de Minas - Aconteceu no Vale\",\"isPartOf\":{\"@id\":\"https:\\\/\\\/aconteceunovale.com.br\\\/portal\\\/#website\"},\"primaryImageOfPage\":{\"@id\":\"https:\\\/\\\/aconteceunovale.com.br\\\/portal\\\/?p=190558#primaryimage\"},\"image\":{\"@id\":\"https:\\\/\\\/aconteceunovale.com.br\\\/portal\\\/?p=190558#primaryimage\"},\"thumbnailUrl\":\"https:\\\/\\\/aconteceunovale.com.br\\\/portal\\\/wp-content\\\/uploads\\\/2022\\\/09\\\/acidente_helicoptero.jpeg\",\"datePublished\":\"2022-09-21T18:52:48+00:00\",\"dateModified\":\"2022-09-22T14:24:33+00:00\",\"author\":{\"@id\":\"https:\\\/\\\/aconteceunovale.com.br\\\/portal\\\/#\\\/schema\\\/person\\\/7d2f26d1483f8a63de73da1ee0754d35\"},\"breadcrumb\":{\"@id\":\"https:\\\/\\\/aconteceunovale.com.br\\\/portal\\\/?p=190558#breadcrumb\"},\"inLanguage\":\"pt-BR\",\"potentialAction\":[{\"@type\":\"ReadAction\",\"target\":[\"https:\\\/\\\/aconteceunovale.com.br\\\/portal\\\/?p=190558\"]}]},{\"@type\":\"ImageObject\",\"inLanguage\":\"pt-BR\",\"@id\":\"https:\\\/\\\/aconteceunovale.com.br\\\/portal\\\/?p=190558#primaryimage\",\"url\":\"https:\\\/\\\/aconteceunovale.com.br\\\/portal\\\/wp-content\\\/uploads\\\/2022\\\/09\\\/acidente_helicoptero.jpeg\",\"contentUrl\":\"https:\\\/\\\/aconteceunovale.com.br\\\/portal\\\/wp-content\\\/uploads\\\/2022\\\/09\\\/acidente_helicoptero.jpeg\",\"width\":678,\"height\":394},{\"@type\":\"BreadcrumbList\",\"@id\":\"https:\\\/\\\/aconteceunovale.com.br\\\/portal\\\/?p=190558#breadcrumb\",\"itemListElement\":[{\"@type\":\"ListItem\",\"position\":1,\"name\":\"In\u00edcio\",\"item\":\"https:\\\/\\\/aconteceunovale.com.br\\\/portal\\\/\"},{\"@type\":\"ListItem\",\"position\":2,\"name\":\"Helic\u00f3ptero que transportava pol\u00edticos cai no Leste de Minas\"}]},{\"@type\":\"WebSite\",\"@id\":\"https:\\\/\\\/aconteceunovale.com.br\\\/portal\\\/#website\",\"url\":\"https:\\\/\\\/aconteceunovale.com.br\\\/portal\\\/\",\"name\":\"Aconteceu no Vale\",\"description\":\"Portal de Not\u00edcias\",\"potentialAction\":[{\"@type\":\"SearchAction\",\"target\":{\"@type\":\"EntryPoint\",\"urlTemplate\":\"https:\\\/\\\/aconteceunovale.com.br\\\/portal\\\/?s={search_term_string}\"},\"query-input\":{\"@type\":\"PropertyValueSpecification\",\"valueRequired\":true,\"valueName\":\"search_term_string\"}}],\"inLanguage\":\"pt-BR\"},{\"@type\":\"Person\",\"@id\":\"https:\\\/\\\/aconteceunovale.com.br\\\/portal\\\/#\\\/schema\\\/person\\\/7d2f26d1483f8a63de73da1ee0754d35\",\"name\":\"Reda\u00e7\u00e3o Aconteceu no Vale\",\"description\":\"Equipe de reportagem do Aconteceu no Vale, portal de not\u00edcias do Vale do Jequitinhonha, em Minas Gerais. Cobrimos as 51 cidades do Vale desde 2013. Sugest\u00f5es de pauta e pedidos de corre\u00e7\u00e3o: contato@aconteceunovale.com.br\",\"url\":\"https:\\\/\\\/aconteceunovale.com.br\\\/portal\\\/?author=4\"}]}<\/script>\n<!-- \/ Yoast SEO plugin. -->","yoast_head_json":{"title":"Helic\u00f3ptero que transportava pol\u00edticos cai no Leste de Minas - Aconteceu no Vale","robots":{"index":"index","follow":"follow","max-snippet":"max-snippet:-1","max-image-preview":"max-image-preview:large","max-video-preview":"max-video-preview:-1"},"canonical":"https:\/\/aconteceunovale.com.br\/portal\/?p=190558","og_locale":"pt_BR","og_type":"article","og_title":"Helic\u00f3ptero que transportava pol\u00edticos cai no Leste de Minas - Aconteceu no Vale","og_description":"Um helic\u00f3ptero caiu, no in\u00edcio da tarde desta quarta-feira (21\/9\/2022), no munic\u00edpio de Engenheiro Caldas (MG). A bordo da aeronave estavam o deputado federal Herc\u00edlio Coelho Diniz (MDB-MG), o vice-prefeito de Governador Valadares, David Barroso, o locutor Luciano Viana e o piloto Fabiano Rufino. Segundo informa\u00e7\u00f5es do Corpo de Bombeiros, os quatro foram levados com [&hellip;]","og_url":"https:\/\/aconteceunovale.com.br\/portal\/?p=190558","og_site_name":"Aconteceu no Vale","article_publisher":"https:\/\/www.facebook.com\/aconteceunovale\/","article_published_time":"2022-09-21T18:52:48+00:00","article_modified_time":"2022-09-22T14:24:33+00:00","og_image":[{"width":678,"height":394,"url":"https:\/\/aconteceunovale.com.br\/portal\/wp-content\/uploads\/2022\/09\/acidente_helicoptero.jpeg","type":"image\/jpeg"}],"author":"Reda\u00e7\u00e3o Aconteceu no Vale","twitter_card":"summary_large_image","twitter_creator":"@noticiadosvales","twitter_site":"@noticiadosvales","twitter_misc":{"Escrito por":"Reda\u00e7\u00e3o Aconteceu no Vale","Est. tempo de leitura":"2 minutos"},"schema":{"@context":"https:\/\/schema.org","@graph":[{"@type":"Article","@id":"https:\/\/aconteceunovale.com.br\/portal\/?p=190558#article","isPartOf":{"@id":"https:\/\/aconteceunovale.com.br\/portal\/?p=190558"},"author":{"name":"Reda\u00e7\u00e3o Aconteceu no Vale","@id":"https:\/\/aconteceunovale.com.br\/portal\/#\/schema\/person\/7d2f26d1483f8a63de73da1ee0754d35"},"headline":"Helic\u00f3ptero que transportava pol\u00edticos cai no Leste de Minas","datePublished":"2022-09-21T18:52:48+00:00","dateModified":"2022-09-22T14:24:33+00:00","mainEntityOfPage":{"@id":"https:\/\/aconteceunovale.com.br\/portal\/?p=190558"},"wordCount":342,"commentCount":0,"image":{"@id":"https:\/\/aconteceunovale.com.br\/portal\/?p=190558#primaryimage"},"thumbnailUrl":"https:\/\/aconteceunovale.com.br\/portal\/wp-content\/uploads\/2022\/09\/acidente_helicoptero.jpeg","keywords":["Acidente com dono do Coelho Diniz","Acidente com Herc\u00edlio Coelho Diniz","Acidente com Hercilio Diniz dono do Coelho Diniz","acidente em engenheiro caldas","destaque","Engenheiro Caldas","Governador Valadares","gv","Helic\u00f3ptero Coelho Diniz","Helic\u00f3ptero Dono do Coelho Diniz","Helic\u00f3ptero Herc\u00edlio Coelho Diniz","Queda de helic\u00f3ptero Herc\u00edlio Diniz dono do Coelho Diniz","Queda do helic\u00f3ptero dono do Coelho Diniz","valadares"],"articleSection":["Leste de Minas"],"inLanguage":"pt-BR","potentialAction":[{"@type":"CommentAction","name":"Comment","target":["https:\/\/aconteceunovale.com.br\/portal\/?p=190558#respond"]}]},{"@type":"WebPage","@id":"https:\/\/aconteceunovale.com.br\/portal\/?p=190558","url":"https:\/\/aconteceunovale.com.br\/portal\/?p=190558","name":"Helic\u00f3ptero que transportava pol\u00edticos cai no Leste de Minas - Aconteceu no Vale","isPartOf":{"@id":"https:\/\/aconteceunovale.com.br\/portal\/#website"},"primaryImageOfPage":{"@id":"https:\/\/aconteceunovale.com.br\/portal\/?p=190558#primaryimage"},"image":{"@id":"https:\/\/aconteceunovale.com.br\/portal\/?p=190558#primaryimage"},"thumbnailUrl":"https:\/\/aconteceunovale.com.br\/portal\/wp-content\/uploads\/2022\/09\/acidente_helicoptero.jpeg","datePublished":"2022-09-21T18:52:48+00:00","dateModified":"2022-09-22T14:24:33+00:00","author":{"@id":"https:\/\/aconteceunovale.com.br\/portal\/#\/schema\/person\/7d2f26d1483f8a63de73da1ee0754d35"},"breadcrumb":{"@id":"https:\/\/aconteceunovale.com.br\/portal\/?p=190558#breadcrumb"},"inLanguage":"pt-BR","potentialAction":[{"@type":"ReadAction","target":["https:\/\/aconteceunovale.com.br\/portal\/?p=190558"]}]},{"@type":"ImageObject","inLanguage":"pt-BR","@id":"https:\/\/aconteceunovale.com.br\/portal\/?p=190558#primaryimage","url":"https:\/\/aconteceunovale.com.br\/portal\/wp-content\/uploads\/2022\/09\/acidente_helicoptero.jpeg","contentUrl":"https:\/\/aconteceunovale.com.br\/portal\/wp-content\/uploads\/2022\/09\/acidente_helicoptero.jpeg","width":678,"height":394},{"@type":"BreadcrumbList","@id":"https:\/\/aconteceunovale.com.br\/portal\/?p=190558#breadcrumb","itemListElement":[{"@type":"ListItem","position":1,"name":"In\u00edcio","item":"https:\/\/aconteceunovale.com.br\/portal\/"},{"@type":"ListItem","position":2,"name":"Helic\u00f3ptero que transportava pol\u00edticos cai no Leste de Minas"}]},{"@type":"WebSite","@id":"https:\/\/aconteceunovale.com.br\/portal\/#website","url":"https:\/\/aconteceunovale.com.br\/portal\/","name":"Aconteceu no Vale","description":"Portal de Not\u00edcias","potentialAction":[{"@type":"SearchAction","target":{"@type":"EntryPoint","urlTemplate":"https:\/\/aconteceunovale.com.br\/portal\/?s={search_term_string}"},"query-input":{"@type":"PropertyValueSpecification","valueRequired":true,"valueName":"search_term_string"}}],"inLanguage":"pt-BR"},{"@type":"Person","@id":"https:\/\/aconteceunovale.com.br\/portal\/#\/schema\/person\/7d2f26d1483f8a63de73da1ee0754d35","name":"Reda\u00e7\u00e3o Aconteceu no Vale","description":"Equipe de reportagem do Aconteceu no Vale, portal de not\u00edcias do Vale do Jequitinhonha, em Minas Gerais. Cobrimos as 51 cidades do Vale desde 2013. Sugest\u00f5es de pauta e pedidos de corre\u00e7\u00e3o: contato@aconteceunovale.com.br","url":"https:\/\/aconteceunovale.com.br\/portal\/?author=4"}]}},"_links":{"self":[{"href":"https:\/\/aconteceunovale.com.br\/portal\/index.php?rest_route=\/wp\/v2\/posts\/190558","targetHints":{"allow":["GET"]}}],"collection":[{"href":"https:\/\/aconteceunovale.com.br\/portal\/index.php?rest_route=\/wp\/v2\/posts"}],"about":[{"href":"https:\/\/aconteceunovale.com.br\/portal\/index.php?rest_route=\/wp\/v2\/types\/post"}],"author":[{"embeddable":true,"href":"https:\/\/aconteceunovale.com.br\/portal\/index.php?rest_route=\/wp\/v2\/users\/4"}],"replies":[{"embeddable":true,"href":"https:\/\/aconteceunovale.com.br\/portal\/index.php?rest_route=%2Fwp%2Fv2%2Fcomments&post=190558"}],"version-history":[{"count":5,"href":"https:\/\/aconteceunovale.com.br\/portal\/index.php?rest_route=\/wp\/v2\/posts\/190558\/revisions"}],"predecessor-version":[{"id":190576,"href":"https:\/\/aconteceunovale.com.br\/portal\/index.php?rest_route=\/wp\/v2\/posts\/190558\/revisions\/190576"}],"wp:featuredmedia":[{"embeddable":true,"href":"https:\/\/aconteceunovale.com.br\/portal\/index.php?rest_route=\/wp\/v2\/media\/190571"}],"wp:attachment":[{"href":"https:\/\/aconteceunovale.com.br\/portal\/index.php?rest_route=%2Fwp%2Fv2%2Fmedia&parent=190558"}],"wp:term":[{"taxonomy":"category","embeddable":true,"href":"https:\/\/aconteceunovale.com.br\/portal\/index.php?rest_route=%2Fwp%2Fv2%2Fcategories&post=190558"},{"taxonomy":"post_tag","embeddable":true,"href":"https:\/\/aconteceunovale.com.br\/portal\/index.php?rest_route=%2Fwp%2Fv2%2Ftags&post=190558"}],"curies":[{"name":"wp","href":"https:\/\/api.w.org\/{rel}","templated":true}]}}