{"id":190554,"date":"2022-09-21T14:45:07","date_gmt":"2022-09-21T17:45:07","guid":{"rendered":"https:\/\/aconteceunovale.com.br\/portal\/?p=190554"},"modified":"2022-09-21T14:45:18","modified_gmt":"2022-09-21T17:45:18","slug":"43o-jubileu-de-nossa-senhora-aparecida-em-divinolandia-de-minas","status":"publish","type":"post","link":"https:\/\/aconteceunovale.com.br\/portal\/?p=190554","title":{"rendered":"43\u00ba Jubileu de Nossa Senhora Aparecida em Divinol\u00e2ndia de Minas"},"content":{"rendered":"\n<p class=\"wp-block-paragraph\">De 07 a 11 de outubro | Entrada Franca<\/p>\n\n\n\n<figure class=\"wp-block-image size-full is-resized\"><img loading=\"lazy\" decoding=\"async\" src=\"https:\/\/aconteceunovale.com.br\/portal\/wp-content\/uploads\/2022\/09\/festa_divinolandia2.png\" alt=\"\" class=\"wp-image-190555\" width=\"592\" height=\"533\" srcset=\"https:\/\/aconteceunovale.com.br\/portal\/wp-content\/uploads\/2022\/09\/festa_divinolandia2.png 500w, https:\/\/aconteceunovale.com.br\/portal\/wp-content\/uploads\/2022\/09\/festa_divinolandia2-300x270.png 300w, https:\/\/aconteceunovale.com.br\/portal\/wp-content\/uploads\/2022\/09\/festa_divinolandia2-467x420.png 467w\" sizes=\"auto, (max-width: 592px) 100vw, 592px\" \/><\/figure>\n\n\n\n<p class=\"wp-block-paragraph\"><strong>07\/10 (sexta-feira):<\/strong><\/p>\n\n\n\n<ul class=\"wp-block-list\"><li>Tatilane Costha<\/li><li>Maximiller<\/li><\/ul>\n\n\n\n<p class=\"wp-block-paragraph\"><strong>08\/10 (s\u00e1bado):<\/strong><\/p>\n\n\n\n<ul class=\"wp-block-list\"><li>Cr\u00e9u do Forr\u00f3<\/li><li>Felipe Ara\u00fajo<\/li><li>Henrique e Marc\u00edlio<\/li><\/ul>\n\n\n\n<p class=\"wp-block-paragraph\"><strong>09\/10 (domingo):<\/strong><\/p>\n\n\n\n<ul class=\"wp-block-list\"><li>Bat-Caverna<\/li><li>Pedro Paulo e Alex<\/li><li>Rony Lins<\/li><\/ul>\n\n\n\n<p class=\"wp-block-paragraph\"><strong>10\/10 (segunda-feira):<\/strong><\/p>\n\n\n\n<ul class=\"wp-block-list\"><li>Jhonathan Menezes<\/li><li>Br\u00e1ulio e Ricardo<\/li><\/ul>\n\n\n\n<p class=\"wp-block-paragraph\"><strong>11\/10 (ter\u00e7a-feira):<\/strong><\/p>\n\n\n\n<ul class=\"wp-block-list\"><li>Forr\u00f3 Colado Nela<\/li><li>Di Paulo e Paulino<\/li><li>DJ Karen Keen<\/li><li>Kenner e Kauan<\/li><\/ul>\n\n\n\n<p class=\"wp-block-paragraph\"><strong>Realiza\u00e7\u00e3o:<\/strong> Prefeitura de Divinol\u00e2ndia de Minas<\/p>\n","protected":false},"excerpt":{"rendered":"<p>De 07 a 11 de outubro | Entrada Franca 07\/10 (sexta-feira): Tatilane Costha Maximiller 08\/10 (s\u00e1bado): Cr\u00e9u do Forr\u00f3 Felipe Ara\u00fajo Henrique e Marc\u00edlio 09\/10 (domingo): Bat-Caverna Pedro Paulo e Alex Rony Lins 10\/10 (segunda-feira): Jhonathan Menezes Br\u00e1ulio e Ricardo 11\/10 (ter\u00e7a-feira): Forr\u00f3 Colado Nela Di Paulo e Paulino DJ Karen Keen Kenner e Kauan [&hellip;]<\/p>\n","protected":false},"author":4,"featured_media":190556,"comment_status":"open","ping_status":"closed","sticky":false,"template":"","format":"standard","meta":{"amp_status":"","footnotes":""},"categories":[125,121],"tags":[263356,286,263359,263357,263358,178803],"class_list":["post-190554","post","type-post","status-publish","format-standard","has-post-thumbnail","hentry","category-noticias","category-leste","tag-43o-jubileu-de-nossa-senhora-aparecida-em-divinolandia-de-minas","tag-divinolandia-de-minas","tag-felipe-araujo-em-divinolandia-de-minas","tag-festa-de-divinolandia-de-minas","tag-jubileu-de-divinolandia-de-minas","tag-prefeitura-de-divinolandia-de-minas"],"yoast_head":"<!-- This site is optimized with the Yoast SEO plugin v28.3 - https:\/\/yoast.com\/product\/yoast-seo-wordpress\/ -->\n<title>43\u00ba Jubileu de Nossa Senhora Aparecida em Divinol\u00e2ndia de Minas - Aconteceu no Vale<\/title>\n<meta name=\"robots\" content=\"index, follow, max-snippet:-1, max-image-preview:large, max-video-preview:-1\" \/>\n<link rel=\"canonical\" href=\"https:\/\/aconteceunovale.com.br\/portal\/?p=190554\" \/>\n<meta property=\"og:locale\" content=\"pt_BR\" \/>\n<meta property=\"og:type\" content=\"article\" \/>\n<meta property=\"og:title\" content=\"43\u00ba Jubileu de Nossa Senhora Aparecida em Divinol\u00e2ndia de Minas - Aconteceu no Vale\" \/>\n<meta property=\"og:description\" content=\"De 07 a 11 de outubro | Entrada Franca 07\/10 (sexta-feira): Tatilane Costha Maximiller 08\/10 (s\u00e1bado): Cr\u00e9u do Forr\u00f3 Felipe Ara\u00fajo Henrique e Marc\u00edlio 09\/10 (domingo): Bat-Caverna Pedro Paulo e Alex Rony Lins 10\/10 (segunda-feira): Jhonathan Menezes Br\u00e1ulio e Ricardo 11\/10 (ter\u00e7a-feira): Forr\u00f3 Colado Nela Di Paulo e Paulino DJ Karen Keen Kenner e Kauan [&hellip;]\" \/>\n<meta property=\"og:url\" content=\"https:\/\/aconteceunovale.com.br\/portal\/?p=190554\" \/>\n<meta property=\"og:site_name\" content=\"Aconteceu no Vale\" \/>\n<meta property=\"article:publisher\" content=\"https:\/\/www.facebook.com\/aconteceunovale\/\" \/>\n<meta property=\"article:published_time\" content=\"2022-09-21T17:45:07+00:00\" \/>\n<meta property=\"article:modified_time\" content=\"2022-09-21T17:45:18+00:00\" \/>\n<meta property=\"og:image\" content=\"https:\/\/aconteceunovale.com.br\/portal\/wp-content\/uploads\/2022\/09\/festa_divinolandia3.png\" \/>\n\t<meta property=\"og:image:width\" content=\"598\" \/>\n\t<meta property=\"og:image:height\" content=\"450\" \/>\n\t<meta property=\"og:image:type\" content=\"image\/png\" \/>\n<meta name=\"author\" content=\"Reda\u00e7\u00e3o Aconteceu no Vale\" \/>\n<meta name=\"twitter:card\" content=\"summary_large_image\" \/>\n<meta name=\"twitter:creator\" content=\"@noticiadosvales\" \/>\n<meta name=\"twitter:site\" content=\"@noticiadosvales\" \/>\n<meta name=\"twitter:label1\" content=\"Escrito por\" \/>\n\t<meta name=\"twitter:data1\" content=\"Reda\u00e7\u00e3o Aconteceu no Vale\" \/>\n<script type=\"application\/ld+json\" class=\"yoast-schema-graph\">{\"@context\":\"https:\\\/\\\/schema.org\",\"@graph\":[{\"@type\":\"Article\",\"@id\":\"https:\\\/\\\/aconteceunovale.com.br\\\/portal\\\/?p=190554#article\",\"isPartOf\":{\"@id\":\"https:\\\/\\\/aconteceunovale.com.br\\\/portal\\\/?p=190554\"},\"author\":{\"name\":\"Reda\u00e7\u00e3o Aconteceu no Vale\",\"@id\":\"https:\\\/\\\/aconteceunovale.com.br\\\/portal\\\/#\\\/schema\\\/person\\\/7d2f26d1483f8a63de73da1ee0754d35\"},\"headline\":\"43\u00ba Jubileu de Nossa Senhora Aparecida em Divinol\u00e2ndia de Minas\",\"datePublished\":\"2022-09-21T17:45:07+00:00\",\"dateModified\":\"2022-09-21T17:45:18+00:00\",\"mainEntityOfPage\":{\"@id\":\"https:\\\/\\\/aconteceunovale.com.br\\\/portal\\\/?p=190554\"},\"wordCount\":71,\"commentCount\":0,\"image\":{\"@id\":\"https:\\\/\\\/aconteceunovale.com.br\\\/portal\\\/?p=190554#primaryimage\"},\"thumbnailUrl\":\"https:\\\/\\\/aconteceunovale.com.br\\\/portal\\\/wp-content\\\/uploads\\\/2022\\\/09\\\/festa_divinolandia3.png\",\"keywords\":[\"43\u00ba Jubileu de Nossa Senhora Aparecida em Divinol\u00e2ndia de Minas\",\"Divinol\u00e2ndia de Minas\",\"Felipe Ara\u00fajo em Divinol\u00e2ndia de Minas\",\"Festa de Divinol\u00e2ndia de Minas\",\"Jubileu de Divinol\u00e2ndia de Minas\",\"Prefeitura de Divinol\u00e2ndia de Minas\"],\"articleSection\":[\"Eventos\",\"Leste de Minas\"],\"inLanguage\":\"pt-BR\",\"potentialAction\":[{\"@type\":\"CommentAction\",\"name\":\"Comment\",\"target\":[\"https:\\\/\\\/aconteceunovale.com.br\\\/portal\\\/?p=190554#respond\"]}]},{\"@type\":\"WebPage\",\"@id\":\"https:\\\/\\\/aconteceunovale.com.br\\\/portal\\\/?p=190554\",\"url\":\"https:\\\/\\\/aconteceunovale.com.br\\\/portal\\\/?p=190554\",\"name\":\"43\u00ba Jubileu de Nossa Senhora Aparecida em Divinol\u00e2ndia de Minas - Aconteceu no Vale\",\"isPartOf\":{\"@id\":\"https:\\\/\\\/aconteceunovale.com.br\\\/portal\\\/#website\"},\"primaryImageOfPage\":{\"@id\":\"https:\\\/\\\/aconteceunovale.com.br\\\/portal\\\/?p=190554#primaryimage\"},\"image\":{\"@id\":\"https:\\\/\\\/aconteceunovale.com.br\\\/portal\\\/?p=190554#primaryimage\"},\"thumbnailUrl\":\"https:\\\/\\\/aconteceunovale.com.br\\\/portal\\\/wp-content\\\/uploads\\\/2022\\\/09\\\/festa_divinolandia3.png\",\"datePublished\":\"2022-09-21T17:45:07+00:00\",\"dateModified\":\"2022-09-21T17:45:18+00:00\",\"author\":{\"@id\":\"https:\\\/\\\/aconteceunovale.com.br\\\/portal\\\/#\\\/schema\\\/person\\\/7d2f26d1483f8a63de73da1ee0754d35\"},\"breadcrumb\":{\"@id\":\"https:\\\/\\\/aconteceunovale.com.br\\\/portal\\\/?p=190554#breadcrumb\"},\"inLanguage\":\"pt-BR\",\"potentialAction\":[{\"@type\":\"ReadAction\",\"target\":[\"https:\\\/\\\/aconteceunovale.com.br\\\/portal\\\/?p=190554\"]}]},{\"@type\":\"ImageObject\",\"inLanguage\":\"pt-BR\",\"@id\":\"https:\\\/\\\/aconteceunovale.com.br\\\/portal\\\/?p=190554#primaryimage\",\"url\":\"https:\\\/\\\/aconteceunovale.com.br\\\/portal\\\/wp-content\\\/uploads\\\/2022\\\/09\\\/festa_divinolandia3.png\",\"contentUrl\":\"https:\\\/\\\/aconteceunovale.com.br\\\/portal\\\/wp-content\\\/uploads\\\/2022\\\/09\\\/festa_divinolandia3.png\",\"width\":598,\"height\":450},{\"@type\":\"BreadcrumbList\",\"@id\":\"https:\\\/\\\/aconteceunovale.com.br\\\/portal\\\/?p=190554#breadcrumb\",\"itemListElement\":[{\"@type\":\"ListItem\",\"position\":1,\"name\":\"In\u00edcio\",\"item\":\"https:\\\/\\\/aconteceunovale.com.br\\\/portal\\\/\"},{\"@type\":\"ListItem\",\"position\":2,\"name\":\"43\u00ba Jubileu de Nossa Senhora Aparecida em Divinol\u00e2ndia de Minas\"}]},{\"@type\":\"WebSite\",\"@id\":\"https:\\\/\\\/aconteceunovale.com.br\\\/portal\\\/#website\",\"url\":\"https:\\\/\\\/aconteceunovale.com.br\\\/portal\\\/\",\"name\":\"Aconteceu no Vale\",\"description\":\"Portal de Not\u00edcias\",\"potentialAction\":[{\"@type\":\"SearchAction\",\"target\":{\"@type\":\"EntryPoint\",\"urlTemplate\":\"https:\\\/\\\/aconteceunovale.com.br\\\/portal\\\/?s={search_term_string}\"},\"query-input\":{\"@type\":\"PropertyValueSpecification\",\"valueRequired\":true,\"valueName\":\"search_term_string\"}}],\"inLanguage\":\"pt-BR\"},{\"@type\":\"Person\",\"@id\":\"https:\\\/\\\/aconteceunovale.com.br\\\/portal\\\/#\\\/schema\\\/person\\\/7d2f26d1483f8a63de73da1ee0754d35\",\"name\":\"Reda\u00e7\u00e3o Aconteceu no Vale\",\"description\":\"Equipe de reportagem do Aconteceu no Vale, portal de not\u00edcias do Vale do Jequitinhonha, em Minas Gerais. Cobrimos as 51 cidades do Vale desde 2013. Sugest\u00f5es de pauta e pedidos de corre\u00e7\u00e3o: contato@aconteceunovale.com.br\",\"url\":\"https:\\\/\\\/aconteceunovale.com.br\\\/portal\\\/?author=4\"}]}<\/script>\n<!-- \/ Yoast SEO plugin. -->","yoast_head_json":{"title":"43\u00ba Jubileu de Nossa Senhora Aparecida em Divinol\u00e2ndia de Minas - Aconteceu no Vale","robots":{"index":"index","follow":"follow","max-snippet":"max-snippet:-1","max-image-preview":"max-image-preview:large","max-video-preview":"max-video-preview:-1"},"canonical":"https:\/\/aconteceunovale.com.br\/portal\/?p=190554","og_locale":"pt_BR","og_type":"article","og_title":"43\u00ba Jubileu de Nossa Senhora Aparecida em Divinol\u00e2ndia de Minas - Aconteceu no Vale","og_description":"De 07 a 11 de outubro | Entrada Franca 07\/10 (sexta-feira): Tatilane Costha Maximiller 08\/10 (s\u00e1bado): Cr\u00e9u do Forr\u00f3 Felipe Ara\u00fajo Henrique e Marc\u00edlio 09\/10 (domingo): Bat-Caverna Pedro Paulo e Alex Rony Lins 10\/10 (segunda-feira): Jhonathan Menezes Br\u00e1ulio e Ricardo 11\/10 (ter\u00e7a-feira): Forr\u00f3 Colado Nela Di Paulo e Paulino DJ Karen Keen Kenner e Kauan [&hellip;]","og_url":"https:\/\/aconteceunovale.com.br\/portal\/?p=190554","og_site_name":"Aconteceu no Vale","article_publisher":"https:\/\/www.facebook.com\/aconteceunovale\/","article_published_time":"2022-09-21T17:45:07+00:00","article_modified_time":"2022-09-21T17:45:18+00:00","og_image":[{"width":598,"height":450,"url":"https:\/\/aconteceunovale.com.br\/portal\/wp-content\/uploads\/2022\/09\/festa_divinolandia3.png","type":"image\/png"}],"author":"Reda\u00e7\u00e3o Aconteceu no Vale","twitter_card":"summary_large_image","twitter_creator":"@noticiadosvales","twitter_site":"@noticiadosvales","twitter_misc":{"Escrito por":"Reda\u00e7\u00e3o Aconteceu no Vale"},"schema":{"@context":"https:\/\/schema.org","@graph":[{"@type":"Article","@id":"https:\/\/aconteceunovale.com.br\/portal\/?p=190554#article","isPartOf":{"@id":"https:\/\/aconteceunovale.com.br\/portal\/?p=190554"},"author":{"name":"Reda\u00e7\u00e3o Aconteceu no Vale","@id":"https:\/\/aconteceunovale.com.br\/portal\/#\/schema\/person\/7d2f26d1483f8a63de73da1ee0754d35"},"headline":"43\u00ba Jubileu de Nossa Senhora Aparecida em Divinol\u00e2ndia de Minas","datePublished":"2022-09-21T17:45:07+00:00","dateModified":"2022-09-21T17:45:18+00:00","mainEntityOfPage":{"@id":"https:\/\/aconteceunovale.com.br\/portal\/?p=190554"},"wordCount":71,"commentCount":0,"image":{"@id":"https:\/\/aconteceunovale.com.br\/portal\/?p=190554#primaryimage"},"thumbnailUrl":"https:\/\/aconteceunovale.com.br\/portal\/wp-content\/uploads\/2022\/09\/festa_divinolandia3.png","keywords":["43\u00ba Jubileu de Nossa Senhora Aparecida em Divinol\u00e2ndia de Minas","Divinol\u00e2ndia de Minas","Felipe Ara\u00fajo em Divinol\u00e2ndia de Minas","Festa de Divinol\u00e2ndia de Minas","Jubileu de Divinol\u00e2ndia de Minas","Prefeitura de Divinol\u00e2ndia de Minas"],"articleSection":["Eventos","Leste de Minas"],"inLanguage":"pt-BR","potentialAction":[{"@type":"CommentAction","name":"Comment","target":["https:\/\/aconteceunovale.com.br\/portal\/?p=190554#respond"]}]},{"@type":"WebPage","@id":"https:\/\/aconteceunovale.com.br\/portal\/?p=190554","url":"https:\/\/aconteceunovale.com.br\/portal\/?p=190554","name":"43\u00ba Jubileu de Nossa Senhora Aparecida em Divinol\u00e2ndia de Minas - Aconteceu no Vale","isPartOf":{"@id":"https:\/\/aconteceunovale.com.br\/portal\/#website"},"primaryImageOfPage":{"@id":"https:\/\/aconteceunovale.com.br\/portal\/?p=190554#primaryimage"},"image":{"@id":"https:\/\/aconteceunovale.com.br\/portal\/?p=190554#primaryimage"},"thumbnailUrl":"https:\/\/aconteceunovale.com.br\/portal\/wp-content\/uploads\/2022\/09\/festa_divinolandia3.png","datePublished":"2022-09-21T17:45:07+00:00","dateModified":"2022-09-21T17:45:18+00:00","author":{"@id":"https:\/\/aconteceunovale.com.br\/portal\/#\/schema\/person\/7d2f26d1483f8a63de73da1ee0754d35"},"breadcrumb":{"@id":"https:\/\/aconteceunovale.com.br\/portal\/?p=190554#breadcrumb"},"inLanguage":"pt-BR","potentialAction":[{"@type":"ReadAction","target":["https:\/\/aconteceunovale.com.br\/portal\/?p=190554"]}]},{"@type":"ImageObject","inLanguage":"pt-BR","@id":"https:\/\/aconteceunovale.com.br\/portal\/?p=190554#primaryimage","url":"https:\/\/aconteceunovale.com.br\/portal\/wp-content\/uploads\/2022\/09\/festa_divinolandia3.png","contentUrl":"https:\/\/aconteceunovale.com.br\/portal\/wp-content\/uploads\/2022\/09\/festa_divinolandia3.png","width":598,"height":450},{"@type":"BreadcrumbList","@id":"https:\/\/aconteceunovale.com.br\/portal\/?p=190554#breadcrumb","itemListElement":[{"@type":"ListItem","position":1,"name":"In\u00edcio","item":"https:\/\/aconteceunovale.com.br\/portal\/"},{"@type":"ListItem","position":2,"name":"43\u00ba Jubileu de Nossa Senhora Aparecida em Divinol\u00e2ndia de Minas"}]},{"@type":"WebSite","@id":"https:\/\/aconteceunovale.com.br\/portal\/#website","url":"https:\/\/aconteceunovale.com.br\/portal\/","name":"Aconteceu no Vale","description":"Portal de Not\u00edcias","potentialAction":[{"@type":"SearchAction","target":{"@type":"EntryPoint","urlTemplate":"https:\/\/aconteceunovale.com.br\/portal\/?s={search_term_string}"},"query-input":{"@type":"PropertyValueSpecification","valueRequired":true,"valueName":"search_term_string"}}],"inLanguage":"pt-BR"},{"@type":"Person","@id":"https:\/\/aconteceunovale.com.br\/portal\/#\/schema\/person\/7d2f26d1483f8a63de73da1ee0754d35","name":"Reda\u00e7\u00e3o Aconteceu no Vale","description":"Equipe de reportagem do Aconteceu no Vale, portal de not\u00edcias do Vale do Jequitinhonha, em Minas Gerais. Cobrimos as 51 cidades do Vale desde 2013. Sugest\u00f5es de pauta e pedidos de corre\u00e7\u00e3o: contato@aconteceunovale.com.br","url":"https:\/\/aconteceunovale.com.br\/portal\/?author=4"}]}},"_links":{"self":[{"href":"https:\/\/aconteceunovale.com.br\/portal\/index.php?rest_route=\/wp\/v2\/posts\/190554","targetHints":{"allow":["GET"]}}],"collection":[{"href":"https:\/\/aconteceunovale.com.br\/portal\/index.php?rest_route=\/wp\/v2\/posts"}],"about":[{"href":"https:\/\/aconteceunovale.com.br\/portal\/index.php?rest_route=\/wp\/v2\/types\/post"}],"author":[{"embeddable":true,"href":"https:\/\/aconteceunovale.com.br\/portal\/index.php?rest_route=\/wp\/v2\/users\/4"}],"replies":[{"embeddable":true,"href":"https:\/\/aconteceunovale.com.br\/portal\/index.php?rest_route=%2Fwp%2Fv2%2Fcomments&post=190554"}],"version-history":[{"count":1,"href":"https:\/\/aconteceunovale.com.br\/portal\/index.php?rest_route=\/wp\/v2\/posts\/190554\/revisions"}],"predecessor-version":[{"id":190557,"href":"https:\/\/aconteceunovale.com.br\/portal\/index.php?rest_route=\/wp\/v2\/posts\/190554\/revisions\/190557"}],"wp:featuredmedia":[{"embeddable":true,"href":"https:\/\/aconteceunovale.com.br\/portal\/index.php?rest_route=\/wp\/v2\/media\/190556"}],"wp:attachment":[{"href":"https:\/\/aconteceunovale.com.br\/portal\/index.php?rest_route=%2Fwp%2Fv2%2Fmedia&parent=190554"}],"wp:term":[{"taxonomy":"category","embeddable":true,"href":"https:\/\/aconteceunovale.com.br\/portal\/index.php?rest_route=%2Fwp%2Fv2%2Fcategories&post=190554"},{"taxonomy":"post_tag","embeddable":true,"href":"https:\/\/aconteceunovale.com.br\/portal\/index.php?rest_route=%2Fwp%2Fv2%2Ftags&post=190554"}],"curies":[{"name":"wp","href":"https:\/\/api.w.org\/{rel}","templated":true}]}}