{"id":190552,"date":"2022-09-20T11:07:06","date_gmt":"2022-09-20T14:07:06","guid":{"rendered":"https:\/\/aconteceunovale.com.br\/portal\/?p=190552"},"modified":"2022-09-20T11:07:43","modified_gmt":"2022-09-20T14:07:43","slug":"prazo-para-pedir-segunda-via-do-titulo-de-eleitor-termina-na-quinta-feira","status":"publish","type":"post","link":"https:\/\/aconteceunovale.com.br\/portal\/?p=190552","title":{"rendered":"Prazo para pedir segunda via do t\u00edtulo de eleitor termina na quinta-feira"},"content":{"rendered":"\n<p class=\"wp-block-paragraph\">O eleitor que perdeu o t\u00edtulo eleitoral ou teve o documento extraviado tem at\u00e9 esta quinta-feira (22), 10 dias antes do primeiro turno do pleito, para solicitar a segunda via no cart\u00f3rio eleitoral da zona onde tem cadastro.<\/p>\n\n\n\n<p class=\"wp-block-paragraph\">De acordo com o Tribunal Superior Eleitoral (TSE), para a emiss\u00e3o da segunda via do t\u00edtulo o eleitor deve estar quite com a Justi\u00e7a Eleitoral, ou seja, n\u00e3o poder\u00e1 ter d\u00e9bitos pendentes, como multas por aus\u00eancia \u00e0s urnas ou aos trabalhos eleitorais \u2013 como o de mes\u00e1rio \u2013, ou ainda multas em raz\u00e3o de viola\u00e7\u00e3o de dispositivos do C\u00f3digo Eleitoral.<\/p>\n\n\n\n<p class=\"wp-block-paragraph\">Neste ano, o eleitor com situa\u00e7\u00e3o regular na Justi\u00e7a Eleitoral poder\u00e1 imprimir o t\u00edtulo diretamente na ferramenta&nbsp;<a href=\"https:\/\/www.tse.jus.br\/eleitor\/autoatendimento-do-eleitor\" target=\"_blank\" rel=\"noreferrer noopener\">Autoatendimento do Eleitor<\/a>, no Portal do TSE na internet, no campo \u201cImprimir o t\u00edtulo eleitoral\u201d.<\/p>\n\n\n\n<h2 class=\"wp-block-heading\">Documentos<\/h2>\n\n\n\n<p class=\"wp-block-paragraph\">O t\u00edtulo eleitoral n\u00e3o \u00e9 o \u00fanico documento que d\u00e1 direito \u00e0 participa\u00e7\u00e3o nas elei\u00e7\u00f5es. As pessoas aptas a votar podem se apresentar \u00e0 mesa de vota\u00e7\u00e3o com qualquer documento oficial com foto, como a carteira de identidade, a carteira de trabalho, a carteira de motorista ou o passaporte, por exemplo.<\/p>\n\n\n\n<p class=\"wp-block-paragraph\">H\u00e1 ainda a op\u00e7\u00e3o de levar a vers\u00e3o digital do t\u00edtulo eleitoral, o&nbsp;<a href=\"https:\/\/www.tse.jus.br\/eleitor\/servicos\/aplicativo-e-titulo\" target=\"_blank\" rel=\"noreferrer noopener\">e-T\u00edtulo<\/a>, que pode ser obtido gratuitamente por meio de aplicativo para dispositivos m\u00f3veis nas lojas virtuais Apple Store e Google Play.<\/p>\n\n\n\n<p class=\"wp-block-paragraph\">O e-T\u00edtulo tamb\u00e9m possibilita a apresenta\u00e7\u00e3o de justificativa eleitoral e oferece uma s\u00e9rie de servi\u00e7os e informa\u00e7\u00f5es, como a emiss\u00e3o das certid\u00f5es de quita\u00e7\u00e3o eleitoral e de crimes eleitorais; o acesso e a emiss\u00e3o de guia para o pagamento de multas; a consulta ao local de vota\u00e7\u00e3o; e a inscri\u00e7\u00e3o como mes\u00e1rio volunt\u00e1rio, entre outros.<\/p>\n\n\n\n<p class=\"wp-block-paragraph\">&#8212;&#8212;&#8212;&#8212;&#8212;&#8212;<br><br><strong>Sabia que o Aconteceu no Vale est\u00e1 tamb\u00e9m no Telegram? <a rel=\"noreferrer noopener\" href=\"https:\/\/t.me\/aconteceunovaleoficial\" target=\"_blank\">Inscreva-se no canal<\/a>.<\/strong><br><br><strong>J\u00e1 curtiu ou seguiu nossas p\u00e1ginas nas redes sociais?\u00a0Receba as not\u00edcias em primeira m\u00e3o:<\/strong><br>\u2022 <a rel=\"noreferrer noopener\" href=\"https:\/\/news.google.com\/publications\/CAAqBwgKMNjklQswi4etAw?hl=pt-BR&amp;gl=BR&amp;ceid=BR%3Apt-419\" target=\"_blank\">Google News<\/a><br>\u2022 <a rel=\"noreferrer noopener\" href=\"https:\/\/www.facebook.com\/aconteceunovale\/\" target=\"_blank\">Facebook<\/a><br>\u2022 <a rel=\"noreferrer noopener\" href=\"https:\/\/twitter.com\/noticiadosvales\" target=\"_blank\">Twitter<\/a><br>\u2022 <a rel=\"noreferrer noopener\" href=\"https:\/\/www.instagram.com\/aconteceunovale\" target=\"_blank\">Instagram<\/a><br>\u2022 <a rel=\"noreferrer noopener\" href=\"https:\/\/www.youtube.com\/AconteceunoValeOficial\" target=\"_blank\">Youtube<\/a><br>\u2022 <a rel=\"noreferrer noopener\" href=\"https:\/\/www.tiktok.com\/@aconteceunovale\" target=\"_blank\">TikTok<\/a><\/p>\n","protected":false},"excerpt":{"rendered":"<p>O eleitor que perdeu o t\u00edtulo eleitoral ou teve o documento extraviado tem at\u00e9 esta quinta-feira (22), 10 dias antes do primeiro turno do pleito, para solicitar a segunda via no cart\u00f3rio eleitoral da zona onde tem cadastro. De acordo com o Tribunal Superior Eleitoral (TSE), para a emiss\u00e3o da segunda via do t\u00edtulo o [&hellip;]<\/p>\n","protected":false},"author":4,"featured_media":187544,"comment_status":"open","ping_status":"closed","sticky":false,"template":"","format":"standard","meta":{"amp_status":"","footnotes":""},"categories":[6,249933,40240],"tags":[1018,17165,263354,263355,174092,140697,115951,267],"class_list":["post-190552","post","type-post","status-publish","format-standard","has-post-thumbnail","hentry","category-br","category-eleicoes-2022","category-politica","tag-destaque","tag-justica-eleitoral","tag-prazo-para-pedir-segunda-via-do-titulo-de-eleitor-termina-na-quinta-feira","tag-prazo-titulo-de-eleitor","tag-segunda-via-do-titulo-de-eleitor","tag-titulo-de-eleitor","tag-tre-mg","tag-tse"],"yoast_head":"<!-- This site is optimized with the Yoast SEO plugin v28.3 - https:\/\/yoast.com\/product\/yoast-seo-wordpress\/ -->\n<title>Prazo para pedir segunda via do t\u00edtulo de eleitor termina na quinta-feira - Aconteceu no Vale<\/title>\n<meta name=\"robots\" content=\"index, follow, max-snippet:-1, max-image-preview:large, max-video-preview:-1\" \/>\n<link rel=\"canonical\" href=\"https:\/\/aconteceunovale.com.br\/portal\/?p=190552\" \/>\n<meta property=\"og:locale\" content=\"pt_BR\" \/>\n<meta property=\"og:type\" content=\"article\" \/>\n<meta property=\"og:title\" content=\"Prazo para pedir segunda via do t\u00edtulo de eleitor termina na quinta-feira - Aconteceu no Vale\" \/>\n<meta property=\"og:description\" content=\"O eleitor que perdeu o t\u00edtulo eleitoral ou teve o documento extraviado tem at\u00e9 esta quinta-feira (22), 10 dias antes do primeiro turno do pleito, para solicitar a segunda via no cart\u00f3rio eleitoral da zona onde tem cadastro. De acordo com o Tribunal Superior Eleitoral (TSE), para a emiss\u00e3o da segunda via do t\u00edtulo o [&hellip;]\" \/>\n<meta property=\"og:url\" content=\"https:\/\/aconteceunovale.com.br\/portal\/?p=190552\" \/>\n<meta property=\"og:site_name\" content=\"Aconteceu no Vale\" \/>\n<meta property=\"article:publisher\" content=\"https:\/\/www.facebook.com\/aconteceunovale\/\" \/>\n<meta property=\"article:published_time\" content=\"2022-09-20T14:07:06+00:00\" \/>\n<meta property=\"article:modified_time\" content=\"2022-09-20T14:07:43+00:00\" \/>\n<meta property=\"og:image\" content=\"https:\/\/aconteceunovale.com.br\/portal\/wp-content\/uploads\/2022\/02\/titulo_de_eleitor.jpg\" \/>\n\t<meta property=\"og:image:width\" content=\"678\" \/>\n\t<meta property=\"og:image:height\" content=\"406\" \/>\n\t<meta property=\"og:image:type\" content=\"image\/jpeg\" \/>\n<meta name=\"author\" content=\"Reda\u00e7\u00e3o Aconteceu no Vale\" \/>\n<meta name=\"twitter:card\" content=\"summary_large_image\" \/>\n<meta name=\"twitter:creator\" content=\"@noticiadosvales\" \/>\n<meta name=\"twitter:site\" content=\"@noticiadosvales\" \/>\n<meta name=\"twitter:label1\" content=\"Escrito por\" \/>\n\t<meta name=\"twitter:data1\" content=\"Reda\u00e7\u00e3o Aconteceu no Vale\" \/>\n\t<meta name=\"twitter:label2\" content=\"Est. tempo de leitura\" \/>\n\t<meta name=\"twitter:data2\" content=\"2 minutos\" \/>\n<script type=\"application\/ld+json\" class=\"yoast-schema-graph\">{\"@context\":\"https:\\\/\\\/schema.org\",\"@graph\":[{\"@type\":\"Article\",\"@id\":\"https:\\\/\\\/aconteceunovale.com.br\\\/portal\\\/?p=190552#article\",\"isPartOf\":{\"@id\":\"https:\\\/\\\/aconteceunovale.com.br\\\/portal\\\/?p=190552\"},\"author\":{\"name\":\"Reda\u00e7\u00e3o Aconteceu no Vale\",\"@id\":\"https:\\\/\\\/aconteceunovale.com.br\\\/portal\\\/#\\\/schema\\\/person\\\/7d2f26d1483f8a63de73da1ee0754d35\"},\"headline\":\"Prazo para pedir segunda via do t\u00edtulo de eleitor termina na quinta-feira\",\"datePublished\":\"2022-09-20T14:07:06+00:00\",\"dateModified\":\"2022-09-20T14:07:43+00:00\",\"mainEntityOfPage\":{\"@id\":\"https:\\\/\\\/aconteceunovale.com.br\\\/portal\\\/?p=190552\"},\"wordCount\":359,\"commentCount\":0,\"image\":{\"@id\":\"https:\\\/\\\/aconteceunovale.com.br\\\/portal\\\/?p=190552#primaryimage\"},\"thumbnailUrl\":\"https:\\\/\\\/aconteceunovale.com.br\\\/portal\\\/wp-content\\\/uploads\\\/2022\\\/02\\\/titulo_de_eleitor.jpg\",\"keywords\":[\"destaque\",\"Justi\u00e7a Eleitoral\",\"Prazo para pedir segunda via do t\u00edtulo de eleitor termina na quinta-feira\",\"Prazo t\u00edtulo de eleitor\",\"Segunda via do t\u00edtulo de eleitor\",\"t\u00edtulo de eleitor\",\"TRE-MG\",\"TSE\"],\"articleSection\":[\"Brasil\",\"Elei\u00e7\u00f5es 2022\",\"Pol\u00edtica\"],\"inLanguage\":\"pt-BR\",\"potentialAction\":[{\"@type\":\"CommentAction\",\"name\":\"Comment\",\"target\":[\"https:\\\/\\\/aconteceunovale.com.br\\\/portal\\\/?p=190552#respond\"]}]},{\"@type\":\"WebPage\",\"@id\":\"https:\\\/\\\/aconteceunovale.com.br\\\/portal\\\/?p=190552\",\"url\":\"https:\\\/\\\/aconteceunovale.com.br\\\/portal\\\/?p=190552\",\"name\":\"Prazo para pedir segunda via do t\u00edtulo de eleitor termina na quinta-feira - Aconteceu no Vale\",\"isPartOf\":{\"@id\":\"https:\\\/\\\/aconteceunovale.com.br\\\/portal\\\/#website\"},\"primaryImageOfPage\":{\"@id\":\"https:\\\/\\\/aconteceunovale.com.br\\\/portal\\\/?p=190552#primaryimage\"},\"image\":{\"@id\":\"https:\\\/\\\/aconteceunovale.com.br\\\/portal\\\/?p=190552#primaryimage\"},\"thumbnailUrl\":\"https:\\\/\\\/aconteceunovale.com.br\\\/portal\\\/wp-content\\\/uploads\\\/2022\\\/02\\\/titulo_de_eleitor.jpg\",\"datePublished\":\"2022-09-20T14:07:06+00:00\",\"dateModified\":\"2022-09-20T14:07:43+00:00\",\"author\":{\"@id\":\"https:\\\/\\\/aconteceunovale.com.br\\\/portal\\\/#\\\/schema\\\/person\\\/7d2f26d1483f8a63de73da1ee0754d35\"},\"breadcrumb\":{\"@id\":\"https:\\\/\\\/aconteceunovale.com.br\\\/portal\\\/?p=190552#breadcrumb\"},\"inLanguage\":\"pt-BR\",\"potentialAction\":[{\"@type\":\"ReadAction\",\"target\":[\"https:\\\/\\\/aconteceunovale.com.br\\\/portal\\\/?p=190552\"]}]},{\"@type\":\"ImageObject\",\"inLanguage\":\"pt-BR\",\"@id\":\"https:\\\/\\\/aconteceunovale.com.br\\\/portal\\\/?p=190552#primaryimage\",\"url\":\"https:\\\/\\\/aconteceunovale.com.br\\\/portal\\\/wp-content\\\/uploads\\\/2022\\\/02\\\/titulo_de_eleitor.jpg\",\"contentUrl\":\"https:\\\/\\\/aconteceunovale.com.br\\\/portal\\\/wp-content\\\/uploads\\\/2022\\\/02\\\/titulo_de_eleitor.jpg\",\"width\":678,\"height\":406,\"caption\":\"t\u00edtulo de eleitor digital,e-T\u00edtulo\"},{\"@type\":\"BreadcrumbList\",\"@id\":\"https:\\\/\\\/aconteceunovale.com.br\\\/portal\\\/?p=190552#breadcrumb\",\"itemListElement\":[{\"@type\":\"ListItem\",\"position\":1,\"name\":\"In\u00edcio\",\"item\":\"https:\\\/\\\/aconteceunovale.com.br\\\/portal\\\/\"},{\"@type\":\"ListItem\",\"position\":2,\"name\":\"Prazo para pedir segunda via do t\u00edtulo de eleitor termina na quinta-feira\"}]},{\"@type\":\"WebSite\",\"@id\":\"https:\\\/\\\/aconteceunovale.com.br\\\/portal\\\/#website\",\"url\":\"https:\\\/\\\/aconteceunovale.com.br\\\/portal\\\/\",\"name\":\"Aconteceu no Vale\",\"description\":\"Portal de Not\u00edcias\",\"potentialAction\":[{\"@type\":\"SearchAction\",\"target\":{\"@type\":\"EntryPoint\",\"urlTemplate\":\"https:\\\/\\\/aconteceunovale.com.br\\\/portal\\\/?s={search_term_string}\"},\"query-input\":{\"@type\":\"PropertyValueSpecification\",\"valueRequired\":true,\"valueName\":\"search_term_string\"}}],\"inLanguage\":\"pt-BR\"},{\"@type\":\"Person\",\"@id\":\"https:\\\/\\\/aconteceunovale.com.br\\\/portal\\\/#\\\/schema\\\/person\\\/7d2f26d1483f8a63de73da1ee0754d35\",\"name\":\"Reda\u00e7\u00e3o Aconteceu no Vale\",\"description\":\"Equipe de reportagem do Aconteceu no Vale, portal de not\u00edcias do Vale do Jequitinhonha, em Minas Gerais. Cobrimos as 51 cidades do Vale desde 2013. Sugest\u00f5es de pauta e pedidos de corre\u00e7\u00e3o: contato@aconteceunovale.com.br\",\"url\":\"https:\\\/\\\/aconteceunovale.com.br\\\/portal\\\/?author=4\"}]}<\/script>\n<!-- \/ Yoast SEO plugin. -->","yoast_head_json":{"title":"Prazo para pedir segunda via do t\u00edtulo de eleitor termina na quinta-feira - Aconteceu no Vale","robots":{"index":"index","follow":"follow","max-snippet":"max-snippet:-1","max-image-preview":"max-image-preview:large","max-video-preview":"max-video-preview:-1"},"canonical":"https:\/\/aconteceunovale.com.br\/portal\/?p=190552","og_locale":"pt_BR","og_type":"article","og_title":"Prazo para pedir segunda via do t\u00edtulo de eleitor termina na quinta-feira - Aconteceu no Vale","og_description":"O eleitor que perdeu o t\u00edtulo eleitoral ou teve o documento extraviado tem at\u00e9 esta quinta-feira (22), 10 dias antes do primeiro turno do pleito, para solicitar a segunda via no cart\u00f3rio eleitoral da zona onde tem cadastro. De acordo com o Tribunal Superior Eleitoral (TSE), para a emiss\u00e3o da segunda via do t\u00edtulo o [&hellip;]","og_url":"https:\/\/aconteceunovale.com.br\/portal\/?p=190552","og_site_name":"Aconteceu no Vale","article_publisher":"https:\/\/www.facebook.com\/aconteceunovale\/","article_published_time":"2022-09-20T14:07:06+00:00","article_modified_time":"2022-09-20T14:07:43+00:00","og_image":[{"width":678,"height":406,"url":"https:\/\/aconteceunovale.com.br\/portal\/wp-content\/uploads\/2022\/02\/titulo_de_eleitor.jpg","type":"image\/jpeg"}],"author":"Reda\u00e7\u00e3o Aconteceu no Vale","twitter_card":"summary_large_image","twitter_creator":"@noticiadosvales","twitter_site":"@noticiadosvales","twitter_misc":{"Escrito por":"Reda\u00e7\u00e3o Aconteceu no Vale","Est. tempo de leitura":"2 minutos"},"schema":{"@context":"https:\/\/schema.org","@graph":[{"@type":"Article","@id":"https:\/\/aconteceunovale.com.br\/portal\/?p=190552#article","isPartOf":{"@id":"https:\/\/aconteceunovale.com.br\/portal\/?p=190552"},"author":{"name":"Reda\u00e7\u00e3o Aconteceu no Vale","@id":"https:\/\/aconteceunovale.com.br\/portal\/#\/schema\/person\/7d2f26d1483f8a63de73da1ee0754d35"},"headline":"Prazo para pedir segunda via do t\u00edtulo de eleitor termina na quinta-feira","datePublished":"2022-09-20T14:07:06+00:00","dateModified":"2022-09-20T14:07:43+00:00","mainEntityOfPage":{"@id":"https:\/\/aconteceunovale.com.br\/portal\/?p=190552"},"wordCount":359,"commentCount":0,"image":{"@id":"https:\/\/aconteceunovale.com.br\/portal\/?p=190552#primaryimage"},"thumbnailUrl":"https:\/\/aconteceunovale.com.br\/portal\/wp-content\/uploads\/2022\/02\/titulo_de_eleitor.jpg","keywords":["destaque","Justi\u00e7a Eleitoral","Prazo para pedir segunda via do t\u00edtulo de eleitor termina na quinta-feira","Prazo t\u00edtulo de eleitor","Segunda via do t\u00edtulo de eleitor","t\u00edtulo de eleitor","TRE-MG","TSE"],"articleSection":["Brasil","Elei\u00e7\u00f5es 2022","Pol\u00edtica"],"inLanguage":"pt-BR","potentialAction":[{"@type":"CommentAction","name":"Comment","target":["https:\/\/aconteceunovale.com.br\/portal\/?p=190552#respond"]}]},{"@type":"WebPage","@id":"https:\/\/aconteceunovale.com.br\/portal\/?p=190552","url":"https:\/\/aconteceunovale.com.br\/portal\/?p=190552","name":"Prazo para pedir segunda via do t\u00edtulo de eleitor termina na quinta-feira - Aconteceu no Vale","isPartOf":{"@id":"https:\/\/aconteceunovale.com.br\/portal\/#website"},"primaryImageOfPage":{"@id":"https:\/\/aconteceunovale.com.br\/portal\/?p=190552#primaryimage"},"image":{"@id":"https:\/\/aconteceunovale.com.br\/portal\/?p=190552#primaryimage"},"thumbnailUrl":"https:\/\/aconteceunovale.com.br\/portal\/wp-content\/uploads\/2022\/02\/titulo_de_eleitor.jpg","datePublished":"2022-09-20T14:07:06+00:00","dateModified":"2022-09-20T14:07:43+00:00","author":{"@id":"https:\/\/aconteceunovale.com.br\/portal\/#\/schema\/person\/7d2f26d1483f8a63de73da1ee0754d35"},"breadcrumb":{"@id":"https:\/\/aconteceunovale.com.br\/portal\/?p=190552#breadcrumb"},"inLanguage":"pt-BR","potentialAction":[{"@type":"ReadAction","target":["https:\/\/aconteceunovale.com.br\/portal\/?p=190552"]}]},{"@type":"ImageObject","inLanguage":"pt-BR","@id":"https:\/\/aconteceunovale.com.br\/portal\/?p=190552#primaryimage","url":"https:\/\/aconteceunovale.com.br\/portal\/wp-content\/uploads\/2022\/02\/titulo_de_eleitor.jpg","contentUrl":"https:\/\/aconteceunovale.com.br\/portal\/wp-content\/uploads\/2022\/02\/titulo_de_eleitor.jpg","width":678,"height":406,"caption":"t\u00edtulo de eleitor digital,e-T\u00edtulo"},{"@type":"BreadcrumbList","@id":"https:\/\/aconteceunovale.com.br\/portal\/?p=190552#breadcrumb","itemListElement":[{"@type":"ListItem","position":1,"name":"In\u00edcio","item":"https:\/\/aconteceunovale.com.br\/portal\/"},{"@type":"ListItem","position":2,"name":"Prazo para pedir segunda via do t\u00edtulo de eleitor termina na quinta-feira"}]},{"@type":"WebSite","@id":"https:\/\/aconteceunovale.com.br\/portal\/#website","url":"https:\/\/aconteceunovale.com.br\/portal\/","name":"Aconteceu no Vale","description":"Portal de Not\u00edcias","potentialAction":[{"@type":"SearchAction","target":{"@type":"EntryPoint","urlTemplate":"https:\/\/aconteceunovale.com.br\/portal\/?s={search_term_string}"},"query-input":{"@type":"PropertyValueSpecification","valueRequired":true,"valueName":"search_term_string"}}],"inLanguage":"pt-BR"},{"@type":"Person","@id":"https:\/\/aconteceunovale.com.br\/portal\/#\/schema\/person\/7d2f26d1483f8a63de73da1ee0754d35","name":"Reda\u00e7\u00e3o Aconteceu no Vale","description":"Equipe de reportagem do Aconteceu no Vale, portal de not\u00edcias do Vale do Jequitinhonha, em Minas Gerais. Cobrimos as 51 cidades do Vale desde 2013. Sugest\u00f5es de pauta e pedidos de corre\u00e7\u00e3o: contato@aconteceunovale.com.br","url":"https:\/\/aconteceunovale.com.br\/portal\/?author=4"}]}},"_links":{"self":[{"href":"https:\/\/aconteceunovale.com.br\/portal\/index.php?rest_route=\/wp\/v2\/posts\/190552","targetHints":{"allow":["GET"]}}],"collection":[{"href":"https:\/\/aconteceunovale.com.br\/portal\/index.php?rest_route=\/wp\/v2\/posts"}],"about":[{"href":"https:\/\/aconteceunovale.com.br\/portal\/index.php?rest_route=\/wp\/v2\/types\/post"}],"author":[{"embeddable":true,"href":"https:\/\/aconteceunovale.com.br\/portal\/index.php?rest_route=\/wp\/v2\/users\/4"}],"replies":[{"embeddable":true,"href":"https:\/\/aconteceunovale.com.br\/portal\/index.php?rest_route=%2Fwp%2Fv2%2Fcomments&post=190552"}],"version-history":[{"count":1,"href":"https:\/\/aconteceunovale.com.br\/portal\/index.php?rest_route=\/wp\/v2\/posts\/190552\/revisions"}],"predecessor-version":[{"id":190553,"href":"https:\/\/aconteceunovale.com.br\/portal\/index.php?rest_route=\/wp\/v2\/posts\/190552\/revisions\/190553"}],"wp:featuredmedia":[{"embeddable":true,"href":"https:\/\/aconteceunovale.com.br\/portal\/index.php?rest_route=\/wp\/v2\/media\/187544"}],"wp:attachment":[{"href":"https:\/\/aconteceunovale.com.br\/portal\/index.php?rest_route=%2Fwp%2Fv2%2Fmedia&parent=190552"}],"wp:term":[{"taxonomy":"category","embeddable":true,"href":"https:\/\/aconteceunovale.com.br\/portal\/index.php?rest_route=%2Fwp%2Fv2%2Fcategories&post=190552"},{"taxonomy":"post_tag","embeddable":true,"href":"https:\/\/aconteceunovale.com.br\/portal\/index.php?rest_route=%2Fwp%2Fv2%2Ftags&post=190552"}],"curies":[{"name":"wp","href":"https:\/\/api.w.org\/{rel}","templated":true}]}}