{"id":190546,"date":"2022-09-20T09:38:01","date_gmt":"2022-09-20T12:38:01","guid":{"rendered":"https:\/\/aconteceunovale.com.br\/portal\/?p=190546"},"modified":"2026-09-02T13:25:29","modified_gmt":"2026-09-02T16:25:29","slug":"vereador-de-minas-novas-morre-em-acidente-de-moto","status":"publish","type":"post","link":"https:\/\/aconteceunovale.com.br\/portal\/?p=190546","title":{"rendered":"Vereador de Minas Novas morre em acidente de moto"},"content":{"rendered":"\n<p class=\"wp-block-paragraph\">O vereador Pedro Luiz Pereira, conhecido como Pedro Guerra, de 38 anos, morreu em um acidente na madrugada desta ter\u00e7a-feira (20\/9\/2022) na comunidade de Cachoeira, regi\u00e3o do distrito de Lagoa Grande, na zona rural de Minas Novas. O parlamentar conduzia uma motocicleta.<\/p>\n\n\n\n<figure class=\"wp-block-gallery has-nested-images columns-default is-cropped wp-block-gallery-1 is-layout-flex wp-block-gallery-is-layout-flex\">\n<figure class=\"wp-block-image size-large\"><img loading=\"lazy\" decoding=\"async\" width=\"647\" height=\"450\" data-id=\"190547\" src=\"https:\/\/aconteceunovale.com.br\/portal\/wp-content\/uploads\/2022\/09\/pedro_guerra_minas_novas.jpg\" alt=\"\" class=\"wp-image-190547\" srcset=\"https:\/\/aconteceunovale.com.br\/portal\/wp-content\/uploads\/2022\/09\/pedro_guerra_minas_novas.jpg 647w, https:\/\/aconteceunovale.com.br\/portal\/wp-content\/uploads\/2022\/09\/pedro_guerra_minas_novas-300x209.jpg 300w, https:\/\/aconteceunovale.com.br\/portal\/wp-content\/uploads\/2022\/09\/pedro_guerra_minas_novas-100x70.jpg 100w, https:\/\/aconteceunovale.com.br\/portal\/wp-content\/uploads\/2022\/09\/pedro_guerra_minas_novas-604x420.jpg 604w\" sizes=\"auto, (max-width: 647px) 100vw, 647px\" \/><figcaption><em><sub>Foto: Divulga\u00e7\u00e3o<\/sub><\/em><\/figcaption><\/figure>\n<\/figure>\n\n\n\n<p class=\"wp-block-paragraph\">Em nota divulgada no in\u00edcio da manh\u00e3, a C\u00e2mara Municipal de Minas Novas prestou condol\u00eancias aos familiares e amigos do vereador. <em>&#8220;LUTO! A C\u00e2mara Municipal de Minas Novas, por interm\u00e9dio dos vereadores e servidores, presta suas sinceras condol\u00eancias aos familiares e amigos do atual vereador Pedro Luiz Pereira, cidad\u00e3o de bem, humilde e muito trabalhador, que nos deixa de maneira precoce. Que Deus, em sua infinita bondade, o acolha no reino do c\u00e9u. Descanse em paz!&#8221;<\/em>, diz o texto oficial.<\/p>\n\n\n\n<p class=\"wp-block-paragraph\">Pedro Guerra disputou as Elei\u00e7\u00f5es Municipais de 2020 pelo Partido Democratas (DEM) e recebeu 302 votos v\u00e1lidos.<\/p>\n\n\n\n<h2 class=\"wp-block-heading\">Outro acidente<\/h2>\n\n\n\n<p class=\"wp-block-paragraph\">Na madrugada de s\u00e1bado, dia 17 de setembro, um outro acidente de moto na regi\u00e3o do distrito de Lagoa Grande vitimou o jovem Pedro Henrique Souza Lopes, de 21 anos, conhecido popularmente como Catitu. Ele era jogador da equipe Bela Vista e havia conquistado recentemente o t\u00edtulo de campe\u00e3o da Copa Ivaldo Alecrim.<\/p>\n\n\n\n<p class=\"wp-block-paragraph\">&#8212;&#8212;&#8212;&#8212;&#8212;&#8212;<br><br><strong>Sabia que o Aconteceu no Vale est\u00e1 tamb\u00e9m no Telegram? <a rel=\"noreferrer noopener\" href=\"https:\/\/t.me\/aconteceunovaleoficial\" target=\"_blank\">Inscreva-se no canal<\/a>.<\/strong><br><br><strong>J\u00e1 curtiu ou seguiu nossas p\u00e1ginas nas redes sociais?&nbsp;Receba as not\u00edcias em primeira m\u00e3o:<\/strong><br>\u2022 <a rel=\"noreferrer noopener\" href=\"https:\/\/news.google.com\/publications\/CAAqBwgKMNjklQswi4etAw?hl=pt-BR&amp;gl=BR&amp;ceid=BR%3Apt-419\" target=\"_blank\">Google News<\/a><br>\u2022 <a rel=\"noreferrer noopener\" href=\"https:\/\/www.facebook.com\/aconteceunovale\/\" target=\"_blank\">Facebook<\/a><br>\u2022 <a rel=\"noreferrer noopener\" href=\"https:\/\/twitter.com\/noticiadosvales\" target=\"_blank\">Twitter<\/a><br>\u2022 <a rel=\"noreferrer noopener\" href=\"https:\/\/www.instagram.com\/aconteceunovale\" target=\"_blank\">Instagram<\/a><br>\u2022 <a rel=\"noreferrer noopener\" href=\"https:\/\/www.youtube.com\/AconteceunoValeOficial\" target=\"_blank\">Youtube<\/a><br>\u2022 <a rel=\"noreferrer noopener\" href=\"https:\/\/www.tiktok.com\/@aconteceunovale\" target=\"_blank\">TikTok<\/a><\/p>\n","protected":false},"excerpt":{"rendered":"<p>O vereador Pedro Luiz Pereira, conhecido como Pedro Guerra, de 38 anos, morreu em um acidente na madrugada desta ter\u00e7a-feira (20\/9\/2022) na comunidade de Cachoeira, regi\u00e3o do distrito de Lagoa Grande, na zona rural de Minas Novas. O parlamentar conduzia uma motocicleta. Em nota divulgada no in\u00edcio da manh\u00e3, a C\u00e2mara Municipal de Minas Novas [&hellip;]<\/p>\n","protected":false},"author":4,"featured_media":190547,"comment_status":"open","ping_status":"closed","sticky":false,"template":"","format":"standard","meta":{"amp_status":"","footnotes":""},"categories":[272561,40240,120],"tags":[263351,263352,263345,231840,253554,52600,42091,263353,1018,15519,137,263346,263349,263350,263348,263344,263347,263343],"class_list":["post-190546","post","type-post","status-publish","format-standard","has-post-thumbnail","hentry","category-minas-novas","category-politica","category-jequi","tag-acidente-com-jogador-de-lagoa-grande","tag-acidente-com-jogador-do-bela-vista-de-lagoa-grande","tag-acidente-com-vereador-de-minas-novas","tag-acidente-em-lagoa-grande","tag-cachoeira-do-fanado","tag-camara-de-minas-novas","tag-camara-municipal-de-minas-novas","tag-copa-ivaldo-alecrim","tag-destaque","tag-lagoa-grande","tag-minas-novas","tag-morte-de-vereador-de-minas-novas","tag-pedro-guerra","tag-pedro-henrique-souza-lopes","tag-pedro-luiz-pereira","tag-vereador-de-minas-novas","tag-vereador-de-minas-novas-morre-em-acidente","tag-vereador-de-minas-novas-morre-em-acidente-de-moto"],"yoast_head":"<!-- This site is optimized with the Yoast SEO plugin v28.3 - https:\/\/yoast.com\/product\/yoast-seo-wordpress\/ -->\n<title>Vereador de Minas Novas morre em acidente de moto - Aconteceu no Vale<\/title>\n<meta name=\"robots\" content=\"index, follow, max-snippet:-1, max-image-preview:large, max-video-preview:-1\" \/>\n<link rel=\"canonical\" href=\"https:\/\/aconteceunovale.com.br\/portal\/?p=190546\" \/>\n<meta property=\"og:locale\" content=\"pt_BR\" \/>\n<meta property=\"og:type\" content=\"article\" \/>\n<meta property=\"og:title\" content=\"Vereador de Minas Novas morre em acidente de moto - Aconteceu no Vale\" \/>\n<meta property=\"og:description\" content=\"O vereador Pedro Luiz Pereira, conhecido como Pedro Guerra, de 38 anos, morreu em um acidente na madrugada desta ter\u00e7a-feira (20\/9\/2022) na comunidade de Cachoeira, regi\u00e3o do distrito de Lagoa Grande, na zona rural de Minas Novas. O parlamentar conduzia uma motocicleta. Em nota divulgada no in\u00edcio da manh\u00e3, a C\u00e2mara Municipal de Minas Novas [&hellip;]\" \/>\n<meta property=\"og:url\" content=\"https:\/\/aconteceunovale.com.br\/portal\/?p=190546\" \/>\n<meta property=\"og:site_name\" content=\"Aconteceu no Vale\" \/>\n<meta property=\"article:publisher\" content=\"https:\/\/www.facebook.com\/aconteceunovale\/\" \/>\n<meta property=\"article:published_time\" content=\"2022-09-20T12:38:01+00:00\" \/>\n<meta property=\"article:modified_time\" content=\"2026-09-02T16:25:29+00:00\" \/>\n<meta property=\"og:image\" content=\"https:\/\/aconteceunovale.com.br\/portal\/wp-content\/uploads\/2022\/09\/pedro_guerra_minas_novas.jpg\" \/>\n\t<meta property=\"og:image:width\" content=\"647\" \/>\n\t<meta property=\"og:image:height\" content=\"450\" \/>\n\t<meta property=\"og:image:type\" content=\"image\/jpeg\" \/>\n<meta name=\"author\" content=\"Reda\u00e7\u00e3o Aconteceu no Vale\" \/>\n<meta name=\"twitter:card\" content=\"summary_large_image\" \/>\n<meta name=\"twitter:creator\" content=\"@noticiadosvales\" \/>\n<meta name=\"twitter:site\" content=\"@noticiadosvales\" \/>\n<meta name=\"twitter:label1\" content=\"Escrito por\" \/>\n\t<meta name=\"twitter:data1\" content=\"Reda\u00e7\u00e3o Aconteceu no Vale\" \/>\n\t<meta name=\"twitter:label2\" content=\"Est. tempo de leitura\" \/>\n\t<meta name=\"twitter:data2\" content=\"1 minuto\" \/>\n<script type=\"application\/ld+json\" class=\"yoast-schema-graph\">{\"@context\":\"https:\\\/\\\/schema.org\",\"@graph\":[{\"@type\":\"Article\",\"@id\":\"https:\\\/\\\/aconteceunovale.com.br\\\/portal\\\/?p=190546#article\",\"isPartOf\":{\"@id\":\"https:\\\/\\\/aconteceunovale.com.br\\\/portal\\\/?p=190546\"},\"author\":{\"name\":\"Reda\u00e7\u00e3o Aconteceu no Vale\",\"@id\":\"https:\\\/\\\/aconteceunovale.com.br\\\/portal\\\/#\\\/schema\\\/person\\\/7d2f26d1483f8a63de73da1ee0754d35\"},\"headline\":\"Vereador de Minas Novas morre em acidente de moto\",\"datePublished\":\"2022-09-20T12:38:01+00:00\",\"dateModified\":\"2026-09-02T16:25:29+00:00\",\"mainEntityOfPage\":{\"@id\":\"https:\\\/\\\/aconteceunovale.com.br\\\/portal\\\/?p=190546\"},\"wordCount\":257,\"commentCount\":0,\"image\":{\"@id\":\"https:\\\/\\\/aconteceunovale.com.br\\\/portal\\\/?p=190546#primaryimage\"},\"thumbnailUrl\":\"https:\\\/\\\/aconteceunovale.com.br\\\/portal\\\/wp-content\\\/uploads\\\/2022\\\/09\\\/pedro_guerra_minas_novas.jpg\",\"keywords\":[\"Acidente com jogador de Lagoa Grande\",\"Acidente com jogador do Bela Vista de Lagoa Grande\",\"Acidente com Vereador de Minas Novas\",\"Acidente em Lagoa Grande\",\"Cachoeira do Fanado\",\"C\u00e2mara de Minas Novas\",\"C\u00e2mara Municipal de Minas Novas\",\"Copa Ivaldo Alecrim\",\"destaque\",\"Lagoa Grande\",\"Minas Novas\",\"Morte de Vereador de Minas Novas\",\"Pedro Guerra\",\"Pedro Henrique Souza Lopes\",\"Pedro Luiz Pereira\",\"Vereador de Minas Novas\",\"Vereador de Minas Novas morre em acidente\",\"Vereador de Minas Novas morre em acidente de moto\"],\"articleSection\":[\"Minas Novas\",\"Pol\u00edtica\",\"Vale do Jequitinhonha\"],\"inLanguage\":\"pt-BR\",\"potentialAction\":[{\"@type\":\"CommentAction\",\"name\":\"Comment\",\"target\":[\"https:\\\/\\\/aconteceunovale.com.br\\\/portal\\\/?p=190546#respond\"]}]},{\"@type\":\"WebPage\",\"@id\":\"https:\\\/\\\/aconteceunovale.com.br\\\/portal\\\/?p=190546\",\"url\":\"https:\\\/\\\/aconteceunovale.com.br\\\/portal\\\/?p=190546\",\"name\":\"Vereador de Minas Novas morre em acidente de moto - Aconteceu no Vale\",\"isPartOf\":{\"@id\":\"https:\\\/\\\/aconteceunovale.com.br\\\/portal\\\/#website\"},\"primaryImageOfPage\":{\"@id\":\"https:\\\/\\\/aconteceunovale.com.br\\\/portal\\\/?p=190546#primaryimage\"},\"image\":{\"@id\":\"https:\\\/\\\/aconteceunovale.com.br\\\/portal\\\/?p=190546#primaryimage\"},\"thumbnailUrl\":\"https:\\\/\\\/aconteceunovale.com.br\\\/portal\\\/wp-content\\\/uploads\\\/2022\\\/09\\\/pedro_guerra_minas_novas.jpg\",\"datePublished\":\"2022-09-20T12:38:01+00:00\",\"dateModified\":\"2026-09-02T16:25:29+00:00\",\"author\":{\"@id\":\"https:\\\/\\\/aconteceunovale.com.br\\\/portal\\\/#\\\/schema\\\/person\\\/7d2f26d1483f8a63de73da1ee0754d35\"},\"breadcrumb\":{\"@id\":\"https:\\\/\\\/aconteceunovale.com.br\\\/portal\\\/?p=190546#breadcrumb\"},\"inLanguage\":\"pt-BR\",\"potentialAction\":[{\"@type\":\"ReadAction\",\"target\":[\"https:\\\/\\\/aconteceunovale.com.br\\\/portal\\\/?p=190546\"]}]},{\"@type\":\"ImageObject\",\"inLanguage\":\"pt-BR\",\"@id\":\"https:\\\/\\\/aconteceunovale.com.br\\\/portal\\\/?p=190546#primaryimage\",\"url\":\"https:\\\/\\\/aconteceunovale.com.br\\\/portal\\\/wp-content\\\/uploads\\\/2022\\\/09\\\/pedro_guerra_minas_novas.jpg\",\"contentUrl\":\"https:\\\/\\\/aconteceunovale.com.br\\\/portal\\\/wp-content\\\/uploads\\\/2022\\\/09\\\/pedro_guerra_minas_novas.jpg\",\"width\":647,\"height\":450},{\"@type\":\"BreadcrumbList\",\"@id\":\"https:\\\/\\\/aconteceunovale.com.br\\\/portal\\\/?p=190546#breadcrumb\",\"itemListElement\":[{\"@type\":\"ListItem\",\"position\":1,\"name\":\"In\u00edcio\",\"item\":\"https:\\\/\\\/aconteceunovale.com.br\\\/portal\\\/\"},{\"@type\":\"ListItem\",\"position\":2,\"name\":\"Vereador de Minas Novas morre em acidente de moto\"}]},{\"@type\":\"WebSite\",\"@id\":\"https:\\\/\\\/aconteceunovale.com.br\\\/portal\\\/#website\",\"url\":\"https:\\\/\\\/aconteceunovale.com.br\\\/portal\\\/\",\"name\":\"Aconteceu no Vale\",\"description\":\"Portal de Not\u00edcias\",\"potentialAction\":[{\"@type\":\"SearchAction\",\"target\":{\"@type\":\"EntryPoint\",\"urlTemplate\":\"https:\\\/\\\/aconteceunovale.com.br\\\/portal\\\/?s={search_term_string}\"},\"query-input\":{\"@type\":\"PropertyValueSpecification\",\"valueRequired\":true,\"valueName\":\"search_term_string\"}}],\"inLanguage\":\"pt-BR\"},{\"@type\":\"Person\",\"@id\":\"https:\\\/\\\/aconteceunovale.com.br\\\/portal\\\/#\\\/schema\\\/person\\\/7d2f26d1483f8a63de73da1ee0754d35\",\"name\":\"Reda\u00e7\u00e3o Aconteceu no Vale\",\"description\":\"Equipe de reportagem do Aconteceu no Vale, portal de not\u00edcias do Vale do Jequitinhonha, em Minas Gerais. Cobrimos as 51 cidades do Vale desde 2013. Sugest\u00f5es de pauta e pedidos de corre\u00e7\u00e3o: contato@aconteceunovale.com.br\",\"url\":\"https:\\\/\\\/aconteceunovale.com.br\\\/portal\\\/?author=4\"}]}<\/script>\n<!-- \/ Yoast SEO plugin. -->","yoast_head_json":{"title":"Vereador de Minas Novas morre em acidente de moto - Aconteceu no Vale","robots":{"index":"index","follow":"follow","max-snippet":"max-snippet:-1","max-image-preview":"max-image-preview:large","max-video-preview":"max-video-preview:-1"},"canonical":"https:\/\/aconteceunovale.com.br\/portal\/?p=190546","og_locale":"pt_BR","og_type":"article","og_title":"Vereador de Minas Novas morre em acidente de moto - Aconteceu no Vale","og_description":"O vereador Pedro Luiz Pereira, conhecido como Pedro Guerra, de 38 anos, morreu em um acidente na madrugada desta ter\u00e7a-feira (20\/9\/2022) na comunidade de Cachoeira, regi\u00e3o do distrito de Lagoa Grande, na zona rural de Minas Novas. O parlamentar conduzia uma motocicleta. Em nota divulgada no in\u00edcio da manh\u00e3, a C\u00e2mara Municipal de Minas Novas [&hellip;]","og_url":"https:\/\/aconteceunovale.com.br\/portal\/?p=190546","og_site_name":"Aconteceu no Vale","article_publisher":"https:\/\/www.facebook.com\/aconteceunovale\/","article_published_time":"2022-09-20T12:38:01+00:00","article_modified_time":"2026-09-02T16:25:29+00:00","og_image":[{"width":647,"height":450,"url":"https:\/\/aconteceunovale.com.br\/portal\/wp-content\/uploads\/2022\/09\/pedro_guerra_minas_novas.jpg","type":"image\/jpeg"}],"author":"Reda\u00e7\u00e3o Aconteceu no Vale","twitter_card":"summary_large_image","twitter_creator":"@noticiadosvales","twitter_site":"@noticiadosvales","twitter_misc":{"Escrito por":"Reda\u00e7\u00e3o Aconteceu no Vale","Est. tempo de leitura":"1 minuto"},"schema":{"@context":"https:\/\/schema.org","@graph":[{"@type":"Article","@id":"https:\/\/aconteceunovale.com.br\/portal\/?p=190546#article","isPartOf":{"@id":"https:\/\/aconteceunovale.com.br\/portal\/?p=190546"},"author":{"name":"Reda\u00e7\u00e3o Aconteceu no Vale","@id":"https:\/\/aconteceunovale.com.br\/portal\/#\/schema\/person\/7d2f26d1483f8a63de73da1ee0754d35"},"headline":"Vereador de Minas Novas morre em acidente de moto","datePublished":"2022-09-20T12:38:01+00:00","dateModified":"2026-09-02T16:25:29+00:00","mainEntityOfPage":{"@id":"https:\/\/aconteceunovale.com.br\/portal\/?p=190546"},"wordCount":257,"commentCount":0,"image":{"@id":"https:\/\/aconteceunovale.com.br\/portal\/?p=190546#primaryimage"},"thumbnailUrl":"https:\/\/aconteceunovale.com.br\/portal\/wp-content\/uploads\/2022\/09\/pedro_guerra_minas_novas.jpg","keywords":["Acidente com jogador de Lagoa Grande","Acidente com jogador do Bela Vista de Lagoa Grande","Acidente com Vereador de Minas Novas","Acidente em Lagoa Grande","Cachoeira do Fanado","C\u00e2mara de Minas Novas","C\u00e2mara Municipal de Minas Novas","Copa Ivaldo Alecrim","destaque","Lagoa Grande","Minas Novas","Morte de Vereador de Minas Novas","Pedro Guerra","Pedro Henrique Souza Lopes","Pedro Luiz Pereira","Vereador de Minas Novas","Vereador de Minas Novas morre em acidente","Vereador de Minas Novas morre em acidente de moto"],"articleSection":["Minas Novas","Pol\u00edtica","Vale do Jequitinhonha"],"inLanguage":"pt-BR","potentialAction":[{"@type":"CommentAction","name":"Comment","target":["https:\/\/aconteceunovale.com.br\/portal\/?p=190546#respond"]}]},{"@type":"WebPage","@id":"https:\/\/aconteceunovale.com.br\/portal\/?p=190546","url":"https:\/\/aconteceunovale.com.br\/portal\/?p=190546","name":"Vereador de Minas Novas morre em acidente de moto - Aconteceu no Vale","isPartOf":{"@id":"https:\/\/aconteceunovale.com.br\/portal\/#website"},"primaryImageOfPage":{"@id":"https:\/\/aconteceunovale.com.br\/portal\/?p=190546#primaryimage"},"image":{"@id":"https:\/\/aconteceunovale.com.br\/portal\/?p=190546#primaryimage"},"thumbnailUrl":"https:\/\/aconteceunovale.com.br\/portal\/wp-content\/uploads\/2022\/09\/pedro_guerra_minas_novas.jpg","datePublished":"2022-09-20T12:38:01+00:00","dateModified":"2026-09-02T16:25:29+00:00","author":{"@id":"https:\/\/aconteceunovale.com.br\/portal\/#\/schema\/person\/7d2f26d1483f8a63de73da1ee0754d35"},"breadcrumb":{"@id":"https:\/\/aconteceunovale.com.br\/portal\/?p=190546#breadcrumb"},"inLanguage":"pt-BR","potentialAction":[{"@type":"ReadAction","target":["https:\/\/aconteceunovale.com.br\/portal\/?p=190546"]}]},{"@type":"ImageObject","inLanguage":"pt-BR","@id":"https:\/\/aconteceunovale.com.br\/portal\/?p=190546#primaryimage","url":"https:\/\/aconteceunovale.com.br\/portal\/wp-content\/uploads\/2022\/09\/pedro_guerra_minas_novas.jpg","contentUrl":"https:\/\/aconteceunovale.com.br\/portal\/wp-content\/uploads\/2022\/09\/pedro_guerra_minas_novas.jpg","width":647,"height":450},{"@type":"BreadcrumbList","@id":"https:\/\/aconteceunovale.com.br\/portal\/?p=190546#breadcrumb","itemListElement":[{"@type":"ListItem","position":1,"name":"In\u00edcio","item":"https:\/\/aconteceunovale.com.br\/portal\/"},{"@type":"ListItem","position":2,"name":"Vereador de Minas Novas morre em acidente de moto"}]},{"@type":"WebSite","@id":"https:\/\/aconteceunovale.com.br\/portal\/#website","url":"https:\/\/aconteceunovale.com.br\/portal\/","name":"Aconteceu no Vale","description":"Portal de Not\u00edcias","potentialAction":[{"@type":"SearchAction","target":{"@type":"EntryPoint","urlTemplate":"https:\/\/aconteceunovale.com.br\/portal\/?s={search_term_string}"},"query-input":{"@type":"PropertyValueSpecification","valueRequired":true,"valueName":"search_term_string"}}],"inLanguage":"pt-BR"},{"@type":"Person","@id":"https:\/\/aconteceunovale.com.br\/portal\/#\/schema\/person\/7d2f26d1483f8a63de73da1ee0754d35","name":"Reda\u00e7\u00e3o Aconteceu no Vale","description":"Equipe de reportagem do Aconteceu no Vale, portal de not\u00edcias do Vale do Jequitinhonha, em Minas Gerais. Cobrimos as 51 cidades do Vale desde 2013. Sugest\u00f5es de pauta e pedidos de corre\u00e7\u00e3o: contato@aconteceunovale.com.br","url":"https:\/\/aconteceunovale.com.br\/portal\/?author=4"}]}},"_links":{"self":[{"href":"https:\/\/aconteceunovale.com.br\/portal\/index.php?rest_route=\/wp\/v2\/posts\/190546","targetHints":{"allow":["GET"]}}],"collection":[{"href":"https:\/\/aconteceunovale.com.br\/portal\/index.php?rest_route=\/wp\/v2\/posts"}],"about":[{"href":"https:\/\/aconteceunovale.com.br\/portal\/index.php?rest_route=\/wp\/v2\/types\/post"}],"author":[{"embeddable":true,"href":"https:\/\/aconteceunovale.com.br\/portal\/index.php?rest_route=\/wp\/v2\/users\/4"}],"replies":[{"embeddable":true,"href":"https:\/\/aconteceunovale.com.br\/portal\/index.php?rest_route=%2Fwp%2Fv2%2Fcomments&post=190546"}],"version-history":[{"count":2,"href":"https:\/\/aconteceunovale.com.br\/portal\/index.php?rest_route=\/wp\/v2\/posts\/190546\/revisions"}],"predecessor-version":[{"id":190549,"href":"https:\/\/aconteceunovale.com.br\/portal\/index.php?rest_route=\/wp\/v2\/posts\/190546\/revisions\/190549"}],"wp:featuredmedia":[{"embeddable":true,"href":"https:\/\/aconteceunovale.com.br\/portal\/index.php?rest_route=\/wp\/v2\/media\/190547"}],"wp:attachment":[{"href":"https:\/\/aconteceunovale.com.br\/portal\/index.php?rest_route=%2Fwp%2Fv2%2Fmedia&parent=190546"}],"wp:term":[{"taxonomy":"category","embeddable":true,"href":"https:\/\/aconteceunovale.com.br\/portal\/index.php?rest_route=%2Fwp%2Fv2%2Fcategories&post=190546"},{"taxonomy":"post_tag","embeddable":true,"href":"https:\/\/aconteceunovale.com.br\/portal\/index.php?rest_route=%2Fwp%2Fv2%2Ftags&post=190546"}],"curies":[{"name":"wp","href":"https:\/\/api.w.org\/{rel}","templated":true}]}}