{"id":190541,"date":"2022-09-19T16:48:57","date_gmt":"2022-09-19T19:48:57","guid":{"rendered":"https:\/\/aconteceunovale.com.br\/portal\/?p=190541"},"modified":"2022-09-19T16:49:11","modified_gmt":"2022-09-19T19:49:11","slug":"justica-mineira-condena-empresario-por-invasao-a-whatsapp","status":"publish","type":"post","link":"https:\/\/aconteceunovale.com.br\/portal\/?p=190541","title":{"rendered":"Justi\u00e7a mineira condena empres\u00e1rio por invas\u00e3o a WhatsApp"},"content":{"rendered":"\n<p class=\"wp-block-paragraph\">A 18\u00aa C\u00e2mara C\u00edvel do Tribunal de Justi\u00e7a de Minas Gerais (TJMG) manteve decis\u00e3o da Comarca de Uberl\u00e2ndia que condenou um empres\u00e1rio a indenizar a ex-namorada, por danos morais, em R$ 10 mil, devido \u00e0 invas\u00e3o do aplicativo de WhatsApp e da m\u00eddia social Instagram dela. A decis\u00e3o \u00e9 definitiva.&nbsp;&nbsp;<\/p>\n\n\n\n<p class=\"wp-block-paragraph\">A mulher ajuizou a\u00e7\u00e3o contra o ex-namorado pleiteando indeniza\u00e7\u00e3o por danos morais. Ela manteve um relacionamento de quatro meses com o homem, com ela residindo na cidade no Tri\u00e2ngulo Mineiro e ele morando em Guarulhos, em&nbsp;S\u00e3o Paulo. No entanto,&nbsp;romperam porque ela considerou que o comportamento dele era ciumento, abusivo e t\u00f3xico.<\/p>\n\n\n\n<p class=\"wp-block-paragraph\">Segundo a mulher, o ex-parceiro, aproveitando-se da posse da senha, pegou o aparelho dela com o pretexto de dar uma manuten\u00e7\u00e3o na bateria do equipamento. De posse do objeto, acessou o aplicativo de WhatsApp e foi at\u00e9 a lista de contatos com o objetivo de interagir com uma terceira pessoa, com quem a mulher j\u00e1 havia tido um relacionamento,&nbsp;passando-se por ela. Ele tamb\u00e9m passou a ofend\u00ea-la diretamente, com base nas mensagens.&nbsp;<\/p>\n\n\n\n<p class=\"wp-block-paragraph\">O juiz Jos\u00e9 M\u00e1rcio Parreira entendeu que houve invas\u00e3o de privacidade e fixou o valor da indeniza\u00e7\u00e3o. De acordo com o magistrado, o r\u00e9u negou ter obtido acesso ao celular da autora de maneira ardilosa. Por\u00e9m, n\u00e3o contestou a alega\u00e7\u00e3o de que enviou mensagens a contatos da ex-namorada com o intuito de descobrir eventual relacionamento extraconjugal.<\/p>\n\n\n\n<p class=\"wp-block-paragraph\">\u201cA quest\u00e3o atinente \u00e0 utiliza\u00e7\u00e3o pelo r\u00e9u do celular da autora para envio de mensagens a terceiros com intuito de identificar suposta trai\u00e7\u00e3o foge do contexto particular do casal e leva o imbr\u00f3glio a terceiros. Nessa ordem de ideias, o ato il\u00edcito \u00e9 caracterizado pelo desrespeito \u00e0 privacidade e intimidade da autora, sendo incontrast\u00e1veis os efeitos delet\u00e9rios \u00e0 dignidade de sua pessoa humana decorrentes da situa\u00e7\u00e3o vivenciada\u201d, disse o magistrado.<\/p>\n\n\n\n<p class=\"wp-block-paragraph\">O juiz acrescentou que o empres\u00e1rio sequer procurou justificar o teor das mensagens enviadas a terceiros, argumentando no sentido de que possu\u00eda acesso ao dispositivo m\u00f3vel da autora, o que evidencia que ele tinha ci\u00eancia da gravidade do ato il\u00edcito que lhe foi imputado.<\/p>\n\n\n\n<p class=\"wp-block-paragraph\">O profissional recorreu ao TJMG, alegando que, embora tenha tido uma atitude reprov\u00e1vel, n\u00e3o se caracteriza invas\u00e3o \u00e0 privacidade, pois a ex-namorada j\u00e1 havia compartilhado com ele a senha para ingressar no aplicativo.<\/p>\n\n\n\n<p class=\"wp-block-paragraph\">O relator da apela\u00e7\u00e3o, desembargador Arnaldo Maciel, manteve o entendimento de 1\u00aa Inst\u00e2ncia, ponderando que, apesar de o r\u00e9u insistir na tese de que n\u00e3o teria violado a privacidade ao acessar o celular da ex-namorada, porque utilizou sua senha pessoal, livremente concedida, anteriormente, n\u00e3o h\u00e1 como concordar com tal argumenta\u00e7\u00e3o.<\/p>\n\n\n\n<p class=\"wp-block-paragraph\">Isso porque a transcri\u00e7\u00e3o das conversas via aplicativo foi objeto de&nbsp;registro em cart\u00f3rio que consta dos autos. O material, segundo o relator, deixa evidente que, muito embora a autora tenha, inicialmente, dado acesso \u00e0 senha do seu telefone pessoal, na fase em quest\u00e3o do relacionamento ele se serviu de artimanha para ter acesso ao celular.<\/p>\n\n\n\n<p class=\"wp-block-paragraph\">Para o desembargador Arnaldo Maciel, a vers\u00e3o de que o equipamento estaria precisando de manuten\u00e7\u00e3o mostra que a mulher&nbsp;n\u00e3o permitia que ele o acessasse livremente e, \u201cmuito menos, que adentrasse \u00e0 sua agenda de contatos com o objetivo de obter o n\u00famero de terceira pessoa com a qual ela possa ter se relacionado\u201d.&nbsp;<\/p>\n\n\n\n<p class=\"wp-block-paragraph\">No entender do magistrado, isso confirmava que, mesmo que em outro momento a mulher tivesse de fato permitido que o companheiro soubesse a senha do celular dela, nunca houve a autoriza\u00e7\u00e3o para ele buscasse no&nbsp;aparelho informa\u00e7\u00f5es&nbsp;sobre situa\u00e7\u00e3o que a propriet\u00e1ria optou por n\u00e3o compartilhar com ele.<\/p>\n\n\n\n<p class=\"wp-block-paragraph\">Os desembargadores Jo\u00e3o Cancio e S\u00e9rgio Andr\u00e9 da Fonseca Xavier votaram de acordo com o relator.<\/p>\n\n\n\n<p class=\"wp-block-paragraph\">&#8212;&#8212;&#8212;&#8212;&#8212;&#8212;<br><br><strong>Sabia que o Aconteceu no Vale est\u00e1 tamb\u00e9m no Telegram? <a rel=\"noreferrer noopener\" href=\"https:\/\/t.me\/aconteceunovaleoficial\" target=\"_blank\">Inscreva-se no canal<\/a>.<\/strong><br><br><strong>J\u00e1 curtiu ou seguiu nossas p\u00e1ginas nas redes sociais?\u00a0Receba as not\u00edcias em primeira m\u00e3o:<\/strong><br>\u2022 <a rel=\"noreferrer noopener\" href=\"https:\/\/news.google.com\/publications\/CAAqBwgKMNjklQswi4etAw?hl=pt-BR&amp;gl=BR&amp;ceid=BR%3Apt-419\" target=\"_blank\">Google News<\/a><br>\u2022 <a rel=\"noreferrer noopener\" href=\"https:\/\/www.facebook.com\/aconteceunovale\/\" target=\"_blank\">Facebook<\/a><br>\u2022 <a rel=\"noreferrer noopener\" href=\"https:\/\/twitter.com\/noticiadosvales\" target=\"_blank\">Twitter<\/a><br>\u2022 <a rel=\"noreferrer noopener\" href=\"https:\/\/www.instagram.com\/aconteceunovale\" target=\"_blank\">Instagram<\/a><br>\u2022 <a rel=\"noreferrer noopener\" href=\"https:\/\/www.youtube.com\/AconteceunoValeOficial\" target=\"_blank\">Youtube<\/a><br>\u2022 <a rel=\"noreferrer noopener\" href=\"https:\/\/www.tiktok.com\/@aconteceunovale\" target=\"_blank\">TikTok<\/a><\/p>\n","protected":false},"excerpt":{"rendered":"<p>A 18\u00aa C\u00e2mara C\u00edvel do Tribunal de Justi\u00e7a de Minas Gerais (TJMG) manteve decis\u00e3o da Comarca de Uberl\u00e2ndia que condenou um empres\u00e1rio a indenizar a ex-namorada, por danos morais, em R$ 10 mil, devido \u00e0 invas\u00e3o do aplicativo de WhatsApp e da m\u00eddia social Instagram dela. A decis\u00e3o \u00e9 definitiva.&nbsp;&nbsp; A mulher ajuizou a\u00e7\u00e3o contra [&hellip;]<\/p>\n","protected":false},"author":4,"featured_media":74804,"comment_status":"open","ping_status":"closed","sticky":false,"template":"","format":"standard","meta":{"amp_status":"","footnotes":""},"categories":[123],"tags":[263341,1018,4611,263342,140692,263340,270,92646],"class_list":["post-190541","post","type-post","status-publish","format-standard","has-post-thumbnail","hentry","category-gerais","tag-condenacao-de-empresario-por-invasao-a-whatsapp","tag-destaque","tag-guarulhos","tag-juiz-jose-marcio-parreira","tag-justica-de-minas-gerais","tag-justica-mineira-condena-empresario-por-invasao-a-whatsapp","tag-tjmg","tag-tribunal-de-justica-de-minas-gerais"],"yoast_head":"<!-- This site is optimized with the Yoast SEO plugin v28.3 - https:\/\/yoast.com\/product\/yoast-seo-wordpress\/ -->\n<title>Justi\u00e7a mineira condena empres\u00e1rio por invas\u00e3o a WhatsApp - Aconteceu no Vale<\/title>\n<meta name=\"robots\" content=\"index, follow, max-snippet:-1, max-image-preview:large, max-video-preview:-1\" \/>\n<link rel=\"canonical\" href=\"https:\/\/aconteceunovale.com.br\/portal\/?p=190541\" \/>\n<meta property=\"og:locale\" content=\"pt_BR\" \/>\n<meta property=\"og:type\" content=\"article\" \/>\n<meta property=\"og:title\" content=\"Justi\u00e7a mineira condena empres\u00e1rio por invas\u00e3o a WhatsApp - Aconteceu no Vale\" \/>\n<meta property=\"og:description\" content=\"A 18\u00aa C\u00e2mara C\u00edvel do Tribunal de Justi\u00e7a de Minas Gerais (TJMG) manteve decis\u00e3o da Comarca de Uberl\u00e2ndia que condenou um empres\u00e1rio a indenizar a ex-namorada, por danos morais, em R$ 10 mil, devido \u00e0 invas\u00e3o do aplicativo de WhatsApp e da m\u00eddia social Instagram dela. A decis\u00e3o \u00e9 definitiva.&nbsp;&nbsp; A mulher ajuizou a\u00e7\u00e3o contra [&hellip;]\" \/>\n<meta property=\"og:url\" content=\"https:\/\/aconteceunovale.com.br\/portal\/?p=190541\" \/>\n<meta property=\"og:site_name\" content=\"Aconteceu no Vale\" \/>\n<meta property=\"article:publisher\" content=\"https:\/\/www.facebook.com\/aconteceunovale\/\" \/>\n<meta property=\"article:published_time\" content=\"2022-09-19T19:48:57+00:00\" \/>\n<meta property=\"article:modified_time\" content=\"2022-09-19T19:49:11+00:00\" \/>\n<meta property=\"og:image\" content=\"https:\/\/aconteceunovale.com.br\/portal\/wp-content\/uploads\/2015\/12\/whatsapp_desbloquear.jpg\" \/>\n\t<meta property=\"og:image:width\" content=\"678\" \/>\n\t<meta property=\"og:image:height\" content=\"331\" \/>\n\t<meta property=\"og:image:type\" content=\"image\/jpeg\" \/>\n<meta name=\"author\" content=\"Reda\u00e7\u00e3o Aconteceu no Vale\" \/>\n<meta name=\"twitter:card\" content=\"summary_large_image\" \/>\n<meta name=\"twitter:creator\" content=\"@noticiadosvales\" \/>\n<meta name=\"twitter:site\" content=\"@noticiadosvales\" \/>\n<meta name=\"twitter:label1\" content=\"Escrito por\" \/>\n\t<meta name=\"twitter:data1\" content=\"Reda\u00e7\u00e3o Aconteceu no Vale\" \/>\n\t<meta name=\"twitter:label2\" content=\"Est. tempo de leitura\" \/>\n\t<meta name=\"twitter:data2\" content=\"4 minutos\" \/>\n<script type=\"application\/ld+json\" class=\"yoast-schema-graph\">{\"@context\":\"https:\\\/\\\/schema.org\",\"@graph\":[{\"@type\":\"Article\",\"@id\":\"https:\\\/\\\/aconteceunovale.com.br\\\/portal\\\/?p=190541#article\",\"isPartOf\":{\"@id\":\"https:\\\/\\\/aconteceunovale.com.br\\\/portal\\\/?p=190541\"},\"author\":{\"name\":\"Reda\u00e7\u00e3o Aconteceu no Vale\",\"@id\":\"https:\\\/\\\/aconteceunovale.com.br\\\/portal\\\/#\\\/schema\\\/person\\\/7d2f26d1483f8a63de73da1ee0754d35\"},\"headline\":\"Justi\u00e7a mineira condena empres\u00e1rio por invas\u00e3o a WhatsApp\",\"datePublished\":\"2022-09-19T19:48:57+00:00\",\"dateModified\":\"2022-09-19T19:49:11+00:00\",\"mainEntityOfPage\":{\"@id\":\"https:\\\/\\\/aconteceunovale.com.br\\\/portal\\\/?p=190541\"},\"wordCount\":713,\"commentCount\":0,\"image\":{\"@id\":\"https:\\\/\\\/aconteceunovale.com.br\\\/portal\\\/?p=190541#primaryimage\"},\"thumbnailUrl\":\"https:\\\/\\\/aconteceunovale.com.br\\\/portal\\\/wp-content\\\/uploads\\\/2015\\\/12\\\/whatsapp_desbloquear.jpg\",\"keywords\":[\"Condena\u00e7\u00e3o de empres\u00e1rio por invas\u00e3o a WhatsApp\",\"destaque\",\"Guarulhos\",\"Juiz Jos\u00e9 M\u00e1rcio Parreira\",\"Justi\u00e7a de Minas Gerais\",\"Justi\u00e7a mineira condena empres\u00e1rio por invas\u00e3o a WhatsApp\",\"TJMG\",\"Tribunal de Justi\u00e7a de Minas Gerais\"],\"articleSection\":[\"Minas Gerais\"],\"inLanguage\":\"pt-BR\",\"potentialAction\":[{\"@type\":\"CommentAction\",\"name\":\"Comment\",\"target\":[\"https:\\\/\\\/aconteceunovale.com.br\\\/portal\\\/?p=190541#respond\"]}]},{\"@type\":\"WebPage\",\"@id\":\"https:\\\/\\\/aconteceunovale.com.br\\\/portal\\\/?p=190541\",\"url\":\"https:\\\/\\\/aconteceunovale.com.br\\\/portal\\\/?p=190541\",\"name\":\"Justi\u00e7a mineira condena empres\u00e1rio por invas\u00e3o a WhatsApp - Aconteceu no Vale\",\"isPartOf\":{\"@id\":\"https:\\\/\\\/aconteceunovale.com.br\\\/portal\\\/#website\"},\"primaryImageOfPage\":{\"@id\":\"https:\\\/\\\/aconteceunovale.com.br\\\/portal\\\/?p=190541#primaryimage\"},\"image\":{\"@id\":\"https:\\\/\\\/aconteceunovale.com.br\\\/portal\\\/?p=190541#primaryimage\"},\"thumbnailUrl\":\"https:\\\/\\\/aconteceunovale.com.br\\\/portal\\\/wp-content\\\/uploads\\\/2015\\\/12\\\/whatsapp_desbloquear.jpg\",\"datePublished\":\"2022-09-19T19:48:57+00:00\",\"dateModified\":\"2022-09-19T19:49:11+00:00\",\"author\":{\"@id\":\"https:\\\/\\\/aconteceunovale.com.br\\\/portal\\\/#\\\/schema\\\/person\\\/7d2f26d1483f8a63de73da1ee0754d35\"},\"breadcrumb\":{\"@id\":\"https:\\\/\\\/aconteceunovale.com.br\\\/portal\\\/?p=190541#breadcrumb\"},\"inLanguage\":\"pt-BR\",\"potentialAction\":[{\"@type\":\"ReadAction\",\"target\":[\"https:\\\/\\\/aconteceunovale.com.br\\\/portal\\\/?p=190541\"]}]},{\"@type\":\"ImageObject\",\"inLanguage\":\"pt-BR\",\"@id\":\"https:\\\/\\\/aconteceunovale.com.br\\\/portal\\\/?p=190541#primaryimage\",\"url\":\"https:\\\/\\\/aconteceunovale.com.br\\\/portal\\\/wp-content\\\/uploads\\\/2015\\\/12\\\/whatsapp_desbloquear.jpg\",\"contentUrl\":\"https:\\\/\\\/aconteceunovale.com.br\\\/portal\\\/wp-content\\\/uploads\\\/2015\\\/12\\\/whatsapp_desbloquear.jpg\",\"width\":678,\"height\":331},{\"@type\":\"BreadcrumbList\",\"@id\":\"https:\\\/\\\/aconteceunovale.com.br\\\/portal\\\/?p=190541#breadcrumb\",\"itemListElement\":[{\"@type\":\"ListItem\",\"position\":1,\"name\":\"In\u00edcio\",\"item\":\"https:\\\/\\\/aconteceunovale.com.br\\\/portal\\\/\"},{\"@type\":\"ListItem\",\"position\":2,\"name\":\"Justi\u00e7a mineira condena empres\u00e1rio por invas\u00e3o a WhatsApp\"}]},{\"@type\":\"WebSite\",\"@id\":\"https:\\\/\\\/aconteceunovale.com.br\\\/portal\\\/#website\",\"url\":\"https:\\\/\\\/aconteceunovale.com.br\\\/portal\\\/\",\"name\":\"Aconteceu no Vale\",\"description\":\"Portal de Not\u00edcias\",\"potentialAction\":[{\"@type\":\"SearchAction\",\"target\":{\"@type\":\"EntryPoint\",\"urlTemplate\":\"https:\\\/\\\/aconteceunovale.com.br\\\/portal\\\/?s={search_term_string}\"},\"query-input\":{\"@type\":\"PropertyValueSpecification\",\"valueRequired\":true,\"valueName\":\"search_term_string\"}}],\"inLanguage\":\"pt-BR\"},{\"@type\":\"Person\",\"@id\":\"https:\\\/\\\/aconteceunovale.com.br\\\/portal\\\/#\\\/schema\\\/person\\\/7d2f26d1483f8a63de73da1ee0754d35\",\"name\":\"Reda\u00e7\u00e3o Aconteceu no Vale\",\"description\":\"Equipe de reportagem do Aconteceu no Vale, portal de not\u00edcias do Vale do Jequitinhonha, em Minas Gerais. Cobrimos as 51 cidades do Vale desde 2013. Sugest\u00f5es de pauta e pedidos de corre\u00e7\u00e3o: contato@aconteceunovale.com.br\",\"url\":\"https:\\\/\\\/aconteceunovale.com.br\\\/portal\\\/?author=4\"}]}<\/script>\n<!-- \/ Yoast SEO plugin. -->","yoast_head_json":{"title":"Justi\u00e7a mineira condena empres\u00e1rio por invas\u00e3o a WhatsApp - Aconteceu no Vale","robots":{"index":"index","follow":"follow","max-snippet":"max-snippet:-1","max-image-preview":"max-image-preview:large","max-video-preview":"max-video-preview:-1"},"canonical":"https:\/\/aconteceunovale.com.br\/portal\/?p=190541","og_locale":"pt_BR","og_type":"article","og_title":"Justi\u00e7a mineira condena empres\u00e1rio por invas\u00e3o a WhatsApp - Aconteceu no Vale","og_description":"A 18\u00aa C\u00e2mara C\u00edvel do Tribunal de Justi\u00e7a de Minas Gerais (TJMG) manteve decis\u00e3o da Comarca de Uberl\u00e2ndia que condenou um empres\u00e1rio a indenizar a ex-namorada, por danos morais, em R$ 10 mil, devido \u00e0 invas\u00e3o do aplicativo de WhatsApp e da m\u00eddia social Instagram dela. A decis\u00e3o \u00e9 definitiva.&nbsp;&nbsp; A mulher ajuizou a\u00e7\u00e3o contra [&hellip;]","og_url":"https:\/\/aconteceunovale.com.br\/portal\/?p=190541","og_site_name":"Aconteceu no Vale","article_publisher":"https:\/\/www.facebook.com\/aconteceunovale\/","article_published_time":"2022-09-19T19:48:57+00:00","article_modified_time":"2022-09-19T19:49:11+00:00","og_image":[{"width":678,"height":331,"url":"https:\/\/aconteceunovale.com.br\/portal\/wp-content\/uploads\/2015\/12\/whatsapp_desbloquear.jpg","type":"image\/jpeg"}],"author":"Reda\u00e7\u00e3o Aconteceu no Vale","twitter_card":"summary_large_image","twitter_creator":"@noticiadosvales","twitter_site":"@noticiadosvales","twitter_misc":{"Escrito por":"Reda\u00e7\u00e3o Aconteceu no Vale","Est. tempo de leitura":"4 minutos"},"schema":{"@context":"https:\/\/schema.org","@graph":[{"@type":"Article","@id":"https:\/\/aconteceunovale.com.br\/portal\/?p=190541#article","isPartOf":{"@id":"https:\/\/aconteceunovale.com.br\/portal\/?p=190541"},"author":{"name":"Reda\u00e7\u00e3o Aconteceu no Vale","@id":"https:\/\/aconteceunovale.com.br\/portal\/#\/schema\/person\/7d2f26d1483f8a63de73da1ee0754d35"},"headline":"Justi\u00e7a mineira condena empres\u00e1rio por invas\u00e3o a WhatsApp","datePublished":"2022-09-19T19:48:57+00:00","dateModified":"2022-09-19T19:49:11+00:00","mainEntityOfPage":{"@id":"https:\/\/aconteceunovale.com.br\/portal\/?p=190541"},"wordCount":713,"commentCount":0,"image":{"@id":"https:\/\/aconteceunovale.com.br\/portal\/?p=190541#primaryimage"},"thumbnailUrl":"https:\/\/aconteceunovale.com.br\/portal\/wp-content\/uploads\/2015\/12\/whatsapp_desbloquear.jpg","keywords":["Condena\u00e7\u00e3o de empres\u00e1rio por invas\u00e3o a WhatsApp","destaque","Guarulhos","Juiz Jos\u00e9 M\u00e1rcio Parreira","Justi\u00e7a de Minas Gerais","Justi\u00e7a mineira condena empres\u00e1rio por invas\u00e3o a WhatsApp","TJMG","Tribunal de Justi\u00e7a de Minas Gerais"],"articleSection":["Minas Gerais"],"inLanguage":"pt-BR","potentialAction":[{"@type":"CommentAction","name":"Comment","target":["https:\/\/aconteceunovale.com.br\/portal\/?p=190541#respond"]}]},{"@type":"WebPage","@id":"https:\/\/aconteceunovale.com.br\/portal\/?p=190541","url":"https:\/\/aconteceunovale.com.br\/portal\/?p=190541","name":"Justi\u00e7a mineira condena empres\u00e1rio por invas\u00e3o a WhatsApp - Aconteceu no Vale","isPartOf":{"@id":"https:\/\/aconteceunovale.com.br\/portal\/#website"},"primaryImageOfPage":{"@id":"https:\/\/aconteceunovale.com.br\/portal\/?p=190541#primaryimage"},"image":{"@id":"https:\/\/aconteceunovale.com.br\/portal\/?p=190541#primaryimage"},"thumbnailUrl":"https:\/\/aconteceunovale.com.br\/portal\/wp-content\/uploads\/2015\/12\/whatsapp_desbloquear.jpg","datePublished":"2022-09-19T19:48:57+00:00","dateModified":"2022-09-19T19:49:11+00:00","author":{"@id":"https:\/\/aconteceunovale.com.br\/portal\/#\/schema\/person\/7d2f26d1483f8a63de73da1ee0754d35"},"breadcrumb":{"@id":"https:\/\/aconteceunovale.com.br\/portal\/?p=190541#breadcrumb"},"inLanguage":"pt-BR","potentialAction":[{"@type":"ReadAction","target":["https:\/\/aconteceunovale.com.br\/portal\/?p=190541"]}]},{"@type":"ImageObject","inLanguage":"pt-BR","@id":"https:\/\/aconteceunovale.com.br\/portal\/?p=190541#primaryimage","url":"https:\/\/aconteceunovale.com.br\/portal\/wp-content\/uploads\/2015\/12\/whatsapp_desbloquear.jpg","contentUrl":"https:\/\/aconteceunovale.com.br\/portal\/wp-content\/uploads\/2015\/12\/whatsapp_desbloquear.jpg","width":678,"height":331},{"@type":"BreadcrumbList","@id":"https:\/\/aconteceunovale.com.br\/portal\/?p=190541#breadcrumb","itemListElement":[{"@type":"ListItem","position":1,"name":"In\u00edcio","item":"https:\/\/aconteceunovale.com.br\/portal\/"},{"@type":"ListItem","position":2,"name":"Justi\u00e7a mineira condena empres\u00e1rio por invas\u00e3o a WhatsApp"}]},{"@type":"WebSite","@id":"https:\/\/aconteceunovale.com.br\/portal\/#website","url":"https:\/\/aconteceunovale.com.br\/portal\/","name":"Aconteceu no Vale","description":"Portal de Not\u00edcias","potentialAction":[{"@type":"SearchAction","target":{"@type":"EntryPoint","urlTemplate":"https:\/\/aconteceunovale.com.br\/portal\/?s={search_term_string}"},"query-input":{"@type":"PropertyValueSpecification","valueRequired":true,"valueName":"search_term_string"}}],"inLanguage":"pt-BR"},{"@type":"Person","@id":"https:\/\/aconteceunovale.com.br\/portal\/#\/schema\/person\/7d2f26d1483f8a63de73da1ee0754d35","name":"Reda\u00e7\u00e3o Aconteceu no Vale","description":"Equipe de reportagem do Aconteceu no Vale, portal de not\u00edcias do Vale do Jequitinhonha, em Minas Gerais. Cobrimos as 51 cidades do Vale desde 2013. Sugest\u00f5es de pauta e pedidos de corre\u00e7\u00e3o: contato@aconteceunovale.com.br","url":"https:\/\/aconteceunovale.com.br\/portal\/?author=4"}]}},"_links":{"self":[{"href":"https:\/\/aconteceunovale.com.br\/portal\/index.php?rest_route=\/wp\/v2\/posts\/190541","targetHints":{"allow":["GET"]}}],"collection":[{"href":"https:\/\/aconteceunovale.com.br\/portal\/index.php?rest_route=\/wp\/v2\/posts"}],"about":[{"href":"https:\/\/aconteceunovale.com.br\/portal\/index.php?rest_route=\/wp\/v2\/types\/post"}],"author":[{"embeddable":true,"href":"https:\/\/aconteceunovale.com.br\/portal\/index.php?rest_route=\/wp\/v2\/users\/4"}],"replies":[{"embeddable":true,"href":"https:\/\/aconteceunovale.com.br\/portal\/index.php?rest_route=%2Fwp%2Fv2%2Fcomments&post=190541"}],"version-history":[{"count":1,"href":"https:\/\/aconteceunovale.com.br\/portal\/index.php?rest_route=\/wp\/v2\/posts\/190541\/revisions"}],"predecessor-version":[{"id":190542,"href":"https:\/\/aconteceunovale.com.br\/portal\/index.php?rest_route=\/wp\/v2\/posts\/190541\/revisions\/190542"}],"wp:featuredmedia":[{"embeddable":true,"href":"https:\/\/aconteceunovale.com.br\/portal\/index.php?rest_route=\/wp\/v2\/media\/74804"}],"wp:attachment":[{"href":"https:\/\/aconteceunovale.com.br\/portal\/index.php?rest_route=%2Fwp%2Fv2%2Fmedia&parent=190541"}],"wp:term":[{"taxonomy":"category","embeddable":true,"href":"https:\/\/aconteceunovale.com.br\/portal\/index.php?rest_route=%2Fwp%2Fv2%2Fcategories&post=190541"},{"taxonomy":"post_tag","embeddable":true,"href":"https:\/\/aconteceunovale.com.br\/portal\/index.php?rest_route=%2Fwp%2Fv2%2Ftags&post=190541"}],"curies":[{"name":"wp","href":"https:\/\/api.w.org\/{rel}","templated":true}]}}