{"id":190533,"date":"2022-09-17T20:35:10","date_gmt":"2022-09-17T23:35:10","guid":{"rendered":"https:\/\/aconteceunovale.com.br\/portal\/?p=190533"},"modified":"2022-09-17T20:35:58","modified_gmt":"2022-09-17T23:35:58","slug":"rodrigo-pacheco-assume-a-presidencia-da-republica","status":"publish","type":"post","link":"https:\/\/aconteceunovale.com.br\/portal\/?p=190533","title":{"rendered":"Rodrigo Pacheco assume a Presid\u00eancia da Rep\u00fablica"},"content":{"rendered":"\n<p class=\"wp-block-paragraph\">O presidente do Congresso Nacional, senador Rodrigo Pacheco (PSD-MG), assumiu a Presid\u00eancia da Rep\u00fablica em virtude de viagens internacionais de Jair Bolsonaro e do vice-presidente, Hamilton Mor\u00e3o. Terceiro na linha de sucess\u00e3o presidencial, \u00e9 a terceira vez que o congressista assume o cargo.<\/p>\n\n\n\n<figure class=\"wp-block-gallery has-nested-images columns-default is-cropped wp-block-gallery-1 is-layout-flex wp-block-gallery-is-layout-flex\">\n<figure class=\"wp-block-image size-large\"><img loading=\"lazy\" decoding=\"async\" width=\"678\" height=\"406\" data-id=\"190534\" src=\"https:\/\/aconteceunovale.com.br\/portal\/wp-content\/uploads\/2022\/09\/pacheco.jpg\" alt=\"\" class=\"wp-image-190534\" srcset=\"https:\/\/aconteceunovale.com.br\/portal\/wp-content\/uploads\/2022\/09\/pacheco.jpg 678w, https:\/\/aconteceunovale.com.br\/portal\/wp-content\/uploads\/2022\/09\/pacheco-300x180.jpg 300w\" sizes=\"auto, (max-width: 678px) 100vw, 678px\" \/><figcaption><em><sub>Foto: Pedro Gontijo\/Ag\u00eancia Senado<\/sub><\/em><\/figcaption><\/figure>\n<\/figure>\n\n\n\n<p class=\"wp-block-paragraph\">O presidente Jair Bolsonaro viajou neste\u00a0s\u00e1bado\u00a0(17) para participar do funeral da rainha Elizabeth II, em Londres, no Reino Unido. A cerim\u00f4nia ser\u00e1 realizada na pr\u00f3xima\u00a0segunda-feira (19).<\/p>\n\n\n\n<p class=\"wp-block-paragraph\">J\u00e1 o vice-presidente, Hamilton Mour\u00e3o, viajou para Lima, no Peru, neste\u00a0s\u00e1bado. Ele fica no pa\u00eds at\u00e9 o dia 20. O segundo na linha de sucess\u00e3o, presidente da C\u00e2mara, Arthur Lira (PP-AL) foi para Nova York, nos Estados Unidos.<\/p>\n\n\n\n<p class=\"wp-block-paragraph\">O senador Veneziano Vital do R\u00eago (MDB-PB) responde pela Presid\u00eancia do Senado, neste per\u00edodo.&nbsp;De acordo com a legisla\u00e7\u00e3o, candidatos n\u00e3o podem assumir o posto de presidente da Rep\u00fablica nos seis meses anteriores ao pleito. Hamilton Mour\u00e3o disputa uma vaga no Senado, pelo Rio Grande do Sul, e Arthur Lira tenta a reelei\u00e7\u00e3o ao cargo de deputado federal.<\/p>\n\n\n\n<h2 class=\"wp-block-heading\">Agenda<\/h2>\n\n\n\n<p class=\"wp-block-paragraph\">Lira vai participar de evento da\u00a0ONU\u00a0e\u00a0retorna ao Brasil com a comitiva presidencial. J\u00e1 o vice-presidente Hamilton Mour\u00e3o viajou ao Peru no fim da tarde deste s\u00e1bado (17) e, no domingo\u00a0(18), deve se encontrar com o presidente Pedro Castillo. A agenda em Lima tamb\u00e9m deve ter uma reuni\u00e3o com a vice-presidente peruana, Dina Boluarte. No pa\u00eds vizinho o vice-presidente vai ainda participar da Expoalimentaria Per\u00fa 2022. A\u00a0feira de insumos aliment\u00edcios ter\u00e1 produtores brasileiros.<\/p>\n\n\n\n<p class=\"wp-block-paragraph\">&#8212;&#8212;&#8212;&#8212;&#8212;&#8212;<br><br><strong>Sabia que o Aconteceu no Vale est\u00e1 tamb\u00e9m no Telegram? <a rel=\"noreferrer noopener\" href=\"https:\/\/t.me\/aconteceunovaleoficial\" target=\"_blank\">Inscreva-se no canal<\/a>.<\/strong><br><br><strong>J\u00e1 curtiu ou seguiu nossas p\u00e1ginas nas redes sociais?\u00a0Receba as not\u00edcias em primeira m\u00e3o:<\/strong><br>\u2022 <a rel=\"noreferrer noopener\" href=\"https:\/\/news.google.com\/publications\/CAAqBwgKMNjklQswi4etAw?hl=pt-BR&amp;gl=BR&amp;ceid=BR%3Apt-419\" target=\"_blank\">Google News<\/a><br>\u2022 <a rel=\"noreferrer noopener\" href=\"https:\/\/www.facebook.com\/aconteceunovale\/\" target=\"_blank\">Facebook<\/a><br>\u2022 <a rel=\"noreferrer noopener\" href=\"https:\/\/twitter.com\/noticiadosvales\" target=\"_blank\">Twitter<\/a><br>\u2022 <a rel=\"noreferrer noopener\" href=\"https:\/\/www.instagram.com\/aconteceunovale\" target=\"_blank\">Instagram<\/a><br>\u2022 <a rel=\"noreferrer noopener\" href=\"https:\/\/www.youtube.com\/AconteceunoValeOficial\" target=\"_blank\">Youtube<\/a><br>\u2022 <a rel=\"noreferrer noopener\" href=\"https:\/\/www.tiktok.com\/@aconteceunovale\" target=\"_blank\">TikTok<\/a><\/p>\n","protected":false},"excerpt":{"rendered":"<p>O presidente do Congresso Nacional, senador Rodrigo Pacheco (PSD-MG), assumiu a Presid\u00eancia da Rep\u00fablica em virtude de viagens internacionais de Jair Bolsonaro e do vice-presidente, Hamilton Mor\u00e3o. Terceiro na linha de sucess\u00e3o presidencial, \u00e9 a terceira vez que o congressista assume o cargo. O presidente Jair Bolsonaro viajou neste\u00a0s\u00e1bado\u00a0(17) para participar do funeral da rainha [&hellip;]<\/p>\n","protected":false},"author":4,"featured_media":190534,"comment_status":"open","ping_status":"closed","sticky":false,"template":"","format":"standard","meta":{"amp_status":"","footnotes":""},"categories":[6,28848,40240],"tags":[235961,1018,177538,26436,205979,263335,41221,263334,263336,213044],"class_list":["post-190533","post","type-post","status-publish","format-standard","has-post-thumbnail","hentry","category-br","category-mundo","category-politica","tag-arthur-lira","tag-destaque","tag-hamilton-mourao","tag-jair-bolsonaro","tag-presidente-do-brasil","tag-presidente-rodrigo-pacheco","tag-rodrigo-pacheco","tag-rodrigo-pacheco-assume-a-presidencia-da-republica","tag-rodrigo-pacheco-presidente-do-brasil","tag-senador-rodrigo-pacheco"],"yoast_head":"<!-- This site is optimized with the Yoast SEO plugin v28.3 - https:\/\/yoast.com\/product\/yoast-seo-wordpress\/ -->\n<title>Rodrigo Pacheco assume a Presid\u00eancia da Rep\u00fablica - Aconteceu no Vale<\/title>\n<meta name=\"robots\" content=\"index, follow, max-snippet:-1, max-image-preview:large, max-video-preview:-1\" \/>\n<link rel=\"canonical\" href=\"https:\/\/aconteceunovale.com.br\/portal\/?p=190533\" \/>\n<meta property=\"og:locale\" content=\"pt_BR\" \/>\n<meta property=\"og:type\" content=\"article\" \/>\n<meta property=\"og:title\" content=\"Rodrigo Pacheco assume a Presid\u00eancia da Rep\u00fablica - Aconteceu no Vale\" \/>\n<meta property=\"og:description\" content=\"O presidente do Congresso Nacional, senador Rodrigo Pacheco (PSD-MG), assumiu a Presid\u00eancia da Rep\u00fablica em virtude de viagens internacionais de Jair Bolsonaro e do vice-presidente, Hamilton Mor\u00e3o. Terceiro na linha de sucess\u00e3o presidencial, \u00e9 a terceira vez que o congressista assume o cargo. O presidente Jair Bolsonaro viajou neste\u00a0s\u00e1bado\u00a0(17) para participar do funeral da rainha [&hellip;]\" \/>\n<meta property=\"og:url\" content=\"https:\/\/aconteceunovale.com.br\/portal\/?p=190533\" \/>\n<meta property=\"og:site_name\" content=\"Aconteceu no Vale\" \/>\n<meta property=\"article:publisher\" content=\"https:\/\/www.facebook.com\/aconteceunovale\/\" \/>\n<meta property=\"article:published_time\" content=\"2022-09-17T23:35:10+00:00\" \/>\n<meta property=\"article:modified_time\" content=\"2022-09-17T23:35:58+00:00\" \/>\n<meta property=\"og:image\" content=\"https:\/\/aconteceunovale.com.br\/portal\/wp-content\/uploads\/2022\/09\/pacheco.jpg\" \/>\n\t<meta property=\"og:image:width\" content=\"678\" \/>\n\t<meta property=\"og:image:height\" content=\"406\" \/>\n\t<meta property=\"og:image:type\" content=\"image\/jpeg\" \/>\n<meta name=\"author\" content=\"Reda\u00e7\u00e3o Aconteceu no Vale\" \/>\n<meta name=\"twitter:card\" content=\"summary_large_image\" \/>\n<meta name=\"twitter:creator\" content=\"@noticiadosvales\" \/>\n<meta name=\"twitter:site\" content=\"@noticiadosvales\" \/>\n<meta name=\"twitter:label1\" content=\"Escrito por\" \/>\n\t<meta name=\"twitter:data1\" content=\"Reda\u00e7\u00e3o Aconteceu no Vale\" \/>\n\t<meta name=\"twitter:label2\" content=\"Est. tempo de leitura\" \/>\n\t<meta name=\"twitter:data2\" content=\"2 minutos\" \/>\n<script type=\"application\/ld+json\" class=\"yoast-schema-graph\">{\"@context\":\"https:\\\/\\\/schema.org\",\"@graph\":[{\"@type\":\"Article\",\"@id\":\"https:\\\/\\\/aconteceunovale.com.br\\\/portal\\\/?p=190533#article\",\"isPartOf\":{\"@id\":\"https:\\\/\\\/aconteceunovale.com.br\\\/portal\\\/?p=190533\"},\"author\":{\"name\":\"Reda\u00e7\u00e3o Aconteceu no Vale\",\"@id\":\"https:\\\/\\\/aconteceunovale.com.br\\\/portal\\\/#\\\/schema\\\/person\\\/7d2f26d1483f8a63de73da1ee0754d35\"},\"headline\":\"Rodrigo Pacheco assume a Presid\u00eancia da Rep\u00fablica\",\"datePublished\":\"2022-09-17T23:35:10+00:00\",\"dateModified\":\"2022-09-17T23:35:58+00:00\",\"mainEntityOfPage\":{\"@id\":\"https:\\\/\\\/aconteceunovale.com.br\\\/portal\\\/?p=190533\"},\"wordCount\":322,\"commentCount\":0,\"image\":{\"@id\":\"https:\\\/\\\/aconteceunovale.com.br\\\/portal\\\/?p=190533#primaryimage\"},\"thumbnailUrl\":\"https:\\\/\\\/aconteceunovale.com.br\\\/portal\\\/wp-content\\\/uploads\\\/2022\\\/09\\\/pacheco.jpg\",\"keywords\":[\"Arthur Lira\",\"destaque\",\"Hamilton Mour\u00e3o\",\"Jair Bolsonaro\",\"Presidente do Brasil\",\"Presidente Rodrigo Pacheco\",\"Rodrigo Pacheco\",\"Rodrigo Pacheco assume a Presid\u00eancia da Rep\u00fablica\",\"Rodrigo Pacheco presidente do Brasil\",\"Senador Rodrigo Pacheco\"],\"articleSection\":[\"Brasil\",\"Mundo\",\"Pol\u00edtica\"],\"inLanguage\":\"pt-BR\",\"potentialAction\":[{\"@type\":\"CommentAction\",\"name\":\"Comment\",\"target\":[\"https:\\\/\\\/aconteceunovale.com.br\\\/portal\\\/?p=190533#respond\"]}]},{\"@type\":\"WebPage\",\"@id\":\"https:\\\/\\\/aconteceunovale.com.br\\\/portal\\\/?p=190533\",\"url\":\"https:\\\/\\\/aconteceunovale.com.br\\\/portal\\\/?p=190533\",\"name\":\"Rodrigo Pacheco assume a Presid\u00eancia da Rep\u00fablica - Aconteceu no Vale\",\"isPartOf\":{\"@id\":\"https:\\\/\\\/aconteceunovale.com.br\\\/portal\\\/#website\"},\"primaryImageOfPage\":{\"@id\":\"https:\\\/\\\/aconteceunovale.com.br\\\/portal\\\/?p=190533#primaryimage\"},\"image\":{\"@id\":\"https:\\\/\\\/aconteceunovale.com.br\\\/portal\\\/?p=190533#primaryimage\"},\"thumbnailUrl\":\"https:\\\/\\\/aconteceunovale.com.br\\\/portal\\\/wp-content\\\/uploads\\\/2022\\\/09\\\/pacheco.jpg\",\"datePublished\":\"2022-09-17T23:35:10+00:00\",\"dateModified\":\"2022-09-17T23:35:58+00:00\",\"author\":{\"@id\":\"https:\\\/\\\/aconteceunovale.com.br\\\/portal\\\/#\\\/schema\\\/person\\\/7d2f26d1483f8a63de73da1ee0754d35\"},\"breadcrumb\":{\"@id\":\"https:\\\/\\\/aconteceunovale.com.br\\\/portal\\\/?p=190533#breadcrumb\"},\"inLanguage\":\"pt-BR\",\"potentialAction\":[{\"@type\":\"ReadAction\",\"target\":[\"https:\\\/\\\/aconteceunovale.com.br\\\/portal\\\/?p=190533\"]}]},{\"@type\":\"ImageObject\",\"inLanguage\":\"pt-BR\",\"@id\":\"https:\\\/\\\/aconteceunovale.com.br\\\/portal\\\/?p=190533#primaryimage\",\"url\":\"https:\\\/\\\/aconteceunovale.com.br\\\/portal\\\/wp-content\\\/uploads\\\/2022\\\/09\\\/pacheco.jpg\",\"contentUrl\":\"https:\\\/\\\/aconteceunovale.com.br\\\/portal\\\/wp-content\\\/uploads\\\/2022\\\/09\\\/pacheco.jpg\",\"width\":678,\"height\":406,\"caption\":\"PEDRO GONTIJO\\\/SENADO FEDERAL\"},{\"@type\":\"BreadcrumbList\",\"@id\":\"https:\\\/\\\/aconteceunovale.com.br\\\/portal\\\/?p=190533#breadcrumb\",\"itemListElement\":[{\"@type\":\"ListItem\",\"position\":1,\"name\":\"In\u00edcio\",\"item\":\"https:\\\/\\\/aconteceunovale.com.br\\\/portal\\\/\"},{\"@type\":\"ListItem\",\"position\":2,\"name\":\"Rodrigo Pacheco assume a Presid\u00eancia da Rep\u00fablica\"}]},{\"@type\":\"WebSite\",\"@id\":\"https:\\\/\\\/aconteceunovale.com.br\\\/portal\\\/#website\",\"url\":\"https:\\\/\\\/aconteceunovale.com.br\\\/portal\\\/\",\"name\":\"Aconteceu no Vale\",\"description\":\"Portal de Not\u00edcias\",\"potentialAction\":[{\"@type\":\"SearchAction\",\"target\":{\"@type\":\"EntryPoint\",\"urlTemplate\":\"https:\\\/\\\/aconteceunovale.com.br\\\/portal\\\/?s={search_term_string}\"},\"query-input\":{\"@type\":\"PropertyValueSpecification\",\"valueRequired\":true,\"valueName\":\"search_term_string\"}}],\"inLanguage\":\"pt-BR\"},{\"@type\":\"Person\",\"@id\":\"https:\\\/\\\/aconteceunovale.com.br\\\/portal\\\/#\\\/schema\\\/person\\\/7d2f26d1483f8a63de73da1ee0754d35\",\"name\":\"Reda\u00e7\u00e3o Aconteceu no Vale\",\"description\":\"Equipe de reportagem do Aconteceu no Vale, portal de not\u00edcias do Vale do Jequitinhonha, em Minas Gerais. Cobrimos as 51 cidades do Vale desde 2013. Sugest\u00f5es de pauta e pedidos de corre\u00e7\u00e3o: contato@aconteceunovale.com.br\",\"url\":\"https:\\\/\\\/aconteceunovale.com.br\\\/portal\\\/?author=4\"}]}<\/script>\n<!-- \/ Yoast SEO plugin. -->","yoast_head_json":{"title":"Rodrigo Pacheco assume a Presid\u00eancia da Rep\u00fablica - Aconteceu no Vale","robots":{"index":"index","follow":"follow","max-snippet":"max-snippet:-1","max-image-preview":"max-image-preview:large","max-video-preview":"max-video-preview:-1"},"canonical":"https:\/\/aconteceunovale.com.br\/portal\/?p=190533","og_locale":"pt_BR","og_type":"article","og_title":"Rodrigo Pacheco assume a Presid\u00eancia da Rep\u00fablica - Aconteceu no Vale","og_description":"O presidente do Congresso Nacional, senador Rodrigo Pacheco (PSD-MG), assumiu a Presid\u00eancia da Rep\u00fablica em virtude de viagens internacionais de Jair Bolsonaro e do vice-presidente, Hamilton Mor\u00e3o. Terceiro na linha de sucess\u00e3o presidencial, \u00e9 a terceira vez que o congressista assume o cargo. O presidente Jair Bolsonaro viajou neste\u00a0s\u00e1bado\u00a0(17) para participar do funeral da rainha [&hellip;]","og_url":"https:\/\/aconteceunovale.com.br\/portal\/?p=190533","og_site_name":"Aconteceu no Vale","article_publisher":"https:\/\/www.facebook.com\/aconteceunovale\/","article_published_time":"2022-09-17T23:35:10+00:00","article_modified_time":"2022-09-17T23:35:58+00:00","og_image":[{"width":678,"height":406,"url":"https:\/\/aconteceunovale.com.br\/portal\/wp-content\/uploads\/2022\/09\/pacheco.jpg","type":"image\/jpeg"}],"author":"Reda\u00e7\u00e3o Aconteceu no Vale","twitter_card":"summary_large_image","twitter_creator":"@noticiadosvales","twitter_site":"@noticiadosvales","twitter_misc":{"Escrito por":"Reda\u00e7\u00e3o Aconteceu no Vale","Est. tempo de leitura":"2 minutos"},"schema":{"@context":"https:\/\/schema.org","@graph":[{"@type":"Article","@id":"https:\/\/aconteceunovale.com.br\/portal\/?p=190533#article","isPartOf":{"@id":"https:\/\/aconteceunovale.com.br\/portal\/?p=190533"},"author":{"name":"Reda\u00e7\u00e3o Aconteceu no Vale","@id":"https:\/\/aconteceunovale.com.br\/portal\/#\/schema\/person\/7d2f26d1483f8a63de73da1ee0754d35"},"headline":"Rodrigo Pacheco assume a Presid\u00eancia da Rep\u00fablica","datePublished":"2022-09-17T23:35:10+00:00","dateModified":"2022-09-17T23:35:58+00:00","mainEntityOfPage":{"@id":"https:\/\/aconteceunovale.com.br\/portal\/?p=190533"},"wordCount":322,"commentCount":0,"image":{"@id":"https:\/\/aconteceunovale.com.br\/portal\/?p=190533#primaryimage"},"thumbnailUrl":"https:\/\/aconteceunovale.com.br\/portal\/wp-content\/uploads\/2022\/09\/pacheco.jpg","keywords":["Arthur Lira","destaque","Hamilton Mour\u00e3o","Jair Bolsonaro","Presidente do Brasil","Presidente Rodrigo Pacheco","Rodrigo Pacheco","Rodrigo Pacheco assume a Presid\u00eancia da Rep\u00fablica","Rodrigo Pacheco presidente do Brasil","Senador Rodrigo Pacheco"],"articleSection":["Brasil","Mundo","Pol\u00edtica"],"inLanguage":"pt-BR","potentialAction":[{"@type":"CommentAction","name":"Comment","target":["https:\/\/aconteceunovale.com.br\/portal\/?p=190533#respond"]}]},{"@type":"WebPage","@id":"https:\/\/aconteceunovale.com.br\/portal\/?p=190533","url":"https:\/\/aconteceunovale.com.br\/portal\/?p=190533","name":"Rodrigo Pacheco assume a Presid\u00eancia da Rep\u00fablica - Aconteceu no Vale","isPartOf":{"@id":"https:\/\/aconteceunovale.com.br\/portal\/#website"},"primaryImageOfPage":{"@id":"https:\/\/aconteceunovale.com.br\/portal\/?p=190533#primaryimage"},"image":{"@id":"https:\/\/aconteceunovale.com.br\/portal\/?p=190533#primaryimage"},"thumbnailUrl":"https:\/\/aconteceunovale.com.br\/portal\/wp-content\/uploads\/2022\/09\/pacheco.jpg","datePublished":"2022-09-17T23:35:10+00:00","dateModified":"2022-09-17T23:35:58+00:00","author":{"@id":"https:\/\/aconteceunovale.com.br\/portal\/#\/schema\/person\/7d2f26d1483f8a63de73da1ee0754d35"},"breadcrumb":{"@id":"https:\/\/aconteceunovale.com.br\/portal\/?p=190533#breadcrumb"},"inLanguage":"pt-BR","potentialAction":[{"@type":"ReadAction","target":["https:\/\/aconteceunovale.com.br\/portal\/?p=190533"]}]},{"@type":"ImageObject","inLanguage":"pt-BR","@id":"https:\/\/aconteceunovale.com.br\/portal\/?p=190533#primaryimage","url":"https:\/\/aconteceunovale.com.br\/portal\/wp-content\/uploads\/2022\/09\/pacheco.jpg","contentUrl":"https:\/\/aconteceunovale.com.br\/portal\/wp-content\/uploads\/2022\/09\/pacheco.jpg","width":678,"height":406,"caption":"PEDRO GONTIJO\/SENADO FEDERAL"},{"@type":"BreadcrumbList","@id":"https:\/\/aconteceunovale.com.br\/portal\/?p=190533#breadcrumb","itemListElement":[{"@type":"ListItem","position":1,"name":"In\u00edcio","item":"https:\/\/aconteceunovale.com.br\/portal\/"},{"@type":"ListItem","position":2,"name":"Rodrigo Pacheco assume a Presid\u00eancia da Rep\u00fablica"}]},{"@type":"WebSite","@id":"https:\/\/aconteceunovale.com.br\/portal\/#website","url":"https:\/\/aconteceunovale.com.br\/portal\/","name":"Aconteceu no Vale","description":"Portal de Not\u00edcias","potentialAction":[{"@type":"SearchAction","target":{"@type":"EntryPoint","urlTemplate":"https:\/\/aconteceunovale.com.br\/portal\/?s={search_term_string}"},"query-input":{"@type":"PropertyValueSpecification","valueRequired":true,"valueName":"search_term_string"}}],"inLanguage":"pt-BR"},{"@type":"Person","@id":"https:\/\/aconteceunovale.com.br\/portal\/#\/schema\/person\/7d2f26d1483f8a63de73da1ee0754d35","name":"Reda\u00e7\u00e3o Aconteceu no Vale","description":"Equipe de reportagem do Aconteceu no Vale, portal de not\u00edcias do Vale do Jequitinhonha, em Minas Gerais. Cobrimos as 51 cidades do Vale desde 2013. Sugest\u00f5es de pauta e pedidos de corre\u00e7\u00e3o: contato@aconteceunovale.com.br","url":"https:\/\/aconteceunovale.com.br\/portal\/?author=4"}]}},"_links":{"self":[{"href":"https:\/\/aconteceunovale.com.br\/portal\/index.php?rest_route=\/wp\/v2\/posts\/190533","targetHints":{"allow":["GET"]}}],"collection":[{"href":"https:\/\/aconteceunovale.com.br\/portal\/index.php?rest_route=\/wp\/v2\/posts"}],"about":[{"href":"https:\/\/aconteceunovale.com.br\/portal\/index.php?rest_route=\/wp\/v2\/types\/post"}],"author":[{"embeddable":true,"href":"https:\/\/aconteceunovale.com.br\/portal\/index.php?rest_route=\/wp\/v2\/users\/4"}],"replies":[{"embeddable":true,"href":"https:\/\/aconteceunovale.com.br\/portal\/index.php?rest_route=%2Fwp%2Fv2%2Fcomments&post=190533"}],"version-history":[{"count":1,"href":"https:\/\/aconteceunovale.com.br\/portal\/index.php?rest_route=\/wp\/v2\/posts\/190533\/revisions"}],"predecessor-version":[{"id":190535,"href":"https:\/\/aconteceunovale.com.br\/portal\/index.php?rest_route=\/wp\/v2\/posts\/190533\/revisions\/190535"}],"wp:featuredmedia":[{"embeddable":true,"href":"https:\/\/aconteceunovale.com.br\/portal\/index.php?rest_route=\/wp\/v2\/media\/190534"}],"wp:attachment":[{"href":"https:\/\/aconteceunovale.com.br\/portal\/index.php?rest_route=%2Fwp%2Fv2%2Fmedia&parent=190533"}],"wp:term":[{"taxonomy":"category","embeddable":true,"href":"https:\/\/aconteceunovale.com.br\/portal\/index.php?rest_route=%2Fwp%2Fv2%2Fcategories&post=190533"},{"taxonomy":"post_tag","embeddable":true,"href":"https:\/\/aconteceunovale.com.br\/portal\/index.php?rest_route=%2Fwp%2Fv2%2Ftags&post=190533"}],"curies":[{"name":"wp","href":"https:\/\/api.w.org\/{rel}","templated":true}]}}