{"id":190529,"date":"2022-09-17T19:29:22","date_gmt":"2022-09-17T22:29:22","guid":{"rendered":"https:\/\/aconteceunovale.com.br\/portal\/?p=190529"},"modified":"2022-09-17T19:29:55","modified_gmt":"2022-09-17T22:29:55","slug":"nenhum-candidato-podera-ser-preso-a-partir-deste-sabado","status":"publish","type":"post","link":"https:\/\/aconteceunovale.com.br\/portal\/?p=190529","title":{"rendered":"Nenhum candidato poder\u00e1 ser preso a partir deste s\u00e1bado"},"content":{"rendered":"\n<p class=\"wp-block-paragraph\">A partir deste s\u00e1bado (17), nenhum candidato a cargos eletivos nas elei\u00e7\u00f5es deste ano poder\u00e1 ser detido ou preso, a menos que seja em flagrante delito. A regra est\u00e1 prevista no C\u00f3digo Eleitoral e no\u00a0calend\u00e1rio eleitoral de 2022\u00a0aprovado pelo do Tribunal Superior Eleitoral (TSE). A medida vale at\u00e9 48 horas ap\u00f3s o encerramento do pleito, marcado para 2 de outubro.<\/p>\n\n\n\n<p class=\"wp-block-paragraph\">Por meio dessas regras, a Justi\u00e7a Eleitoral busca evitar que abusos sejam cometidos no per\u00edodo, em especial, persegui\u00e7\u00f5es pol\u00edticas que resultem no afastamento de candidatos de suas campanhas, ou mesmo a provoca\u00e7\u00e3o de repercuss\u00f5es negativas contra advers\u00e1rios pol\u00edticos.<\/p>\n\n\n\n<p class=\"wp-block-paragraph\">De acordo com o Art. 236 do C\u00f3digo Eleitoral, membros das mesas receptoras e fiscais de partido tamb\u00e9m n\u00e3o poder\u00e3o ser detidos ou presos durante o exerc\u00edcio de suas fun\u00e7\u00f5es, \u201csalvo o caso de flagrante delito\u201d.<\/p>\n\n\n\n<p class=\"wp-block-paragraph\">Ainda segundo a legisla\u00e7\u00e3o, nenhuma autoridade poder\u00e1, desde 5 dias antes e at\u00e9 48 horas ap\u00f3s o encerramento da elei\u00e7\u00e3o, \u201cprender ou deter qualquer eleitor, salvo em flagrante delito ou em virtude de senten\u00e7a criminal condenat\u00f3ria por crime inafian\u00e7\u00e1vel, ou, ainda, por desrespeito a salvo-conduto\u201d.<\/p>\n\n\n\n<p class=\"wp-block-paragraph\">Caso ocorra \u201cqualquer pris\u00e3o\u201d, o detido dever\u00e1 ser imediatamente conduzido \u00e0 presen\u00e7a do juiz competente. Caso o juiz verifique a ilegalidade da deten\u00e7\u00e3o, caber\u00e1 a ele relaxar a pris\u00e3o e responsabilizar eventuais coautores da pris\u00e3o.<\/p>\n\n\n\n<p class=\"wp-block-paragraph\">&#8212;&#8212;&#8212;&#8212;&#8212;&#8212;<br><br><strong>Sabia que o Aconteceu no Vale est\u00e1 tamb\u00e9m no Telegram? <a rel=\"noreferrer noopener\" href=\"https:\/\/t.me\/aconteceunovaleoficial\" target=\"_blank\">Inscreva-se no canal<\/a>.<\/strong><br><br><strong>J\u00e1 curtiu ou seguiu nossas p\u00e1ginas nas redes sociais?\u00a0Receba as not\u00edcias em primeira m\u00e3o:<\/strong><br>\u2022 <a rel=\"noreferrer noopener\" href=\"https:\/\/news.google.com\/publications\/CAAqBwgKMNjklQswi4etAw?hl=pt-BR&amp;gl=BR&amp;ceid=BR%3Apt-419\" target=\"_blank\">Google News<\/a><br>\u2022 <a rel=\"noreferrer noopener\" href=\"https:\/\/www.facebook.com\/aconteceunovale\/\" target=\"_blank\">Facebook<\/a><br>\u2022 <a rel=\"noreferrer noopener\" href=\"https:\/\/twitter.com\/noticiadosvales\" target=\"_blank\">Twitter<\/a><br>\u2022 <a rel=\"noreferrer noopener\" href=\"https:\/\/www.instagram.com\/aconteceunovale\" target=\"_blank\">Instagram<\/a><br>\u2022 <a rel=\"noreferrer noopener\" href=\"https:\/\/www.youtube.com\/AconteceunoValeOficial\" target=\"_blank\">Youtube<\/a><br>\u2022 <a rel=\"noreferrer noopener\" href=\"https:\/\/www.tiktok.com\/@aconteceunovale\" target=\"_blank\">TikTok<\/a><\/p>\n","protected":false},"excerpt":{"rendered":"<p>A partir deste s\u00e1bado (17), nenhum candidato a cargos eletivos nas elei\u00e7\u00f5es deste ano poder\u00e1 ser detido ou preso, a menos que seja em flagrante delito. A regra est\u00e1 prevista no C\u00f3digo Eleitoral e no\u00a0calend\u00e1rio eleitoral de 2022\u00a0aprovado pelo do Tribunal Superior Eleitoral (TSE). A medida vale at\u00e9 48 horas ap\u00f3s o encerramento do pleito, [&hellip;]<\/p>\n","protected":false},"author":4,"featured_media":95688,"comment_status":"open","ping_status":"closed","sticky":false,"template":"","format":"standard","meta":{"amp_status":"","footnotes":""},"categories":[6,249933,40240],"tags":[101563,72416,1018,252238,17165,263329,263330],"class_list":["post-190529","post","type-post","status-publish","format-standard","has-post-thumbnail","hentry","category-br","category-eleicoes-2022","category-politica","tag-calendario-eleitoral","tag-codigo-eleitoral","tag-destaque","tag-eleicoes-2022","tag-justica-eleitoral","tag-nenhum-candidato-podera-ser-preso-a-partir-deste-sabado","tag-prisao-de-candidato"],"yoast_head":"<!-- This site is optimized with the Yoast SEO plugin v28.3 - https:\/\/yoast.com\/product\/yoast-seo-wordpress\/ -->\n<title>Nenhum candidato poder\u00e1 ser preso a partir deste s\u00e1bado - Aconteceu no Vale<\/title>\n<meta name=\"robots\" content=\"index, follow, max-snippet:-1, max-image-preview:large, max-video-preview:-1\" \/>\n<link rel=\"canonical\" href=\"https:\/\/aconteceunovale.com.br\/portal\/?p=190529\" \/>\n<meta property=\"og:locale\" content=\"pt_BR\" \/>\n<meta property=\"og:type\" content=\"article\" \/>\n<meta property=\"og:title\" content=\"Nenhum candidato poder\u00e1 ser preso a partir deste s\u00e1bado - Aconteceu no Vale\" \/>\n<meta property=\"og:description\" content=\"A partir deste s\u00e1bado (17), nenhum candidato a cargos eletivos nas elei\u00e7\u00f5es deste ano poder\u00e1 ser detido ou preso, a menos que seja em flagrante delito. A regra est\u00e1 prevista no C\u00f3digo Eleitoral e no\u00a0calend\u00e1rio eleitoral de 2022\u00a0aprovado pelo do Tribunal Superior Eleitoral (TSE). A medida vale at\u00e9 48 horas ap\u00f3s o encerramento do pleito, [&hellip;]\" \/>\n<meta property=\"og:url\" content=\"https:\/\/aconteceunovale.com.br\/portal\/?p=190529\" \/>\n<meta property=\"og:site_name\" content=\"Aconteceu no Vale\" \/>\n<meta property=\"article:publisher\" content=\"https:\/\/www.facebook.com\/aconteceunovale\/\" \/>\n<meta property=\"article:published_time\" content=\"2022-09-17T22:29:22+00:00\" \/>\n<meta property=\"article:modified_time\" content=\"2022-09-17T22:29:55+00:00\" \/>\n<meta property=\"og:image\" content=\"https:\/\/aconteceunovale.com.br\/portal\/wp-content\/uploads\/2016\/08\/candidato1.jpg\" \/>\n\t<meta property=\"og:image:width\" content=\"600\" \/>\n\t<meta property=\"og:image:height\" content=\"450\" \/>\n\t<meta property=\"og:image:type\" content=\"image\/jpeg\" \/>\n<meta name=\"author\" content=\"Reda\u00e7\u00e3o Aconteceu no Vale\" \/>\n<meta name=\"twitter:card\" content=\"summary_large_image\" \/>\n<meta name=\"twitter:creator\" content=\"@noticiadosvales\" \/>\n<meta name=\"twitter:site\" content=\"@noticiadosvales\" \/>\n<meta name=\"twitter:label1\" content=\"Escrito por\" \/>\n\t<meta name=\"twitter:data1\" content=\"Reda\u00e7\u00e3o Aconteceu no Vale\" \/>\n\t<meta name=\"twitter:label2\" content=\"Est. tempo de leitura\" \/>\n\t<meta name=\"twitter:data2\" content=\"1 minuto\" \/>\n<script type=\"application\/ld+json\" class=\"yoast-schema-graph\">{\"@context\":\"https:\\\/\\\/schema.org\",\"@graph\":[{\"@type\":\"Article\",\"@id\":\"https:\\\/\\\/aconteceunovale.com.br\\\/portal\\\/?p=190529#article\",\"isPartOf\":{\"@id\":\"https:\\\/\\\/aconteceunovale.com.br\\\/portal\\\/?p=190529\"},\"author\":{\"name\":\"Reda\u00e7\u00e3o Aconteceu no Vale\",\"@id\":\"https:\\\/\\\/aconteceunovale.com.br\\\/portal\\\/#\\\/schema\\\/person\\\/7d2f26d1483f8a63de73da1ee0754d35\"},\"headline\":\"Nenhum candidato poder\u00e1 ser preso a partir deste s\u00e1bado\",\"datePublished\":\"2022-09-17T22:29:22+00:00\",\"dateModified\":\"2022-09-17T22:29:55+00:00\",\"mainEntityOfPage\":{\"@id\":\"https:\\\/\\\/aconteceunovale.com.br\\\/portal\\\/?p=190529\"},\"wordCount\":288,\"commentCount\":0,\"image\":{\"@id\":\"https:\\\/\\\/aconteceunovale.com.br\\\/portal\\\/?p=190529#primaryimage\"},\"thumbnailUrl\":\"https:\\\/\\\/aconteceunovale.com.br\\\/portal\\\/wp-content\\\/uploads\\\/2016\\\/08\\\/candidato1.jpg\",\"keywords\":[\"calend\u00e1rio eleitoral\",\"C\u00f3digo Eleitoral\",\"destaque\",\"Elei\u00e7\u00f5es 2022\",\"Justi\u00e7a Eleitoral\",\"Nenhum candidato poder\u00e1 ser preso a partir deste s\u00e1bado\",\"Pris\u00e3o de candidato\"],\"articleSection\":[\"Brasil\",\"Elei\u00e7\u00f5es 2022\",\"Pol\u00edtica\"],\"inLanguage\":\"pt-BR\",\"potentialAction\":[{\"@type\":\"CommentAction\",\"name\":\"Comment\",\"target\":[\"https:\\\/\\\/aconteceunovale.com.br\\\/portal\\\/?p=190529#respond\"]}]},{\"@type\":\"WebPage\",\"@id\":\"https:\\\/\\\/aconteceunovale.com.br\\\/portal\\\/?p=190529\",\"url\":\"https:\\\/\\\/aconteceunovale.com.br\\\/portal\\\/?p=190529\",\"name\":\"Nenhum candidato poder\u00e1 ser preso a partir deste s\u00e1bado - Aconteceu no Vale\",\"isPartOf\":{\"@id\":\"https:\\\/\\\/aconteceunovale.com.br\\\/portal\\\/#website\"},\"primaryImageOfPage\":{\"@id\":\"https:\\\/\\\/aconteceunovale.com.br\\\/portal\\\/?p=190529#primaryimage\"},\"image\":{\"@id\":\"https:\\\/\\\/aconteceunovale.com.br\\\/portal\\\/?p=190529#primaryimage\"},\"thumbnailUrl\":\"https:\\\/\\\/aconteceunovale.com.br\\\/portal\\\/wp-content\\\/uploads\\\/2016\\\/08\\\/candidato1.jpg\",\"datePublished\":\"2022-09-17T22:29:22+00:00\",\"dateModified\":\"2022-09-17T22:29:55+00:00\",\"author\":{\"@id\":\"https:\\\/\\\/aconteceunovale.com.br\\\/portal\\\/#\\\/schema\\\/person\\\/7d2f26d1483f8a63de73da1ee0754d35\"},\"breadcrumb\":{\"@id\":\"https:\\\/\\\/aconteceunovale.com.br\\\/portal\\\/?p=190529#breadcrumb\"},\"inLanguage\":\"pt-BR\",\"potentialAction\":[{\"@type\":\"ReadAction\",\"target\":[\"https:\\\/\\\/aconteceunovale.com.br\\\/portal\\\/?p=190529\"]}]},{\"@type\":\"ImageObject\",\"inLanguage\":\"pt-BR\",\"@id\":\"https:\\\/\\\/aconteceunovale.com.br\\\/portal\\\/?p=190529#primaryimage\",\"url\":\"https:\\\/\\\/aconteceunovale.com.br\\\/portal\\\/wp-content\\\/uploads\\\/2016\\\/08\\\/candidato1.jpg\",\"contentUrl\":\"https:\\\/\\\/aconteceunovale.com.br\\\/portal\\\/wp-content\\\/uploads\\\/2016\\\/08\\\/candidato1.jpg\",\"width\":600,\"height\":450},{\"@type\":\"BreadcrumbList\",\"@id\":\"https:\\\/\\\/aconteceunovale.com.br\\\/portal\\\/?p=190529#breadcrumb\",\"itemListElement\":[{\"@type\":\"ListItem\",\"position\":1,\"name\":\"In\u00edcio\",\"item\":\"https:\\\/\\\/aconteceunovale.com.br\\\/portal\\\/\"},{\"@type\":\"ListItem\",\"position\":2,\"name\":\"Nenhum candidato poder\u00e1 ser preso a partir deste s\u00e1bado\"}]},{\"@type\":\"WebSite\",\"@id\":\"https:\\\/\\\/aconteceunovale.com.br\\\/portal\\\/#website\",\"url\":\"https:\\\/\\\/aconteceunovale.com.br\\\/portal\\\/\",\"name\":\"Aconteceu no Vale\",\"description\":\"Portal de Not\u00edcias\",\"potentialAction\":[{\"@type\":\"SearchAction\",\"target\":{\"@type\":\"EntryPoint\",\"urlTemplate\":\"https:\\\/\\\/aconteceunovale.com.br\\\/portal\\\/?s={search_term_string}\"},\"query-input\":{\"@type\":\"PropertyValueSpecification\",\"valueRequired\":true,\"valueName\":\"search_term_string\"}}],\"inLanguage\":\"pt-BR\"},{\"@type\":\"Person\",\"@id\":\"https:\\\/\\\/aconteceunovale.com.br\\\/portal\\\/#\\\/schema\\\/person\\\/7d2f26d1483f8a63de73da1ee0754d35\",\"name\":\"Reda\u00e7\u00e3o Aconteceu no Vale\",\"description\":\"Equipe de reportagem do Aconteceu no Vale, portal de not\u00edcias do Vale do Jequitinhonha, em Minas Gerais. Cobrimos as 51 cidades do Vale desde 2013. Sugest\u00f5es de pauta e pedidos de corre\u00e7\u00e3o: contato@aconteceunovale.com.br\",\"url\":\"https:\\\/\\\/aconteceunovale.com.br\\\/portal\\\/?author=4\"}]}<\/script>\n<!-- \/ Yoast SEO plugin. -->","yoast_head_json":{"title":"Nenhum candidato poder\u00e1 ser preso a partir deste s\u00e1bado - Aconteceu no Vale","robots":{"index":"index","follow":"follow","max-snippet":"max-snippet:-1","max-image-preview":"max-image-preview:large","max-video-preview":"max-video-preview:-1"},"canonical":"https:\/\/aconteceunovale.com.br\/portal\/?p=190529","og_locale":"pt_BR","og_type":"article","og_title":"Nenhum candidato poder\u00e1 ser preso a partir deste s\u00e1bado - Aconteceu no Vale","og_description":"A partir deste s\u00e1bado (17), nenhum candidato a cargos eletivos nas elei\u00e7\u00f5es deste ano poder\u00e1 ser detido ou preso, a menos que seja em flagrante delito. A regra est\u00e1 prevista no C\u00f3digo Eleitoral e no\u00a0calend\u00e1rio eleitoral de 2022\u00a0aprovado pelo do Tribunal Superior Eleitoral (TSE). A medida vale at\u00e9 48 horas ap\u00f3s o encerramento do pleito, [&hellip;]","og_url":"https:\/\/aconteceunovale.com.br\/portal\/?p=190529","og_site_name":"Aconteceu no Vale","article_publisher":"https:\/\/www.facebook.com\/aconteceunovale\/","article_published_time":"2022-09-17T22:29:22+00:00","article_modified_time":"2022-09-17T22:29:55+00:00","og_image":[{"width":600,"height":450,"url":"https:\/\/aconteceunovale.com.br\/portal\/wp-content\/uploads\/2016\/08\/candidato1.jpg","type":"image\/jpeg"}],"author":"Reda\u00e7\u00e3o Aconteceu no Vale","twitter_card":"summary_large_image","twitter_creator":"@noticiadosvales","twitter_site":"@noticiadosvales","twitter_misc":{"Escrito por":"Reda\u00e7\u00e3o Aconteceu no Vale","Est. tempo de leitura":"1 minuto"},"schema":{"@context":"https:\/\/schema.org","@graph":[{"@type":"Article","@id":"https:\/\/aconteceunovale.com.br\/portal\/?p=190529#article","isPartOf":{"@id":"https:\/\/aconteceunovale.com.br\/portal\/?p=190529"},"author":{"name":"Reda\u00e7\u00e3o Aconteceu no Vale","@id":"https:\/\/aconteceunovale.com.br\/portal\/#\/schema\/person\/7d2f26d1483f8a63de73da1ee0754d35"},"headline":"Nenhum candidato poder\u00e1 ser preso a partir deste s\u00e1bado","datePublished":"2022-09-17T22:29:22+00:00","dateModified":"2022-09-17T22:29:55+00:00","mainEntityOfPage":{"@id":"https:\/\/aconteceunovale.com.br\/portal\/?p=190529"},"wordCount":288,"commentCount":0,"image":{"@id":"https:\/\/aconteceunovale.com.br\/portal\/?p=190529#primaryimage"},"thumbnailUrl":"https:\/\/aconteceunovale.com.br\/portal\/wp-content\/uploads\/2016\/08\/candidato1.jpg","keywords":["calend\u00e1rio eleitoral","C\u00f3digo Eleitoral","destaque","Elei\u00e7\u00f5es 2022","Justi\u00e7a Eleitoral","Nenhum candidato poder\u00e1 ser preso a partir deste s\u00e1bado","Pris\u00e3o de candidato"],"articleSection":["Brasil","Elei\u00e7\u00f5es 2022","Pol\u00edtica"],"inLanguage":"pt-BR","potentialAction":[{"@type":"CommentAction","name":"Comment","target":["https:\/\/aconteceunovale.com.br\/portal\/?p=190529#respond"]}]},{"@type":"WebPage","@id":"https:\/\/aconteceunovale.com.br\/portal\/?p=190529","url":"https:\/\/aconteceunovale.com.br\/portal\/?p=190529","name":"Nenhum candidato poder\u00e1 ser preso a partir deste s\u00e1bado - Aconteceu no Vale","isPartOf":{"@id":"https:\/\/aconteceunovale.com.br\/portal\/#website"},"primaryImageOfPage":{"@id":"https:\/\/aconteceunovale.com.br\/portal\/?p=190529#primaryimage"},"image":{"@id":"https:\/\/aconteceunovale.com.br\/portal\/?p=190529#primaryimage"},"thumbnailUrl":"https:\/\/aconteceunovale.com.br\/portal\/wp-content\/uploads\/2016\/08\/candidato1.jpg","datePublished":"2022-09-17T22:29:22+00:00","dateModified":"2022-09-17T22:29:55+00:00","author":{"@id":"https:\/\/aconteceunovale.com.br\/portal\/#\/schema\/person\/7d2f26d1483f8a63de73da1ee0754d35"},"breadcrumb":{"@id":"https:\/\/aconteceunovale.com.br\/portal\/?p=190529#breadcrumb"},"inLanguage":"pt-BR","potentialAction":[{"@type":"ReadAction","target":["https:\/\/aconteceunovale.com.br\/portal\/?p=190529"]}]},{"@type":"ImageObject","inLanguage":"pt-BR","@id":"https:\/\/aconteceunovale.com.br\/portal\/?p=190529#primaryimage","url":"https:\/\/aconteceunovale.com.br\/portal\/wp-content\/uploads\/2016\/08\/candidato1.jpg","contentUrl":"https:\/\/aconteceunovale.com.br\/portal\/wp-content\/uploads\/2016\/08\/candidato1.jpg","width":600,"height":450},{"@type":"BreadcrumbList","@id":"https:\/\/aconteceunovale.com.br\/portal\/?p=190529#breadcrumb","itemListElement":[{"@type":"ListItem","position":1,"name":"In\u00edcio","item":"https:\/\/aconteceunovale.com.br\/portal\/"},{"@type":"ListItem","position":2,"name":"Nenhum candidato poder\u00e1 ser preso a partir deste s\u00e1bado"}]},{"@type":"WebSite","@id":"https:\/\/aconteceunovale.com.br\/portal\/#website","url":"https:\/\/aconteceunovale.com.br\/portal\/","name":"Aconteceu no Vale","description":"Portal de Not\u00edcias","potentialAction":[{"@type":"SearchAction","target":{"@type":"EntryPoint","urlTemplate":"https:\/\/aconteceunovale.com.br\/portal\/?s={search_term_string}"},"query-input":{"@type":"PropertyValueSpecification","valueRequired":true,"valueName":"search_term_string"}}],"inLanguage":"pt-BR"},{"@type":"Person","@id":"https:\/\/aconteceunovale.com.br\/portal\/#\/schema\/person\/7d2f26d1483f8a63de73da1ee0754d35","name":"Reda\u00e7\u00e3o Aconteceu no Vale","description":"Equipe de reportagem do Aconteceu no Vale, portal de not\u00edcias do Vale do Jequitinhonha, em Minas Gerais. Cobrimos as 51 cidades do Vale desde 2013. Sugest\u00f5es de pauta e pedidos de corre\u00e7\u00e3o: contato@aconteceunovale.com.br","url":"https:\/\/aconteceunovale.com.br\/portal\/?author=4"}]}},"_links":{"self":[{"href":"https:\/\/aconteceunovale.com.br\/portal\/index.php?rest_route=\/wp\/v2\/posts\/190529","targetHints":{"allow":["GET"]}}],"collection":[{"href":"https:\/\/aconteceunovale.com.br\/portal\/index.php?rest_route=\/wp\/v2\/posts"}],"about":[{"href":"https:\/\/aconteceunovale.com.br\/portal\/index.php?rest_route=\/wp\/v2\/types\/post"}],"author":[{"embeddable":true,"href":"https:\/\/aconteceunovale.com.br\/portal\/index.php?rest_route=\/wp\/v2\/users\/4"}],"replies":[{"embeddable":true,"href":"https:\/\/aconteceunovale.com.br\/portal\/index.php?rest_route=%2Fwp%2Fv2%2Fcomments&post=190529"}],"version-history":[{"count":1,"href":"https:\/\/aconteceunovale.com.br\/portal\/index.php?rest_route=\/wp\/v2\/posts\/190529\/revisions"}],"predecessor-version":[{"id":190530,"href":"https:\/\/aconteceunovale.com.br\/portal\/index.php?rest_route=\/wp\/v2\/posts\/190529\/revisions\/190530"}],"wp:featuredmedia":[{"embeddable":true,"href":"https:\/\/aconteceunovale.com.br\/portal\/index.php?rest_route=\/wp\/v2\/media\/95688"}],"wp:attachment":[{"href":"https:\/\/aconteceunovale.com.br\/portal\/index.php?rest_route=%2Fwp%2Fv2%2Fmedia&parent=190529"}],"wp:term":[{"taxonomy":"category","embeddable":true,"href":"https:\/\/aconteceunovale.com.br\/portal\/index.php?rest_route=%2Fwp%2Fv2%2Fcategories&post=190529"},{"taxonomy":"post_tag","embeddable":true,"href":"https:\/\/aconteceunovale.com.br\/portal\/index.php?rest_route=%2Fwp%2Fv2%2Ftags&post=190529"}],"curies":[{"name":"wp","href":"https:\/\/api.w.org\/{rel}","templated":true}]}}