{"id":19052,"date":"2014-01-22T10:51:14","date_gmt":"2014-01-22T12:51:14","guid":{"rendered":"http:\/\/aconteceunovale.com.br\/portal\/?p=19052"},"modified":"2014-01-22T10:51:14","modified_gmt":"2014-01-22T12:51:14","slug":"delegada-confirma-participacao-de-filho-de-fazendeiro-em-crime-contra-quilombolas","status":"publish","type":"post","link":"https:\/\/aconteceunovale.com.br\/portal\/?p=19052","title":{"rendered":"Delegada confirma participa\u00e7\u00e3o de filho de fazendeiro em crime contra quilombolas"},"content":{"rendered":"<p>Uma equipe da Delegacia Especializada em Crimes Contra o Meio Ambiente e Conflitos Agr\u00e1rios foi enviada para Verdel\u00e2ndia, Norte de Minas, a fim de investigar o ataque por cerca de 10 a 12 homens encapuzados e fortemente armados a trabalhadores sem-terra, integrantes de comunidades quilombolas que tinham ocupado uma propriedade rural da regi\u00e3o. O fato ocorreu domingo \u00e0 tarde. <\/p>\n<p><img decoding=\"async\" src=\"http:\/\/aconteceunovale.com.br\/portal\/wp-content\/uploads\/2014\/01\/fazenda_torto_verdelandia.jpg\" alt=\"\" \/><br \/>\n<em>(Sede da fazenda Torta)<\/em><\/p>\n<p>Na ter\u00e7a-feira, a delegada Andr\u00e9a Pochmann, que comanda a investiga\u00e7\u00e3o, confirmou que o fazendeiro Jo\u00e3o F\u00e1bio Dias, o Jo\u00e3ozinho (filho do atual propriet\u00e1rio da \u00e1rea), participou da a\u00e7\u00e3o violenta, na qual 11 pessoas ficaram feridas, sendo que duas delas foram baleadas, mas sobreviveram. Ele est\u00e1 foragido.<\/p>\n<p>A delegada informou que os suspeitos de participa\u00e7\u00e3o no ataque aos quilombolas, ocorrido na Fazenda Torta, dever\u00e3o ser indiciados pelos crimes de tentativa de homic\u00eddio, forma\u00e7\u00e3o de quadrilha e furto. Ela considerou que os quilombolas os remanescentes de escravos que estavam na \u00e1rea (em torno de 25 pessoas) foram v\u00edtimas de uma \u201ca\u00e7\u00e3o extremamente violenta\u201d. A propriedade onde ocorreu o epis\u00f3dio violento, embora perten\u00e7a ao munic\u00edpio de S\u00e3o Jo\u00e3o da Ponte (localizada na regi\u00e3o do Rio Arapuim), fica mais pr\u00f3xima de Verdel\u00e2ndia (a quatro quil\u00f4metros do distrito de Limeira e a 23 quil\u00f4metros da sede municipal). <\/p>\n<p>Com base em depoimentos das v\u00edtimas, Andrea Pochmann disse que os homens encapuzados, que estavam num caminhonete Hillux e em outro veiculo (provavelmente uma Pajero), portavam espingardas de grosso calibre (.12), pistolas e revolveres. Os desconhecidos teriam dito que eram policiais. Tamb\u00e9m teriam iniciado os disparos assim que chegaram \u00e0 \u00e1reas. \u2018Eles ordenaram que deitassem n\u00e3o ch\u00e3o e n\u00e3o olhassem para cima. As pessoas foram agredidas com coronhadas e chutes na cabe\u00e7a. Al\u00e9m disso, os agressores atiraram contra aquelas pessoas que sa\u00edram correndo, tentando fugir\u201d, disse a policial, explicando que as caracter\u00edsticas da a\u00e7\u00e3o informadas pelas vitimas demonstram que a inten\u00e7\u00e3o dos homens encapuzados e fortemente armados n\u00e3o era apenas amedrontar os ocupantes da propriedade rural.<\/p>\n<p>Ontem, um dos feridos no ataque aos quilombolas, Gustavo Santos, recebeu alta no Hospital Regional de Jana\u00faba. Ele foi atingido com um tiro na barriga. Continua internado na Santa Casa de Montes Claros Jos\u00e9 Soares Mendes, o Z\u00e9 Gato, que \u00e9 vereador em Verdel\u00e2ndia pelo DEM e tamb\u00e9m foi baleado durante \u00e0 a\u00e7\u00e3o violenta. O vereador n\u00e3o corre risco e tamb\u00e9m ser\u00e1 ouvido pela delegada Andr\u00e9a Pochmann.<\/p>\n<p>A Fazenda Torta, que motiva disputa entre remanescentes de escravos e fazendeiros, faz parte da antiga fazenda Morro Preto (total de 12 mil hectares), que pertenceu ao falecido empres\u00e1rio e pol\u00edtico Aquiles Diniz, de Belo Horizonte. Ontem, a delegacia regional do Instituto Nacional de Coloniza\u00e7\u00e3o e Reforma Agr\u00e1ria (Incra) em Minas informou que uma \u00e1rea de 1,8 mil hectares do im\u00f3vel ser\u00e1 objeto de a\u00e7\u00e3o de desapropria\u00e7\u00e3o a ser ajuizada pelo \u00f3rg\u00e3o dentro dos pr\u00f3ximos 15 dias.<\/p>\n<p><em>(Fonte: Estado de Minas)<\/em><\/p>\n","protected":false},"excerpt":{"rendered":"<p>Uma equipe da Delegacia Especializada em Crimes Contra o Meio Ambiente e Conflitos Agr\u00e1rios foi enviada para Verdel\u00e2ndia, Norte de Minas, a fim de investigar o ataque por cerca de 10 a 12 homens encapuzados e fortemente armados a trabalhadores sem-terra, integrantes de comunidades quilombolas que tinham ocupado uma propriedade rural da regi\u00e3o. O fato [&hellip;]<\/p>\n","protected":false},"author":1,"featured_media":18993,"comment_status":"open","ping_status":"closed","sticky":false,"template":"","format":"standard","meta":{"amp_status":"","footnotes":""},"categories":[1236],"tags":[3314,3316,204,3315,2448,1814],"class_list":["post-19052","post","type-post","status-publish","format-standard","has-post-thumbnail","hentry","category-norte_de_minas","tag-delegada-confirma-participacao-de-filho-de-fazendeiro-em-crime-contra-quilombolas","tag-fazenda-torta","tag-janauba","tag-joao-fabio-dias","tag-sao-joao-da-ponte","tag-verdelandia"],"_links":{"self":[{"href":"https:\/\/aconteceunovale.com.br\/portal\/index.php?rest_route=\/wp\/v2\/posts\/19052","targetHints":{"allow":["GET"]}}],"collection":[{"href":"https:\/\/aconteceunovale.com.br\/portal\/index.php?rest_route=\/wp\/v2\/posts"}],"about":[{"href":"https:\/\/aconteceunovale.com.br\/portal\/index.php?rest_route=\/wp\/v2\/types\/post"}],"author":[{"embeddable":true,"href":"https:\/\/aconteceunovale.com.br\/portal\/index.php?rest_route=\/wp\/v2\/users\/1"}],"replies":[{"embeddable":true,"href":"https:\/\/aconteceunovale.com.br\/portal\/index.php?rest_route=%2Fwp%2Fv2%2Fcomments&post=19052"}],"version-history":[{"count":0,"href":"https:\/\/aconteceunovale.com.br\/portal\/index.php?rest_route=\/wp\/v2\/posts\/19052\/revisions"}],"wp:featuredmedia":[{"embeddable":true,"href":"https:\/\/aconteceunovale.com.br\/portal\/index.php?rest_route=\/wp\/v2\/media\/18993"}],"wp:attachment":[{"href":"https:\/\/aconteceunovale.com.br\/portal\/index.php?rest_route=%2Fwp%2Fv2%2Fmedia&parent=19052"}],"wp:term":[{"taxonomy":"category","embeddable":true,"href":"https:\/\/aconteceunovale.com.br\/portal\/index.php?rest_route=%2Fwp%2Fv2%2Fcategories&post=19052"},{"taxonomy":"post_tag","embeddable":true,"href":"https:\/\/aconteceunovale.com.br\/portal\/index.php?rest_route=%2Fwp%2Fv2%2Ftags&post=19052"}],"curies":[{"name":"wp","href":"https:\/\/api.w.org\/{rel}","templated":true}]}}