{"id":190502,"date":"2022-09-13T09:51:36","date_gmt":"2022-09-13T12:51:36","guid":{"rendered":"https:\/\/aconteceunovale.com.br\/portal\/?p=190502"},"modified":"2022-09-13T09:52:23","modified_gmt":"2022-09-13T12:52:23","slug":"empretec-em-ipatinga-esta-com-as-inscricoes-abertas","status":"publish","type":"post","link":"https:\/\/aconteceunovale.com.br\/portal\/?p=190502","title":{"rendered":"Empretec em Ipatinga est\u00e1 com as inscri\u00e7\u00f5es abertas"},"content":{"rendered":"\n<h3 class=\"has-text-align-center wp-block-heading\">Semin\u00e1rio utiliza a metodologia da Onu e est\u00e1 presente em mais de 40 pa\u00edses; no Brasil a atua\u00e7\u00e3o \u00e9 exclusiva do Sebrae<\/h3>\n\n\n\n<p class=\"wp-block-paragraph\">O Sebrae Minas abre inscri\u00e7\u00f5es para o\u00a0Empretec em ipatinga, na Regional do Vale do Rio Doce.\u00a0O programa, que ser\u00e1 realizado de 26 de setembro at\u00e9 1\u00ba de outubro, \u00e9 voltado para pessoas que desejam iniciar um neg\u00f3cio, gerir melhor o seu empreendimento ou descobrir novas oportunidades de atua\u00e7\u00e3o empreendedora. Ser\u00e3o 28 vagas disponibilizadas e os interessados devem preencher o formul\u00e1rio de inscri\u00e7\u00e3o at\u00e9 o dia 19 de setembro, por meio deste <a rel=\"noreferrer noopener\" href=\"https:\/\/empretecsebraeminas.com.br\/curso\/ipatinga\/\" target=\"_blank\">link.<\/a>\u00a0Informa\u00e7\u00f5es tamb\u00e9m pelo telefone (31) 3830-3300.<\/p>\n\n\n\n<p class=\"wp-block-paragraph\">O Empretec \u00e9 um semin\u00e1rio intensivo que utiliza a metodologia da ONU (Organiza\u00e7\u00e3o das Na\u00e7\u00f5es Unidas) que visa estimular os 10 comportamentos empreendedor fundamental para transformar e potencializar os rumos do neg\u00f3cio.&nbsp; As atividades s\u00e3o distribu\u00eddas nos seis dias e totaliza 60 horas de imers\u00e3o.<\/p>\n\n\n\n<p class=\"wp-block-paragraph\">Conforme explica a analista do Sebrae Minas Vanessa Silva, o programa incentiva os praticantes a desenvolverem e ampliarem a vis\u00e3o empreendedora. \u201cO empretec \u00e9 uma grande oportunidade para desenvolver nos participantes a capacidade de identificar oportunidades, calcular riscos, buscar informa\u00e7\u00f5es e estabelecer metas, com um conte\u00fado que tem como objetivo aperfei\u00e7oar as habilidades do empreendedor\u201d refor\u00e7a a analista.&nbsp;<\/p>\n\n\n\n<p class=\"wp-block-paragraph\">O processo para participar do programa inicia com a pr\u00e9-inscri\u00e7\u00e3o, seguida por uma entrevista de sele\u00e7\u00e3o, que visa avaliar as caracter\u00edsticas empreendedoras do candidato, permitindo tra\u00e7ar um perfil dos participantes do grupo.<\/p>\n\n\n\n<p class=\"wp-block-paragraph\"><strong>Resultados expressivos<\/strong><\/p>\n\n\n\n<p class=\"wp-block-paragraph\">Segundo dados do Sebrae, 67% dos empres\u00e1rios que participaram do Empretec aumentaram o faturamento de suas empresas e 75% declararam ter obtido aumento da renda mensal. A taxa de mortalidade entre empresas que passaram pelo treinamento \u00e9 de apenas 7%, enquanto a m\u00e9dia brasileira \u00e9 de 46%.<\/p>\n\n\n\n<p class=\"wp-block-paragraph\">Para saber mais, acesse o&nbsp;<a href=\"https:\/\/empretecsebraeminas.com.br\/\" target=\"_blank\" rel=\"noreferrer noopener\">site do Empretec.<\/a><\/p>\n\n\n\n<p class=\"wp-block-paragraph\"><strong>Empretec&nbsp;em Ipatinga<\/strong><\/p>\n\n\n\n<p class=\"wp-block-paragraph\">Data:&nbsp;&nbsp;26 a 1 de outubro<\/p>\n\n\n\n<p class=\"wp-block-paragraph\">Hor\u00e1rio:&nbsp;a partir de 8h \u2013 carga hor\u00e1ria de 60h<\/p>\n\n\n\n<p class=\"wp-block-paragraph\">Inscri\u00e7\u00f5es:&nbsp;at\u00e9 19 de setembro pelo <a href=\"https:\/\/empretecsebraeminas.com.br\/curso\/ipatinga\/\">site<\/a>&nbsp;<\/p>\n\n\n\n<p class=\"wp-block-paragraph\">Informa\u00e7\u00f5es: (31) 3830-3300<\/p>\n","protected":false},"excerpt":{"rendered":"<p>Semin\u00e1rio utiliza a metodologia da Onu e est\u00e1 presente em mais de 40 pa\u00edses; no Brasil a atua\u00e7\u00e3o \u00e9 exclusiva do Sebrae O Sebrae Minas abre inscri\u00e7\u00f5es para o\u00a0Empretec em ipatinga, na Regional do Vale do Rio Doce.\u00a0O programa, que ser\u00e1 realizado de 26 de setembro at\u00e9 1\u00ba de outubro, \u00e9 voltado para pessoas que [&hellip;]<\/p>\n","protected":false},"author":4,"featured_media":190503,"comment_status":"open","ping_status":"closed","sticky":false,"template":"","format":"standard","meta":{"amp_status":"","footnotes":""},"categories":[125,121],"tags":[263298,263297,263299,201,176,44759],"class_list":["post-190502","post","type-post","status-publish","format-standard","has-post-thumbnail","hentry","category-noticias","category-leste","tag-empretec-em-ipatinga","tag-empretec-em-ipatinga-esta-com-as-inscricoes-abertas","tag-inscricoes-para-o-empretec-em-ipatinga","tag-ipatinga","tag-sebrae","tag-sebrae-minas"],"yoast_head":"<!-- This site is optimized with the Yoast SEO plugin v28.3 - https:\/\/yoast.com\/product\/yoast-seo-wordpress\/ -->\n<title>Empretec em Ipatinga est\u00e1 com as inscri\u00e7\u00f5es abertas - Aconteceu no Vale<\/title>\n<meta name=\"robots\" content=\"index, follow, max-snippet:-1, max-image-preview:large, max-video-preview:-1\" \/>\n<link rel=\"canonical\" href=\"https:\/\/aconteceunovale.com.br\/portal\/?p=190502\" \/>\n<meta property=\"og:locale\" content=\"pt_BR\" \/>\n<meta property=\"og:type\" content=\"article\" \/>\n<meta property=\"og:title\" content=\"Empretec em Ipatinga est\u00e1 com as inscri\u00e7\u00f5es abertas - Aconteceu no Vale\" \/>\n<meta property=\"og:description\" content=\"Semin\u00e1rio utiliza a metodologia da Onu e est\u00e1 presente em mais de 40 pa\u00edses; no Brasil a atua\u00e7\u00e3o \u00e9 exclusiva do Sebrae O Sebrae Minas abre inscri\u00e7\u00f5es para o\u00a0Empretec em ipatinga, na Regional do Vale do Rio Doce.\u00a0O programa, que ser\u00e1 realizado de 26 de setembro at\u00e9 1\u00ba de outubro, \u00e9 voltado para pessoas que [&hellip;]\" \/>\n<meta property=\"og:url\" content=\"https:\/\/aconteceunovale.com.br\/portal\/?p=190502\" \/>\n<meta property=\"og:site_name\" content=\"Aconteceu no Vale\" \/>\n<meta property=\"article:publisher\" content=\"https:\/\/www.facebook.com\/aconteceunovale\/\" \/>\n<meta property=\"article:published_time\" content=\"2022-09-13T12:51:36+00:00\" \/>\n<meta property=\"article:modified_time\" content=\"2022-09-13T12:52:23+00:00\" \/>\n<meta property=\"og:image\" content=\"https:\/\/aconteceunovale.com.br\/portal\/wp-content\/uploads\/2022\/09\/empretec_ipatinga.jpg\" \/>\n\t<meta property=\"og:image:width\" content=\"678\" \/>\n\t<meta property=\"og:image:height\" content=\"389\" \/>\n\t<meta property=\"og:image:type\" content=\"image\/jpeg\" \/>\n<meta name=\"author\" content=\"Reda\u00e7\u00e3o Aconteceu no Vale\" \/>\n<meta name=\"twitter:card\" content=\"summary_large_image\" \/>\n<meta name=\"twitter:creator\" content=\"@noticiadosvales\" \/>\n<meta name=\"twitter:site\" content=\"@noticiadosvales\" \/>\n<meta name=\"twitter:label1\" content=\"Escrito por\" \/>\n\t<meta name=\"twitter:data1\" content=\"Reda\u00e7\u00e3o Aconteceu no Vale\" \/>\n\t<meta name=\"twitter:label2\" content=\"Est. tempo de leitura\" \/>\n\t<meta name=\"twitter:data2\" content=\"2 minutos\" \/>\n<script type=\"application\/ld+json\" class=\"yoast-schema-graph\">{\"@context\":\"https:\\\/\\\/schema.org\",\"@graph\":[{\"@type\":\"Article\",\"@id\":\"https:\\\/\\\/aconteceunovale.com.br\\\/portal\\\/?p=190502#article\",\"isPartOf\":{\"@id\":\"https:\\\/\\\/aconteceunovale.com.br\\\/portal\\\/?p=190502\"},\"author\":{\"name\":\"Reda\u00e7\u00e3o Aconteceu no Vale\",\"@id\":\"https:\\\/\\\/aconteceunovale.com.br\\\/portal\\\/#\\\/schema\\\/person\\\/7d2f26d1483f8a63de73da1ee0754d35\"},\"headline\":\"Empretec em Ipatinga est\u00e1 com as inscri\u00e7\u00f5es abertas\",\"datePublished\":\"2022-09-13T12:51:36+00:00\",\"dateModified\":\"2022-09-13T12:52:23+00:00\",\"mainEntityOfPage\":{\"@id\":\"https:\\\/\\\/aconteceunovale.com.br\\\/portal\\\/?p=190502\"},\"wordCount\":352,\"commentCount\":0,\"image\":{\"@id\":\"https:\\\/\\\/aconteceunovale.com.br\\\/portal\\\/?p=190502#primaryimage\"},\"thumbnailUrl\":\"https:\\\/\\\/aconteceunovale.com.br\\\/portal\\\/wp-content\\\/uploads\\\/2022\\\/09\\\/empretec_ipatinga.jpg\",\"keywords\":[\"Empretec em Ipatinga\",\"Empretec em Ipatinga est\u00e1 com as inscri\u00e7\u00f5es abertas\",\"Inscri\u00e7\u00f5es para o Empretec em Ipatinga\",\"Ipatinga\",\"Sebrae\",\"Sebrae Minas\"],\"articleSection\":[\"Eventos\",\"Leste de Minas\"],\"inLanguage\":\"pt-BR\",\"potentialAction\":[{\"@type\":\"CommentAction\",\"name\":\"Comment\",\"target\":[\"https:\\\/\\\/aconteceunovale.com.br\\\/portal\\\/?p=190502#respond\"]}]},{\"@type\":\"WebPage\",\"@id\":\"https:\\\/\\\/aconteceunovale.com.br\\\/portal\\\/?p=190502\",\"url\":\"https:\\\/\\\/aconteceunovale.com.br\\\/portal\\\/?p=190502\",\"name\":\"Empretec em Ipatinga est\u00e1 com as inscri\u00e7\u00f5es abertas - Aconteceu no Vale\",\"isPartOf\":{\"@id\":\"https:\\\/\\\/aconteceunovale.com.br\\\/portal\\\/#website\"},\"primaryImageOfPage\":{\"@id\":\"https:\\\/\\\/aconteceunovale.com.br\\\/portal\\\/?p=190502#primaryimage\"},\"image\":{\"@id\":\"https:\\\/\\\/aconteceunovale.com.br\\\/portal\\\/?p=190502#primaryimage\"},\"thumbnailUrl\":\"https:\\\/\\\/aconteceunovale.com.br\\\/portal\\\/wp-content\\\/uploads\\\/2022\\\/09\\\/empretec_ipatinga.jpg\",\"datePublished\":\"2022-09-13T12:51:36+00:00\",\"dateModified\":\"2022-09-13T12:52:23+00:00\",\"author\":{\"@id\":\"https:\\\/\\\/aconteceunovale.com.br\\\/portal\\\/#\\\/schema\\\/person\\\/7d2f26d1483f8a63de73da1ee0754d35\"},\"breadcrumb\":{\"@id\":\"https:\\\/\\\/aconteceunovale.com.br\\\/portal\\\/?p=190502#breadcrumb\"},\"inLanguage\":\"pt-BR\",\"potentialAction\":[{\"@type\":\"ReadAction\",\"target\":[\"https:\\\/\\\/aconteceunovale.com.br\\\/portal\\\/?p=190502\"]}]},{\"@type\":\"ImageObject\",\"inLanguage\":\"pt-BR\",\"@id\":\"https:\\\/\\\/aconteceunovale.com.br\\\/portal\\\/?p=190502#primaryimage\",\"url\":\"https:\\\/\\\/aconteceunovale.com.br\\\/portal\\\/wp-content\\\/uploads\\\/2022\\\/09\\\/empretec_ipatinga.jpg\",\"contentUrl\":\"https:\\\/\\\/aconteceunovale.com.br\\\/portal\\\/wp-content\\\/uploads\\\/2022\\\/09\\\/empretec_ipatinga.jpg\",\"width\":678,\"height\":389},{\"@type\":\"BreadcrumbList\",\"@id\":\"https:\\\/\\\/aconteceunovale.com.br\\\/portal\\\/?p=190502#breadcrumb\",\"itemListElement\":[{\"@type\":\"ListItem\",\"position\":1,\"name\":\"In\u00edcio\",\"item\":\"https:\\\/\\\/aconteceunovale.com.br\\\/portal\\\/\"},{\"@type\":\"ListItem\",\"position\":2,\"name\":\"Empretec em Ipatinga est\u00e1 com as inscri\u00e7\u00f5es abertas\"}]},{\"@type\":\"WebSite\",\"@id\":\"https:\\\/\\\/aconteceunovale.com.br\\\/portal\\\/#website\",\"url\":\"https:\\\/\\\/aconteceunovale.com.br\\\/portal\\\/\",\"name\":\"Aconteceu no Vale\",\"description\":\"Portal de Not\u00edcias\",\"potentialAction\":[{\"@type\":\"SearchAction\",\"target\":{\"@type\":\"EntryPoint\",\"urlTemplate\":\"https:\\\/\\\/aconteceunovale.com.br\\\/portal\\\/?s={search_term_string}\"},\"query-input\":{\"@type\":\"PropertyValueSpecification\",\"valueRequired\":true,\"valueName\":\"search_term_string\"}}],\"inLanguage\":\"pt-BR\"},{\"@type\":\"Person\",\"@id\":\"https:\\\/\\\/aconteceunovale.com.br\\\/portal\\\/#\\\/schema\\\/person\\\/7d2f26d1483f8a63de73da1ee0754d35\",\"name\":\"Reda\u00e7\u00e3o Aconteceu no Vale\",\"description\":\"Equipe de reportagem do Aconteceu no Vale, portal de not\u00edcias do Vale do Jequitinhonha, em Minas Gerais. Cobrimos as 51 cidades do Vale desde 2013. Sugest\u00f5es de pauta e pedidos de corre\u00e7\u00e3o: contato@aconteceunovale.com.br\",\"url\":\"https:\\\/\\\/aconteceunovale.com.br\\\/portal\\\/?author=4\"}]}<\/script>\n<!-- \/ Yoast SEO plugin. -->","yoast_head_json":{"title":"Empretec em Ipatinga est\u00e1 com as inscri\u00e7\u00f5es abertas - Aconteceu no Vale","robots":{"index":"index","follow":"follow","max-snippet":"max-snippet:-1","max-image-preview":"max-image-preview:large","max-video-preview":"max-video-preview:-1"},"canonical":"https:\/\/aconteceunovale.com.br\/portal\/?p=190502","og_locale":"pt_BR","og_type":"article","og_title":"Empretec em Ipatinga est\u00e1 com as inscri\u00e7\u00f5es abertas - Aconteceu no Vale","og_description":"Semin\u00e1rio utiliza a metodologia da Onu e est\u00e1 presente em mais de 40 pa\u00edses; no Brasil a atua\u00e7\u00e3o \u00e9 exclusiva do Sebrae O Sebrae Minas abre inscri\u00e7\u00f5es para o\u00a0Empretec em ipatinga, na Regional do Vale do Rio Doce.\u00a0O programa, que ser\u00e1 realizado de 26 de setembro at\u00e9 1\u00ba de outubro, \u00e9 voltado para pessoas que [&hellip;]","og_url":"https:\/\/aconteceunovale.com.br\/portal\/?p=190502","og_site_name":"Aconteceu no Vale","article_publisher":"https:\/\/www.facebook.com\/aconteceunovale\/","article_published_time":"2022-09-13T12:51:36+00:00","article_modified_time":"2022-09-13T12:52:23+00:00","og_image":[{"width":678,"height":389,"url":"https:\/\/aconteceunovale.com.br\/portal\/wp-content\/uploads\/2022\/09\/empretec_ipatinga.jpg","type":"image\/jpeg"}],"author":"Reda\u00e7\u00e3o Aconteceu no Vale","twitter_card":"summary_large_image","twitter_creator":"@noticiadosvales","twitter_site":"@noticiadosvales","twitter_misc":{"Escrito por":"Reda\u00e7\u00e3o Aconteceu no Vale","Est. tempo de leitura":"2 minutos"},"schema":{"@context":"https:\/\/schema.org","@graph":[{"@type":"Article","@id":"https:\/\/aconteceunovale.com.br\/portal\/?p=190502#article","isPartOf":{"@id":"https:\/\/aconteceunovale.com.br\/portal\/?p=190502"},"author":{"name":"Reda\u00e7\u00e3o Aconteceu no Vale","@id":"https:\/\/aconteceunovale.com.br\/portal\/#\/schema\/person\/7d2f26d1483f8a63de73da1ee0754d35"},"headline":"Empretec em Ipatinga est\u00e1 com as inscri\u00e7\u00f5es abertas","datePublished":"2022-09-13T12:51:36+00:00","dateModified":"2022-09-13T12:52:23+00:00","mainEntityOfPage":{"@id":"https:\/\/aconteceunovale.com.br\/portal\/?p=190502"},"wordCount":352,"commentCount":0,"image":{"@id":"https:\/\/aconteceunovale.com.br\/portal\/?p=190502#primaryimage"},"thumbnailUrl":"https:\/\/aconteceunovale.com.br\/portal\/wp-content\/uploads\/2022\/09\/empretec_ipatinga.jpg","keywords":["Empretec em Ipatinga","Empretec em Ipatinga est\u00e1 com as inscri\u00e7\u00f5es abertas","Inscri\u00e7\u00f5es para o Empretec em Ipatinga","Ipatinga","Sebrae","Sebrae Minas"],"articleSection":["Eventos","Leste de Minas"],"inLanguage":"pt-BR","potentialAction":[{"@type":"CommentAction","name":"Comment","target":["https:\/\/aconteceunovale.com.br\/portal\/?p=190502#respond"]}]},{"@type":"WebPage","@id":"https:\/\/aconteceunovale.com.br\/portal\/?p=190502","url":"https:\/\/aconteceunovale.com.br\/portal\/?p=190502","name":"Empretec em Ipatinga est\u00e1 com as inscri\u00e7\u00f5es abertas - Aconteceu no Vale","isPartOf":{"@id":"https:\/\/aconteceunovale.com.br\/portal\/#website"},"primaryImageOfPage":{"@id":"https:\/\/aconteceunovale.com.br\/portal\/?p=190502#primaryimage"},"image":{"@id":"https:\/\/aconteceunovale.com.br\/portal\/?p=190502#primaryimage"},"thumbnailUrl":"https:\/\/aconteceunovale.com.br\/portal\/wp-content\/uploads\/2022\/09\/empretec_ipatinga.jpg","datePublished":"2022-09-13T12:51:36+00:00","dateModified":"2022-09-13T12:52:23+00:00","author":{"@id":"https:\/\/aconteceunovale.com.br\/portal\/#\/schema\/person\/7d2f26d1483f8a63de73da1ee0754d35"},"breadcrumb":{"@id":"https:\/\/aconteceunovale.com.br\/portal\/?p=190502#breadcrumb"},"inLanguage":"pt-BR","potentialAction":[{"@type":"ReadAction","target":["https:\/\/aconteceunovale.com.br\/portal\/?p=190502"]}]},{"@type":"ImageObject","inLanguage":"pt-BR","@id":"https:\/\/aconteceunovale.com.br\/portal\/?p=190502#primaryimage","url":"https:\/\/aconteceunovale.com.br\/portal\/wp-content\/uploads\/2022\/09\/empretec_ipatinga.jpg","contentUrl":"https:\/\/aconteceunovale.com.br\/portal\/wp-content\/uploads\/2022\/09\/empretec_ipatinga.jpg","width":678,"height":389},{"@type":"BreadcrumbList","@id":"https:\/\/aconteceunovale.com.br\/portal\/?p=190502#breadcrumb","itemListElement":[{"@type":"ListItem","position":1,"name":"In\u00edcio","item":"https:\/\/aconteceunovale.com.br\/portal\/"},{"@type":"ListItem","position":2,"name":"Empretec em Ipatinga est\u00e1 com as inscri\u00e7\u00f5es abertas"}]},{"@type":"WebSite","@id":"https:\/\/aconteceunovale.com.br\/portal\/#website","url":"https:\/\/aconteceunovale.com.br\/portal\/","name":"Aconteceu no Vale","description":"Portal de Not\u00edcias","potentialAction":[{"@type":"SearchAction","target":{"@type":"EntryPoint","urlTemplate":"https:\/\/aconteceunovale.com.br\/portal\/?s={search_term_string}"},"query-input":{"@type":"PropertyValueSpecification","valueRequired":true,"valueName":"search_term_string"}}],"inLanguage":"pt-BR"},{"@type":"Person","@id":"https:\/\/aconteceunovale.com.br\/portal\/#\/schema\/person\/7d2f26d1483f8a63de73da1ee0754d35","name":"Reda\u00e7\u00e3o Aconteceu no Vale","description":"Equipe de reportagem do Aconteceu no Vale, portal de not\u00edcias do Vale do Jequitinhonha, em Minas Gerais. Cobrimos as 51 cidades do Vale desde 2013. Sugest\u00f5es de pauta e pedidos de corre\u00e7\u00e3o: contato@aconteceunovale.com.br","url":"https:\/\/aconteceunovale.com.br\/portal\/?author=4"}]}},"_links":{"self":[{"href":"https:\/\/aconteceunovale.com.br\/portal\/index.php?rest_route=\/wp\/v2\/posts\/190502","targetHints":{"allow":["GET"]}}],"collection":[{"href":"https:\/\/aconteceunovale.com.br\/portal\/index.php?rest_route=\/wp\/v2\/posts"}],"about":[{"href":"https:\/\/aconteceunovale.com.br\/portal\/index.php?rest_route=\/wp\/v2\/types\/post"}],"author":[{"embeddable":true,"href":"https:\/\/aconteceunovale.com.br\/portal\/index.php?rest_route=\/wp\/v2\/users\/4"}],"replies":[{"embeddable":true,"href":"https:\/\/aconteceunovale.com.br\/portal\/index.php?rest_route=%2Fwp%2Fv2%2Fcomments&post=190502"}],"version-history":[{"count":1,"href":"https:\/\/aconteceunovale.com.br\/portal\/index.php?rest_route=\/wp\/v2\/posts\/190502\/revisions"}],"predecessor-version":[{"id":190504,"href":"https:\/\/aconteceunovale.com.br\/portal\/index.php?rest_route=\/wp\/v2\/posts\/190502\/revisions\/190504"}],"wp:featuredmedia":[{"embeddable":true,"href":"https:\/\/aconteceunovale.com.br\/portal\/index.php?rest_route=\/wp\/v2\/media\/190503"}],"wp:attachment":[{"href":"https:\/\/aconteceunovale.com.br\/portal\/index.php?rest_route=%2Fwp%2Fv2%2Fmedia&parent=190502"}],"wp:term":[{"taxonomy":"category","embeddable":true,"href":"https:\/\/aconteceunovale.com.br\/portal\/index.php?rest_route=%2Fwp%2Fv2%2Fcategories&post=190502"},{"taxonomy":"post_tag","embeddable":true,"href":"https:\/\/aconteceunovale.com.br\/portal\/index.php?rest_route=%2Fwp%2Fv2%2Ftags&post=190502"}],"curies":[{"name":"wp","href":"https:\/\/api.w.org\/{rel}","templated":true}]}}