{"id":19048,"date":"2014-01-22T10:40:17","date_gmt":"2014-01-22T12:40:17","guid":{"rendered":"http:\/\/aconteceunovale.com.br\/portal\/?p=19048"},"modified":"2014-01-22T10:40:17","modified_gmt":"2014-01-22T12:40:17","slug":"montes-claros-mulher-acusa-hospital-universitario-de-negligencia-em-morte-de-bebe","status":"publish","type":"post","link":"https:\/\/aconteceunovale.com.br\/portal\/?p=19048","title":{"rendered":"MONTES CLAROS: Mulher acusa Hospital Universit\u00e1rio de neglig\u00eancia em morte de beb\u00ea"},"content":{"rendered":"<p>Uma mulher de 27 anos acusa o Hospital Universit\u00e1rio Clemente Farias, em Montes Claros de neglig\u00eancia na morte de seu primeiro filho. Joelma Francisca Rodrigues estava gr\u00e1vida de nove meses e na sexta-feira (17\/01) sentiu dores na barriga e foi encaminhada ao HU pelo Servi\u00e7o de Atendimento M\u00f3vel de Urg\u00eancia (Samu).<\/p>\n<p><img decoding=\"async\" src=\"http:\/\/aconteceunovale.com.br\/portal\/wp-content\/uploads\/2014\/01\/acusa_hu_negligencia_moc.jpg\" alt=\"\" \/><br \/>\n<em>Maria Aparecida, irm\u00e3 da gr\u00e1vida, mostra a certid\u00e3o de \u00f3bito (Foto: Jucilene Magalh\u00e3es)<\/em><\/p>\n<p>O m\u00e9dico do hospital ouviu o cora\u00e7\u00e3o da crian\u00e7a e liberou a m\u00e3e dizendo que a crian\u00e7a ainda n\u00e3o iria nascer. No s\u00e1bado (18\/01) ao acordar, Joelma percebeu que o beb\u00ea n\u00e3o mexia mais e ent\u00e3o procurou a Santa Casa de Montes Claros onde foi constatado o \u00f3bito. Segundo o laudo, a crian\u00e7a morreu devido a um n\u00f3 no cord\u00e3o umbilical.<\/p>\n<p>Maria Aparecida Rodrigues, irm\u00e3 de Joelma, chora a perda do sobrinho. Ela acompanhou Joelma em todo o momento de dor. Aparecida conta que a irm\u00e3 segue internada e que s\u00f3 na tarde dessa segunda -feira (20\/01) foi feita a coleta. Na tarde desta ter\u00e7a-feira (21\/01) o beb\u00ea foi enterrado no cemit\u00e9rio da cidade.<\/p>\n<p><strong>Sofrimento da fam\u00edlia<\/strong><\/p>\n<p>Joelma e o esposo Rog\u00e9rio residem na cidade de Nova Serrana, regi\u00e3o centro-oeste de Minas Gerais.<\/p>\n<p>A esposa nascida em Pedras de Maria da Cruz, Norte de Minas, decidiu visitar os pais no fim da gesta\u00e7\u00e3o. A expectativa era buscar atendimento em Montes Claros, tendo em vista a refer\u00eancia do munic\u00edpio em maternidade.<\/p>\n<p>A irm\u00e3 da gestante lamenta o ocorrido. \u201cEsper\u00e1vamos que o atendimento fosse bom e olha no que resultou. Apesar de Nova Serrana ter menos recursos, talvez tivesse direcionado uma aten\u00e7\u00e3o maior no atendimento da minha irm\u00e3 e n\u00e3o tinha acontecido o que ocorreu aqui. \u00c9 frustrante\u201d, diz chorando.<\/p>\n<p>Maria Aparecida tem 31 anos e tamb\u00e9m est\u00e1 gr\u00e1vida de cinco meses do segundo filho. Na primeira gesta\u00e7\u00e3o, ela tamb\u00e9m foi atendida pelo HU e o beb\u00ea teve sequelas depois do parto. Ela acredita que deveria ter sido submetida a uma cesariana por j\u00e1 ter passado 19 dias da data prevista para o nascimento. Na insist\u00eancia pelo parto normal, por parte do m\u00e9dico, a primeira filha de Aparecida nasceu com falta de oxigena\u00e7\u00e3o no c\u00e9rebro. A crian\u00e7a de 11 anos faz fisioterapia desde quando nasceu.<\/p>\n<p>Para o filho que est\u00e1 por vir, ela espera n\u00e3o passar pelo susto outra vez. &#8220;Agora a gente fica com medo, jamais gostaria de ter meu filho l\u00e1, porque o atendimento \u00e9 p\u00e9ssimo&#8221;, diz.<\/p>\n<p><strong>Samu<\/strong><\/p>\n<p>Segundo o Samu, uma mulher considerada em trabalho de parto precisa ter duas contra\u00e7\u00f5es em cada 10 minutos. Joelma tinha uma a cada dez minutos. Mesmo n\u00e3o estando em trabalho de parto, levando em conta os padr\u00f5es normais, o m\u00e9dico regulador (que fica no atendimento telef\u00f4nico) e o m\u00e9dico socorrista (da viatura) optaram por levar a paciente ao hospital para avalia\u00e7\u00e3o do especialista, j\u00e1 que ao SAMU cabe o atendimento pr\u00e9-hospitalar.<\/p>\n<p><strong>Santa Casa<\/strong><\/p>\n<p>Segundo a assessoria da Santa Casa, a paciente foi internada para retirada do beb\u00ea, no s\u00e1bado. Ainda  Segundo o Hospital, ela j\u00e1 chegou na unidade dizendo que o beb\u00ea n\u00e3o mexia. O m\u00e9dico ent\u00e3o fez ultrassom e foi constatado que o beb\u00ea estava sem vida.<\/p>\n<p><em>(Fonte: Inter TV Grande Minas)<\/em><\/p>\n","protected":false},"excerpt":{"rendered":"<p>Uma mulher de 27 anos acusa o Hospital Universit\u00e1rio Clemente Farias, em Montes Claros de neglig\u00eancia na morte de seu primeiro filho. Joelma Francisca Rodrigues estava gr\u00e1vida de nove meses e na sexta-feira (17\/01) sentiu dores na barriga e foi encaminhada ao HU pelo Servi\u00e7o de Atendimento M\u00f3vel de Urg\u00eancia (Samu). Maria Aparecida, irm\u00e3 da [&hellip;]<\/p>\n","protected":false},"author":1,"featured_media":19049,"comment_status":"open","ping_status":"closed","sticky":false,"template":"","format":"standard","meta":{"amp_status":"","footnotes":""},"categories":[1236],"tags":[210,3312],"class_list":["post-19048","post","type-post","status-publish","format-standard","has-post-thumbnail","hentry","category-norte_de_minas","tag-montes-claros","tag-mulher-acusa-hospital-universitario-de-negligencia-em-morte-de-bebe"],"_links":{"self":[{"href":"https:\/\/aconteceunovale.com.br\/portal\/index.php?rest_route=\/wp\/v2\/posts\/19048","targetHints":{"allow":["GET"]}}],"collection":[{"href":"https:\/\/aconteceunovale.com.br\/portal\/index.php?rest_route=\/wp\/v2\/posts"}],"about":[{"href":"https:\/\/aconteceunovale.com.br\/portal\/index.php?rest_route=\/wp\/v2\/types\/post"}],"author":[{"embeddable":true,"href":"https:\/\/aconteceunovale.com.br\/portal\/index.php?rest_route=\/wp\/v2\/users\/1"}],"replies":[{"embeddable":true,"href":"https:\/\/aconteceunovale.com.br\/portal\/index.php?rest_route=%2Fwp%2Fv2%2Fcomments&post=19048"}],"version-history":[{"count":0,"href":"https:\/\/aconteceunovale.com.br\/portal\/index.php?rest_route=\/wp\/v2\/posts\/19048\/revisions"}],"wp:featuredmedia":[{"embeddable":true,"href":"https:\/\/aconteceunovale.com.br\/portal\/index.php?rest_route=\/wp\/v2\/media\/19049"}],"wp:attachment":[{"href":"https:\/\/aconteceunovale.com.br\/portal\/index.php?rest_route=%2Fwp%2Fv2%2Fmedia&parent=19048"}],"wp:term":[{"taxonomy":"category","embeddable":true,"href":"https:\/\/aconteceunovale.com.br\/portal\/index.php?rest_route=%2Fwp%2Fv2%2Fcategories&post=19048"},{"taxonomy":"post_tag","embeddable":true,"href":"https:\/\/aconteceunovale.com.br\/portal\/index.php?rest_route=%2Fwp%2Fv2%2Ftags&post=19048"}],"curies":[{"name":"wp","href":"https:\/\/api.w.org\/{rel}","templated":true}]}}