{"id":190458,"date":"2022-09-12T15:31:22","date_gmt":"2022-09-12T18:31:22","guid":{"rendered":"https:\/\/aconteceunovale.com.br\/portal\/?p=190458"},"modified":"2022-09-12T15:32:00","modified_gmt":"2022-09-12T18:32:00","slug":"18a-festa-da-cidade-de-fernandes-tourinho","status":"publish","type":"post","link":"https:\/\/aconteceunovale.com.br\/portal\/?p=190458","title":{"rendered":"18\u00aa Festa da Cidade de Fernandes Tourinho"},"content":{"rendered":"\n<p>De 23 a 25 de setembro | \u00c1rea de Eventos | Entrada Franca<\/p>\n\n\n\n<figure class=\"wp-block-image size-full is-resized\"><img loading=\"lazy\" decoding=\"async\" src=\"https:\/\/aconteceunovale.com.br\/portal\/wp-content\/uploads\/2022\/09\/festa_fernandes_tourinho_3.png\" alt=\"\" class=\"wp-image-190459\" width=\"608\" height=\"531\" srcset=\"https:\/\/aconteceunovale.com.br\/portal\/wp-content\/uploads\/2022\/09\/festa_fernandes_tourinho_3.png 515w, https:\/\/aconteceunovale.com.br\/portal\/wp-content\/uploads\/2022\/09\/festa_fernandes_tourinho_3-300x262.png 300w, https:\/\/aconteceunovale.com.br\/portal\/wp-content\/uploads\/2022\/09\/festa_fernandes_tourinho_3-481x420.png 481w\" sizes=\"auto, (max-width: 608px) 100vw, 608px\" \/><\/figure>\n\n\n\n<p><strong>23\/9 (sexta-feira):<\/strong><\/p>\n\n\n\n<ul class=\"wp-block-list\"><li>Denilson Campos<\/li><li>Felipe Ara\u00fajo<\/li><li>DJ Dayan<\/li><\/ul>\n\n\n\n<p><strong>24\/9 (s\u00e1bado):<\/strong><\/p>\n\n\n\n<ul class=\"wp-block-list\"><li>Tatilane Costha<\/li><li>Diego &amp; Victor Hugo<\/li><li>Samuel Victor<\/li><\/ul>\n\n\n\n<p><strong>25\/9 (domingo):<\/strong><\/p>\n\n\n\n<ul class=\"wp-block-list\"><li>Tarde Kids<\/li><li>Alan Forr\u00f3 Estilizado<\/li><li>Vinicius Ferreira<\/li><li>O Garanh\u00e3o do Forr\u00f3<\/li><\/ul>\n\n\n\n<p><strong>Realiza\u00e7\u00e3o:<\/strong> Prefeitura Municipal de Fernandes Tourinho<\/p>\n","protected":false},"excerpt":{"rendered":"<p>De 23 a 25 de setembro | \u00c1rea de Eventos | Entrada Franca 23\/9 (sexta-feira): Denilson Campos Felipe Ara\u00fajo DJ Dayan 24\/9 (s\u00e1bado): Tatilane Costha Diego &amp; Victor Hugo Samuel Victor 25\/9 (domingo): Tarde Kids Alan Forr\u00f3 Estilizado Vinicius Ferreira O Garanh\u00e3o do Forr\u00f3 Realiza\u00e7\u00e3o: Prefeitura Municipal de Fernandes Tourinho<\/p>\n","protected":false},"author":4,"featured_media":190460,"comment_status":"open","ping_status":"closed","sticky":false,"template":"","format":"standard","meta":{"amp_status":"","footnotes":""},"categories":[125,121],"tags":[263244,263249,263248,289,263246,263245,263247],"class_list":["post-190458","post","type-post","status-publish","format-standard","has-post-thumbnail","hentry","category-noticias","category-leste","tag-18a-festa-da-cidade-de-fernandes-tourinho","tag-diego-e-victor-hugo-em-fernandes-tourinho","tag-felipe-araujo-em-fernandes-tourinho","tag-fernandes-tourinho","tag-festa-de-fernandes-tourinho","tag-programacao-da-festa-de-fernandes-tourinho","tag-shows-da-festa-de-fernandes-tourinho"],"_links":{"self":[{"href":"https:\/\/aconteceunovale.com.br\/portal\/index.php?rest_route=\/wp\/v2\/posts\/190458","targetHints":{"allow":["GET"]}}],"collection":[{"href":"https:\/\/aconteceunovale.com.br\/portal\/index.php?rest_route=\/wp\/v2\/posts"}],"about":[{"href":"https:\/\/aconteceunovale.com.br\/portal\/index.php?rest_route=\/wp\/v2\/types\/post"}],"author":[{"embeddable":true,"href":"https:\/\/aconteceunovale.com.br\/portal\/index.php?rest_route=\/wp\/v2\/users\/4"}],"replies":[{"embeddable":true,"href":"https:\/\/aconteceunovale.com.br\/portal\/index.php?rest_route=%2Fwp%2Fv2%2Fcomments&post=190458"}],"version-history":[{"count":1,"href":"https:\/\/aconteceunovale.com.br\/portal\/index.php?rest_route=\/wp\/v2\/posts\/190458\/revisions"}],"predecessor-version":[{"id":190461,"href":"https:\/\/aconteceunovale.com.br\/portal\/index.php?rest_route=\/wp\/v2\/posts\/190458\/revisions\/190461"}],"wp:featuredmedia":[{"embeddable":true,"href":"https:\/\/aconteceunovale.com.br\/portal\/index.php?rest_route=\/wp\/v2\/media\/190460"}],"wp:attachment":[{"href":"https:\/\/aconteceunovale.com.br\/portal\/index.php?rest_route=%2Fwp%2Fv2%2Fmedia&parent=190458"}],"wp:term":[{"taxonomy":"category","embeddable":true,"href":"https:\/\/aconteceunovale.com.br\/portal\/index.php?rest_route=%2Fwp%2Fv2%2Fcategories&post=190458"},{"taxonomy":"post_tag","embeddable":true,"href":"https:\/\/aconteceunovale.com.br\/portal\/index.php?rest_route=%2Fwp%2Fv2%2Ftags&post=190458"}],"curies":[{"name":"wp","href":"https:\/\/api.w.org\/{rel}","templated":true}]}}