{"id":190454,"date":"2022-09-12T15:02:23","date_gmt":"2022-09-12T18:02:23","guid":{"rendered":"https:\/\/aconteceunovale.com.br\/portal\/?p=190454"},"modified":"2022-09-12T15:03:00","modified_gmt":"2022-09-12T18:03:00","slug":"ressaca-da-expoagrogv-2022","status":"publish","type":"post","link":"https:\/\/aconteceunovale.com.br\/portal\/?p=190454","title":{"rendered":"Ressaca da ExpoagroGV 2022"},"content":{"rendered":"\n<p>16 de setembro &#8211; Parque de Exposi\u00e7\u00f5es de Governador Valadares<\/p>\n\n\n\n<figure class=\"wp-block-image size-full is-resized\"><img loading=\"lazy\" decoding=\"async\" src=\"https:\/\/aconteceunovale.com.br\/portal\/wp-content\/uploads\/2022\/09\/ressaca_expoagro_gv_3.png\" alt=\"\" class=\"wp-image-190455\" width=\"510\" height=\"507\" srcset=\"https:\/\/aconteceunovale.com.br\/portal\/wp-content\/uploads\/2022\/09\/ressaca_expoagro_gv_3.png 453w, https:\/\/aconteceunovale.com.br\/portal\/wp-content\/uploads\/2022\/09\/ressaca_expoagro_gv_3-300x298.png 300w, https:\/\/aconteceunovale.com.br\/portal\/wp-content\/uploads\/2022\/09\/ressaca_expoagro_gv_3-150x150.png 150w, https:\/\/aconteceunovale.com.br\/portal\/wp-content\/uploads\/2022\/09\/ressaca_expoagro_gv_3-423x420.png 423w\" sizes=\"auto, (max-width: 510px) 100vw, 510px\" \/><\/figure>\n\n\n\n<p><strong>Shows:<\/strong><\/p>\n\n\n\n<ul class=\"wp-block-list\"><li>Henrique &amp; Juliano<\/li><li>Tati Meira<\/li><li>Gustavo Mileva<\/li><li>Johnny 150 BPM<\/li><\/ul>\n\n\n\n<p><strong>Ingressos:<\/strong> <a href=\"https:\/\/lebillet.com.br\/event\/670\/ressaca-da-expoagrogv-2022-16-setembro-Governador-Valadares-MG\" target=\"_blank\" rel=\"noreferrer noopener\">lebillet.com.br<\/a><\/p>\n\n\n\n<p><strong>Realiza\u00e7\u00e3o: <\/strong>FreeStyle Eventos | Camarim Loca\u00e7\u00f5es<\/p>\n\n\n\n<p><strong>Apoio:<\/strong> Uni\u00e3o Ruralista Rio Doce<\/p>\n","protected":false},"excerpt":{"rendered":"<p>16 de setembro &#8211; Parque de Exposi\u00e7\u00f5es de Governador Valadares Shows: Henrique &amp; Juliano Tati Meira Gustavo Mileva Johnny 150 BPM Ingressos: lebillet.com.br Realiza\u00e7\u00e3o: FreeStyle Eventos | Camarim Loca\u00e7\u00f5es Apoio: Uni\u00e3o Ruralista Rio Doce<\/p>\n","protected":false},"author":4,"featured_media":190456,"comment_status":"open","ping_status":"closed","sticky":false,"template":"","format":"standard","meta":{"amp_status":"","footnotes":""},"categories":[125,121],"tags":[1018,247,263243,263242,263240,263241],"class_list":["post-190454","post","type-post","status-publish","format-standard","has-post-thumbnail","hentry","category-noticias","category-leste","tag-destaque","tag-governador-valadares","tag-henrique-e-juliano-em-governador-valadares","tag-programacao-da-ressaca-da-expoagrogv-2022","tag-ressaca-da-expoagrogv-2022","tag-shows-da-ressaca-da-expoagrogv-2022"],"_links":{"self":[{"href":"https:\/\/aconteceunovale.com.br\/portal\/index.php?rest_route=\/wp\/v2\/posts\/190454","targetHints":{"allow":["GET"]}}],"collection":[{"href":"https:\/\/aconteceunovale.com.br\/portal\/index.php?rest_route=\/wp\/v2\/posts"}],"about":[{"href":"https:\/\/aconteceunovale.com.br\/portal\/index.php?rest_route=\/wp\/v2\/types\/post"}],"author":[{"embeddable":true,"href":"https:\/\/aconteceunovale.com.br\/portal\/index.php?rest_route=\/wp\/v2\/users\/4"}],"replies":[{"embeddable":true,"href":"https:\/\/aconteceunovale.com.br\/portal\/index.php?rest_route=%2Fwp%2Fv2%2Fcomments&post=190454"}],"version-history":[{"count":1,"href":"https:\/\/aconteceunovale.com.br\/portal\/index.php?rest_route=\/wp\/v2\/posts\/190454\/revisions"}],"predecessor-version":[{"id":190457,"href":"https:\/\/aconteceunovale.com.br\/portal\/index.php?rest_route=\/wp\/v2\/posts\/190454\/revisions\/190457"}],"wp:featuredmedia":[{"embeddable":true,"href":"https:\/\/aconteceunovale.com.br\/portal\/index.php?rest_route=\/wp\/v2\/media\/190456"}],"wp:attachment":[{"href":"https:\/\/aconteceunovale.com.br\/portal\/index.php?rest_route=%2Fwp%2Fv2%2Fmedia&parent=190454"}],"wp:term":[{"taxonomy":"category","embeddable":true,"href":"https:\/\/aconteceunovale.com.br\/portal\/index.php?rest_route=%2Fwp%2Fv2%2Fcategories&post=190454"},{"taxonomy":"post_tag","embeddable":true,"href":"https:\/\/aconteceunovale.com.br\/portal\/index.php?rest_route=%2Fwp%2Fv2%2Ftags&post=190454"}],"curies":[{"name":"wp","href":"https:\/\/api.w.org\/{rel}","templated":true}]}}