{"id":190413,"date":"2022-09-08T22:52:10","date_gmt":"2022-09-09T01:52:10","guid":{"rendered":"https:\/\/aconteceunovale.com.br\/portal\/?p=190413"},"modified":"2022-09-08T22:52:50","modified_gmt":"2022-09-09T01:52:50","slug":"tse-aprova-candidatura-da-chapa-de-lula-e-alckmin-a-presidencia-da-republica","status":"publish","type":"post","link":"https:\/\/aconteceunovale.com.br\/portal\/?p=190413","title":{"rendered":"TSE aprova candidatura da chapa de Lula e Alckmin \u00e0 Presid\u00eancia da Rep\u00fablica"},"content":{"rendered":"\n<p class=\"wp-block-paragraph\">O Tribunal Superior Eleitoral (TSE) deferiu\u00a0hoje\u00a0(8\/9\/2022), por unanimidade, o registro de candidatura do ex-presidente Luiz In\u00e1cio Lula da Silva \u00e0 Presid\u00eancia da Rep\u00fablica. O registro do vice da chapa, o ex-governador de S\u00e3o Paulo Geraldo Alckmin, tamb\u00e9m foi deferido.<\/p>\n\n\n\n<p class=\"wp-block-paragraph\">Ao julgar o pedido de registro de Lula, nesta&nbsp;quinta-feira (8), os ministros do TSE tamb\u00e9m rejeitaram por unanimidade tr\u00eas pedidos de impugna\u00e7\u00e3o que pesavam contra o candidato do PT.&nbsp;<\/p>\n\n\n\n<p class=\"wp-block-paragraph\">Os questionamentos haviam sido apresentados por Pablo Mar\u00e7al, que teve seu pr\u00f3prio registro de candidatura negado pelo TSE na \u00faltima&nbsp;ter\u00e7a-feira (6). Ele alegou irregularidades no apoio a Lula declarado em conven\u00e7\u00e3o pelo Pros, partido pelo qual pretendia disputar a Presid\u00eancia.&nbsp;<\/p>\n\n\n\n<p class=\"wp-block-paragraph\">Todos os ministros seguiram o voto do relator, Carlos Horbach, para quem o caso relativo ao Pros j\u00e1 foi resolvido pelo TSE, que validou o apoio do partido a Lula.&nbsp;<\/p>\n\n\n\n<p class=\"wp-block-paragraph\">Lula e Alckmin disputam a elei\u00e7\u00e3o candidatos pela coliga\u00e7\u00e3o Brasil da Esperan\u00e7a, composta pela federa\u00e7\u00f5es formadas entre PT-PV-PCdoB e PSOL-REDE, bem como pelos partidos PSB, Solidariedade, Avante e Agir.&nbsp;<\/p>\n\n\n\n<p class=\"wp-block-paragraph\">Ao todo, nove partidos integram a coliga\u00e7\u00e3o, que ser\u00e1 a maior entre todas em disputa. Por esse motivo, a candidatura de Lula tamb\u00e9m conta com o maior tempo de campanha em rede nacional de r\u00e1dio e televis\u00e3o.<\/p>\n\n\n\n<p class=\"wp-block-paragraph\">&#8212;&#8212;&#8212;&#8212;&#8212;&#8212;<br><br><strong>Sabia que o Aconteceu no Vale est\u00e1 tamb\u00e9m no Telegram? <a rel=\"noreferrer noopener\" href=\"https:\/\/t.me\/aconteceunovaleoficial\" target=\"_blank\">Inscreva-se no canal<\/a>.<\/strong><br><br><strong>J\u00e1 curtiu ou seguiu nossas p\u00e1ginas nas redes sociais?\u00a0Receba as not\u00edcias em primeira m\u00e3o:<\/strong><br>\u2022 <a rel=\"noreferrer noopener\" href=\"https:\/\/news.google.com\/publications\/CAAqBwgKMNjklQswi4etAw?hl=pt-BR&amp;gl=BR&amp;ceid=BR%3Apt-419\" target=\"_blank\">Google News<\/a><br>\u2022 <a rel=\"noreferrer noopener\" href=\"https:\/\/www.facebook.com\/aconteceunovale\/\" target=\"_blank\">Facebook<\/a><br>\u2022 <a rel=\"noreferrer noopener\" href=\"https:\/\/twitter.com\/noticiadosvales\" target=\"_blank\">Twitter<\/a><br>\u2022 <a rel=\"noreferrer noopener\" href=\"https:\/\/www.instagram.com\/aconteceunovale\" target=\"_blank\">Instagram<\/a><br>\u2022 <a rel=\"noreferrer noopener\" href=\"https:\/\/www.youtube.com\/AconteceunoValeOficial\" target=\"_blank\">Youtube<\/a><br>\u2022 <a rel=\"noreferrer noopener\" href=\"https:\/\/www.tiktok.com\/@aconteceunovale\" target=\"_blank\">TikTok<\/a><\/p>\n","protected":false},"excerpt":{"rendered":"<p>O Tribunal Superior Eleitoral (TSE) deferiu\u00a0hoje\u00a0(8\/9\/2022), por unanimidade, o registro de candidatura do ex-presidente Luiz In\u00e1cio Lula da Silva \u00e0 Presid\u00eancia da Rep\u00fablica. O registro do vice da chapa, o ex-governador de S\u00e3o Paulo Geraldo Alckmin, tamb\u00e9m foi deferido. Ao julgar o pedido de registro de Lula, nesta&nbsp;quinta-feira (8), os ministros do TSE tamb\u00e9m rejeitaram [&hellip;]<\/p>\n","protected":false},"author":4,"featured_media":188291,"comment_status":"open","ping_status":"closed","sticky":false,"template":"","format":"standard","meta":{"amp_status":"","footnotes":""},"categories":[6,249933,40240],"tags":[50262,177342,177339,178177,261629,194,1017,261630,260369,1018,261631,252238,64257,14372,260367,260368,125090,203,261632,14124,7147,131,13894,260366,758,261603,263183],"class_list":["post-190413","post","type-post","status-publish","format-standard","has-post-thumbnail","hentry","category-br","category-eleicoes-2022","category-politica","tag-alckmin","tag-andre-janones","tag-andre-luis-gaspar-janones","tag-avante","tag-avante-lanca-candidatura-de-andre-janones-a-presidencia-da-republica","tag-belo-horizonte","tag-bh","tag-candidato-a-presidente","tag-chapa-pt-psb","tag-destaque","tag-disputa-pela-presidencia-do-brasil","tag-eleicoes-2022","tag-eleicoes-presidenciais","tag-geraldo-alckmin","tag-geraldo-alckmin-vice-de-lula","tag-geraldo-alckmin-vice-do-pt","tag-gleisi-hoffmann","tag-ituiutaba","tag-janones","tag-luiz-inacio-lula-da-silva","tag-lula","tag-minas-gerais","tag-psb","tag-psb-formaliza-indicacao-de-geraldo-alckmin-como-vice-na-chapa-de-lula","tag-pt","tag-pt-oficializa-chapa-lula-alckmin-para-disputar-a-presidencia-do-brasil","tag-tse-aprova-candidatura-da-chapa-de-lula-e-alckmin-a-presidencia-da-republica"],"yoast_head":"<!-- This site is optimized with the Yoast SEO plugin v28.3 - https:\/\/yoast.com\/product\/yoast-seo-wordpress\/ -->\n<title>TSE aprova candidatura da chapa de Lula e Alckmin \u00e0 Presid\u00eancia da Rep\u00fablica - Aconteceu no Vale<\/title>\n<meta name=\"robots\" content=\"index, follow, max-snippet:-1, max-image-preview:large, max-video-preview:-1\" \/>\n<link rel=\"canonical\" href=\"https:\/\/aconteceunovale.com.br\/portal\/?p=190413\" \/>\n<meta property=\"og:locale\" content=\"pt_BR\" \/>\n<meta property=\"og:type\" content=\"article\" \/>\n<meta property=\"og:title\" content=\"TSE aprova candidatura da chapa de Lula e Alckmin \u00e0 Presid\u00eancia da Rep\u00fablica - Aconteceu no Vale\" \/>\n<meta property=\"og:description\" content=\"O Tribunal Superior Eleitoral (TSE) deferiu\u00a0hoje\u00a0(8\/9\/2022), por unanimidade, o registro de candidatura do ex-presidente Luiz In\u00e1cio Lula da Silva \u00e0 Presid\u00eancia da Rep\u00fablica. O registro do vice da chapa, o ex-governador de S\u00e3o Paulo Geraldo Alckmin, tamb\u00e9m foi deferido. Ao julgar o pedido de registro de Lula, nesta&nbsp;quinta-feira (8), os ministros do TSE tamb\u00e9m rejeitaram [&hellip;]\" \/>\n<meta property=\"og:url\" content=\"https:\/\/aconteceunovale.com.br\/portal\/?p=190413\" \/>\n<meta property=\"og:site_name\" content=\"Aconteceu no Vale\" \/>\n<meta property=\"article:publisher\" content=\"https:\/\/www.facebook.com\/aconteceunovale\/\" \/>\n<meta property=\"article:published_time\" content=\"2022-09-09T01:52:10+00:00\" \/>\n<meta property=\"article:modified_time\" content=\"2022-09-09T01:52:50+00:00\" \/>\n<meta property=\"og:image\" content=\"https:\/\/aconteceunovale.com.br\/portal\/wp-content\/uploads\/2022\/04\/alckmin_lula.jpg\" \/>\n\t<meta property=\"og:image:width\" content=\"676\" \/>\n\t<meta property=\"og:image:height\" content=\"450\" \/>\n\t<meta property=\"og:image:type\" content=\"image\/jpeg\" \/>\n<meta name=\"author\" content=\"Reda\u00e7\u00e3o Aconteceu no Vale\" \/>\n<meta name=\"twitter:card\" content=\"summary_large_image\" \/>\n<meta name=\"twitter:creator\" content=\"@noticiadosvales\" \/>\n<meta name=\"twitter:site\" content=\"@noticiadosvales\" \/>\n<meta name=\"twitter:label1\" content=\"Escrito por\" \/>\n\t<meta name=\"twitter:data1\" content=\"Reda\u00e7\u00e3o Aconteceu no Vale\" \/>\n\t<meta name=\"twitter:label2\" content=\"Est. tempo de leitura\" \/>\n\t<meta name=\"twitter:data2\" content=\"1 minuto\" \/>\n<script type=\"application\/ld+json\" class=\"yoast-schema-graph\">{\"@context\":\"https:\\\/\\\/schema.org\",\"@graph\":[{\"@type\":\"Article\",\"@id\":\"https:\\\/\\\/aconteceunovale.com.br\\\/portal\\\/?p=190413#article\",\"isPartOf\":{\"@id\":\"https:\\\/\\\/aconteceunovale.com.br\\\/portal\\\/?p=190413\"},\"author\":{\"name\":\"Reda\u00e7\u00e3o Aconteceu no Vale\",\"@id\":\"https:\\\/\\\/aconteceunovale.com.br\\\/portal\\\/#\\\/schema\\\/person\\\/7d2f26d1483f8a63de73da1ee0754d35\"},\"headline\":\"TSE aprova candidatura da chapa de Lula e Alckmin \u00e0 Presid\u00eancia da Rep\u00fablica\",\"datePublished\":\"2022-09-09T01:52:10+00:00\",\"dateModified\":\"2022-09-09T01:52:50+00:00\",\"mainEntityOfPage\":{\"@id\":\"https:\\\/\\\/aconteceunovale.com.br\\\/portal\\\/?p=190413\"},\"wordCount\":285,\"commentCount\":0,\"image\":{\"@id\":\"https:\\\/\\\/aconteceunovale.com.br\\\/portal\\\/?p=190413#primaryimage\"},\"thumbnailUrl\":\"https:\\\/\\\/aconteceunovale.com.br\\\/portal\\\/wp-content\\\/uploads\\\/2022\\\/04\\\/alckmin_lula.jpg\",\"keywords\":[\"Alckmin\",\"Andr\u00e9 Janones\",\"Andr\u00e9 Lu\u00eds Gaspar Janones\",\"AVANTE\",\"Avante lan\u00e7a candidatura de Andr\u00e9 Janones \u00e0 Presid\u00eancia da Rep\u00fablica\",\"Belo Horizonte\",\"bh\",\"Candidato a presidente\",\"Chapa PT PSB\",\"destaque\",\"Disputa pela Presid\u00eancia do Brasil\",\"Elei\u00e7\u00f5es 2022\",\"elei\u00e7\u00f5es presidenciais\",\"Geraldo Alckmin\",\"Geraldo Alckmin vice de Lula\",\"Geraldo Alckmin vice do PT\",\"Gleisi Hoffmann\",\"Ituiutaba\",\"Janones\",\"Luiz In\u00e1cio Lula da Silva\",\"Lula\",\"Minas Gerais\",\"PSB\",\"PSB formaliza indica\u00e7\u00e3o de Geraldo Alckmin como vice na chapa de Lula\",\"PT\",\"PT oficializa chapa Lula-Alckmin para disputar a Presid\u00eancia do Brasil\",\"TSE aprova candidatura da chapa de Lula e Alckmin \u00e0 Presid\u00eancia da Rep\u00fablica\"],\"articleSection\":[\"Brasil\",\"Elei\u00e7\u00f5es 2022\",\"Pol\u00edtica\"],\"inLanguage\":\"pt-BR\",\"potentialAction\":[{\"@type\":\"CommentAction\",\"name\":\"Comment\",\"target\":[\"https:\\\/\\\/aconteceunovale.com.br\\\/portal\\\/?p=190413#respond\"]}]},{\"@type\":\"WebPage\",\"@id\":\"https:\\\/\\\/aconteceunovale.com.br\\\/portal\\\/?p=190413\",\"url\":\"https:\\\/\\\/aconteceunovale.com.br\\\/portal\\\/?p=190413\",\"name\":\"TSE aprova candidatura da chapa de Lula e Alckmin \u00e0 Presid\u00eancia da Rep\u00fablica - Aconteceu no Vale\",\"isPartOf\":{\"@id\":\"https:\\\/\\\/aconteceunovale.com.br\\\/portal\\\/#website\"},\"primaryImageOfPage\":{\"@id\":\"https:\\\/\\\/aconteceunovale.com.br\\\/portal\\\/?p=190413#primaryimage\"},\"image\":{\"@id\":\"https:\\\/\\\/aconteceunovale.com.br\\\/portal\\\/?p=190413#primaryimage\"},\"thumbnailUrl\":\"https:\\\/\\\/aconteceunovale.com.br\\\/portal\\\/wp-content\\\/uploads\\\/2022\\\/04\\\/alckmin_lula.jpg\",\"datePublished\":\"2022-09-09T01:52:10+00:00\",\"dateModified\":\"2022-09-09T01:52:50+00:00\",\"author\":{\"@id\":\"https:\\\/\\\/aconteceunovale.com.br\\\/portal\\\/#\\\/schema\\\/person\\\/7d2f26d1483f8a63de73da1ee0754d35\"},\"breadcrumb\":{\"@id\":\"https:\\\/\\\/aconteceunovale.com.br\\\/portal\\\/?p=190413#breadcrumb\"},\"inLanguage\":\"pt-BR\",\"potentialAction\":[{\"@type\":\"ReadAction\",\"target\":[\"https:\\\/\\\/aconteceunovale.com.br\\\/portal\\\/?p=190413\"]}]},{\"@type\":\"ImageObject\",\"inLanguage\":\"pt-BR\",\"@id\":\"https:\\\/\\\/aconteceunovale.com.br\\\/portal\\\/?p=190413#primaryimage\",\"url\":\"https:\\\/\\\/aconteceunovale.com.br\\\/portal\\\/wp-content\\\/uploads\\\/2022\\\/04\\\/alckmin_lula.jpg\",\"contentUrl\":\"https:\\\/\\\/aconteceunovale.com.br\\\/portal\\\/wp-content\\\/uploads\\\/2022\\\/04\\\/alckmin_lula.jpg\",\"width\":676,\"height\":450},{\"@type\":\"BreadcrumbList\",\"@id\":\"https:\\\/\\\/aconteceunovale.com.br\\\/portal\\\/?p=190413#breadcrumb\",\"itemListElement\":[{\"@type\":\"ListItem\",\"position\":1,\"name\":\"In\u00edcio\",\"item\":\"https:\\\/\\\/aconteceunovale.com.br\\\/portal\\\/\"},{\"@type\":\"ListItem\",\"position\":2,\"name\":\"TSE aprova candidatura da chapa de Lula e Alckmin \u00e0 Presid\u00eancia da Rep\u00fablica\"}]},{\"@type\":\"WebSite\",\"@id\":\"https:\\\/\\\/aconteceunovale.com.br\\\/portal\\\/#website\",\"url\":\"https:\\\/\\\/aconteceunovale.com.br\\\/portal\\\/\",\"name\":\"Aconteceu no Vale\",\"description\":\"Portal de Not\u00edcias\",\"potentialAction\":[{\"@type\":\"SearchAction\",\"target\":{\"@type\":\"EntryPoint\",\"urlTemplate\":\"https:\\\/\\\/aconteceunovale.com.br\\\/portal\\\/?s={search_term_string}\"},\"query-input\":{\"@type\":\"PropertyValueSpecification\",\"valueRequired\":true,\"valueName\":\"search_term_string\"}}],\"inLanguage\":\"pt-BR\"},{\"@type\":\"Person\",\"@id\":\"https:\\\/\\\/aconteceunovale.com.br\\\/portal\\\/#\\\/schema\\\/person\\\/7d2f26d1483f8a63de73da1ee0754d35\",\"name\":\"Reda\u00e7\u00e3o Aconteceu no Vale\",\"description\":\"Equipe de reportagem do Aconteceu no Vale, portal de not\u00edcias do Vale do Jequitinhonha, em Minas Gerais. Cobrimos as 51 cidades do Vale desde 2013. Sugest\u00f5es de pauta e pedidos de corre\u00e7\u00e3o: contato@aconteceunovale.com.br\",\"url\":\"https:\\\/\\\/aconteceunovale.com.br\\\/portal\\\/?author=4\"}]}<\/script>\n<!-- \/ Yoast SEO plugin. -->","yoast_head_json":{"title":"TSE aprova candidatura da chapa de Lula e Alckmin \u00e0 Presid\u00eancia da Rep\u00fablica - Aconteceu no Vale","robots":{"index":"index","follow":"follow","max-snippet":"max-snippet:-1","max-image-preview":"max-image-preview:large","max-video-preview":"max-video-preview:-1"},"canonical":"https:\/\/aconteceunovale.com.br\/portal\/?p=190413","og_locale":"pt_BR","og_type":"article","og_title":"TSE aprova candidatura da chapa de Lula e Alckmin \u00e0 Presid\u00eancia da Rep\u00fablica - Aconteceu no Vale","og_description":"O Tribunal Superior Eleitoral (TSE) deferiu\u00a0hoje\u00a0(8\/9\/2022), por unanimidade, o registro de candidatura do ex-presidente Luiz In\u00e1cio Lula da Silva \u00e0 Presid\u00eancia da Rep\u00fablica. O registro do vice da chapa, o ex-governador de S\u00e3o Paulo Geraldo Alckmin, tamb\u00e9m foi deferido. Ao julgar o pedido de registro de Lula, nesta&nbsp;quinta-feira (8), os ministros do TSE tamb\u00e9m rejeitaram [&hellip;]","og_url":"https:\/\/aconteceunovale.com.br\/portal\/?p=190413","og_site_name":"Aconteceu no Vale","article_publisher":"https:\/\/www.facebook.com\/aconteceunovale\/","article_published_time":"2022-09-09T01:52:10+00:00","article_modified_time":"2022-09-09T01:52:50+00:00","og_image":[{"width":676,"height":450,"url":"https:\/\/aconteceunovale.com.br\/portal\/wp-content\/uploads\/2022\/04\/alckmin_lula.jpg","type":"image\/jpeg"}],"author":"Reda\u00e7\u00e3o Aconteceu no Vale","twitter_card":"summary_large_image","twitter_creator":"@noticiadosvales","twitter_site":"@noticiadosvales","twitter_misc":{"Escrito por":"Reda\u00e7\u00e3o Aconteceu no Vale","Est. tempo de leitura":"1 minuto"},"schema":{"@context":"https:\/\/schema.org","@graph":[{"@type":"Article","@id":"https:\/\/aconteceunovale.com.br\/portal\/?p=190413#article","isPartOf":{"@id":"https:\/\/aconteceunovale.com.br\/portal\/?p=190413"},"author":{"name":"Reda\u00e7\u00e3o Aconteceu no Vale","@id":"https:\/\/aconteceunovale.com.br\/portal\/#\/schema\/person\/7d2f26d1483f8a63de73da1ee0754d35"},"headline":"TSE aprova candidatura da chapa de Lula e Alckmin \u00e0 Presid\u00eancia da Rep\u00fablica","datePublished":"2022-09-09T01:52:10+00:00","dateModified":"2022-09-09T01:52:50+00:00","mainEntityOfPage":{"@id":"https:\/\/aconteceunovale.com.br\/portal\/?p=190413"},"wordCount":285,"commentCount":0,"image":{"@id":"https:\/\/aconteceunovale.com.br\/portal\/?p=190413#primaryimage"},"thumbnailUrl":"https:\/\/aconteceunovale.com.br\/portal\/wp-content\/uploads\/2022\/04\/alckmin_lula.jpg","keywords":["Alckmin","Andr\u00e9 Janones","Andr\u00e9 Lu\u00eds Gaspar Janones","AVANTE","Avante lan\u00e7a candidatura de Andr\u00e9 Janones \u00e0 Presid\u00eancia da Rep\u00fablica","Belo Horizonte","bh","Candidato a presidente","Chapa PT PSB","destaque","Disputa pela Presid\u00eancia do Brasil","Elei\u00e7\u00f5es 2022","elei\u00e7\u00f5es presidenciais","Geraldo Alckmin","Geraldo Alckmin vice de Lula","Geraldo Alckmin vice do PT","Gleisi Hoffmann","Ituiutaba","Janones","Luiz In\u00e1cio Lula da Silva","Lula","Minas Gerais","PSB","PSB formaliza indica\u00e7\u00e3o de Geraldo Alckmin como vice na chapa de Lula","PT","PT oficializa chapa Lula-Alckmin para disputar a Presid\u00eancia do Brasil","TSE aprova candidatura da chapa de Lula e Alckmin \u00e0 Presid\u00eancia da Rep\u00fablica"],"articleSection":["Brasil","Elei\u00e7\u00f5es 2022","Pol\u00edtica"],"inLanguage":"pt-BR","potentialAction":[{"@type":"CommentAction","name":"Comment","target":["https:\/\/aconteceunovale.com.br\/portal\/?p=190413#respond"]}]},{"@type":"WebPage","@id":"https:\/\/aconteceunovale.com.br\/portal\/?p=190413","url":"https:\/\/aconteceunovale.com.br\/portal\/?p=190413","name":"TSE aprova candidatura da chapa de Lula e Alckmin \u00e0 Presid\u00eancia da Rep\u00fablica - Aconteceu no Vale","isPartOf":{"@id":"https:\/\/aconteceunovale.com.br\/portal\/#website"},"primaryImageOfPage":{"@id":"https:\/\/aconteceunovale.com.br\/portal\/?p=190413#primaryimage"},"image":{"@id":"https:\/\/aconteceunovale.com.br\/portal\/?p=190413#primaryimage"},"thumbnailUrl":"https:\/\/aconteceunovale.com.br\/portal\/wp-content\/uploads\/2022\/04\/alckmin_lula.jpg","datePublished":"2022-09-09T01:52:10+00:00","dateModified":"2022-09-09T01:52:50+00:00","author":{"@id":"https:\/\/aconteceunovale.com.br\/portal\/#\/schema\/person\/7d2f26d1483f8a63de73da1ee0754d35"},"breadcrumb":{"@id":"https:\/\/aconteceunovale.com.br\/portal\/?p=190413#breadcrumb"},"inLanguage":"pt-BR","potentialAction":[{"@type":"ReadAction","target":["https:\/\/aconteceunovale.com.br\/portal\/?p=190413"]}]},{"@type":"ImageObject","inLanguage":"pt-BR","@id":"https:\/\/aconteceunovale.com.br\/portal\/?p=190413#primaryimage","url":"https:\/\/aconteceunovale.com.br\/portal\/wp-content\/uploads\/2022\/04\/alckmin_lula.jpg","contentUrl":"https:\/\/aconteceunovale.com.br\/portal\/wp-content\/uploads\/2022\/04\/alckmin_lula.jpg","width":676,"height":450},{"@type":"BreadcrumbList","@id":"https:\/\/aconteceunovale.com.br\/portal\/?p=190413#breadcrumb","itemListElement":[{"@type":"ListItem","position":1,"name":"In\u00edcio","item":"https:\/\/aconteceunovale.com.br\/portal\/"},{"@type":"ListItem","position":2,"name":"TSE aprova candidatura da chapa de Lula e Alckmin \u00e0 Presid\u00eancia da Rep\u00fablica"}]},{"@type":"WebSite","@id":"https:\/\/aconteceunovale.com.br\/portal\/#website","url":"https:\/\/aconteceunovale.com.br\/portal\/","name":"Aconteceu no Vale","description":"Portal de Not\u00edcias","potentialAction":[{"@type":"SearchAction","target":{"@type":"EntryPoint","urlTemplate":"https:\/\/aconteceunovale.com.br\/portal\/?s={search_term_string}"},"query-input":{"@type":"PropertyValueSpecification","valueRequired":true,"valueName":"search_term_string"}}],"inLanguage":"pt-BR"},{"@type":"Person","@id":"https:\/\/aconteceunovale.com.br\/portal\/#\/schema\/person\/7d2f26d1483f8a63de73da1ee0754d35","name":"Reda\u00e7\u00e3o Aconteceu no Vale","description":"Equipe de reportagem do Aconteceu no Vale, portal de not\u00edcias do Vale do Jequitinhonha, em Minas Gerais. Cobrimos as 51 cidades do Vale desde 2013. Sugest\u00f5es de pauta e pedidos de corre\u00e7\u00e3o: contato@aconteceunovale.com.br","url":"https:\/\/aconteceunovale.com.br\/portal\/?author=4"}]}},"_links":{"self":[{"href":"https:\/\/aconteceunovale.com.br\/portal\/index.php?rest_route=\/wp\/v2\/posts\/190413","targetHints":{"allow":["GET"]}}],"collection":[{"href":"https:\/\/aconteceunovale.com.br\/portal\/index.php?rest_route=\/wp\/v2\/posts"}],"about":[{"href":"https:\/\/aconteceunovale.com.br\/portal\/index.php?rest_route=\/wp\/v2\/types\/post"}],"author":[{"embeddable":true,"href":"https:\/\/aconteceunovale.com.br\/portal\/index.php?rest_route=\/wp\/v2\/users\/4"}],"replies":[{"embeddable":true,"href":"https:\/\/aconteceunovale.com.br\/portal\/index.php?rest_route=%2Fwp%2Fv2%2Fcomments&post=190413"}],"version-history":[{"count":1,"href":"https:\/\/aconteceunovale.com.br\/portal\/index.php?rest_route=\/wp\/v2\/posts\/190413\/revisions"}],"predecessor-version":[{"id":190414,"href":"https:\/\/aconteceunovale.com.br\/portal\/index.php?rest_route=\/wp\/v2\/posts\/190413\/revisions\/190414"}],"wp:featuredmedia":[{"embeddable":true,"href":"https:\/\/aconteceunovale.com.br\/portal\/index.php?rest_route=\/wp\/v2\/media\/188291"}],"wp:attachment":[{"href":"https:\/\/aconteceunovale.com.br\/portal\/index.php?rest_route=%2Fwp%2Fv2%2Fmedia&parent=190413"}],"wp:term":[{"taxonomy":"category","embeddable":true,"href":"https:\/\/aconteceunovale.com.br\/portal\/index.php?rest_route=%2Fwp%2Fv2%2Fcategories&post=190413"},{"taxonomy":"post_tag","embeddable":true,"href":"https:\/\/aconteceunovale.com.br\/portal\/index.php?rest_route=%2Fwp%2Fv2%2Ftags&post=190413"}],"curies":[{"name":"wp","href":"https:\/\/api.w.org\/{rel}","templated":true}]}}