{"id":190411,"date":"2022-09-08T22:48:11","date_gmt":"2022-09-09T01:48:11","guid":{"rendered":"https:\/\/aconteceunovale.com.br\/portal\/?p=190411"},"modified":"2022-09-08T22:48:23","modified_gmt":"2022-09-09T01:48:23","slug":"bolsonaro-diz-que-eleicao-sera-definida-no-1o-turno","status":"publish","type":"post","link":"https:\/\/aconteceunovale.com.br\/portal\/?p=190411","title":{"rendered":"Bolsonaro diz que elei\u00e7\u00e3o ser\u00e1 definida no 1\u00ba turno"},"content":{"rendered":"\n<p class=\"wp-block-paragraph\">O candidato \u00e0 reelei\u00e7\u00e3o para a Presid\u00eancia da Rep\u00fablica, Jair Bolsonaro (PL), disse acreditar que, depois dos atos pol\u00edticos do 7 de setembro, que levou multid\u00f5es \u00e0s ruas, a elei\u00e7\u00e3o estar\u00e1 definida no 1\u00ba turno. Ele participou hoje (8) de sabatina da TV Bras\u00edlia e do Correio Braziliense.\u00a0\u201cCom o que n\u00f3s vimos pelo Brasil, aqui em Bras\u00edlia, na Esplanada; em S\u00e3o Paulo, na Paulista; em Copacabana, no Rio de Janeiro; eu acho que est\u00e1 decidida a elei\u00e7\u00e3o no 1\u00ba turno. N\u00e3o tem explica\u00e7\u00e3o o outro lado ganhar. O povo est\u00e1 conosco\u201d, disse o candidato.<\/p>\n\n\n\n<p class=\"wp-block-paragraph\">O presidente foi questionado sobre a rea\u00e7\u00e3o dos opositores, que consideram ter havido utiliza\u00e7\u00e3o da m\u00e1quina p\u00fablica, nas comemora\u00e7\u00f5es do Bicenten\u00e1rio, favorecendo os com\u00edcios. \u201cEst\u00e3o me acusando de qu\u00ea? Eu estive no 7 de Setembro aqui em Bras\u00edlia, acabou o desfile, tirei a faixa e fui para dentro do povo. Se qualquer outro candidato quisesse comparecer ali, n\u00e3o tinha problema nenhum. N\u00e3o foi um ato meu. Foi um ato da popula\u00e7\u00e3o\u201d, argumentou.<\/p>\n\n\n\n<p class=\"wp-block-paragraph\">Bolsonaro foi perguntado de onde sair\u00e3o os recursos para manter o Aux\u00edlio Brasil, de R$ 600, no pr\u00f3ximo ano, visto que o valor ainda n\u00e3o est\u00e1 assegurado. Segundo ele, o repasse j\u00e1 foi garantido pelo ministro da Economia, Paulo Guedes. &#8220;O que eu conversei com o Paulo Guedes, para buscar alternativas para ser definitivo, a partir do ano que vem. Ele falou que vai ser definitivo. Conversei hoje com o [<em>presidente da C\u00e2mara<\/em>] Arthur Lira. Ele falou que, no que depender da C\u00e2mara, vamos buscar alternativas para isso. O que o Paulo Guedes quer \u00e9 taxar uma parte daquelas pessoas que ganham acima de R$ 400 mil por m\u00eas. \u00c9 taxar o que excede os R$ 400 mil, chamados dividendos, que n\u00e3o se paga nada, pagar 15%. O mundo todo paga isso, menos n\u00f3s aqui\u201d, disse, acrescentando que ser\u00e1 poss\u00edvel tamb\u00e9m corrigir a tabela do imposto de renda.<\/p>\n\n\n\n<p class=\"wp-block-paragraph\">O candidato falou tamb\u00e9m sobre as pol\u00edticas para o campo, incentivando o agroneg\u00f3cio, levando a paz para os produtores, atrav\u00e9s da distribui\u00e7\u00e3o de terras e o combate \u00e0s invas\u00f5es. \u201cN\u00f3s praticamente botamos um ponto final nas a\u00e7\u00f5es do MST,&nbsp;titulando terras pelo Brasil. S\u00e3o mais de 400 mil t\u00edtulos de terra ao pessoal que, at\u00e9 pouco tempo, ocupava um peda\u00e7o de terra e era tido como posse. N\u00f3s demos dignidade a essas pessoas. A quest\u00e3o do armamento, a arma de fogo tamb\u00e9m levou paz ao campo. A propriedade privada \u00e9 sagrada. Quem entrar l\u00e1, n\u00e3o pode ser recebido com flores. Isso recalcou muito as a\u00e7\u00f5es do MST\u201d, declarou Bolsonaro.<\/p>\n\n\n\n<p class=\"wp-block-paragraph\">J\u00e1 durante sua\u00a0<em>live<\/em>\u00a0semanal, ele comentou\u00a0a morte da monarca do Reino Unido, Elizabeth II, anunciada na manh\u00e3 de hoje pela fam\u00edlia real. \u201cUma senhora que foi um exemplo para o mundo na fun\u00e7\u00e3o que ocupava. Teve problemas familiares e manteve a honorabilidade de todos\u201d, disse. \u201cConvidamos todo o povo brasileiro a prestar homenagens \u00e0 rainha.\u201d<\/p>\n\n\n\n<p class=\"wp-block-paragraph\">&#8212;&#8212;&#8212;&#8212;&#8212;&#8212;<br><br><strong>Sabia que o Aconteceu no Vale est\u00e1 tamb\u00e9m no Telegram? <a rel=\"noreferrer noopener\" href=\"https:\/\/t.me\/aconteceunovaleoficial\" target=\"_blank\">Inscreva-se no canal<\/a>.<\/strong><br><br><strong>J\u00e1 curtiu ou seguiu nossas p\u00e1ginas nas redes sociais?\u00a0Receba as not\u00edcias em primeira m\u00e3o:<\/strong><br>\u2022 <a rel=\"noreferrer noopener\" href=\"https:\/\/news.google.com\/publications\/CAAqBwgKMNjklQswi4etAw?hl=pt-BR&amp;gl=BR&amp;ceid=BR%3Apt-419\" target=\"_blank\">Google News<\/a><br>\u2022 <a rel=\"noreferrer noopener\" href=\"https:\/\/www.facebook.com\/aconteceunovale\/\" target=\"_blank\">Facebook<\/a><br>\u2022 <a rel=\"noreferrer noopener\" href=\"https:\/\/twitter.com\/noticiadosvales\" target=\"_blank\">Twitter<\/a><br>\u2022 <a rel=\"noreferrer noopener\" href=\"https:\/\/www.instagram.com\/aconteceunovale\" target=\"_blank\">Instagram<\/a><br>\u2022 <a rel=\"noreferrer noopener\" href=\"https:\/\/www.youtube.com\/AconteceunoValeOficial\" target=\"_blank\">Youtube<\/a><br>\u2022 <a rel=\"noreferrer noopener\" href=\"https:\/\/www.tiktok.com\/@aconteceunovale\" target=\"_blank\">TikTok<\/a><\/p>\n","protected":false},"excerpt":{"rendered":"<p>O candidato \u00e0 reelei\u00e7\u00e3o para a Presid\u00eancia da Rep\u00fablica, Jair Bolsonaro (PL), disse acreditar que, depois dos atos pol\u00edticos do 7 de setembro, que levou multid\u00f5es \u00e0s ruas, a elei\u00e7\u00e3o estar\u00e1 definida no 1\u00ba turno. Ele participou hoje (8) de sabatina da TV Bras\u00edlia e do Correio Braziliense.\u00a0\u201cCom o que n\u00f3s vimos pelo Brasil, aqui [&hellip;]<\/p>\n","protected":false},"author":4,"featured_media":174994,"comment_status":"open","ping_status":"closed","sticky":false,"template":"","format":"standard","meta":{"amp_status":"","footnotes":""},"categories":[6,249933,40240],"tags":[100375,263182,1018,252238,261682,26436,20561],"class_list":["post-190411","post","type-post","status-publish","format-standard","has-post-thumbnail","hentry","category-br","category-eleicoes-2022","category-politica","tag-bolsonaro","tag-bolsonaro-diz-que-eleicao-sera-definida-no-1o-turno","tag-destaque","tag-eleicoes-2022","tag-eleicoes-presidenciais-2022","tag-jair-bolsonaro","tag-presidencia-da-republica"],"yoast_head":"<!-- This site is optimized with the Yoast SEO plugin v28.3 - https:\/\/yoast.com\/product\/yoast-seo-wordpress\/ -->\n<title>Bolsonaro diz que elei\u00e7\u00e3o ser\u00e1 definida no 1\u00ba turno - Aconteceu no Vale<\/title>\n<meta name=\"robots\" content=\"index, follow, max-snippet:-1, max-image-preview:large, max-video-preview:-1\" \/>\n<link rel=\"canonical\" href=\"https:\/\/aconteceunovale.com.br\/portal\/?p=190411\" \/>\n<meta property=\"og:locale\" content=\"pt_BR\" \/>\n<meta property=\"og:type\" content=\"article\" \/>\n<meta property=\"og:title\" content=\"Bolsonaro diz que elei\u00e7\u00e3o ser\u00e1 definida no 1\u00ba turno - Aconteceu no Vale\" \/>\n<meta property=\"og:description\" content=\"O candidato \u00e0 reelei\u00e7\u00e3o para a Presid\u00eancia da Rep\u00fablica, Jair Bolsonaro (PL), disse acreditar que, depois dos atos pol\u00edticos do 7 de setembro, que levou multid\u00f5es \u00e0s ruas, a elei\u00e7\u00e3o estar\u00e1 definida no 1\u00ba turno. Ele participou hoje (8) de sabatina da TV Bras\u00edlia e do Correio Braziliense.\u00a0\u201cCom o que n\u00f3s vimos pelo Brasil, aqui [&hellip;]\" \/>\n<meta property=\"og:url\" content=\"https:\/\/aconteceunovale.com.br\/portal\/?p=190411\" \/>\n<meta property=\"og:site_name\" content=\"Aconteceu no Vale\" \/>\n<meta property=\"article:publisher\" content=\"https:\/\/www.facebook.com\/aconteceunovale\/\" \/>\n<meta property=\"article:published_time\" content=\"2022-09-09T01:48:11+00:00\" \/>\n<meta property=\"article:modified_time\" content=\"2022-09-09T01:48:23+00:00\" \/>\n<meta property=\"og:image\" content=\"https:\/\/aconteceunovale.com.br\/portal\/wp-content\/uploads\/2021\/03\/bolsonaro_presidente2.jpg\" \/>\n\t<meta property=\"og:image:width\" content=\"960\" \/>\n\t<meta property=\"og:image:height\" content=\"640\" \/>\n\t<meta property=\"og:image:type\" content=\"image\/jpeg\" \/>\n<meta name=\"author\" content=\"Reda\u00e7\u00e3o Aconteceu no Vale\" \/>\n<meta name=\"twitter:card\" content=\"summary_large_image\" \/>\n<meta name=\"twitter:creator\" content=\"@noticiadosvales\" \/>\n<meta name=\"twitter:site\" content=\"@noticiadosvales\" \/>\n<meta name=\"twitter:label1\" content=\"Escrito por\" \/>\n\t<meta name=\"twitter:data1\" content=\"Reda\u00e7\u00e3o Aconteceu no Vale\" \/>\n\t<meta name=\"twitter:label2\" content=\"Est. tempo de leitura\" \/>\n\t<meta name=\"twitter:data2\" content=\"3 minutos\" \/>\n<script type=\"application\/ld+json\" class=\"yoast-schema-graph\">{\"@context\":\"https:\\\/\\\/schema.org\",\"@graph\":[{\"@type\":\"Article\",\"@id\":\"https:\\\/\\\/aconteceunovale.com.br\\\/portal\\\/?p=190411#article\",\"isPartOf\":{\"@id\":\"https:\\\/\\\/aconteceunovale.com.br\\\/portal\\\/?p=190411\"},\"author\":{\"name\":\"Reda\u00e7\u00e3o Aconteceu no Vale\",\"@id\":\"https:\\\/\\\/aconteceunovale.com.br\\\/portal\\\/#\\\/schema\\\/person\\\/7d2f26d1483f8a63de73da1ee0754d35\"},\"headline\":\"Bolsonaro diz que elei\u00e7\u00e3o ser\u00e1 definida no 1\u00ba turno\",\"datePublished\":\"2022-09-09T01:48:11+00:00\",\"dateModified\":\"2022-09-09T01:48:23+00:00\",\"mainEntityOfPage\":{\"@id\":\"https:\\\/\\\/aconteceunovale.com.br\\\/portal\\\/?p=190411\"},\"wordCount\":570,\"commentCount\":0,\"image\":{\"@id\":\"https:\\\/\\\/aconteceunovale.com.br\\\/portal\\\/?p=190411#primaryimage\"},\"thumbnailUrl\":\"https:\\\/\\\/aconteceunovale.com.br\\\/portal\\\/wp-content\\\/uploads\\\/2021\\\/03\\\/bolsonaro_presidente2.jpg\",\"keywords\":[\"Bolsonaro\",\"Bolsonaro diz que elei\u00e7\u00e3o ser\u00e1 definida no 1\u00ba turno\",\"destaque\",\"Elei\u00e7\u00f5es 2022\",\"Elei\u00e7\u00f5es Presidenciais 2022\",\"Jair Bolsonaro\",\"Presid\u00eancia da Rep\u00fablica\"],\"articleSection\":[\"Brasil\",\"Elei\u00e7\u00f5es 2022\",\"Pol\u00edtica\"],\"inLanguage\":\"pt-BR\",\"potentialAction\":[{\"@type\":\"CommentAction\",\"name\":\"Comment\",\"target\":[\"https:\\\/\\\/aconteceunovale.com.br\\\/portal\\\/?p=190411#respond\"]}]},{\"@type\":\"WebPage\",\"@id\":\"https:\\\/\\\/aconteceunovale.com.br\\\/portal\\\/?p=190411\",\"url\":\"https:\\\/\\\/aconteceunovale.com.br\\\/portal\\\/?p=190411\",\"name\":\"Bolsonaro diz que elei\u00e7\u00e3o ser\u00e1 definida no 1\u00ba turno - Aconteceu no Vale\",\"isPartOf\":{\"@id\":\"https:\\\/\\\/aconteceunovale.com.br\\\/portal\\\/#website\"},\"primaryImageOfPage\":{\"@id\":\"https:\\\/\\\/aconteceunovale.com.br\\\/portal\\\/?p=190411#primaryimage\"},\"image\":{\"@id\":\"https:\\\/\\\/aconteceunovale.com.br\\\/portal\\\/?p=190411#primaryimage\"},\"thumbnailUrl\":\"https:\\\/\\\/aconteceunovale.com.br\\\/portal\\\/wp-content\\\/uploads\\\/2021\\\/03\\\/bolsonaro_presidente2.jpg\",\"datePublished\":\"2022-09-09T01:48:11+00:00\",\"dateModified\":\"2022-09-09T01:48:23+00:00\",\"author\":{\"@id\":\"https:\\\/\\\/aconteceunovale.com.br\\\/portal\\\/#\\\/schema\\\/person\\\/7d2f26d1483f8a63de73da1ee0754d35\"},\"breadcrumb\":{\"@id\":\"https:\\\/\\\/aconteceunovale.com.br\\\/portal\\\/?p=190411#breadcrumb\"},\"inLanguage\":\"pt-BR\",\"potentialAction\":[{\"@type\":\"ReadAction\",\"target\":[\"https:\\\/\\\/aconteceunovale.com.br\\\/portal\\\/?p=190411\"]}]},{\"@type\":\"ImageObject\",\"inLanguage\":\"pt-BR\",\"@id\":\"https:\\\/\\\/aconteceunovale.com.br\\\/portal\\\/?p=190411#primaryimage\",\"url\":\"https:\\\/\\\/aconteceunovale.com.br\\\/portal\\\/wp-content\\\/uploads\\\/2021\\\/03\\\/bolsonaro_presidente2.jpg\",\"contentUrl\":\"https:\\\/\\\/aconteceunovale.com.br\\\/portal\\\/wp-content\\\/uploads\\\/2021\\\/03\\\/bolsonaro_presidente2.jpg\",\"width\":960,\"height\":640},{\"@type\":\"BreadcrumbList\",\"@id\":\"https:\\\/\\\/aconteceunovale.com.br\\\/portal\\\/?p=190411#breadcrumb\",\"itemListElement\":[{\"@type\":\"ListItem\",\"position\":1,\"name\":\"In\u00edcio\",\"item\":\"https:\\\/\\\/aconteceunovale.com.br\\\/portal\\\/\"},{\"@type\":\"ListItem\",\"position\":2,\"name\":\"Bolsonaro diz que elei\u00e7\u00e3o ser\u00e1 definida no 1\u00ba turno\"}]},{\"@type\":\"WebSite\",\"@id\":\"https:\\\/\\\/aconteceunovale.com.br\\\/portal\\\/#website\",\"url\":\"https:\\\/\\\/aconteceunovale.com.br\\\/portal\\\/\",\"name\":\"Aconteceu no Vale\",\"description\":\"Portal de Not\u00edcias\",\"potentialAction\":[{\"@type\":\"SearchAction\",\"target\":{\"@type\":\"EntryPoint\",\"urlTemplate\":\"https:\\\/\\\/aconteceunovale.com.br\\\/portal\\\/?s={search_term_string}\"},\"query-input\":{\"@type\":\"PropertyValueSpecification\",\"valueRequired\":true,\"valueName\":\"search_term_string\"}}],\"inLanguage\":\"pt-BR\"},{\"@type\":\"Person\",\"@id\":\"https:\\\/\\\/aconteceunovale.com.br\\\/portal\\\/#\\\/schema\\\/person\\\/7d2f26d1483f8a63de73da1ee0754d35\",\"name\":\"Reda\u00e7\u00e3o Aconteceu no Vale\",\"description\":\"Equipe de reportagem do Aconteceu no Vale, portal de not\u00edcias do Vale do Jequitinhonha, em Minas Gerais. Cobrimos as 51 cidades do Vale desde 2013. Sugest\u00f5es de pauta e pedidos de corre\u00e7\u00e3o: contato@aconteceunovale.com.br\",\"url\":\"https:\\\/\\\/aconteceunovale.com.br\\\/portal\\\/?author=4\"}]}<\/script>\n<!-- \/ Yoast SEO plugin. -->","yoast_head_json":{"title":"Bolsonaro diz que elei\u00e7\u00e3o ser\u00e1 definida no 1\u00ba turno - Aconteceu no Vale","robots":{"index":"index","follow":"follow","max-snippet":"max-snippet:-1","max-image-preview":"max-image-preview:large","max-video-preview":"max-video-preview:-1"},"canonical":"https:\/\/aconteceunovale.com.br\/portal\/?p=190411","og_locale":"pt_BR","og_type":"article","og_title":"Bolsonaro diz que elei\u00e7\u00e3o ser\u00e1 definida no 1\u00ba turno - Aconteceu no Vale","og_description":"O candidato \u00e0 reelei\u00e7\u00e3o para a Presid\u00eancia da Rep\u00fablica, Jair Bolsonaro (PL), disse acreditar que, depois dos atos pol\u00edticos do 7 de setembro, que levou multid\u00f5es \u00e0s ruas, a elei\u00e7\u00e3o estar\u00e1 definida no 1\u00ba turno. Ele participou hoje (8) de sabatina da TV Bras\u00edlia e do Correio Braziliense.\u00a0\u201cCom o que n\u00f3s vimos pelo Brasil, aqui [&hellip;]","og_url":"https:\/\/aconteceunovale.com.br\/portal\/?p=190411","og_site_name":"Aconteceu no Vale","article_publisher":"https:\/\/www.facebook.com\/aconteceunovale\/","article_published_time":"2022-09-09T01:48:11+00:00","article_modified_time":"2022-09-09T01:48:23+00:00","og_image":[{"width":960,"height":640,"url":"https:\/\/aconteceunovale.com.br\/portal\/wp-content\/uploads\/2021\/03\/bolsonaro_presidente2.jpg","type":"image\/jpeg"}],"author":"Reda\u00e7\u00e3o Aconteceu no Vale","twitter_card":"summary_large_image","twitter_creator":"@noticiadosvales","twitter_site":"@noticiadosvales","twitter_misc":{"Escrito por":"Reda\u00e7\u00e3o Aconteceu no Vale","Est. tempo de leitura":"3 minutos"},"schema":{"@context":"https:\/\/schema.org","@graph":[{"@type":"Article","@id":"https:\/\/aconteceunovale.com.br\/portal\/?p=190411#article","isPartOf":{"@id":"https:\/\/aconteceunovale.com.br\/portal\/?p=190411"},"author":{"name":"Reda\u00e7\u00e3o Aconteceu no Vale","@id":"https:\/\/aconteceunovale.com.br\/portal\/#\/schema\/person\/7d2f26d1483f8a63de73da1ee0754d35"},"headline":"Bolsonaro diz que elei\u00e7\u00e3o ser\u00e1 definida no 1\u00ba turno","datePublished":"2022-09-09T01:48:11+00:00","dateModified":"2022-09-09T01:48:23+00:00","mainEntityOfPage":{"@id":"https:\/\/aconteceunovale.com.br\/portal\/?p=190411"},"wordCount":570,"commentCount":0,"image":{"@id":"https:\/\/aconteceunovale.com.br\/portal\/?p=190411#primaryimage"},"thumbnailUrl":"https:\/\/aconteceunovale.com.br\/portal\/wp-content\/uploads\/2021\/03\/bolsonaro_presidente2.jpg","keywords":["Bolsonaro","Bolsonaro diz que elei\u00e7\u00e3o ser\u00e1 definida no 1\u00ba turno","destaque","Elei\u00e7\u00f5es 2022","Elei\u00e7\u00f5es Presidenciais 2022","Jair Bolsonaro","Presid\u00eancia da Rep\u00fablica"],"articleSection":["Brasil","Elei\u00e7\u00f5es 2022","Pol\u00edtica"],"inLanguage":"pt-BR","potentialAction":[{"@type":"CommentAction","name":"Comment","target":["https:\/\/aconteceunovale.com.br\/portal\/?p=190411#respond"]}]},{"@type":"WebPage","@id":"https:\/\/aconteceunovale.com.br\/portal\/?p=190411","url":"https:\/\/aconteceunovale.com.br\/portal\/?p=190411","name":"Bolsonaro diz que elei\u00e7\u00e3o ser\u00e1 definida no 1\u00ba turno - Aconteceu no Vale","isPartOf":{"@id":"https:\/\/aconteceunovale.com.br\/portal\/#website"},"primaryImageOfPage":{"@id":"https:\/\/aconteceunovale.com.br\/portal\/?p=190411#primaryimage"},"image":{"@id":"https:\/\/aconteceunovale.com.br\/portal\/?p=190411#primaryimage"},"thumbnailUrl":"https:\/\/aconteceunovale.com.br\/portal\/wp-content\/uploads\/2021\/03\/bolsonaro_presidente2.jpg","datePublished":"2022-09-09T01:48:11+00:00","dateModified":"2022-09-09T01:48:23+00:00","author":{"@id":"https:\/\/aconteceunovale.com.br\/portal\/#\/schema\/person\/7d2f26d1483f8a63de73da1ee0754d35"},"breadcrumb":{"@id":"https:\/\/aconteceunovale.com.br\/portal\/?p=190411#breadcrumb"},"inLanguage":"pt-BR","potentialAction":[{"@type":"ReadAction","target":["https:\/\/aconteceunovale.com.br\/portal\/?p=190411"]}]},{"@type":"ImageObject","inLanguage":"pt-BR","@id":"https:\/\/aconteceunovale.com.br\/portal\/?p=190411#primaryimage","url":"https:\/\/aconteceunovale.com.br\/portal\/wp-content\/uploads\/2021\/03\/bolsonaro_presidente2.jpg","contentUrl":"https:\/\/aconteceunovale.com.br\/portal\/wp-content\/uploads\/2021\/03\/bolsonaro_presidente2.jpg","width":960,"height":640},{"@type":"BreadcrumbList","@id":"https:\/\/aconteceunovale.com.br\/portal\/?p=190411#breadcrumb","itemListElement":[{"@type":"ListItem","position":1,"name":"In\u00edcio","item":"https:\/\/aconteceunovale.com.br\/portal\/"},{"@type":"ListItem","position":2,"name":"Bolsonaro diz que elei\u00e7\u00e3o ser\u00e1 definida no 1\u00ba turno"}]},{"@type":"WebSite","@id":"https:\/\/aconteceunovale.com.br\/portal\/#website","url":"https:\/\/aconteceunovale.com.br\/portal\/","name":"Aconteceu no Vale","description":"Portal de Not\u00edcias","potentialAction":[{"@type":"SearchAction","target":{"@type":"EntryPoint","urlTemplate":"https:\/\/aconteceunovale.com.br\/portal\/?s={search_term_string}"},"query-input":{"@type":"PropertyValueSpecification","valueRequired":true,"valueName":"search_term_string"}}],"inLanguage":"pt-BR"},{"@type":"Person","@id":"https:\/\/aconteceunovale.com.br\/portal\/#\/schema\/person\/7d2f26d1483f8a63de73da1ee0754d35","name":"Reda\u00e7\u00e3o Aconteceu no Vale","description":"Equipe de reportagem do Aconteceu no Vale, portal de not\u00edcias do Vale do Jequitinhonha, em Minas Gerais. Cobrimos as 51 cidades do Vale desde 2013. Sugest\u00f5es de pauta e pedidos de corre\u00e7\u00e3o: contato@aconteceunovale.com.br","url":"https:\/\/aconteceunovale.com.br\/portal\/?author=4"}]}},"_links":{"self":[{"href":"https:\/\/aconteceunovale.com.br\/portal\/index.php?rest_route=\/wp\/v2\/posts\/190411","targetHints":{"allow":["GET"]}}],"collection":[{"href":"https:\/\/aconteceunovale.com.br\/portal\/index.php?rest_route=\/wp\/v2\/posts"}],"about":[{"href":"https:\/\/aconteceunovale.com.br\/portal\/index.php?rest_route=\/wp\/v2\/types\/post"}],"author":[{"embeddable":true,"href":"https:\/\/aconteceunovale.com.br\/portal\/index.php?rest_route=\/wp\/v2\/users\/4"}],"replies":[{"embeddable":true,"href":"https:\/\/aconteceunovale.com.br\/portal\/index.php?rest_route=%2Fwp%2Fv2%2Fcomments&post=190411"}],"version-history":[{"count":1,"href":"https:\/\/aconteceunovale.com.br\/portal\/index.php?rest_route=\/wp\/v2\/posts\/190411\/revisions"}],"predecessor-version":[{"id":190412,"href":"https:\/\/aconteceunovale.com.br\/portal\/index.php?rest_route=\/wp\/v2\/posts\/190411\/revisions\/190412"}],"wp:featuredmedia":[{"embeddable":true,"href":"https:\/\/aconteceunovale.com.br\/portal\/index.php?rest_route=\/wp\/v2\/media\/174994"}],"wp:attachment":[{"href":"https:\/\/aconteceunovale.com.br\/portal\/index.php?rest_route=%2Fwp%2Fv2%2Fmedia&parent=190411"}],"wp:term":[{"taxonomy":"category","embeddable":true,"href":"https:\/\/aconteceunovale.com.br\/portal\/index.php?rest_route=%2Fwp%2Fv2%2Fcategories&post=190411"},{"taxonomy":"post_tag","embeddable":true,"href":"https:\/\/aconteceunovale.com.br\/portal\/index.php?rest_route=%2Fwp%2Fv2%2Ftags&post=190411"}],"curies":[{"name":"wp","href":"https:\/\/api.w.org\/{rel}","templated":true}]}}