{"id":190401,"date":"2022-09-08T22:00:48","date_gmt":"2022-09-09T01:00:48","guid":{"rendered":"https:\/\/aconteceunovale.com.br\/portal\/?p=190401"},"modified":"2022-09-08T22:01:06","modified_gmt":"2022-09-09T01:01:06","slug":"ix-vaquejada-nacional-de-ponto-chique","status":"publish","type":"post","link":"https:\/\/aconteceunovale.com.br\/portal\/?p=190401","title":{"rendered":"IX Vaquejada Nacional de Ponto Chique"},"content":{"rendered":"\n<p class=\"wp-block-paragraph\">De 23 a 25 de setembro &#8211; Ponto Chique\/MG<\/p>\n\n\n\n<figure class=\"wp-block-image size-full\"><img loading=\"lazy\" decoding=\"async\" width=\"433\" height=\"450\" src=\"https:\/\/aconteceunovale.com.br\/portal\/wp-content\/uploads\/2022\/09\/vaquejada_ponto_chique_1.jpg\" alt=\"\" class=\"wp-image-190402\" srcset=\"https:\/\/aconteceunovale.com.br\/portal\/wp-content\/uploads\/2022\/09\/vaquejada_ponto_chique_1.jpg 433w, https:\/\/aconteceunovale.com.br\/portal\/wp-content\/uploads\/2022\/09\/vaquejada_ponto_chique_1-289x300.jpg 289w, https:\/\/aconteceunovale.com.br\/portal\/wp-content\/uploads\/2022\/09\/vaquejada_ponto_chique_1-404x420.jpg 404w\" sizes=\"auto, (max-width: 433px) 100vw, 433px\" \/><\/figure>\n\n\n\n<p class=\"wp-block-paragraph\"><strong>23\/09 (sexta-feira):<\/strong><\/p>\n\n\n\n<ul class=\"wp-block-list\"><li>Rob\u00e9rio e Seus Teclados<\/li><li>Cheiro de Pimenta<\/li><li>Diego Rocha<\/li><li>Rasta Galera<\/li><\/ul>\n\n\n\n<p class=\"wp-block-paragraph\"><strong>24\/09 (s\u00e1bado):<\/strong><\/p>\n\n\n\n<ul class=\"wp-block-list\"><li>Gabriel Gava<\/li><li>Bai\u00e3o Tropical<\/li><li>Jo\u00e3o Carlos<\/li><\/ul>\n\n\n\n<p class=\"wp-block-paragraph\"><strong>25\/09 (domingo):<\/strong><\/p>\n\n\n\n<ul class=\"wp-block-list\"><li>Forr\u00f3 Perfeito<\/li><li>Paix\u00e3o Sertaneja<\/li><li>Valdo e Vael<\/li><\/ul>\n\n\n\n<p class=\"wp-block-paragraph\"><strong>Realiza\u00e7\u00e3o:<\/strong> Prefeitura de Ponto Chique<\/p>\n","protected":false},"excerpt":{"rendered":"<p>De 23 a 25 de setembro &#8211; Ponto Chique\/MG 23\/09 (sexta-feira): Rob\u00e9rio e Seus Teclados Cheiro de Pimenta Diego Rocha Rasta Galera 24\/09 (s\u00e1bado): Gabriel Gava Bai\u00e3o Tropical Jo\u00e3o Carlos 25\/09 (domingo): Forr\u00f3 Perfeito Paix\u00e3o Sertaneja Valdo e Vael Realiza\u00e7\u00e3o: Prefeitura de Ponto Chique<\/p>\n","protected":false},"author":4,"featured_media":190403,"comment_status":"open","ping_status":"closed","sticky":false,"template":"","format":"standard","meta":{"amp_status":"","footnotes":""},"categories":[125,1236],"tags":[263170,263169,263165,263168,263167,263166],"class_list":["post-190401","post","type-post","status-publish","format-standard","has-post-thumbnail","hentry","category-noticias","category-norte_de_minas","tag-gabriel-gava-em-ponto-chique","tag-gabriel-gava-na-vaquejada-de-ponto-chique","tag-ix-vaquejada-nacional-de-ponto-chique","tag-programacao-da-vaquejada-de-ponto-chique","tag-shows-da-vaquejada-de-ponto-chique","tag-vaquejada-de-ponto-chique"],"yoast_head":"<!-- This site is optimized with the Yoast SEO plugin v28.3 - https:\/\/yoast.com\/product\/yoast-seo-wordpress\/ -->\n<title>IX Vaquejada Nacional de Ponto Chique - Aconteceu no Vale<\/title>\n<meta name=\"robots\" content=\"index, follow, max-snippet:-1, max-image-preview:large, max-video-preview:-1\" \/>\n<link rel=\"canonical\" href=\"https:\/\/aconteceunovale.com.br\/portal\/?p=190401\" \/>\n<meta property=\"og:locale\" content=\"pt_BR\" \/>\n<meta property=\"og:type\" content=\"article\" \/>\n<meta property=\"og:title\" content=\"IX Vaquejada Nacional de Ponto Chique - Aconteceu no Vale\" \/>\n<meta property=\"og:description\" content=\"De 23 a 25 de setembro &#8211; Ponto Chique\/MG 23\/09 (sexta-feira): Rob\u00e9rio e Seus Teclados Cheiro de Pimenta Diego Rocha Rasta Galera 24\/09 (s\u00e1bado): Gabriel Gava Bai\u00e3o Tropical Jo\u00e3o Carlos 25\/09 (domingo): Forr\u00f3 Perfeito Paix\u00e3o Sertaneja Valdo e Vael Realiza\u00e7\u00e3o: Prefeitura de Ponto Chique\" \/>\n<meta property=\"og:url\" content=\"https:\/\/aconteceunovale.com.br\/portal\/?p=190401\" \/>\n<meta property=\"og:site_name\" content=\"Aconteceu no Vale\" \/>\n<meta property=\"article:publisher\" content=\"https:\/\/www.facebook.com\/aconteceunovale\/\" \/>\n<meta property=\"article:published_time\" content=\"2022-09-09T01:00:48+00:00\" \/>\n<meta property=\"article:modified_time\" content=\"2022-09-09T01:01:06+00:00\" \/>\n<meta property=\"og:image\" content=\"https:\/\/aconteceunovale.com.br\/portal\/wp-content\/uploads\/2022\/09\/vaquejada_ponto_chique_3.png\" \/>\n\t<meta property=\"og:image:width\" content=\"590\" \/>\n\t<meta property=\"og:image:height\" content=\"450\" \/>\n\t<meta property=\"og:image:type\" content=\"image\/png\" \/>\n<meta name=\"author\" content=\"Reda\u00e7\u00e3o Aconteceu no Vale\" \/>\n<meta name=\"twitter:card\" content=\"summary_large_image\" \/>\n<meta name=\"twitter:creator\" content=\"@noticiadosvales\" \/>\n<meta name=\"twitter:site\" content=\"@noticiadosvales\" \/>\n<meta name=\"twitter:label1\" content=\"Escrito por\" \/>\n\t<meta name=\"twitter:data1\" content=\"Reda\u00e7\u00e3o Aconteceu no Vale\" \/>\n<script type=\"application\/ld+json\" class=\"yoast-schema-graph\">{\"@context\":\"https:\\\/\\\/schema.org\",\"@graph\":[{\"@type\":\"Article\",\"@id\":\"https:\\\/\\\/aconteceunovale.com.br\\\/portal\\\/?p=190401#article\",\"isPartOf\":{\"@id\":\"https:\\\/\\\/aconteceunovale.com.br\\\/portal\\\/?p=190401\"},\"author\":{\"name\":\"Reda\u00e7\u00e3o Aconteceu no Vale\",\"@id\":\"https:\\\/\\\/aconteceunovale.com.br\\\/portal\\\/#\\\/schema\\\/person\\\/7d2f26d1483f8a63de73da1ee0754d35\"},\"headline\":\"IX Vaquejada Nacional de Ponto Chique\",\"datePublished\":\"2022-09-09T01:00:48+00:00\",\"dateModified\":\"2022-09-09T01:01:06+00:00\",\"mainEntityOfPage\":{\"@id\":\"https:\\\/\\\/aconteceunovale.com.br\\\/portal\\\/?p=190401\"},\"wordCount\":52,\"commentCount\":0,\"image\":{\"@id\":\"https:\\\/\\\/aconteceunovale.com.br\\\/portal\\\/?p=190401#primaryimage\"},\"thumbnailUrl\":\"https:\\\/\\\/aconteceunovale.com.br\\\/portal\\\/wp-content\\\/uploads\\\/2022\\\/09\\\/vaquejada_ponto_chique_3.png\",\"keywords\":[\"Gabriel Gava em Ponto Chique\",\"Gabriel Gava na Vaquejada de Ponto Chique\",\"IX Vaquejada Nacional de Ponto Chique\",\"Programa\u00e7\u00e3o da vaquejada de Ponto Chique\",\"Shows da vaquejada de Ponto Chique\",\"Vaquejada de Ponto Chique\"],\"articleSection\":[\"Eventos\",\"Norte de Minas\"],\"inLanguage\":\"pt-BR\",\"potentialAction\":[{\"@type\":\"CommentAction\",\"name\":\"Comment\",\"target\":[\"https:\\\/\\\/aconteceunovale.com.br\\\/portal\\\/?p=190401#respond\"]}]},{\"@type\":\"WebPage\",\"@id\":\"https:\\\/\\\/aconteceunovale.com.br\\\/portal\\\/?p=190401\",\"url\":\"https:\\\/\\\/aconteceunovale.com.br\\\/portal\\\/?p=190401\",\"name\":\"IX Vaquejada Nacional de Ponto Chique - Aconteceu no Vale\",\"isPartOf\":{\"@id\":\"https:\\\/\\\/aconteceunovale.com.br\\\/portal\\\/#website\"},\"primaryImageOfPage\":{\"@id\":\"https:\\\/\\\/aconteceunovale.com.br\\\/portal\\\/?p=190401#primaryimage\"},\"image\":{\"@id\":\"https:\\\/\\\/aconteceunovale.com.br\\\/portal\\\/?p=190401#primaryimage\"},\"thumbnailUrl\":\"https:\\\/\\\/aconteceunovale.com.br\\\/portal\\\/wp-content\\\/uploads\\\/2022\\\/09\\\/vaquejada_ponto_chique_3.png\",\"datePublished\":\"2022-09-09T01:00:48+00:00\",\"dateModified\":\"2022-09-09T01:01:06+00:00\",\"author\":{\"@id\":\"https:\\\/\\\/aconteceunovale.com.br\\\/portal\\\/#\\\/schema\\\/person\\\/7d2f26d1483f8a63de73da1ee0754d35\"},\"breadcrumb\":{\"@id\":\"https:\\\/\\\/aconteceunovale.com.br\\\/portal\\\/?p=190401#breadcrumb\"},\"inLanguage\":\"pt-BR\",\"potentialAction\":[{\"@type\":\"ReadAction\",\"target\":[\"https:\\\/\\\/aconteceunovale.com.br\\\/portal\\\/?p=190401\"]}]},{\"@type\":\"ImageObject\",\"inLanguage\":\"pt-BR\",\"@id\":\"https:\\\/\\\/aconteceunovale.com.br\\\/portal\\\/?p=190401#primaryimage\",\"url\":\"https:\\\/\\\/aconteceunovale.com.br\\\/portal\\\/wp-content\\\/uploads\\\/2022\\\/09\\\/vaquejada_ponto_chique_3.png\",\"contentUrl\":\"https:\\\/\\\/aconteceunovale.com.br\\\/portal\\\/wp-content\\\/uploads\\\/2022\\\/09\\\/vaquejada_ponto_chique_3.png\",\"width\":590,\"height\":450},{\"@type\":\"BreadcrumbList\",\"@id\":\"https:\\\/\\\/aconteceunovale.com.br\\\/portal\\\/?p=190401#breadcrumb\",\"itemListElement\":[{\"@type\":\"ListItem\",\"position\":1,\"name\":\"In\u00edcio\",\"item\":\"https:\\\/\\\/aconteceunovale.com.br\\\/portal\\\/\"},{\"@type\":\"ListItem\",\"position\":2,\"name\":\"IX Vaquejada Nacional de Ponto Chique\"}]},{\"@type\":\"WebSite\",\"@id\":\"https:\\\/\\\/aconteceunovale.com.br\\\/portal\\\/#website\",\"url\":\"https:\\\/\\\/aconteceunovale.com.br\\\/portal\\\/\",\"name\":\"Aconteceu no Vale\",\"description\":\"Portal de Not\u00edcias\",\"potentialAction\":[{\"@type\":\"SearchAction\",\"target\":{\"@type\":\"EntryPoint\",\"urlTemplate\":\"https:\\\/\\\/aconteceunovale.com.br\\\/portal\\\/?s={search_term_string}\"},\"query-input\":{\"@type\":\"PropertyValueSpecification\",\"valueRequired\":true,\"valueName\":\"search_term_string\"}}],\"inLanguage\":\"pt-BR\"},{\"@type\":\"Person\",\"@id\":\"https:\\\/\\\/aconteceunovale.com.br\\\/portal\\\/#\\\/schema\\\/person\\\/7d2f26d1483f8a63de73da1ee0754d35\",\"name\":\"Reda\u00e7\u00e3o Aconteceu no Vale\",\"description\":\"Equipe de reportagem do Aconteceu no Vale, portal de not\u00edcias do Vale do Jequitinhonha, em Minas Gerais. Cobrimos as 51 cidades do Vale desde 2013. Sugest\u00f5es de pauta e pedidos de corre\u00e7\u00e3o: contato@aconteceunovale.com.br\",\"url\":\"https:\\\/\\\/aconteceunovale.com.br\\\/portal\\\/?author=4\"}]}<\/script>\n<!-- \/ Yoast SEO plugin. -->","yoast_head_json":{"title":"IX Vaquejada Nacional de Ponto Chique - Aconteceu no Vale","robots":{"index":"index","follow":"follow","max-snippet":"max-snippet:-1","max-image-preview":"max-image-preview:large","max-video-preview":"max-video-preview:-1"},"canonical":"https:\/\/aconteceunovale.com.br\/portal\/?p=190401","og_locale":"pt_BR","og_type":"article","og_title":"IX Vaquejada Nacional de Ponto Chique - Aconteceu no Vale","og_description":"De 23 a 25 de setembro &#8211; Ponto Chique\/MG 23\/09 (sexta-feira): Rob\u00e9rio e Seus Teclados Cheiro de Pimenta Diego Rocha Rasta Galera 24\/09 (s\u00e1bado): Gabriel Gava Bai\u00e3o Tropical Jo\u00e3o Carlos 25\/09 (domingo): Forr\u00f3 Perfeito Paix\u00e3o Sertaneja Valdo e Vael Realiza\u00e7\u00e3o: Prefeitura de Ponto Chique","og_url":"https:\/\/aconteceunovale.com.br\/portal\/?p=190401","og_site_name":"Aconteceu no Vale","article_publisher":"https:\/\/www.facebook.com\/aconteceunovale\/","article_published_time":"2022-09-09T01:00:48+00:00","article_modified_time":"2022-09-09T01:01:06+00:00","og_image":[{"width":590,"height":450,"url":"https:\/\/aconteceunovale.com.br\/portal\/wp-content\/uploads\/2022\/09\/vaquejada_ponto_chique_3.png","type":"image\/png"}],"author":"Reda\u00e7\u00e3o Aconteceu no Vale","twitter_card":"summary_large_image","twitter_creator":"@noticiadosvales","twitter_site":"@noticiadosvales","twitter_misc":{"Escrito por":"Reda\u00e7\u00e3o Aconteceu no Vale"},"schema":{"@context":"https:\/\/schema.org","@graph":[{"@type":"Article","@id":"https:\/\/aconteceunovale.com.br\/portal\/?p=190401#article","isPartOf":{"@id":"https:\/\/aconteceunovale.com.br\/portal\/?p=190401"},"author":{"name":"Reda\u00e7\u00e3o Aconteceu no Vale","@id":"https:\/\/aconteceunovale.com.br\/portal\/#\/schema\/person\/7d2f26d1483f8a63de73da1ee0754d35"},"headline":"IX Vaquejada Nacional de Ponto Chique","datePublished":"2022-09-09T01:00:48+00:00","dateModified":"2022-09-09T01:01:06+00:00","mainEntityOfPage":{"@id":"https:\/\/aconteceunovale.com.br\/portal\/?p=190401"},"wordCount":52,"commentCount":0,"image":{"@id":"https:\/\/aconteceunovale.com.br\/portal\/?p=190401#primaryimage"},"thumbnailUrl":"https:\/\/aconteceunovale.com.br\/portal\/wp-content\/uploads\/2022\/09\/vaquejada_ponto_chique_3.png","keywords":["Gabriel Gava em Ponto Chique","Gabriel Gava na Vaquejada de Ponto Chique","IX Vaquejada Nacional de Ponto Chique","Programa\u00e7\u00e3o da vaquejada de Ponto Chique","Shows da vaquejada de Ponto Chique","Vaquejada de Ponto Chique"],"articleSection":["Eventos","Norte de Minas"],"inLanguage":"pt-BR","potentialAction":[{"@type":"CommentAction","name":"Comment","target":["https:\/\/aconteceunovale.com.br\/portal\/?p=190401#respond"]}]},{"@type":"WebPage","@id":"https:\/\/aconteceunovale.com.br\/portal\/?p=190401","url":"https:\/\/aconteceunovale.com.br\/portal\/?p=190401","name":"IX Vaquejada Nacional de Ponto Chique - Aconteceu no Vale","isPartOf":{"@id":"https:\/\/aconteceunovale.com.br\/portal\/#website"},"primaryImageOfPage":{"@id":"https:\/\/aconteceunovale.com.br\/portal\/?p=190401#primaryimage"},"image":{"@id":"https:\/\/aconteceunovale.com.br\/portal\/?p=190401#primaryimage"},"thumbnailUrl":"https:\/\/aconteceunovale.com.br\/portal\/wp-content\/uploads\/2022\/09\/vaquejada_ponto_chique_3.png","datePublished":"2022-09-09T01:00:48+00:00","dateModified":"2022-09-09T01:01:06+00:00","author":{"@id":"https:\/\/aconteceunovale.com.br\/portal\/#\/schema\/person\/7d2f26d1483f8a63de73da1ee0754d35"},"breadcrumb":{"@id":"https:\/\/aconteceunovale.com.br\/portal\/?p=190401#breadcrumb"},"inLanguage":"pt-BR","potentialAction":[{"@type":"ReadAction","target":["https:\/\/aconteceunovale.com.br\/portal\/?p=190401"]}]},{"@type":"ImageObject","inLanguage":"pt-BR","@id":"https:\/\/aconteceunovale.com.br\/portal\/?p=190401#primaryimage","url":"https:\/\/aconteceunovale.com.br\/portal\/wp-content\/uploads\/2022\/09\/vaquejada_ponto_chique_3.png","contentUrl":"https:\/\/aconteceunovale.com.br\/portal\/wp-content\/uploads\/2022\/09\/vaquejada_ponto_chique_3.png","width":590,"height":450},{"@type":"BreadcrumbList","@id":"https:\/\/aconteceunovale.com.br\/portal\/?p=190401#breadcrumb","itemListElement":[{"@type":"ListItem","position":1,"name":"In\u00edcio","item":"https:\/\/aconteceunovale.com.br\/portal\/"},{"@type":"ListItem","position":2,"name":"IX Vaquejada Nacional de Ponto Chique"}]},{"@type":"WebSite","@id":"https:\/\/aconteceunovale.com.br\/portal\/#website","url":"https:\/\/aconteceunovale.com.br\/portal\/","name":"Aconteceu no Vale","description":"Portal de Not\u00edcias","potentialAction":[{"@type":"SearchAction","target":{"@type":"EntryPoint","urlTemplate":"https:\/\/aconteceunovale.com.br\/portal\/?s={search_term_string}"},"query-input":{"@type":"PropertyValueSpecification","valueRequired":true,"valueName":"search_term_string"}}],"inLanguage":"pt-BR"},{"@type":"Person","@id":"https:\/\/aconteceunovale.com.br\/portal\/#\/schema\/person\/7d2f26d1483f8a63de73da1ee0754d35","name":"Reda\u00e7\u00e3o Aconteceu no Vale","description":"Equipe de reportagem do Aconteceu no Vale, portal de not\u00edcias do Vale do Jequitinhonha, em Minas Gerais. Cobrimos as 51 cidades do Vale desde 2013. Sugest\u00f5es de pauta e pedidos de corre\u00e7\u00e3o: contato@aconteceunovale.com.br","url":"https:\/\/aconteceunovale.com.br\/portal\/?author=4"}]}},"_links":{"self":[{"href":"https:\/\/aconteceunovale.com.br\/portal\/index.php?rest_route=\/wp\/v2\/posts\/190401","targetHints":{"allow":["GET"]}}],"collection":[{"href":"https:\/\/aconteceunovale.com.br\/portal\/index.php?rest_route=\/wp\/v2\/posts"}],"about":[{"href":"https:\/\/aconteceunovale.com.br\/portal\/index.php?rest_route=\/wp\/v2\/types\/post"}],"author":[{"embeddable":true,"href":"https:\/\/aconteceunovale.com.br\/portal\/index.php?rest_route=\/wp\/v2\/users\/4"}],"replies":[{"embeddable":true,"href":"https:\/\/aconteceunovale.com.br\/portal\/index.php?rest_route=%2Fwp%2Fv2%2Fcomments&post=190401"}],"version-history":[{"count":1,"href":"https:\/\/aconteceunovale.com.br\/portal\/index.php?rest_route=\/wp\/v2\/posts\/190401\/revisions"}],"predecessor-version":[{"id":190404,"href":"https:\/\/aconteceunovale.com.br\/portal\/index.php?rest_route=\/wp\/v2\/posts\/190401\/revisions\/190404"}],"wp:featuredmedia":[{"embeddable":true,"href":"https:\/\/aconteceunovale.com.br\/portal\/index.php?rest_route=\/wp\/v2\/media\/190403"}],"wp:attachment":[{"href":"https:\/\/aconteceunovale.com.br\/portal\/index.php?rest_route=%2Fwp%2Fv2%2Fmedia&parent=190401"}],"wp:term":[{"taxonomy":"category","embeddable":true,"href":"https:\/\/aconteceunovale.com.br\/portal\/index.php?rest_route=%2Fwp%2Fv2%2Fcategories&post=190401"},{"taxonomy":"post_tag","embeddable":true,"href":"https:\/\/aconteceunovale.com.br\/portal\/index.php?rest_route=%2Fwp%2Fv2%2Ftags&post=190401"}],"curies":[{"name":"wp","href":"https:\/\/api.w.org\/{rel}","templated":true}]}}