{"id":19037,"date":"2014-01-21T20:18:01","date_gmt":"2014-01-21T22:18:01","guid":{"rendered":"http:\/\/aconteceunovale.com.br\/portal\/?p=19037"},"modified":"2014-01-21T20:20:05","modified_gmt":"2014-01-21T22:20:05","slug":"ufvjm-realiza-a-iv-semana-de-humanidades-em-diamantina","status":"publish","type":"post","link":"https:\/\/aconteceunovale.com.br\/portal\/?p=19037","title":{"rendered":"UFVJM realiza a IV Semana de Humanidades em Diamantina"},"content":{"rendered":"<p>A Universidade Federal dos Vales do Jequitinhonha e Mucuri (UFVJM) realiza a IV Semana de Humanidades, no campus de Diamantina, no Vale do Jequitinhonha, em Minas Gerais. O evento cient\u00edfico e cultural acontece nos dias, 4, 5, 6 e 7 de fevereiro. S\u00e3o 300 vagas e as inscri\u00e7\u00f5es devem ser feitas at\u00e9 o dia 28 de janeiro. Para isso \u00e9 necess\u00e1rio o preenchimento do <a href=\"https:\/\/docs.google.com\/forms\/d\/1niDA2RVFCXCigzx1ldAsLGSy9QiHoWiDjjJhL2MruAg\/viewform\" target=\"_blank\">formul\u00e1rio de inscri\u00e7\u00e3o<\/a>.<\/p>\n<p><img decoding=\"async\" src=\"http:\/\/aconteceunovale.com.br\/portal\/wp-content\/uploads\/2014\/01\/semana_de_humanidades_ufvjm.jpg\" alt=\"\" \/><\/p>\n<p>A IV Semana de Humanidades tem  como tema  &#8216;O mundo do trabalho: Desafios, Limites e Possibilidades&#8217;. O objetivo do evento \u00e9 &#8220;promover o debate e a reflex\u00e3o cr\u00edtica a respeito do mundo do trabalho em suas m\u00faltiplas dimens\u00f5es&#8221;.<\/p>\n<p>Durante a Semana de Humanidades ser\u00e3o divulgados os trabalhos cient\u00edficos desenvolvidos sobre e a partir do tema proposto. <a href=\"http:\/\/www.trabalhoatualidade.blogspot.com.br\/p\/programacao.html\" target=\"_blank\">Confira a programa\u00e7\u00e3o do evento no blog da IV Semana de Humanidades da UFVJM<\/a>. <\/p>\n","protected":false},"excerpt":{"rendered":"<p>A Universidade Federal dos Vales do Jequitinhonha e Mucuri (UFVJM) realiza a IV Semana de Humanidades, no campus de Diamantina, no Vale do Jequitinhonha, em Minas Gerais. O evento cient\u00edfico e cultural acontece nos dias, 4, 5, 6 e 7 de fevereiro. S\u00e3o 300 vagas e as inscri\u00e7\u00f5es devem ser feitas at\u00e9 o dia 28 [&hellip;]<\/p>\n","protected":false},"author":1,"featured_media":19039,"comment_status":"open","ping_status":"closed","sticky":false,"template":"","format":"standard","meta":{"amp_status":"","footnotes":""},"categories":[120],"tags":[198,250,3304],"class_list":["post-19037","post","type-post","status-publish","format-standard","has-post-thumbnail","hentry","category-jequi","tag-diamantina","tag-ufvjm","tag-ufvjm-realiza-a-iv-semana-de-humanidades-em-diamantina"],"_links":{"self":[{"href":"https:\/\/aconteceunovale.com.br\/portal\/index.php?rest_route=\/wp\/v2\/posts\/19037","targetHints":{"allow":["GET"]}}],"collection":[{"href":"https:\/\/aconteceunovale.com.br\/portal\/index.php?rest_route=\/wp\/v2\/posts"}],"about":[{"href":"https:\/\/aconteceunovale.com.br\/portal\/index.php?rest_route=\/wp\/v2\/types\/post"}],"author":[{"embeddable":true,"href":"https:\/\/aconteceunovale.com.br\/portal\/index.php?rest_route=\/wp\/v2\/users\/1"}],"replies":[{"embeddable":true,"href":"https:\/\/aconteceunovale.com.br\/portal\/index.php?rest_route=%2Fwp%2Fv2%2Fcomments&post=19037"}],"version-history":[{"count":0,"href":"https:\/\/aconteceunovale.com.br\/portal\/index.php?rest_route=\/wp\/v2\/posts\/19037\/revisions"}],"wp:featuredmedia":[{"embeddable":true,"href":"https:\/\/aconteceunovale.com.br\/portal\/index.php?rest_route=\/wp\/v2\/media\/19039"}],"wp:attachment":[{"href":"https:\/\/aconteceunovale.com.br\/portal\/index.php?rest_route=%2Fwp%2Fv2%2Fmedia&parent=19037"}],"wp:term":[{"taxonomy":"category","embeddable":true,"href":"https:\/\/aconteceunovale.com.br\/portal\/index.php?rest_route=%2Fwp%2Fv2%2Fcategories&post=19037"},{"taxonomy":"post_tag","embeddable":true,"href":"https:\/\/aconteceunovale.com.br\/portal\/index.php?rest_route=%2Fwp%2Fv2%2Ftags&post=19037"}],"curies":[{"name":"wp","href":"https:\/\/api.w.org\/{rel}","templated":true}]}}