{"id":190358,"date":"2022-09-07T19:37:00","date_gmt":"2022-09-07T22:37:00","guid":{"rendered":"https:\/\/aconteceunovale.com.br\/portal\/?p=190358"},"modified":"2022-09-08T11:40:45","modified_gmt":"2022-09-08T14:40:45","slug":"homem-morre-apos-carro-cair-dentro-de-canal-em-montes-claros","status":"publish","type":"post","link":"https:\/\/aconteceunovale.com.br\/portal\/?p=190358","title":{"rendered":"Homem morre ap\u00f3s carro cair dentro de canal em Montes Claros"},"content":{"rendered":"\n<p>Um homem de 53 anos morreu em um acidente no bairro Monte Carmelo, em Montes Claros, na tarde dessa quarta-feira (7\/9\/2022). Segundo informa\u00e7\u00f5es do Corpo de Bombeiros, o carro conduzido pela v\u00edtima capotou na Avenida Ant\u00f4nio Lafet\u00e1 Rebelo e caiu no canal do C\u00f3rrego das Melancias.<\/p>\n\n\n\n<figure class=\"wp-block-gallery has-nested-images columns-default is-cropped wp-block-gallery-1 is-layout-flex wp-block-gallery-is-layout-flex\">\n<figure class=\"wp-block-image size-large\"><img loading=\"lazy\" decoding=\"async\" width=\"678\" height=\"415\" data-id=\"190359\" src=\"https:\/\/aconteceunovale.com.br\/portal\/wp-content\/uploads\/2022\/09\/acidente_moc.png\" alt=\"\" class=\"wp-image-190359\" srcset=\"https:\/\/aconteceunovale.com.br\/portal\/wp-content\/uploads\/2022\/09\/acidente_moc.png 678w, https:\/\/aconteceunovale.com.br\/portal\/wp-content\/uploads\/2022\/09\/acidente_moc-300x184.png 300w\" sizes=\"auto, (max-width: 678px) 100vw, 678px\" \/><figcaption><em><sub>Foto: Divulga\u00e7\u00e3o \/ Corpo de Bombeiros<\/sub><\/em><\/figcaption><\/figure>\n<\/figure>\n\n\n\n<p>Socorristas do Servi\u00e7o de Atendimento M\u00f3vel de Urg\u00eancia (SAMU) tentaram reanimar o condutor, mas o \u00f3bito foi confirmado depois de aproximadamente cinquenta minutos. O corpo foi liberado ap\u00f3s o trabalho da Per\u00edcia T\u00e9cnica da Pol\u00edcia Civil.<\/p>\n\n\n\n<p>&#8212;&#8212;&#8212;&#8212;&#8212;&#8212;<br><br><strong>Sabia que o Aconteceu no Vale est\u00e1 tamb\u00e9m no Telegram? <a rel=\"noreferrer noopener\" href=\"https:\/\/t.me\/aconteceunovaleoficial\" target=\"_blank\">Inscreva-se no canal<\/a>.<\/strong><br><br><strong>J\u00e1 curtiu ou seguiu nossas p\u00e1ginas nas redes sociais?&nbsp;Receba as not\u00edcias em primeira m\u00e3o:<\/strong><br>\u2022 <a rel=\"noreferrer noopener\" href=\"https:\/\/news.google.com\/publications\/CAAqBwgKMNjklQswi4etAw?hl=pt-BR&amp;gl=BR&amp;ceid=BR%3Apt-419\" target=\"_blank\">Google News<\/a><br>\u2022 <a rel=\"noreferrer noopener\" href=\"https:\/\/www.facebook.com\/aconteceunovale\/\" target=\"_blank\">Facebook<\/a><br>\u2022 <a rel=\"noreferrer noopener\" href=\"https:\/\/twitter.com\/noticiadosvales\" target=\"_blank\">Twitter<\/a><br>\u2022 <a rel=\"noreferrer noopener\" href=\"https:\/\/www.instagram.com\/aconteceunovale\" target=\"_blank\">Instagram<\/a><br>\u2022 <a rel=\"noreferrer noopener\" href=\"https:\/\/www.youtube.com\/AconteceunoValeOficial\" target=\"_blank\">Youtube<\/a><br>\u2022 <a rel=\"noreferrer noopener\" href=\"https:\/\/www.tiktok.com\/@aconteceunovale\" target=\"_blank\">TikTok<\/a><\/p>\n","protected":false},"excerpt":{"rendered":"<p>Um homem de 53 anos morreu em um acidente no bairro Monte Carmelo, em Montes Claros, na tarde dessa quarta-feira (7\/9\/2022). Segundo informa\u00e7\u00f5es do Corpo de Bombeiros, o carro conduzido pela v\u00edtima capotou na Avenida Ant\u00f4nio Lafet\u00e1 Rebelo e caiu no canal do C\u00f3rrego das Melancias. Socorristas do Servi\u00e7o de Atendimento M\u00f3vel de Urg\u00eancia (SAMU) [&hellip;]<\/p>\n","protected":false},"author":4,"featured_media":190359,"comment_status":"open","ping_status":"closed","sticky":false,"template":"","format":"standard","meta":{"amp_status":"","footnotes":""},"categories":[1236],"tags":[149314,16673,263092,263091,263093,67073,263090,210],"class_list":["post-190358","post","type-post","status-publish","format-standard","has-post-thumbnail","hentry","category-norte_de_minas","tag-acidente-com-carro-em-montes-claros","tag-acidente-em-montes-claros","tag-acidente-na-avenida-antonio-lafeta","tag-acidente-no-bairro-monte-carmelo-em-montes-claros","tag-acidente-no-corrego-das-melancias-em-montes-claros","tag-capotamento-em-montes-claros","tag-homem-morre-apos-carro-cair-dentro-de-canal-em-montes-claros","tag-montes-claros"],"_links":{"self":[{"href":"https:\/\/aconteceunovale.com.br\/portal\/index.php?rest_route=\/wp\/v2\/posts\/190358","targetHints":{"allow":["GET"]}}],"collection":[{"href":"https:\/\/aconteceunovale.com.br\/portal\/index.php?rest_route=\/wp\/v2\/posts"}],"about":[{"href":"https:\/\/aconteceunovale.com.br\/portal\/index.php?rest_route=\/wp\/v2\/types\/post"}],"author":[{"embeddable":true,"href":"https:\/\/aconteceunovale.com.br\/portal\/index.php?rest_route=\/wp\/v2\/users\/4"}],"replies":[{"embeddable":true,"href":"https:\/\/aconteceunovale.com.br\/portal\/index.php?rest_route=%2Fwp%2Fv2%2Fcomments&post=190358"}],"version-history":[{"count":2,"href":"https:\/\/aconteceunovale.com.br\/portal\/index.php?rest_route=\/wp\/v2\/posts\/190358\/revisions"}],"predecessor-version":[{"id":190361,"href":"https:\/\/aconteceunovale.com.br\/portal\/index.php?rest_route=\/wp\/v2\/posts\/190358\/revisions\/190361"}],"wp:featuredmedia":[{"embeddable":true,"href":"https:\/\/aconteceunovale.com.br\/portal\/index.php?rest_route=\/wp\/v2\/media\/190359"}],"wp:attachment":[{"href":"https:\/\/aconteceunovale.com.br\/portal\/index.php?rest_route=%2Fwp%2Fv2%2Fmedia&parent=190358"}],"wp:term":[{"taxonomy":"category","embeddable":true,"href":"https:\/\/aconteceunovale.com.br\/portal\/index.php?rest_route=%2Fwp%2Fv2%2Fcategories&post=190358"},{"taxonomy":"post_tag","embeddable":true,"href":"https:\/\/aconteceunovale.com.br\/portal\/index.php?rest_route=%2Fwp%2Fv2%2Ftags&post=190358"}],"curies":[{"name":"wp","href":"https:\/\/api.w.org\/{rel}","templated":true}]}}