{"id":190348,"date":"2022-09-08T11:01:31","date_gmt":"2022-09-08T14:01:31","guid":{"rendered":"https:\/\/aconteceunovale.com.br\/portal\/?p=190348"},"modified":"2022-09-08T11:02:06","modified_gmt":"2022-09-08T14:02:06","slug":"13o-trilhao-de-malacacheta","status":"publish","type":"post","link":"https:\/\/aconteceunovale.com.br\/portal\/?p=190348","title":{"rendered":"13\u00ba Trilh\u00e3o de Malacacheta"},"content":{"rendered":"\n<p>25 de setembro, a partir das 9h, em Malacacheta\/MG<\/p>\n\n\n\n<p>Shows: Joc\u00e9lya Freitas | Gordinho do Samba | Erick Rodrigues<\/p>\n\n\n\n<p>Informa\u00e7\u00f5es: (33) 99199-5451 &#8211; Gemiro | (33) 99960-4949 &#8211; Valdir<\/p>\n\n\n\n<figure class=\"wp-block-image size-full is-resized\"><img loading=\"lazy\" decoding=\"async\" src=\"https:\/\/aconteceunovale.com.br\/portal\/wp-content\/uploads\/2022\/09\/trilhao_malacacheta_2.jpg\" alt=\"\" class=\"wp-image-190349\" width=\"602\" height=\"559\" srcset=\"https:\/\/aconteceunovale.com.br\/portal\/wp-content\/uploads\/2022\/09\/trilhao_malacacheta_2.jpg 484w, https:\/\/aconteceunovale.com.br\/portal\/wp-content\/uploads\/2022\/09\/trilhao_malacacheta_2-300x279.jpg 300w, https:\/\/aconteceunovale.com.br\/portal\/wp-content\/uploads\/2022\/09\/trilhao_malacacheta_2-452x420.jpg 452w\" sizes=\"auto, (max-width: 602px) 100vw, 602px\" \/><\/figure>\n","protected":false},"excerpt":{"rendered":"<p>25 de setembro, a partir das 9h, em Malacacheta\/MG Shows: Joc\u00e9lya Freitas | Gordinho do Samba | Erick Rodrigues Informa\u00e7\u00f5es: (33) 99199-5451 &#8211; Gemiro | (33) 99960-4949 &#8211; Valdir<\/p>\n","protected":false},"author":4,"featured_media":190350,"comment_status":"open","ping_status":"closed","sticky":false,"template":"","format":"standard","meta":{"amp_status":"","footnotes":""},"categories":[121,122],"tags":[263074,226,263076,263075,22954],"class_list":["post-190348","post","type-post","status-publish","format-standard","has-post-thumbnail","hentry","category-leste","category-mucuri","tag-13o-trilhao-de-malacacheta","tag-malacacheta","tag-programacao-do-trilhao-de-malacacheta","tag-shows-do-trilhao-de-malacacheta","tag-trilhao-de-malacacheta"],"_links":{"self":[{"href":"https:\/\/aconteceunovale.com.br\/portal\/index.php?rest_route=\/wp\/v2\/posts\/190348","targetHints":{"allow":["GET"]}}],"collection":[{"href":"https:\/\/aconteceunovale.com.br\/portal\/index.php?rest_route=\/wp\/v2\/posts"}],"about":[{"href":"https:\/\/aconteceunovale.com.br\/portal\/index.php?rest_route=\/wp\/v2\/types\/post"}],"author":[{"embeddable":true,"href":"https:\/\/aconteceunovale.com.br\/portal\/index.php?rest_route=\/wp\/v2\/users\/4"}],"replies":[{"embeddable":true,"href":"https:\/\/aconteceunovale.com.br\/portal\/index.php?rest_route=%2Fwp%2Fv2%2Fcomments&post=190348"}],"version-history":[{"count":1,"href":"https:\/\/aconteceunovale.com.br\/portal\/index.php?rest_route=\/wp\/v2\/posts\/190348\/revisions"}],"predecessor-version":[{"id":190351,"href":"https:\/\/aconteceunovale.com.br\/portal\/index.php?rest_route=\/wp\/v2\/posts\/190348\/revisions\/190351"}],"wp:featuredmedia":[{"embeddable":true,"href":"https:\/\/aconteceunovale.com.br\/portal\/index.php?rest_route=\/wp\/v2\/media\/190350"}],"wp:attachment":[{"href":"https:\/\/aconteceunovale.com.br\/portal\/index.php?rest_route=%2Fwp%2Fv2%2Fmedia&parent=190348"}],"wp:term":[{"taxonomy":"category","embeddable":true,"href":"https:\/\/aconteceunovale.com.br\/portal\/index.php?rest_route=%2Fwp%2Fv2%2Fcategories&post=190348"},{"taxonomy":"post_tag","embeddable":true,"href":"https:\/\/aconteceunovale.com.br\/portal\/index.php?rest_route=%2Fwp%2Fv2%2Ftags&post=190348"}],"curies":[{"name":"wp","href":"https:\/\/api.w.org\/{rel}","templated":true}]}}