{"id":190339,"date":"2022-09-08T09:35:50","date_gmt":"2022-09-08T12:35:50","guid":{"rendered":"https:\/\/aconteceunovale.com.br\/portal\/?p=190339"},"modified":"2022-09-08T09:37:19","modified_gmt":"2022-09-08T12:37:19","slug":"flamengo-e-athletico-pr-disputam-5a-final-brasileira-da-libertadores","status":"publish","type":"post","link":"https:\/\/aconteceunovale.com.br\/portal\/?p=190339","title":{"rendered":"Flamengo e Athletico-PR disputam 5\u00aa final brasileira da Libertadores"},"content":{"rendered":"\n<p>A final da Libertadores da Am\u00e9rica entre Flamengo e Athletico-PR ser\u00e1 a quinta da hist\u00f3ria entre duas equipes do Brasil. Ap\u00f3s derrotar o V\u00e9lez Sarsfield (Argentina) por 2 a 1, na noite desta quarta-feira (7) no Maracan\u00e3, o Rubro-Negro e o Furac\u00e3o disputar\u00e3o o t\u00edtulo da competi\u00e7\u00e3o continental no dia 29 de outubro, no est\u00e1dio Monumental de Guayaquil (Equador).<\/p>\n\n\n\n<p>A \u00faltima decis\u00e3o continental entre dois brasileiros foi conquistada pelo Palmeiras, que derrotou o Flamengo por 2 a 1, na prorroga\u00e7\u00e3o, no dia 27 de novembro de 2021 no est\u00e1dio Centen\u00e1rio, em Montevid\u00e9u (Uruguai).<\/p>\n\n\n\n<p>Em 2020 o Verd\u00e3o tamb\u00e9m ficou com o t\u00edtulo, ao superar o Santos por 1 a 0 no est\u00e1dio do Maracan\u00e3.<\/p>\n\n\n\n<p>A primeira edi\u00e7\u00e3o da Libertadores com final brasileira foi em 2005, quando o S\u00e3o Paulo derrotou o Athletico-PR. Um ano depois o time do Morumbi voltou a buscar a conquista continental, mas o trof\u00e9u ficou com o Internacional.<\/p>\n\n\n\n<p>&#8212;&#8212;&#8212;&#8212;&#8212;&#8212;<br><br><strong>Sabia que o Aconteceu no Vale est\u00e1 tamb\u00e9m no Telegram? <a rel=\"noreferrer noopener\" href=\"https:\/\/t.me\/aconteceunovaleoficial\" target=\"_blank\">Inscreva-se no canal<\/a>.<\/strong><br><br><strong>J\u00e1 curtiu ou seguiu nossas p\u00e1ginas nas redes sociais?\u00a0Receba as not\u00edcias em primeira m\u00e3o:<\/strong><br>\u2022 <a rel=\"noreferrer noopener\" href=\"https:\/\/news.google.com\/publications\/CAAqBwgKMNjklQswi4etAw?hl=pt-BR&amp;gl=BR&amp;ceid=BR%3Apt-419\" target=\"_blank\">Google News<\/a><br>\u2022 <a rel=\"noreferrer noopener\" href=\"https:\/\/www.facebook.com\/aconteceunovale\/\" target=\"_blank\">Facebook<\/a><br>\u2022 <a rel=\"noreferrer noopener\" href=\"https:\/\/twitter.com\/noticiadosvales\" target=\"_blank\">Twitter<\/a><br>\u2022 <a rel=\"noreferrer noopener\" href=\"https:\/\/www.instagram.com\/aconteceunovale\" target=\"_blank\">Instagram<\/a><br>\u2022 <a rel=\"noreferrer noopener\" href=\"https:\/\/www.youtube.com\/AconteceunoValeOficial\" target=\"_blank\">Youtube<\/a><br>\u2022 <a rel=\"noreferrer noopener\" href=\"https:\/\/www.tiktok.com\/@aconteceunovale\" target=\"_blank\">TikTok<\/a><\/p>\n","protected":false},"excerpt":{"rendered":"<p>A final da Libertadores da Am\u00e9rica entre Flamengo e Athletico-PR ser\u00e1 a quinta da hist\u00f3ria entre duas equipes do Brasil. Ap\u00f3s derrotar o V\u00e9lez Sarsfield (Argentina) por 2 a 1, na noite desta quarta-feira (7) no Maracan\u00e3, o Rubro-Negro e o Furac\u00e3o disputar\u00e3o o t\u00edtulo da competi\u00e7\u00e3o continental no dia 29 de outubro, no est\u00e1dio [&hellip;]<\/p>\n","protected":false},"author":4,"featured_media":185032,"comment_status":"open","ping_status":"closed","sticky":false,"template":"","format":"standard","meta":{"amp_status":"","footnotes":""},"categories":[6,59],"tags":[10950,232467,230820,227153,4785,35552,1018,74991,263064,235983,211031,21070,14190,263063,21553,34438,252082,18483,259915,18373,1104,34071,263065],"class_list":["post-190339","post","type-post","status-publish","format-standard","has-post-thumbnail","hentry","category-br","category-sports","tag-argentina","tag-athletico","tag-athletico-paranaense","tag-athletico-pr","tag-brasil","tag-copa-libertadores","tag-destaque","tag-equador","tag-final-da-copa-libertadores","tag-final-da-libertadores","tag-final-da-taca-libertadores","tag-fla","tag-flamengo","tag-flamengo-e-athletico-pr-disputam-5a-final-brasileira-da-libertadores","tag-furacao","tag-libertadores","tag-libertadores-da-america","tag-mengao","tag-monumental-de-guayaquil","tag-parana","tag-rio-de-janeiro","tag-taca-libertadores","tag-velez-sarsfield"],"_links":{"self":[{"href":"https:\/\/aconteceunovale.com.br\/portal\/index.php?rest_route=\/wp\/v2\/posts\/190339","targetHints":{"allow":["GET"]}}],"collection":[{"href":"https:\/\/aconteceunovale.com.br\/portal\/index.php?rest_route=\/wp\/v2\/posts"}],"about":[{"href":"https:\/\/aconteceunovale.com.br\/portal\/index.php?rest_route=\/wp\/v2\/types\/post"}],"author":[{"embeddable":true,"href":"https:\/\/aconteceunovale.com.br\/portal\/index.php?rest_route=\/wp\/v2\/users\/4"}],"replies":[{"embeddable":true,"href":"https:\/\/aconteceunovale.com.br\/portal\/index.php?rest_route=%2Fwp%2Fv2%2Fcomments&post=190339"}],"version-history":[{"count":1,"href":"https:\/\/aconteceunovale.com.br\/portal\/index.php?rest_route=\/wp\/v2\/posts\/190339\/revisions"}],"predecessor-version":[{"id":190340,"href":"https:\/\/aconteceunovale.com.br\/portal\/index.php?rest_route=\/wp\/v2\/posts\/190339\/revisions\/190340"}],"wp:featuredmedia":[{"embeddable":true,"href":"https:\/\/aconteceunovale.com.br\/portal\/index.php?rest_route=\/wp\/v2\/media\/185032"}],"wp:attachment":[{"href":"https:\/\/aconteceunovale.com.br\/portal\/index.php?rest_route=%2Fwp%2Fv2%2Fmedia&parent=190339"}],"wp:term":[{"taxonomy":"category","embeddable":true,"href":"https:\/\/aconteceunovale.com.br\/portal\/index.php?rest_route=%2Fwp%2Fv2%2Fcategories&post=190339"},{"taxonomy":"post_tag","embeddable":true,"href":"https:\/\/aconteceunovale.com.br\/portal\/index.php?rest_route=%2Fwp%2Fv2%2Ftags&post=190339"}],"curies":[{"name":"wp","href":"https:\/\/api.w.org\/{rel}","templated":true}]}}