{"id":190332,"date":"2022-09-07T19:32:29","date_gmt":"2022-09-07T22:32:29","guid":{"rendered":"https:\/\/aconteceunovale.com.br\/portal\/?p=190332"},"modified":"2022-09-07T19:32:57","modified_gmt":"2022-09-07T22:32:57","slug":"colisao-entre-carro-e-carreta-deixa-um-morto-em-governador-valadares","status":"publish","type":"post","link":"https:\/\/aconteceunovale.com.br\/portal\/?p=190332","title":{"rendered":"Colis\u00e3o entre carro e carreta deixa um morto em Governador Valadares"},"content":{"rendered":"\n<p>Um homem de 29 anos morreu ap\u00f3s a colis\u00e3o frontal entre um carro e uma carreta na BR-259, em Governador Valadares, na manh\u00e3 desta quarta-feira (7\/9\/2022). A v\u00edtima foi identificada como Rom\u00e1rio Gomes Neves.<\/p>\n\n\n\n<p>A Per\u00edcia T\u00e9cnica da Pol\u00edcia Civil compareceu ao local e liberou o corpo para o Instituto M\u00e9dico Legal (IML). As causas do acidente ser\u00e3o apuradas.<\/p>\n\n\n\n<figure class=\"wp-block-gallery has-nested-images columns-default is-cropped wp-block-gallery-1 is-layout-flex wp-block-gallery-is-layout-flex\">\n<figure class=\"wp-block-image size-large\"><img loading=\"lazy\" decoding=\"async\" width=\"678\" height=\"435\" data-id=\"190333\" src=\"https:\/\/aconteceunovale.com.br\/portal\/wp-content\/uploads\/2022\/09\/acidente_valadares.png\" alt=\"\" class=\"wp-image-190333\" srcset=\"https:\/\/aconteceunovale.com.br\/portal\/wp-content\/uploads\/2022\/09\/acidente_valadares.png 678w, https:\/\/aconteceunovale.com.br\/portal\/wp-content\/uploads\/2022\/09\/acidente_valadares-300x192.png 300w, https:\/\/aconteceunovale.com.br\/portal\/wp-content\/uploads\/2022\/09\/acidente_valadares-655x420.png 655w\" sizes=\"auto, (max-width: 678px) 100vw, 678px\" \/><figcaption><em><sub>Foto: Roberto Higino \/ Arquivo Pessoal<\/sub><\/em><\/figcaption><\/figure>\n<\/figure>\n\n\n\n<p>&#8212;&#8212;&#8212;&#8212;&#8212;&#8212;<br><br><strong>Sabia que o Aconteceu no Vale est\u00e1 tamb\u00e9m no Telegram? <a rel=\"noreferrer noopener\" href=\"https:\/\/t.me\/aconteceunovaleoficial\" target=\"_blank\">Inscreva-se no canal<\/a>.<\/strong><br><br><strong>J\u00e1 curtiu ou seguiu nossas p\u00e1ginas nas redes sociais?\u00a0Receba as not\u00edcias em primeira m\u00e3o:<\/strong><br>\u2022 <a rel=\"noreferrer noopener\" href=\"https:\/\/news.google.com\/publications\/CAAqBwgKMNjklQswi4etAw?hl=pt-BR&amp;gl=BR&amp;ceid=BR%3Apt-419\" target=\"_blank\">Google News<\/a><br>\u2022 <a rel=\"noreferrer noopener\" href=\"https:\/\/www.facebook.com\/aconteceunovale\/\" target=\"_blank\">Facebook<\/a><br>\u2022 <a rel=\"noreferrer noopener\" href=\"https:\/\/twitter.com\/noticiadosvales\" target=\"_blank\">Twitter<\/a><br>\u2022 <a rel=\"noreferrer noopener\" href=\"https:\/\/www.instagram.com\/aconteceunovale\" target=\"_blank\">Instagram<\/a><br>\u2022 <a rel=\"noreferrer noopener\" href=\"https:\/\/www.youtube.com\/AconteceunoValeOficial\" target=\"_blank\">Youtube<\/a><br>\u2022 <a rel=\"noreferrer noopener\" href=\"https:\/\/www.tiktok.com\/@aconteceunovale\" target=\"_blank\">TikTok<\/a><\/p>\n","protected":false},"excerpt":{"rendered":"<p>Um homem de 29 anos morreu ap\u00f3s a colis\u00e3o frontal entre um carro e uma carreta na BR-259, em Governador Valadares, na manh\u00e3 desta quarta-feira (7\/9\/2022). A v\u00edtima foi identificada como Rom\u00e1rio Gomes Neves. A Per\u00edcia T\u00e9cnica da Pol\u00edcia Civil compareceu ao local e liberou o corpo para o Instituto M\u00e9dico Legal (IML). As causas [&hellip;]<\/p>\n","protected":false},"author":4,"featured_media":190333,"comment_status":"open","ping_status":"closed","sticky":false,"template":"","format":"standard","meta":{"amp_status":"","footnotes":""},"categories":[121],"tags":[12667,110109,210207,263060,1018,247,263061],"class_list":["post-190332","post","type-post","status-publish","format-standard","has-post-thumbnail","hentry","category-leste","tag-acidente-em-governador-valadares","tag-acidente-entre-carro-e-carreta-em-governador-valadares","tag-acidente-na-br-259-em-governador-valadares-2","tag-colisao-entre-carro-e-carreta-deixa-um-morto-em-governador-valadares","tag-destaque","tag-governador-valadares","tag-romario-gomes-neves"],"_links":{"self":[{"href":"https:\/\/aconteceunovale.com.br\/portal\/index.php?rest_route=\/wp\/v2\/posts\/190332","targetHints":{"allow":["GET"]}}],"collection":[{"href":"https:\/\/aconteceunovale.com.br\/portal\/index.php?rest_route=\/wp\/v2\/posts"}],"about":[{"href":"https:\/\/aconteceunovale.com.br\/portal\/index.php?rest_route=\/wp\/v2\/types\/post"}],"author":[{"embeddable":true,"href":"https:\/\/aconteceunovale.com.br\/portal\/index.php?rest_route=\/wp\/v2\/users\/4"}],"replies":[{"embeddable":true,"href":"https:\/\/aconteceunovale.com.br\/portal\/index.php?rest_route=%2Fwp%2Fv2%2Fcomments&post=190332"}],"version-history":[{"count":1,"href":"https:\/\/aconteceunovale.com.br\/portal\/index.php?rest_route=\/wp\/v2\/posts\/190332\/revisions"}],"predecessor-version":[{"id":190334,"href":"https:\/\/aconteceunovale.com.br\/portal\/index.php?rest_route=\/wp\/v2\/posts\/190332\/revisions\/190334"}],"wp:featuredmedia":[{"embeddable":true,"href":"https:\/\/aconteceunovale.com.br\/portal\/index.php?rest_route=\/wp\/v2\/media\/190333"}],"wp:attachment":[{"href":"https:\/\/aconteceunovale.com.br\/portal\/index.php?rest_route=%2Fwp%2Fv2%2Fmedia&parent=190332"}],"wp:term":[{"taxonomy":"category","embeddable":true,"href":"https:\/\/aconteceunovale.com.br\/portal\/index.php?rest_route=%2Fwp%2Fv2%2Fcategories&post=190332"},{"taxonomy":"post_tag","embeddable":true,"href":"https:\/\/aconteceunovale.com.br\/portal\/index.php?rest_route=%2Fwp%2Fv2%2Ftags&post=190332"}],"curies":[{"name":"wp","href":"https:\/\/api.w.org\/{rel}","templated":true}]}}