{"id":190302,"date":"2022-09-06T21:57:44","date_gmt":"2022-09-07T00:57:44","guid":{"rendered":"https:\/\/aconteceunovale.com.br\/portal\/?p=190302"},"modified":"2022-09-06T21:59:56","modified_gmt":"2022-09-07T00:59:56","slug":"151a-tradicional-festa-de-setembro-de-santa-fe-de-minas","status":"publish","type":"post","link":"https:\/\/aconteceunovale.com.br\/portal\/?p=190302","title":{"rendered":"151\u00aa Tradicional Festa de Setembro de Santa F\u00e9 de Minas"},"content":{"rendered":"\n<p>De 07 a 11 de setembro | Entrada gratuita<\/p>\n\n\n<div class=\"wp-block-image\">\n<figure class=\"aligncenter size-full is-resized\"><img loading=\"lazy\" decoding=\"async\" src=\"https:\/\/aconteceunovale.com.br\/portal\/wp-content\/uploads\/2022\/09\/festa_santa_fe_2.jpg\" alt=\"\" class=\"wp-image-190303\" width=\"550\" height=\"551\" srcset=\"https:\/\/aconteceunovale.com.br\/portal\/wp-content\/uploads\/2022\/09\/festa_santa_fe_2.jpg 449w, https:\/\/aconteceunovale.com.br\/portal\/wp-content\/uploads\/2022\/09\/festa_santa_fe_2-300x300.jpg 300w, https:\/\/aconteceunovale.com.br\/portal\/wp-content\/uploads\/2022\/09\/festa_santa_fe_2-150x150.jpg 150w, https:\/\/aconteceunovale.com.br\/portal\/wp-content\/uploads\/2022\/09\/festa_santa_fe_2-419x420.jpg 419w\" sizes=\"auto, (max-width: 550px) 100vw, 550px\" \/><\/figure>\n<\/div>\n\n\n<p><strong>07\/09 (quarta-feira):<\/strong><\/p>\n\n\n\n<ul class=\"wp-block-list\"><li>05h00 &#8211; Alvorada Municipal<\/li><li>07h00 &#8211; Desfile C\u00edvico da Independ\u00eancia<\/li><li>18h00 &#8211; Missa Campal com Inaugura\u00e7\u00e3o da Pra\u00e7a da Matriz<\/li><\/ul>\n\n\n\n<p><strong>08\/09 (quinta-feira):<\/strong><\/p>\n\n\n\n<ul class=\"wp-block-list\"><li>21h30 &#8211; Thamires Nascimento<\/li><li>22h30 &#8211; Vazim Bom Demais<\/li><li>23h30 &#8211; Ivo e Cristiano<\/li><li>01h00 &#8211; Thalisson Ribeiro<\/li><li>02h30 &#8211; DJ Gabriel Rezende<\/li><\/ul>\n\n\n\n<p><strong>09\/09 (sexta-feira):<\/strong><\/p>\n\n\n\n<ul class=\"wp-block-list\"><li>21h30 &#8211; Dallas Show<\/li><li>23h00 &#8211; Z\u00e9 Vaqueiro<\/li><li>01h30 &#8211; Kuarto de Empregada<\/li><li>03h00 &#8211; DJ Esfirra<\/li><\/ul>\n\n\n\n<p><strong>10\/09 (s\u00e1bado):<\/strong><\/p>\n\n\n\n<ul class=\"wp-block-list\"><li>21h30 &#8211; Z\u00e9 Boy e Banda<\/li><li>23h00 &#8211; Day e Lara<\/li><li>01h00 &#8211; Forr\u00f3 Top 10<\/li><li>03h00 &#8211; DJ Esfirra<\/li><\/ul>\n\n\n\n<p><strong>11\/09 (domingo):<\/strong><\/p>\n\n\n\n<ul class=\"wp-block-list\"><li>11h00 &#8211; Som automotivo com DJ Luciano Kruz no Complexo Paisag\u00edstico do Lajeado<\/li><\/ul>\n\n\n\n<p><strong>Realiza\u00e7\u00e3o:<\/strong> Prefeitura Municipal de Santa F\u00e9 de Minas<\/p>\n","protected":false},"excerpt":{"rendered":"<p>De 07 a 11 de setembro | Entrada gratuita 07\/09 (quarta-feira): 05h00 &#8211; Alvorada Municipal 07h00 &#8211; Desfile C\u00edvico da Independ\u00eancia 18h00 &#8211; Missa Campal com Inaugura\u00e7\u00e3o da Pra\u00e7a da Matriz 08\/09 (quinta-feira): 21h30 &#8211; Thamires Nascimento 22h30 &#8211; Vazim Bom Demais 23h30 &#8211; Ivo e Cristiano 01h00 &#8211; Thalisson Ribeiro 02h30 &#8211; DJ Gabriel [&hellip;]<\/p>\n","protected":false},"author":4,"featured_media":190305,"comment_status":"open","ping_status":"closed","sticky":false,"template":"","format":"standard","meta":{"amp_status":"","footnotes":""},"categories":[125,1236],"tags":[263016,263020,263021,263017,263019,1809,263024,263018,263022,263023],"class_list":["post-190302","post","type-post","status-publish","format-standard","has-post-thumbnail","hentry","category-noticias","category-norte_de_minas","tag-151a-tradicional-festa-de-setembro-de-santa-fe-de-minas","tag-atracoes-da-festa-de-setembro-de-santa-fe-de-minas","tag-festa-de-santa-fe-de-minas","tag-festa-de-setembro-de-santa-fe-de-minas","tag-programacao-da-festa-de-setembro-de-santa-fe-de-minas","tag-santa-fe-de-minas","tag-show-de-ze-vaqueiro-em-santa-fe-de-minas","tag-shows-da-festa-de-setembro-de-santa-fe-de-minas","tag-shows-em-santa-fe-de-minas","tag-ze-vaqueiro-em-santa-fe-de-minas"],"_links":{"self":[{"href":"https:\/\/aconteceunovale.com.br\/portal\/index.php?rest_route=\/wp\/v2\/posts\/190302","targetHints":{"allow":["GET"]}}],"collection":[{"href":"https:\/\/aconteceunovale.com.br\/portal\/index.php?rest_route=\/wp\/v2\/posts"}],"about":[{"href":"https:\/\/aconteceunovale.com.br\/portal\/index.php?rest_route=\/wp\/v2\/types\/post"}],"author":[{"embeddable":true,"href":"https:\/\/aconteceunovale.com.br\/portal\/index.php?rest_route=\/wp\/v2\/users\/4"}],"replies":[{"embeddable":true,"href":"https:\/\/aconteceunovale.com.br\/portal\/index.php?rest_route=%2Fwp%2Fv2%2Fcomments&post=190302"}],"version-history":[{"count":1,"href":"https:\/\/aconteceunovale.com.br\/portal\/index.php?rest_route=\/wp\/v2\/posts\/190302\/revisions"}],"predecessor-version":[{"id":190304,"href":"https:\/\/aconteceunovale.com.br\/portal\/index.php?rest_route=\/wp\/v2\/posts\/190302\/revisions\/190304"}],"wp:featuredmedia":[{"embeddable":true,"href":"https:\/\/aconteceunovale.com.br\/portal\/index.php?rest_route=\/wp\/v2\/media\/190305"}],"wp:attachment":[{"href":"https:\/\/aconteceunovale.com.br\/portal\/index.php?rest_route=%2Fwp%2Fv2%2Fmedia&parent=190302"}],"wp:term":[{"taxonomy":"category","embeddable":true,"href":"https:\/\/aconteceunovale.com.br\/portal\/index.php?rest_route=%2Fwp%2Fv2%2Fcategories&post=190302"},{"taxonomy":"post_tag","embeddable":true,"href":"https:\/\/aconteceunovale.com.br\/portal\/index.php?rest_route=%2Fwp%2Fv2%2Ftags&post=190302"}],"curies":[{"name":"wp","href":"https:\/\/api.w.org\/{rel}","templated":true}]}}