{"id":19028,"date":"2014-01-21T19:34:58","date_gmt":"2014-01-21T21:34:58","guid":{"rendered":"http:\/\/aconteceunovale.com.br\/portal\/?p=19028"},"modified":"2014-01-21T19:34:58","modified_gmt":"2014-01-21T21:34:58","slug":"festa-de-sao-sebastiao-atrai-fieis-em-coracao-de-jesus","status":"publish","type":"post","link":"https:\/\/aconteceunovale.com.br\/portal\/?p=19028","title":{"rendered":"Festa de S\u00e3o Sebasti\u00e3o atrai fi\u00e9is em Cora\u00e7\u00e3o de Jesus"},"content":{"rendered":"<p>Cerca de 700 cavaleiros e amazonas se reuniram na tarde dessa segunda-feira (20\/01) para a participarem da tradicional prociss\u00e3o a cavalo em devo\u00e7\u00e3o a S\u00e3o Sebasti\u00e3o em Cora\u00e7\u00e3o de Jesus, no Norte de Minas Gerais. A cavalgada \u00e9 realizada h\u00e1 40 anos e sempre percorre ruas e avenidas da cidade, onde desperta a emo\u00e7\u00e3o nos moradores.<\/p>\n<p>Maria Zita assistiu o evento pela primeira vez e ficou admirada com a beleza da prociss\u00e3o. \u201cEstou achando a coisa mais linda. Nunca tinha acompanhado, acho que o ano que vem vou arriscar e participar tamb\u00e9m\u201d, afirma.<\/p>\n<p>S\u00e3o Sebasti\u00e3o \u00e9 considerado o padroeiro secund\u00e1rio da cidade, mas ele tem importante participa\u00e7\u00e3o na f\u00e9 dos corjesuenses. \u201cVale a pena participar da festa. Ele \u00e9 muito milagroso, tudo que eu pe\u00e7o eu consigo\u201d, afirma o lavrador Manoel Silva.<\/p>\n<p>Abadia Antunes organiza a cavalgada desde o in\u00edcio. E agora, aos 83 anos, ela se recupera de uma queda de cavalo, mas contrariou aos m\u00e9dicos e fez quest\u00e3o de participar da festa mais uma vez. \u201cEstou me sentindo bem demais. O m\u00e9dico falou comigo que eu estou velha, mas S\u00e3o Sebasti\u00e3o \u00e9 tudo na minha vida\u201d, afirma.<\/p>\n<p>O andor com a imagem do santo foi levado por um carro de boi, ornamentado especialmente para a cavalgada. Ap\u00f3s duas horas festejando em cima dos cavalos, os fi\u00e9is se reuniram na Pra\u00e7a da Matriz, onde foi celebrada uma missa campal dedicada \u00e0s b\u00ean\u00e7\u00e3os recebidas pela intercess\u00e3o de S\u00e3o Sebasti\u00e3o.<\/p>\n<p><img decoding=\"async\" src=\"http:\/\/aconteceunovale.com.br\/portal\/wp-content\/uploads\/2014\/01\/festa_sao_sebastiao_coracao_jesus.jpg\" alt=\"\" \/><br \/>\n<em>Cavalgada de S\u00e3o Sebasti\u00e3o \u00e9 realizada h\u00e1 40 anos na cidade. (Foto: Valdivan Veloso)<\/em><\/p>\n<p><strong><em>(Fonte: Inter TV Grande Minas)<\/em><\/strong><\/p>\n","protected":false},"excerpt":{"rendered":"<p>Cerca de 700 cavaleiros e amazonas se reuniram na tarde dessa segunda-feira (20\/01) para a participarem da tradicional prociss\u00e3o a cavalo em devo\u00e7\u00e3o a S\u00e3o Sebasti\u00e3o em Cora\u00e7\u00e3o de Jesus, no Norte de Minas Gerais. A cavalgada \u00e9 realizada h\u00e1 40 anos e sempre percorre ruas e avenidas da cidade, onde desperta a emo\u00e7\u00e3o nos [&hellip;]<\/p>\n","protected":false},"author":1,"featured_media":19029,"comment_status":"open","ping_status":"closed","sticky":false,"template":"","format":"standard","meta":{"amp_status":"","footnotes":""},"categories":[1236],"tags":[1801,3300,3301],"class_list":["post-19028","post","type-post","status-publish","format-standard","has-post-thumbnail","hentry","category-norte_de_minas","tag-coracao-de-jesus","tag-festa-de-sao-sebastiao-atrai-fieis-em-coracao-de-jesus","tag-festa-de-sao-sebastiao-de-coracao-de-jesus"],"_links":{"self":[{"href":"https:\/\/aconteceunovale.com.br\/portal\/index.php?rest_route=\/wp\/v2\/posts\/19028","targetHints":{"allow":["GET"]}}],"collection":[{"href":"https:\/\/aconteceunovale.com.br\/portal\/index.php?rest_route=\/wp\/v2\/posts"}],"about":[{"href":"https:\/\/aconteceunovale.com.br\/portal\/index.php?rest_route=\/wp\/v2\/types\/post"}],"author":[{"embeddable":true,"href":"https:\/\/aconteceunovale.com.br\/portal\/index.php?rest_route=\/wp\/v2\/users\/1"}],"replies":[{"embeddable":true,"href":"https:\/\/aconteceunovale.com.br\/portal\/index.php?rest_route=%2Fwp%2Fv2%2Fcomments&post=19028"}],"version-history":[{"count":0,"href":"https:\/\/aconteceunovale.com.br\/portal\/index.php?rest_route=\/wp\/v2\/posts\/19028\/revisions"}],"wp:featuredmedia":[{"embeddable":true,"href":"https:\/\/aconteceunovale.com.br\/portal\/index.php?rest_route=\/wp\/v2\/media\/19029"}],"wp:attachment":[{"href":"https:\/\/aconteceunovale.com.br\/portal\/index.php?rest_route=%2Fwp%2Fv2%2Fmedia&parent=19028"}],"wp:term":[{"taxonomy":"category","embeddable":true,"href":"https:\/\/aconteceunovale.com.br\/portal\/index.php?rest_route=%2Fwp%2Fv2%2Fcategories&post=19028"},{"taxonomy":"post_tag","embeddable":true,"href":"https:\/\/aconteceunovale.com.br\/portal\/index.php?rest_route=%2Fwp%2Fv2%2Ftags&post=19028"}],"curies":[{"name":"wp","href":"https:\/\/api.w.org\/{rel}","templated":true}]}}