{"id":190269,"date":"2022-09-05T19:58:50","date_gmt":"2022-09-05T22:58:50","guid":{"rendered":"https:\/\/aconteceunovale.com.br\/portal\/?p=190269"},"modified":"2022-09-05T19:59:11","modified_gmt":"2022-09-05T22:59:11","slug":"festa-do-rosario-2022-em-couto-de-magalhaes-de-minas","status":"publish","type":"post","link":"https:\/\/aconteceunovale.com.br\/portal\/?p=190269","title":{"rendered":"Festa do Ros\u00e1rio 2022 em Couto de Magalh\u00e3es de Minas"},"content":{"rendered":"\n<p>De 16 a 18 de setembro &#8211; Evento Gratuito<\/p>\n\n\n<div class=\"wp-block-image\">\n<figure class=\"aligncenter size-full is-resized\"><img loading=\"lazy\" decoding=\"async\" src=\"https:\/\/aconteceunovale.com.br\/portal\/wp-content\/uploads\/2022\/09\/festa_couto_2.png\" alt=\"\" class=\"wp-image-190270\" width=\"630\" height=\"524\" srcset=\"https:\/\/aconteceunovale.com.br\/portal\/wp-content\/uploads\/2022\/09\/festa_couto_2.png 541w, https:\/\/aconteceunovale.com.br\/portal\/wp-content\/uploads\/2022\/09\/festa_couto_2-300x250.png 300w, https:\/\/aconteceunovale.com.br\/portal\/wp-content\/uploads\/2022\/09\/festa_couto_2-505x420.png 505w\" sizes=\"auto, (max-width: 630px) 100vw, 630px\" \/><\/figure>\n<\/div>\n\n\n<ul class=\"wp-block-list\"><li>16\/9 (sexta-feira): Jo\u00e3o V\u00edtor &amp; Matheus<\/li><li>17\/9 (s\u00e1bado): Banda Fricote | Noite do Flash Back<\/li><li>18\/9 (domingo): Rafael Silva<\/li><\/ul>\n\n\n\n<p>Realiza\u00e7\u00e3o: Prefeitura de Couto de Magalh\u00e3es de Minas<\/p>\n","protected":false},"excerpt":{"rendered":"<p>De 16 a 18 de setembro &#8211; Evento Gratuito 16\/9 (sexta-feira): Jo\u00e3o V\u00edtor &amp; Matheus 17\/9 (s\u00e1bado): Banda Fricote | Noite do Flash Back 18\/9 (domingo): Rafael Silva Realiza\u00e7\u00e3o: Prefeitura de Couto de Magalh\u00e3es de Minas<\/p>\n","protected":false},"author":4,"featured_media":190270,"comment_status":"open","ping_status":"closed","sticky":false,"template":"","format":"standard","meta":{"amp_status":"","footnotes":""},"categories":[125,120],"tags":[4115,262958,262961,262959,262960],"class_list":["post-190269","post","type-post","status-publish","format-standard","has-post-thumbnail","hentry","category-noticias","category-jequi","tag-couto-de-magalhaes-de-minas","tag-festa-do-rosario-2022-em-couto-de-magalhaes-de-minas","tag-festa-do-rosario-em-couto-de-magalhaes-de-minas","tag-festa-em-couto-de-magalhaes-de-minas","tag-shows-em-couto-de-magalhaes-de-minas"],"_links":{"self":[{"href":"https:\/\/aconteceunovale.com.br\/portal\/index.php?rest_route=\/wp\/v2\/posts\/190269","targetHints":{"allow":["GET"]}}],"collection":[{"href":"https:\/\/aconteceunovale.com.br\/portal\/index.php?rest_route=\/wp\/v2\/posts"}],"about":[{"href":"https:\/\/aconteceunovale.com.br\/portal\/index.php?rest_route=\/wp\/v2\/types\/post"}],"author":[{"embeddable":true,"href":"https:\/\/aconteceunovale.com.br\/portal\/index.php?rest_route=\/wp\/v2\/users\/4"}],"replies":[{"embeddable":true,"href":"https:\/\/aconteceunovale.com.br\/portal\/index.php?rest_route=%2Fwp%2Fv2%2Fcomments&post=190269"}],"version-history":[{"count":1,"href":"https:\/\/aconteceunovale.com.br\/portal\/index.php?rest_route=\/wp\/v2\/posts\/190269\/revisions"}],"predecessor-version":[{"id":190271,"href":"https:\/\/aconteceunovale.com.br\/portal\/index.php?rest_route=\/wp\/v2\/posts\/190269\/revisions\/190271"}],"wp:featuredmedia":[{"embeddable":true,"href":"https:\/\/aconteceunovale.com.br\/portal\/index.php?rest_route=\/wp\/v2\/media\/190270"}],"wp:attachment":[{"href":"https:\/\/aconteceunovale.com.br\/portal\/index.php?rest_route=%2Fwp%2Fv2%2Fmedia&parent=190269"}],"wp:term":[{"taxonomy":"category","embeddable":true,"href":"https:\/\/aconteceunovale.com.br\/portal\/index.php?rest_route=%2Fwp%2Fv2%2Fcategories&post=190269"},{"taxonomy":"post_tag","embeddable":true,"href":"https:\/\/aconteceunovale.com.br\/portal\/index.php?rest_route=%2Fwp%2Fv2%2Ftags&post=190269"}],"curies":[{"name":"wp","href":"https:\/\/api.w.org\/{rel}","templated":true}]}}