{"id":19026,"date":"2014-01-21T19:30:32","date_gmt":"2014-01-21T21:30:32","guid":{"rendered":"http:\/\/aconteceunovale.com.br\/portal\/?p=19026"},"modified":"2014-01-21T19:30:32","modified_gmt":"2014-01-21T21:30:32","slug":"homem-e-preso-apos-atirar-em-policiais-em-rio-pardo-de-minas","status":"publish","type":"post","link":"https:\/\/aconteceunovale.com.br\/portal\/?p=19026","title":{"rendered":"Homem \u00e9 preso ap\u00f3s atirar em policiais em Rio Pardo de Minas"},"content":{"rendered":"<p>Um homem foi preso na madrugada desta ter\u00e7a-feira (21\/01) em Rio Pardo de Minas, extremo Norte de Minas Gerais, ap\u00f3s atirar contra policiais. Segundo a PM, o fato ocorreu durante uma opera\u00e7\u00e3o conjunta entre as Pol\u00edcias Civil e Militar que investigava uma poss\u00edvel tentativa de resgate de detentos na cadeia da cidade.<\/p>\n<p>Uma den\u00fancia an\u00f4nima, segundo a PM, informava que dez suspeitos planajavam o resgate de dois detentos. A den\u00fancia relatava ainda os poss\u00edveis locais em que o grupo estaria. Um deles seria a casa de uma mulher que j\u00e1 tem registro de envolvimento com tr\u00e1fico de drogas.<\/p>\n<p>Durante a abordagem, dois suspeitos fugiram por um terreno vazio ao fundo da resid\u00eancia. Um dos suspeitos estava armado e atirou contra os policiais que n\u00e3o foram atingidos e conseguiram efetuar a pris\u00e3o do suspeito.<\/p>\n<p>Ainda segundo a PM, a opera\u00e7\u00e3o continua sendo realizada na tentativa de prender os outros suspeitos.<\/p>\n<p><img decoding=\"async\" src=\"http:\/\/aconteceunovale.com.br\/portal\/wp-content\/uploads\/2013\/12\/preso.jpg\" alt=\"\" \/><\/p>\n","protected":false},"excerpt":{"rendered":"<p>Um homem foi preso na madrugada desta ter\u00e7a-feira (21\/01) em Rio Pardo de Minas, extremo Norte de Minas Gerais, ap\u00f3s atirar contra policiais. Segundo a PM, o fato ocorreu durante uma opera\u00e7\u00e3o conjunta entre as Pol\u00edcias Civil e Militar que investigava uma poss\u00edvel tentativa de resgate de detentos na cadeia da cidade. Uma den\u00fancia an\u00f4nima, [&hellip;]<\/p>\n","protected":false},"author":1,"featured_media":15306,"comment_status":"open","ping_status":"closed","sticky":false,"template":"","format":"standard","meta":{"amp_status":"","footnotes":""},"categories":[1236],"tags":[3299,421],"class_list":["post-19026","post","type-post","status-publish","format-standard","has-post-thumbnail","hentry","category-norte_de_minas","tag-homem-e-preso-apos-atirar-em-policiais-em-rio-pardo-de-minas","tag-rio-pardo-de-minas"],"_links":{"self":[{"href":"https:\/\/aconteceunovale.com.br\/portal\/index.php?rest_route=\/wp\/v2\/posts\/19026","targetHints":{"allow":["GET"]}}],"collection":[{"href":"https:\/\/aconteceunovale.com.br\/portal\/index.php?rest_route=\/wp\/v2\/posts"}],"about":[{"href":"https:\/\/aconteceunovale.com.br\/portal\/index.php?rest_route=\/wp\/v2\/types\/post"}],"author":[{"embeddable":true,"href":"https:\/\/aconteceunovale.com.br\/portal\/index.php?rest_route=\/wp\/v2\/users\/1"}],"replies":[{"embeddable":true,"href":"https:\/\/aconteceunovale.com.br\/portal\/index.php?rest_route=%2Fwp%2Fv2%2Fcomments&post=19026"}],"version-history":[{"count":0,"href":"https:\/\/aconteceunovale.com.br\/portal\/index.php?rest_route=\/wp\/v2\/posts\/19026\/revisions"}],"wp:featuredmedia":[{"embeddable":true,"href":"https:\/\/aconteceunovale.com.br\/portal\/index.php?rest_route=\/wp\/v2\/media\/15306"}],"wp:attachment":[{"href":"https:\/\/aconteceunovale.com.br\/portal\/index.php?rest_route=%2Fwp%2Fv2%2Fmedia&parent=19026"}],"wp:term":[{"taxonomy":"category","embeddable":true,"href":"https:\/\/aconteceunovale.com.br\/portal\/index.php?rest_route=%2Fwp%2Fv2%2Fcategories&post=19026"},{"taxonomy":"post_tag","embeddable":true,"href":"https:\/\/aconteceunovale.com.br\/portal\/index.php?rest_route=%2Fwp%2Fv2%2Ftags&post=19026"}],"curies":[{"name":"wp","href":"https:\/\/api.w.org\/{rel}","templated":true}]}}