{"id":190218,"date":"2022-09-03T18:13:00","date_gmt":"2022-09-03T21:13:00","guid":{"rendered":"https:\/\/aconteceunovale.com.br\/portal\/?p=190218"},"modified":"2022-09-04T12:16:02","modified_gmt":"2022-09-04T15:16:02","slug":"colisao-entre-veiculos-deixa-um-morto-e-tres-feridos-na-br-367","status":"publish","type":"post","link":"https:\/\/aconteceunovale.com.br\/portal\/?p=190218","title":{"rendered":"Colis\u00e3o entre ve\u00edculos deixa um morto e tr\u00eas feridos na BR-367"},"content":{"rendered":"\n<p>Uma pessoa morreu e tr\u00eas ficaram feridas ap\u00f3s a colis\u00e3o frontal entre dois carros na BR-367, entre Ara\u00e7ua\u00ed e Virgem da Lapa, na tarde de s\u00e1bado (3\/9\/2022). Segundo informa\u00e7\u00f5es do Corpo de Bombeiros, duas v\u00edtimas ficaram presas \u00e0s ferragens de um dos ve\u00edculos, e uma delas j\u00e1 estava sem sinais vitais no momento da chegada dos socorristas.<\/p>\n\n\n\n<p>Os feridos foram encaminhados para o Hospital Municipal de Ara\u00e7ua\u00ed. As causas do acidente ser\u00e3o apuradas.<\/p>\n\n\n\n<figure class=\"wp-block-gallery has-nested-images columns-default is-cropped wp-block-gallery-1 is-layout-flex wp-block-gallery-is-layout-flex\">\n<figure class=\"wp-block-image size-large\"><img loading=\"lazy\" decoding=\"async\" width=\"678\" height=\"428\" data-id=\"190219\" src=\"https:\/\/aconteceunovale.com.br\/portal\/wp-content\/uploads\/2022\/09\/acidente_aracuai.png\" alt=\"\" class=\"wp-image-190219\" srcset=\"https:\/\/aconteceunovale.com.br\/portal\/wp-content\/uploads\/2022\/09\/acidente_aracuai.png 678w, https:\/\/aconteceunovale.com.br\/portal\/wp-content\/uploads\/2022\/09\/acidente_aracuai-300x189.png 300w, https:\/\/aconteceunovale.com.br\/portal\/wp-content\/uploads\/2022\/09\/acidente_aracuai-665x420.png 665w\" sizes=\"auto, (max-width: 678px) 100vw, 678px\" \/><figcaption><em><sub>Foto: Divulga\u00e7\u00e3o \/ Corpo de Bombeiros<\/sub><\/em><\/figcaption><\/figure>\n<\/figure>\n\n\n\n<p>&#8212;&#8212;&#8212;&#8212;&#8212;&#8212;<br><br><strong>Sabia que o Aconteceu no Vale est\u00e1 tamb\u00e9m no Telegram? <a rel=\"noreferrer noopener\" href=\"https:\/\/t.me\/aconteceunovaleoficial\" target=\"_blank\">Inscreva-se no canal<\/a>.<\/strong><br><br><strong>J\u00e1 curtiu ou seguiu nossas p\u00e1ginas nas redes sociais?&nbsp;Receba as not\u00edcias em primeira m\u00e3o:<\/strong><br>\u2022 <a rel=\"noreferrer noopener\" href=\"https:\/\/news.google.com\/publications\/CAAqBwgKMNjklQswi4etAw?hl=pt-BR&amp;gl=BR&amp;ceid=BR%3Apt-419\" target=\"_blank\">Google News<\/a><br>\u2022 <a rel=\"noreferrer noopener\" href=\"https:\/\/www.facebook.com\/aconteceunovale\/\" target=\"_blank\">Facebook<\/a><br>\u2022 <a rel=\"noreferrer noopener\" href=\"https:\/\/twitter.com\/noticiadosvales\" target=\"_blank\">Twitter<\/a><br>\u2022 <a rel=\"noreferrer noopener\" href=\"https:\/\/www.instagram.com\/aconteceunovale\" target=\"_blank\">Instagram<\/a><br>\u2022 <a rel=\"noreferrer noopener\" href=\"https:\/\/www.youtube.com\/AconteceunoValeOficial\" target=\"_blank\">Youtube<\/a><br>\u2022 <a rel=\"noreferrer noopener\" href=\"https:\/\/www.tiktok.com\/@aconteceunovale\" target=\"_blank\">TikTok<\/a><\/p>\n","protected":false},"excerpt":{"rendered":"<p>Uma pessoa morreu e tr\u00eas ficaram feridas ap\u00f3s a colis\u00e3o frontal entre dois carros na BR-367, entre Ara\u00e7ua\u00ed e Virgem da Lapa, na tarde de s\u00e1bado (3\/9\/2022). Segundo informa\u00e7\u00f5es do Corpo de Bombeiros, duas v\u00edtimas ficaram presas \u00e0s ferragens de um dos ve\u00edculos, e uma delas j\u00e1 estava sem sinais vitais no momento da chegada [&hellip;]<\/p>\n","protected":false},"author":4,"featured_media":190219,"comment_status":"open","ping_status":"closed","sticky":false,"template":"","format":"standard","meta":{"amp_status":"","footnotes":""},"categories":[120],"tags":[21459,60318,208665,70485,186,2016,262889,1018,482],"class_list":["post-190218","post","type-post","status-publish","format-standard","has-post-thumbnail","hentry","category-jequi","tag-acidente-em-aracuai","tag-acidente-entre-aracuai-e-virgem-da-lapa","tag-acidente-na-br-367-2","tag-acidente-perto-de-virgem-da-lapa","tag-aracuai","tag-br-367","tag-colisao-entre-veiculos-deixa-um-morto-e-tres-feridos-na-br-367","tag-destaque","tag-virgem-da-lapa"],"_links":{"self":[{"href":"https:\/\/aconteceunovale.com.br\/portal\/index.php?rest_route=\/wp\/v2\/posts\/190218","targetHints":{"allow":["GET"]}}],"collection":[{"href":"https:\/\/aconteceunovale.com.br\/portal\/index.php?rest_route=\/wp\/v2\/posts"}],"about":[{"href":"https:\/\/aconteceunovale.com.br\/portal\/index.php?rest_route=\/wp\/v2\/types\/post"}],"author":[{"embeddable":true,"href":"https:\/\/aconteceunovale.com.br\/portal\/index.php?rest_route=\/wp\/v2\/users\/4"}],"replies":[{"embeddable":true,"href":"https:\/\/aconteceunovale.com.br\/portal\/index.php?rest_route=%2Fwp%2Fv2%2Fcomments&post=190218"}],"version-history":[{"count":2,"href":"https:\/\/aconteceunovale.com.br\/portal\/index.php?rest_route=\/wp\/v2\/posts\/190218\/revisions"}],"predecessor-version":[{"id":190221,"href":"https:\/\/aconteceunovale.com.br\/portal\/index.php?rest_route=\/wp\/v2\/posts\/190218\/revisions\/190221"}],"wp:featuredmedia":[{"embeddable":true,"href":"https:\/\/aconteceunovale.com.br\/portal\/index.php?rest_route=\/wp\/v2\/media\/190219"}],"wp:attachment":[{"href":"https:\/\/aconteceunovale.com.br\/portal\/index.php?rest_route=%2Fwp%2Fv2%2Fmedia&parent=190218"}],"wp:term":[{"taxonomy":"category","embeddable":true,"href":"https:\/\/aconteceunovale.com.br\/portal\/index.php?rest_route=%2Fwp%2Fv2%2Fcategories&post=190218"},{"taxonomy":"post_tag","embeddable":true,"href":"https:\/\/aconteceunovale.com.br\/portal\/index.php?rest_route=%2Fwp%2Fv2%2Ftags&post=190218"}],"curies":[{"name":"wp","href":"https:\/\/api.w.org\/{rel}","templated":true}]}}