{"id":190215,"date":"2022-09-04T12:00:20","date_gmt":"2022-09-04T15:00:20","guid":{"rendered":"https:\/\/aconteceunovale.com.br\/portal\/?p=190215"},"modified":"2022-09-04T12:01:01","modified_gmt":"2022-09-04T15:01:01","slug":"festa-de-nossa-senhora-dos-rosario-dos-homens-pretos-de-chapada-do-norte","status":"publish","type":"post","link":"https:\/\/aconteceunovale.com.br\/portal\/?p=190215","title":{"rendered":"Festa de Nossa Senhora dos Ros\u00e1rio dos Homens Pretos de Chapada do Norte"},"content":{"rendered":"\n<p>De 06 a 11 de outubro &#8211; Entrada Franca<\/p>\n\n\n\n<figure class=\"wp-block-image size-full is-resized\"><img loading=\"lazy\" decoding=\"async\" src=\"https:\/\/aconteceunovale.com.br\/portal\/wp-content\/uploads\/2022\/09\/festa_chapada_1.jpg\" alt=\"\" class=\"wp-image-190216\" width=\"742\" height=\"557\" srcset=\"https:\/\/aconteceunovale.com.br\/portal\/wp-content\/uploads\/2022\/09\/festa_chapada_1.jpg 600w, https:\/\/aconteceunovale.com.br\/portal\/wp-content\/uploads\/2022\/09\/festa_chapada_1-300x225.jpg 300w, https:\/\/aconteceunovale.com.br\/portal\/wp-content\/uploads\/2022\/09\/festa_chapada_1-80x60.jpg 80w, https:\/\/aconteceunovale.com.br\/portal\/wp-content\/uploads\/2022\/09\/festa_chapada_1-265x198.jpg 265w, https:\/\/aconteceunovale.com.br\/portal\/wp-content\/uploads\/2022\/09\/festa_chapada_1-560x420.jpg 560w\" sizes=\"auto, (max-width: 742px) 100vw, 742px\" \/><\/figure>\n\n\n\n<p><strong>06\/10 (quinta-feira):<\/strong><\/p>\n\n\n\n<ul class=\"wp-block-list\"><li>22h00 &#8211; Jaime Ramos e Seus Teclados &#8211; no Mercado Municipal<\/li><\/ul>\n\n\n\n<p><strong>07\/10 (sexta-feira):<\/strong><\/p>\n\n\n\n<ul class=\"wp-block-list\"><li>22h00 &#8211; Forr\u00f3 Caf\u00e9 com Leite &#8211; no Mercado Municipal<\/li><li>22h00 &#8211; Patr\u00f5es do Piseiro &#8211; na Pra\u00e7a da Matriz<\/li><li>00h00 &#8211; PH Oliver &#8211; na Pra\u00e7a da Matriz<\/li><\/ul>\n\n\n\n<p><strong>08\/10 (s\u00e1bado):<\/strong><\/p>\n\n\n\n<ul class=\"wp-block-list\"><li>14h00 &#8211; Banda Boys (Sonoros) \/ Pagode The F\u00e9rias &#8211; na Pra\u00e7a da Matriz<\/li><li>00h00 &#8211; Di Cabuloso &#8211; no Est\u00e1dio Queirog\u00e3o<\/li><li>02h00 &#8211; Psirico &#8211; no Est\u00e1dio Queirog\u00e3o<\/li><li>04h00 &#8211; Sereno dos Teclados &#8211; no Est\u00e1dio Queirog\u00e3o<\/li><\/ul>\n\n\n\n<p><strong>09\/10 (domingo):<\/strong><\/p>\n\n\n\n<ul class=\"wp-block-list\"><li>13h00 &#8211; Samba da Janu\u00e1rio &#8211; na Pra\u00e7a da Matriz<\/li><li>22h30 &#8211; Forr\u00f3 Pizado &#8211; no Est\u00e1dio Queirog\u00e3o<\/li><li>00h30 &#8211; Eduardo Costa &#8211; no Est\u00e1dio Queirog\u00e3o<\/li><li>03:00 &#8211; Rick Swing\u00e3o &#8211; no Est\u00e1dio Queirog\u00e3o<\/li><\/ul>\n\n\n\n<p><strong>10\/10 (segunda-feira):<\/strong><\/p>\n\n\n\n<ul class=\"wp-block-list\"><li>00h00 &#8211; Sor\u00f3 Silva &#8211; no Est\u00e1dio Queirog\u00e3o<\/li><li>02h00 &#8211; Mania Boa &#8211; no Est\u00e1dio Queirog\u00e3o<\/li><\/ul>\n\n\n\n<p><strong>11\/10 (ter\u00e7a-feira):<\/strong><\/p>\n\n\n\n<ul class=\"wp-block-list\"><li>14h00 &#8211; Parque Infantil \/ Rua de Lazer &#8211; na Pra\u00e7a da Matriz<\/li><li>16h00 &#8211; Show Infantil &#8211; na Pra\u00e7a da Matriz<\/li><li>18h00 &#8211; David Marcelo &#8211; na Pra\u00e7a da Matriz<\/li><li>18h00 &#8211; Nelsinho dos Teclados \/ Roxo Preto &#8211; no Mercado Municipal<\/li><\/ul>\n\n\n\n<p><strong>Realiza\u00e7\u00e3o:<\/strong> Prefeitura de Chapada do Norte<\/p>\n","protected":false},"excerpt":{"rendered":"<p>De 06 a 11 de outubro &#8211; Entrada Franca 06\/10 (quinta-feira): 22h00 &#8211; Jaime Ramos e Seus Teclados &#8211; no Mercado Municipal 07\/10 (sexta-feira): 22h00 &#8211; Forr\u00f3 Caf\u00e9 com Leite &#8211; no Mercado Municipal 22h00 &#8211; Patr\u00f5es do Piseiro &#8211; na Pra\u00e7a da Matriz 00h00 &#8211; PH Oliver &#8211; na Pra\u00e7a da Matriz 08\/10 (s\u00e1bado): [&hellip;]<\/p>\n","protected":false},"author":4,"featured_media":190216,"comment_status":"open","ping_status":"closed","sticky":false,"template":"","format":"standard","meta":{"amp_status":"","footnotes":""},"categories":[125,120],"tags":[481,262884,262883,262882,262887,262885,262888,262886],"class_list":["post-190215","post","type-post","status-publish","format-standard","has-post-thumbnail","hentry","category-noticias","category-jequi","tag-chapada-do-norte","tag-eduardo-costa-em-chapada-do-norte","tag-festa-de-chapada-do-norte","tag-festa-de-nossa-senhora-dos-rosario-dos-homens-pretos-de-chapada-do-norte","tag-programacao-da-festa-de-chapada-do-norte","tag-psirico-em-chapada-do-norte","tag-shows-da-festa-de-chapada-do-norte","tag-soro-silva-em-chapada-do-norte"],"_links":{"self":[{"href":"https:\/\/aconteceunovale.com.br\/portal\/index.php?rest_route=\/wp\/v2\/posts\/190215","targetHints":{"allow":["GET"]}}],"collection":[{"href":"https:\/\/aconteceunovale.com.br\/portal\/index.php?rest_route=\/wp\/v2\/posts"}],"about":[{"href":"https:\/\/aconteceunovale.com.br\/portal\/index.php?rest_route=\/wp\/v2\/types\/post"}],"author":[{"embeddable":true,"href":"https:\/\/aconteceunovale.com.br\/portal\/index.php?rest_route=\/wp\/v2\/users\/4"}],"replies":[{"embeddable":true,"href":"https:\/\/aconteceunovale.com.br\/portal\/index.php?rest_route=%2Fwp%2Fv2%2Fcomments&post=190215"}],"version-history":[{"count":1,"href":"https:\/\/aconteceunovale.com.br\/portal\/index.php?rest_route=\/wp\/v2\/posts\/190215\/revisions"}],"predecessor-version":[{"id":190217,"href":"https:\/\/aconteceunovale.com.br\/portal\/index.php?rest_route=\/wp\/v2\/posts\/190215\/revisions\/190217"}],"wp:featuredmedia":[{"embeddable":true,"href":"https:\/\/aconteceunovale.com.br\/portal\/index.php?rest_route=\/wp\/v2\/media\/190216"}],"wp:attachment":[{"href":"https:\/\/aconteceunovale.com.br\/portal\/index.php?rest_route=%2Fwp%2Fv2%2Fmedia&parent=190215"}],"wp:term":[{"taxonomy":"category","embeddable":true,"href":"https:\/\/aconteceunovale.com.br\/portal\/index.php?rest_route=%2Fwp%2Fv2%2Fcategories&post=190215"},{"taxonomy":"post_tag","embeddable":true,"href":"https:\/\/aconteceunovale.com.br\/portal\/index.php?rest_route=%2Fwp%2Fv2%2Ftags&post=190215"}],"curies":[{"name":"wp","href":"https:\/\/api.w.org\/{rel}","templated":true}]}}