{"id":19019,"date":"2014-01-21T12:59:40","date_gmt":"2014-01-21T14:59:40","guid":{"rendered":"http:\/\/aconteceunovale.com.br\/portal\/?p=19019"},"modified":"2014-01-21T13:00:32","modified_gmt":"2014-01-21T15:00:32","slug":"base-avancada-do-samu-macro-norte-sera-inaugurada-em-taiobeiras-nesta-quarta","status":"publish","type":"post","link":"https:\/\/aconteceunovale.com.br\/portal\/?p=19019","title":{"rendered":"Base Avan\u00e7ada do SAMU Macro Norte ser\u00e1 inaugurada em Taiobeiras nesta quarta"},"content":{"rendered":"<p><em><strong>Nova unidade, no norte de Minas, vai atender 16 cidades que comp\u00f5em a microrregi\u00e3o de Salinas\/Taiobeiras e beneficiar mais de 200 mil pessoas<\/strong><\/em><\/p>\n<p><img decoding=\"async\" src=\"http:\/\/aconteceunovale.com.br\/portal\/wp-content\/uploads\/2014\/01\/viatura_samu_norte_de_minas.jpg\" alt=\"\" \/><br \/>\n<em>(Imagem ilustrativa)<\/em><\/p>\n<p>A Secretaria de Estado de Sa\u00fade de Minas Gerais (SES) estar\u00e1 presente, nesta quarta-feira (22\/01), na inaugura\u00e7\u00e3o da Base Avan\u00e7ada do SAMU Macro Norte, em Taiobeiras. Na oportunidade, o secret\u00e1rio da SES, Alexandre Silveira, ir\u00e1 acompanhar a apresenta\u00e7\u00e3o da unidade.<\/p>\n<p>A nova Base Avan\u00e7ada ir\u00e1 dar suporte a 16 munic\u00edpios que fazem parte da microrregi\u00e3o de Salinas\/Taiobeiras, beneficiando uma popula\u00e7\u00e3o de mais de 200 mil pessoas, al\u00e9m de atender \u00e0s ocorr\u00eancias de acidentes de tr\u00e2nsito da BR 251. Na obra, foram investidos mais R$ 300 mil em recursos estaduais.<\/p>\n<p>A unidade ter\u00e1 uma equipe de socorristas composta por vinte e seis profissionais, sendo seis t\u00e9cnicos de enfermagem, dez condutores-socorristas, cinco enfermeiros e cinco m\u00e9dicos. Na base, os profissionais ir\u00e3o contar com uma estrutura equipada com c\u00e2meras de seguran\u00e7a, sistema de comunica\u00e7\u00e3o, almoxarifado para armazenamento de medicamentos e insumos, local de desinfec\u00e7\u00e3o de material m\u00e9dico-hospitalar adequado, sala de prescri\u00e7\u00e3o, sala de desestresse, local adequado para estacionamento e higieniza\u00e7\u00e3o das ambul\u00e2ncias.<\/p>\n<p>Na constru\u00e7\u00e3o do pr\u00e9dio, al\u00e9m dos investimentos estaduais, tamb\u00e9m foram aplicados recursos do governo federal e dos munic\u00edpios integrados ao Cons\u00f3rcio Intermunicipal de Sa\u00fade da Rede de Urg\u00eancia do Norte de Minas (Cisrun). Os investimentos tamb\u00e9m foram utilizados na aquisi\u00e7\u00e3o de equipamentos, mobili\u00e1rios e materiais necess\u00e1rios ao funcionamento da unidade. O terreno foi cedido pela prefeitura municipal de Taiobeiras.<\/p>\n<p>Desde a sua instala\u00e7\u00e3o, em 2009, foram realizados na base da microrregi\u00e3o cerca de 5.241 mil atendimentos.<\/p>\n<p><strong>Ver Minas<\/strong><\/p>\n<p>Durante a passagem por Taiobeiras, o secret\u00e1rio tamb\u00e9m ir\u00e1 visitar as carretas do Programa Ver Minas, que est\u00e3o no munic\u00edpio desde o in\u00edcio da semana v\u00e3o prestar servi\u00e7os de assist\u00eancia oftalmol\u00f3gica \u00e0 popula\u00e7\u00e3o do Alto Rio Pardo at\u00e9 o dia 27 de janeiro. <\/p>\n<p>As unidades m\u00f3veis s\u00e3o equipadas com consult\u00f3rio oftalmol\u00f3gico, sala para exames e uma sala cir\u00fargica. T\u00eam capacidade para realizar, por dia, cerca de 800 consultas, 3,2 mil exames e 250 cirurgias e contam com m\u00e9dicos oftalmologistas que est\u00e3o aptos a realizar cerca de 17 procedimentos diferentes, entre eles, a corre\u00e7\u00e3o cir\u00fargica do estrabismo, reconstitui\u00e7\u00e3o parcial de p\u00e1lpebra, implante secund\u00e1rio de lente intra-ocular e biomicroscopia de fundo de olho. <\/p>\n<p><strong>Servi\u00e7o:<\/strong><\/p>\n<p>Evento: Inaugura\u00e7\u00e3o da Base Avan\u00e7ada do SAMU Macro Norte em Taiobeiras<\/p>\n<p>Data: 22\/01\/2013<\/p>\n<p>Hora: 10h<\/p>\n<p>Local: Base Descentralizada do SAMU<\/p>\n","protected":false},"excerpt":{"rendered":"<p>Nova unidade, no norte de Minas, vai atender 16 cidades que comp\u00f5em a microrregi\u00e3o de Salinas\/Taiobeiras e beneficiar mais de 200 mil pessoas (Imagem ilustrativa) A Secretaria de Estado de Sa\u00fade de Minas Gerais (SES) estar\u00e1 presente, nesta quarta-feira (22\/01), na inaugura\u00e7\u00e3o da Base Avan\u00e7ada do SAMU Macro Norte, em Taiobeiras. Na oportunidade, o secret\u00e1rio [&hellip;]<\/p>\n","protected":false},"author":1,"featured_media":0,"comment_status":"open","ping_status":"closed","sticky":false,"template":"","format":"standard","meta":{"amp_status":"","footnotes":""},"categories":[1236],"tags":[3296,3297,190,419],"class_list":["post-19019","post","type-post","status-publish","format-standard","hentry","category-norte_de_minas","tag-base-avancada-do-samu-macro-norte-sera-inaugurada-em-taiobeiras-nesta-quarta","tag-inauguracao-da-base-avancada-do-samu-macro-norte-em-taiobeiras","tag-salinas","tag-taiobeiras"],"_links":{"self":[{"href":"https:\/\/aconteceunovale.com.br\/portal\/index.php?rest_route=\/wp\/v2\/posts\/19019","targetHints":{"allow":["GET"]}}],"collection":[{"href":"https:\/\/aconteceunovale.com.br\/portal\/index.php?rest_route=\/wp\/v2\/posts"}],"about":[{"href":"https:\/\/aconteceunovale.com.br\/portal\/index.php?rest_route=\/wp\/v2\/types\/post"}],"author":[{"embeddable":true,"href":"https:\/\/aconteceunovale.com.br\/portal\/index.php?rest_route=\/wp\/v2\/users\/1"}],"replies":[{"embeddable":true,"href":"https:\/\/aconteceunovale.com.br\/portal\/index.php?rest_route=%2Fwp%2Fv2%2Fcomments&post=19019"}],"version-history":[{"count":0,"href":"https:\/\/aconteceunovale.com.br\/portal\/index.php?rest_route=\/wp\/v2\/posts\/19019\/revisions"}],"wp:attachment":[{"href":"https:\/\/aconteceunovale.com.br\/portal\/index.php?rest_route=%2Fwp%2Fv2%2Fmedia&parent=19019"}],"wp:term":[{"taxonomy":"category","embeddable":true,"href":"https:\/\/aconteceunovale.com.br\/portal\/index.php?rest_route=%2Fwp%2Fv2%2Fcategories&post=19019"},{"taxonomy":"post_tag","embeddable":true,"href":"https:\/\/aconteceunovale.com.br\/portal\/index.php?rest_route=%2Fwp%2Fv2%2Ftags&post=19019"}],"curies":[{"name":"wp","href":"https:\/\/api.w.org\/{rel}","templated":true}]}}