{"id":19013,"date":"2014-01-21T12:43:59","date_gmt":"2014-01-21T14:43:59","guid":{"rendered":"http:\/\/aconteceunovale.com.br\/portal\/?p=19013"},"modified":"2014-01-21T12:43:59","modified_gmt":"2014-01-21T14:43:59","slug":"ii-mostra-pelos-vales-da-ufvjm","status":"publish","type":"post","link":"https:\/\/aconteceunovale.com.br\/portal\/?p=19013","title":{"rendered":"II Mostra pelos Vales da UFVJM"},"content":{"rendered":"<p>A segunda edi\u00e7\u00e3o do evento \u201cMostra pelos Vales\u201d \u00e9 uma realiza\u00e7\u00e3o do programa de extens\u00e3o &#8220;Telas e Textos&#8221;, da Pr\u00f3-Reitoria de Extens\u00e3o e Cultura (Proexc), em parceria com os Cursos de Letras da Faculdade Interdisciplinar em Humanidades (FIH) da UFVJM.<\/p>\n<p>Ela acontecer\u00e1 no per\u00edodo de 30 de janeiro a 1\u00ba de fevereiro de 2014, reunindo v\u00e1rios espet\u00e1culos teatrais, apresenta\u00e7\u00f5es musicais, performances, exposi\u00e7\u00f5es e saraus em diferentes espa\u00e7os de Diamantina.<\/p>\n<p>O evento tem por objetivo mostrar os trabalhos art\u00edsticos da comunidade discente e docente da UFVJM, al\u00e9m de incentivar e estimular, por meio dessa aproxima\u00e7\u00e3o a materiais art\u00edsticos diversos, produzidos em nosso meio cultural, a vis\u00e3o m\u00faltipla (interdisciplinar e cr\u00edtica), a sensibilidade, a imagina\u00e7\u00e3o e a criatividade dos envolvidos, tornando-os mais capazes de observar, avaliar, discutir e  pensar sobre as diversas perspectivas e produ\u00e7\u00f5es est\u00e9ticas, po\u00e9ticas, pl\u00e1sticas e culturais do mundo contempor\u00e2neo, especialmente em sua dimens\u00e3o local.<\/p>\n<p><a href=\"http:\/\/mostrapelosvales.blogspot.com.br\/p\/a-mostra.html\" target=\"_blank\"><strong>Clique aqui para acessar o blog do evento.<\/strong><\/a><\/p>\n<p><img decoding=\"async\" src=\"http:\/\/aconteceunovale.com.br\/portal\/wp-content\/uploads\/2014\/01\/mostra_dos_vales_ufvjm.jpg\" alt=\"\" \/><\/p>\n","protected":false},"excerpt":{"rendered":"<p>A segunda edi\u00e7\u00e3o do evento \u201cMostra pelos Vales\u201d \u00e9 uma realiza\u00e7\u00e3o do programa de extens\u00e3o &#8220;Telas e Textos&#8221;, da Pr\u00f3-Reitoria de Extens\u00e3o e Cultura (Proexc), em parceria com os Cursos de Letras da Faculdade Interdisciplinar em Humanidades (FIH) da UFVJM. Ela acontecer\u00e1 no per\u00edodo de 30 de janeiro a 1\u00ba de fevereiro de 2014, reunindo [&hellip;]<\/p>\n","protected":false},"author":1,"featured_media":19014,"comment_status":"open","ping_status":"closed","sticky":false,"template":"","format":"standard","meta":{"amp_status":"","footnotes":""},"categories":[125],"tags":[3294,250],"class_list":["post-19013","post","type-post","status-publish","format-standard","has-post-thumbnail","hentry","category-noticias","tag-ii-mostra-pelos-vales-da-ufvjm","tag-ufvjm"],"_links":{"self":[{"href":"https:\/\/aconteceunovale.com.br\/portal\/index.php?rest_route=\/wp\/v2\/posts\/19013","targetHints":{"allow":["GET"]}}],"collection":[{"href":"https:\/\/aconteceunovale.com.br\/portal\/index.php?rest_route=\/wp\/v2\/posts"}],"about":[{"href":"https:\/\/aconteceunovale.com.br\/portal\/index.php?rest_route=\/wp\/v2\/types\/post"}],"author":[{"embeddable":true,"href":"https:\/\/aconteceunovale.com.br\/portal\/index.php?rest_route=\/wp\/v2\/users\/1"}],"replies":[{"embeddable":true,"href":"https:\/\/aconteceunovale.com.br\/portal\/index.php?rest_route=%2Fwp%2Fv2%2Fcomments&post=19013"}],"version-history":[{"count":0,"href":"https:\/\/aconteceunovale.com.br\/portal\/index.php?rest_route=\/wp\/v2\/posts\/19013\/revisions"}],"wp:featuredmedia":[{"embeddable":true,"href":"https:\/\/aconteceunovale.com.br\/portal\/index.php?rest_route=\/wp\/v2\/media\/19014"}],"wp:attachment":[{"href":"https:\/\/aconteceunovale.com.br\/portal\/index.php?rest_route=%2Fwp%2Fv2%2Fmedia&parent=19013"}],"wp:term":[{"taxonomy":"category","embeddable":true,"href":"https:\/\/aconteceunovale.com.br\/portal\/index.php?rest_route=%2Fwp%2Fv2%2Fcategories&post=19013"},{"taxonomy":"post_tag","embeddable":true,"href":"https:\/\/aconteceunovale.com.br\/portal\/index.php?rest_route=%2Fwp%2Fv2%2Ftags&post=19013"}],"curies":[{"name":"wp","href":"https:\/\/api.w.org\/{rel}","templated":true}]}}