{"id":190092,"date":"2022-08-26T19:55:35","date_gmt":"2022-08-26T22:55:35","guid":{"rendered":"https:\/\/aconteceunovale.com.br\/portal\/?p=190092"},"modified":"2022-08-27T19:56:20","modified_gmt":"2022-08-27T22:56:20","slug":"eleitor-deve-deixar-celular-com-mesario-antes-de-votar","status":"publish","type":"post","link":"https:\/\/aconteceunovale.com.br\/portal\/?p=190092","title":{"rendered":"Eleitor deve deixar celular com mes\u00e1rio antes de votar"},"content":{"rendered":"\n<p class=\"wp-block-paragraph\">Eleitoras e eleitores devem deixar o celular com os mes\u00e1rios antes de votar e o aparelho deve ser entregue junto com o documento de identifica\u00e7\u00e3o. A decis\u00e3o foi tomada pelo Plen\u00e1rio do Tribunal Superior Eleitoral (TSE) na sess\u00e3o administrativa desta quinta-feira (25\/8\/2022) ao analisar uma consulta formulada pelo partido Uni\u00e3o Brasil (Uni\u00e3o). O objetivo \u00e9 garantir o sigilo do voto previsto na Constitui\u00e7\u00e3o Federal, al\u00e9m de evitar eventuais coa\u00e7\u00f5es aos pr\u00f3prios eleitores. A mesma regra vale para outros equipamentos como m\u00e1quinas fotogr\u00e1ficas, por exemplo.\u00a0<\/p>\n\n\n\n<p class=\"wp-block-paragraph\">A decis\u00e3o foi un\u00e2nime e seguiu o voto do relator, ministro S\u00e9rgio Banhos. Na pr\u00f3xima sess\u00e3o administrativa, marcada para ter\u00e7a-feira (30), o Plen\u00e1rio deve incluir a regra em um novo texto da resolu\u00e7\u00e3o que est\u00e1 em vigor para as Elei\u00e7\u00f5es 2022.&nbsp;<\/p>\n\n\n\n<p class=\"wp-block-paragraph\">O objetivo \u00e9 complementar a determina\u00e7\u00e3o que j\u00e1 consta da Lei das Elei\u00e7\u00f5es (91-A da\u00a0<a href=\"https:\/\/www.tse.jus.br\/legislacao\/codigo-eleitoral\/lei-das-eleicoes\/lei-das-eleicoes-lei-nb0-9.504-de-30-de-setembro-de-1997\" target=\"_blank\" rel=\"noreferrer noopener\">Lei 9.504\/1997<\/a>), que pro\u00edbe expressamente que os eleitores entrem na cabine de vota\u00e7\u00e3o com o celular ou qualquer outro instrumento que possa comprometer o sigilo do voto.\u00a0<\/p>\n\n\n\n<p class=\"wp-block-paragraph\">Ficou determinado ainda que, em caso de descumprimento, os mes\u00e1rios poder\u00e3o acionar o juiz respons\u00e1vel pela zona eleitoral, podendo a pol\u00edcia militar ser solicitada para solucionar eventuais questionamentos.&nbsp;<\/p>\n\n\n\n<p class=\"wp-block-paragraph\">Os ministros refor\u00e7aram que o artigo 312 do C\u00f3digo Eleitoral (<a rel=\"noreferrer noopener\" href=\"https:\/\/www.tse.jus.br\/legislacao\/codigo-eleitoral\/codigo-eleitoral-1\/codigo-eleitoral-lei-nb0-4.737-de-15-de-julho-de-1965#5\" target=\"_blank\">Lei n\u00ba 4.737\/1965<\/a>) determina que a pena para quem violar ou tentar violar o sigilo do voto pode ser de at\u00e9 dois anos de deten\u00e7\u00e3o.\u00a0<\/p>\n\n\n\n<p class=\"wp-block-paragraph\">O TSE dar\u00e1 ampla divulga\u00e7\u00e3o \u00e0 norma, por meio da Secretaria de Comunica\u00e7\u00e3o do Tribunal, bem como o GT Mes\u00e1rios dever\u00e1 fazer a devida divulga\u00e7\u00e3o aos mes\u00e1rios que atuar\u00e3o nas Elei\u00e7\u00f5es 2022.&nbsp;<\/p>\n\n\n\n<p class=\"wp-block-paragraph\"><strong>Entenda a consulta<\/strong>&nbsp;<\/p>\n\n\n\n<p class=\"wp-block-paragraph\">No primeiro item da consulta, o partido Uni\u00e3o Brasil perguntou se&nbsp;a mesa receptora de votos na se\u00e7\u00e3o eleitoral ainda pode reter os aparelhos de telefonia celular e afins, em cumprimento da expressa proibi\u00e7\u00e3o legislativa de portar tais aparelhos na cabine de vota\u00e7\u00e3o.&nbsp;<\/p>\n\n\n\n<p class=\"wp-block-paragraph\">Al\u00e9m disso, questionou se poder\u00e3o ser utilizados detectores port\u00e1teis de metal para impedir o uso de equipamentos eletr\u00f4nicos na cabine&nbsp;de vota\u00e7\u00e3o. E, em caso de resposta afirmativa na segunda quest\u00e3o, qual o crit\u00e9rio jur\u00eddico a ser utilizado para determinar a exist\u00eancia de ind\u00edcios de coa\u00e7\u00e3o aos eleitores e justificar o uso de detectores port\u00e1teis de metal.&nbsp;<\/p>\n\n\n\n<p class=\"wp-block-paragraph\">Sobre os outros pontos questionados, os ministros entenderam que o uso de detectores de metal nas se\u00e7\u00f5es dever\u00e1 ser requisitado em situa\u00e7\u00f5es excepcionais, sendo que a decis\u00e3o ficar\u00e1 a cargo de cada juiz respons\u00e1vel pelos locais de vota\u00e7\u00e3o.<\/p>\n\n\n\n<p class=\"wp-block-paragraph\">&#8212;&#8212;&#8212;&#8212;&#8212;&#8212;<br><br><strong>Sabia que o Aconteceu no Vale est\u00e1 tamb\u00e9m no Telegram? <a rel=\"noreferrer noopener\" href=\"https:\/\/t.me\/aconteceunovaleoficial\" target=\"_blank\">Inscreva-se no canal<\/a>.<\/strong><br><br><strong>J\u00e1 curtiu ou seguiu nossas p\u00e1ginas nas redes sociais?\u00a0Receba as not\u00edcias em primeira m\u00e3o:<\/strong><br>\u2022 <a rel=\"noreferrer noopener\" href=\"https:\/\/news.google.com\/publications\/CAAqBwgKMNjklQswi4etAw?hl=pt-BR&amp;gl=BR&amp;ceid=BR%3Apt-419\" target=\"_blank\">Google News<\/a><br>\u2022 <a rel=\"noreferrer noopener\" href=\"https:\/\/www.facebook.com\/aconteceunovale\/\" target=\"_blank\">Facebook<\/a><br>\u2022 <a rel=\"noreferrer noopener\" href=\"https:\/\/twitter.com\/noticiadosvales\" target=\"_blank\">Twitter<\/a><br>\u2022 <a rel=\"noreferrer noopener\" href=\"https:\/\/www.instagram.com\/aconteceunovale\" target=\"_blank\">Instagram<\/a><br>\u2022 <a rel=\"noreferrer noopener\" href=\"https:\/\/www.youtube.com\/AconteceunoValeOficial\" target=\"_blank\">Youtube<\/a><br>\u2022 <a rel=\"noreferrer noopener\" href=\"https:\/\/www.tiktok.com\/@aconteceunovale\" target=\"_blank\">TikTok<\/a><\/p>\n","protected":false},"excerpt":{"rendered":"<p>Eleitoras e eleitores devem deixar o celular com os mes\u00e1rios antes de votar e o aparelho deve ser entregue junto com o documento de identifica\u00e7\u00e3o. A decis\u00e3o foi tomada pelo Plen\u00e1rio do Tribunal Superior Eleitoral (TSE) na sess\u00e3o administrativa desta quinta-feira (25\/8\/2022) ao analisar uma consulta formulada pelo partido Uni\u00e3o Brasil (Uni\u00e3o). O objetivo \u00e9 [&hellip;]<\/p>\n","protected":false},"author":4,"featured_media":190093,"comment_status":"open","ping_status":"closed","sticky":false,"template":"","format":"standard","meta":{"amp_status":"","footnotes":""},"categories":[6,249933],"tags":[262741,262740,1018,262739,17165,230308,267],"class_list":["post-190092","post","type-post","status-publish","format-standard","has-post-thumbnail","hentry","category-br","category-eleicoes-2022","tag-celular-durante-a-votacao","tag-celular-votacao","tag-destaque","tag-eleitor-deve-deixar-celular-com-mesario-antes-de-votar","tag-justica-eleitoral","tag-o-que-pode-no-dia-da-votacao","tag-tse"],"yoast_head":"<!-- This site is optimized with the Yoast SEO plugin v28.3 - https:\/\/yoast.com\/product\/yoast-seo-wordpress\/ -->\n<title>Eleitor deve deixar celular com mes\u00e1rio antes de votar - Aconteceu no Vale<\/title>\n<meta name=\"robots\" content=\"index, follow, max-snippet:-1, max-image-preview:large, max-video-preview:-1\" \/>\n<link rel=\"canonical\" href=\"https:\/\/aconteceunovale.com.br\/portal\/?p=190092\" \/>\n<meta property=\"og:locale\" content=\"pt_BR\" \/>\n<meta property=\"og:type\" content=\"article\" \/>\n<meta property=\"og:title\" content=\"Eleitor deve deixar celular com mes\u00e1rio antes de votar - Aconteceu no Vale\" \/>\n<meta property=\"og:description\" content=\"Eleitoras e eleitores devem deixar o celular com os mes\u00e1rios antes de votar e o aparelho deve ser entregue junto com o documento de identifica\u00e7\u00e3o. A decis\u00e3o foi tomada pelo Plen\u00e1rio do Tribunal Superior Eleitoral (TSE) na sess\u00e3o administrativa desta quinta-feira (25\/8\/2022) ao analisar uma consulta formulada pelo partido Uni\u00e3o Brasil (Uni\u00e3o). O objetivo \u00e9 [&hellip;]\" \/>\n<meta property=\"og:url\" content=\"https:\/\/aconteceunovale.com.br\/portal\/?p=190092\" \/>\n<meta property=\"og:site_name\" content=\"Aconteceu no Vale\" \/>\n<meta property=\"article:publisher\" content=\"https:\/\/www.facebook.com\/aconteceunovale\/\" \/>\n<meta property=\"article:published_time\" content=\"2022-08-26T22:55:35+00:00\" \/>\n<meta property=\"article:modified_time\" content=\"2022-08-27T22:56:20+00:00\" \/>\n<meta property=\"og:image\" content=\"https:\/\/aconteceunovale.com.br\/portal\/wp-content\/uploads\/2022\/08\/cabine_votacao.jpeg\" \/>\n\t<meta property=\"og:image:width\" content=\"620\" \/>\n\t<meta property=\"og:image:height\" content=\"300\" \/>\n\t<meta property=\"og:image:type\" content=\"image\/jpeg\" \/>\n<meta name=\"author\" content=\"Reda\u00e7\u00e3o Aconteceu no Vale\" \/>\n<meta name=\"twitter:card\" content=\"summary_large_image\" \/>\n<meta name=\"twitter:creator\" content=\"@noticiadosvales\" \/>\n<meta name=\"twitter:site\" content=\"@noticiadosvales\" \/>\n<meta name=\"twitter:label1\" content=\"Escrito por\" \/>\n\t<meta name=\"twitter:data1\" content=\"Reda\u00e7\u00e3o Aconteceu no Vale\" \/>\n\t<meta name=\"twitter:label2\" content=\"Est. tempo de leitura\" \/>\n\t<meta name=\"twitter:data2\" content=\"3 minutos\" \/>\n<script type=\"application\/ld+json\" class=\"yoast-schema-graph\">{\"@context\":\"https:\\\/\\\/schema.org\",\"@graph\":[{\"@type\":\"Article\",\"@id\":\"https:\\\/\\\/aconteceunovale.com.br\\\/portal\\\/?p=190092#article\",\"isPartOf\":{\"@id\":\"https:\\\/\\\/aconteceunovale.com.br\\\/portal\\\/?p=190092\"},\"author\":{\"name\":\"Reda\u00e7\u00e3o Aconteceu no Vale\",\"@id\":\"https:\\\/\\\/aconteceunovale.com.br\\\/portal\\\/#\\\/schema\\\/person\\\/7d2f26d1483f8a63de73da1ee0754d35\"},\"headline\":\"Eleitor deve deixar celular com mes\u00e1rio antes de votar\",\"datePublished\":\"2022-08-26T22:55:35+00:00\",\"dateModified\":\"2022-08-27T22:56:20+00:00\",\"mainEntityOfPage\":{\"@id\":\"https:\\\/\\\/aconteceunovale.com.br\\\/portal\\\/?p=190092\"},\"wordCount\":512,\"commentCount\":0,\"image\":{\"@id\":\"https:\\\/\\\/aconteceunovale.com.br\\\/portal\\\/?p=190092#primaryimage\"},\"thumbnailUrl\":\"https:\\\/\\\/aconteceunovale.com.br\\\/portal\\\/wp-content\\\/uploads\\\/2022\\\/08\\\/cabine_votacao.jpeg\",\"keywords\":[\"Celular durante a vota\u00e7\u00e3o\",\"Celular vota\u00e7\u00e3o\",\"destaque\",\"Eleitor deve deixar celular com mes\u00e1rio antes de votar\",\"Justi\u00e7a Eleitoral\",\"O que pode no dia da vota\u00e7\u00e3o\",\"TSE\"],\"articleSection\":[\"Brasil\",\"Elei\u00e7\u00f5es 2022\"],\"inLanguage\":\"pt-BR\",\"potentialAction\":[{\"@type\":\"CommentAction\",\"name\":\"Comment\",\"target\":[\"https:\\\/\\\/aconteceunovale.com.br\\\/portal\\\/?p=190092#respond\"]}]},{\"@type\":\"WebPage\",\"@id\":\"https:\\\/\\\/aconteceunovale.com.br\\\/portal\\\/?p=190092\",\"url\":\"https:\\\/\\\/aconteceunovale.com.br\\\/portal\\\/?p=190092\",\"name\":\"Eleitor deve deixar celular com mes\u00e1rio antes de votar - Aconteceu no Vale\",\"isPartOf\":{\"@id\":\"https:\\\/\\\/aconteceunovale.com.br\\\/portal\\\/#website\"},\"primaryImageOfPage\":{\"@id\":\"https:\\\/\\\/aconteceunovale.com.br\\\/portal\\\/?p=190092#primaryimage\"},\"image\":{\"@id\":\"https:\\\/\\\/aconteceunovale.com.br\\\/portal\\\/?p=190092#primaryimage\"},\"thumbnailUrl\":\"https:\\\/\\\/aconteceunovale.com.br\\\/portal\\\/wp-content\\\/uploads\\\/2022\\\/08\\\/cabine_votacao.jpeg\",\"datePublished\":\"2022-08-26T22:55:35+00:00\",\"dateModified\":\"2022-08-27T22:56:20+00:00\",\"author\":{\"@id\":\"https:\\\/\\\/aconteceunovale.com.br\\\/portal\\\/#\\\/schema\\\/person\\\/7d2f26d1483f8a63de73da1ee0754d35\"},\"breadcrumb\":{\"@id\":\"https:\\\/\\\/aconteceunovale.com.br\\\/portal\\\/?p=190092#breadcrumb\"},\"inLanguage\":\"pt-BR\",\"potentialAction\":[{\"@type\":\"ReadAction\",\"target\":[\"https:\\\/\\\/aconteceunovale.com.br\\\/portal\\\/?p=190092\"]}]},{\"@type\":\"ImageObject\",\"inLanguage\":\"pt-BR\",\"@id\":\"https:\\\/\\\/aconteceunovale.com.br\\\/portal\\\/?p=190092#primaryimage\",\"url\":\"https:\\\/\\\/aconteceunovale.com.br\\\/portal\\\/wp-content\\\/uploads\\\/2022\\\/08\\\/cabine_votacao.jpeg\",\"contentUrl\":\"https:\\\/\\\/aconteceunovale.com.br\\\/portal\\\/wp-content\\\/uploads\\\/2022\\\/08\\\/cabine_votacao.jpeg\",\"width\":620,\"height\":300},{\"@type\":\"BreadcrumbList\",\"@id\":\"https:\\\/\\\/aconteceunovale.com.br\\\/portal\\\/?p=190092#breadcrumb\",\"itemListElement\":[{\"@type\":\"ListItem\",\"position\":1,\"name\":\"In\u00edcio\",\"item\":\"https:\\\/\\\/aconteceunovale.com.br\\\/portal\\\/\"},{\"@type\":\"ListItem\",\"position\":2,\"name\":\"Eleitor deve deixar celular com mes\u00e1rio antes de votar\"}]},{\"@type\":\"WebSite\",\"@id\":\"https:\\\/\\\/aconteceunovale.com.br\\\/portal\\\/#website\",\"url\":\"https:\\\/\\\/aconteceunovale.com.br\\\/portal\\\/\",\"name\":\"Aconteceu no Vale\",\"description\":\"Portal de Not\u00edcias\",\"potentialAction\":[{\"@type\":\"SearchAction\",\"target\":{\"@type\":\"EntryPoint\",\"urlTemplate\":\"https:\\\/\\\/aconteceunovale.com.br\\\/portal\\\/?s={search_term_string}\"},\"query-input\":{\"@type\":\"PropertyValueSpecification\",\"valueRequired\":true,\"valueName\":\"search_term_string\"}}],\"inLanguage\":\"pt-BR\"},{\"@type\":\"Person\",\"@id\":\"https:\\\/\\\/aconteceunovale.com.br\\\/portal\\\/#\\\/schema\\\/person\\\/7d2f26d1483f8a63de73da1ee0754d35\",\"name\":\"Reda\u00e7\u00e3o Aconteceu no Vale\",\"description\":\"Equipe de reportagem do Aconteceu no Vale, portal de not\u00edcias do Vale do Jequitinhonha, em Minas Gerais. Cobrimos as 51 cidades do Vale desde 2013. Sugest\u00f5es de pauta e pedidos de corre\u00e7\u00e3o: contato@aconteceunovale.com.br\",\"url\":\"https:\\\/\\\/aconteceunovale.com.br\\\/portal\\\/?author=4\"}]}<\/script>\n<!-- \/ Yoast SEO plugin. -->","yoast_head_json":{"title":"Eleitor deve deixar celular com mes\u00e1rio antes de votar - Aconteceu no Vale","robots":{"index":"index","follow":"follow","max-snippet":"max-snippet:-1","max-image-preview":"max-image-preview:large","max-video-preview":"max-video-preview:-1"},"canonical":"https:\/\/aconteceunovale.com.br\/portal\/?p=190092","og_locale":"pt_BR","og_type":"article","og_title":"Eleitor deve deixar celular com mes\u00e1rio antes de votar - Aconteceu no Vale","og_description":"Eleitoras e eleitores devem deixar o celular com os mes\u00e1rios antes de votar e o aparelho deve ser entregue junto com o documento de identifica\u00e7\u00e3o. A decis\u00e3o foi tomada pelo Plen\u00e1rio do Tribunal Superior Eleitoral (TSE) na sess\u00e3o administrativa desta quinta-feira (25\/8\/2022) ao analisar uma consulta formulada pelo partido Uni\u00e3o Brasil (Uni\u00e3o). O objetivo \u00e9 [&hellip;]","og_url":"https:\/\/aconteceunovale.com.br\/portal\/?p=190092","og_site_name":"Aconteceu no Vale","article_publisher":"https:\/\/www.facebook.com\/aconteceunovale\/","article_published_time":"2022-08-26T22:55:35+00:00","article_modified_time":"2022-08-27T22:56:20+00:00","og_image":[{"width":620,"height":300,"url":"https:\/\/aconteceunovale.com.br\/portal\/wp-content\/uploads\/2022\/08\/cabine_votacao.jpeg","type":"image\/jpeg"}],"author":"Reda\u00e7\u00e3o Aconteceu no Vale","twitter_card":"summary_large_image","twitter_creator":"@noticiadosvales","twitter_site":"@noticiadosvales","twitter_misc":{"Escrito por":"Reda\u00e7\u00e3o Aconteceu no Vale","Est. tempo de leitura":"3 minutos"},"schema":{"@context":"https:\/\/schema.org","@graph":[{"@type":"Article","@id":"https:\/\/aconteceunovale.com.br\/portal\/?p=190092#article","isPartOf":{"@id":"https:\/\/aconteceunovale.com.br\/portal\/?p=190092"},"author":{"name":"Reda\u00e7\u00e3o Aconteceu no Vale","@id":"https:\/\/aconteceunovale.com.br\/portal\/#\/schema\/person\/7d2f26d1483f8a63de73da1ee0754d35"},"headline":"Eleitor deve deixar celular com mes\u00e1rio antes de votar","datePublished":"2022-08-26T22:55:35+00:00","dateModified":"2022-08-27T22:56:20+00:00","mainEntityOfPage":{"@id":"https:\/\/aconteceunovale.com.br\/portal\/?p=190092"},"wordCount":512,"commentCount":0,"image":{"@id":"https:\/\/aconteceunovale.com.br\/portal\/?p=190092#primaryimage"},"thumbnailUrl":"https:\/\/aconteceunovale.com.br\/portal\/wp-content\/uploads\/2022\/08\/cabine_votacao.jpeg","keywords":["Celular durante a vota\u00e7\u00e3o","Celular vota\u00e7\u00e3o","destaque","Eleitor deve deixar celular com mes\u00e1rio antes de votar","Justi\u00e7a Eleitoral","O que pode no dia da vota\u00e7\u00e3o","TSE"],"articleSection":["Brasil","Elei\u00e7\u00f5es 2022"],"inLanguage":"pt-BR","potentialAction":[{"@type":"CommentAction","name":"Comment","target":["https:\/\/aconteceunovale.com.br\/portal\/?p=190092#respond"]}]},{"@type":"WebPage","@id":"https:\/\/aconteceunovale.com.br\/portal\/?p=190092","url":"https:\/\/aconteceunovale.com.br\/portal\/?p=190092","name":"Eleitor deve deixar celular com mes\u00e1rio antes de votar - Aconteceu no Vale","isPartOf":{"@id":"https:\/\/aconteceunovale.com.br\/portal\/#website"},"primaryImageOfPage":{"@id":"https:\/\/aconteceunovale.com.br\/portal\/?p=190092#primaryimage"},"image":{"@id":"https:\/\/aconteceunovale.com.br\/portal\/?p=190092#primaryimage"},"thumbnailUrl":"https:\/\/aconteceunovale.com.br\/portal\/wp-content\/uploads\/2022\/08\/cabine_votacao.jpeg","datePublished":"2022-08-26T22:55:35+00:00","dateModified":"2022-08-27T22:56:20+00:00","author":{"@id":"https:\/\/aconteceunovale.com.br\/portal\/#\/schema\/person\/7d2f26d1483f8a63de73da1ee0754d35"},"breadcrumb":{"@id":"https:\/\/aconteceunovale.com.br\/portal\/?p=190092#breadcrumb"},"inLanguage":"pt-BR","potentialAction":[{"@type":"ReadAction","target":["https:\/\/aconteceunovale.com.br\/portal\/?p=190092"]}]},{"@type":"ImageObject","inLanguage":"pt-BR","@id":"https:\/\/aconteceunovale.com.br\/portal\/?p=190092#primaryimage","url":"https:\/\/aconteceunovale.com.br\/portal\/wp-content\/uploads\/2022\/08\/cabine_votacao.jpeg","contentUrl":"https:\/\/aconteceunovale.com.br\/portal\/wp-content\/uploads\/2022\/08\/cabine_votacao.jpeg","width":620,"height":300},{"@type":"BreadcrumbList","@id":"https:\/\/aconteceunovale.com.br\/portal\/?p=190092#breadcrumb","itemListElement":[{"@type":"ListItem","position":1,"name":"In\u00edcio","item":"https:\/\/aconteceunovale.com.br\/portal\/"},{"@type":"ListItem","position":2,"name":"Eleitor deve deixar celular com mes\u00e1rio antes de votar"}]},{"@type":"WebSite","@id":"https:\/\/aconteceunovale.com.br\/portal\/#website","url":"https:\/\/aconteceunovale.com.br\/portal\/","name":"Aconteceu no Vale","description":"Portal de Not\u00edcias","potentialAction":[{"@type":"SearchAction","target":{"@type":"EntryPoint","urlTemplate":"https:\/\/aconteceunovale.com.br\/portal\/?s={search_term_string}"},"query-input":{"@type":"PropertyValueSpecification","valueRequired":true,"valueName":"search_term_string"}}],"inLanguage":"pt-BR"},{"@type":"Person","@id":"https:\/\/aconteceunovale.com.br\/portal\/#\/schema\/person\/7d2f26d1483f8a63de73da1ee0754d35","name":"Reda\u00e7\u00e3o Aconteceu no Vale","description":"Equipe de reportagem do Aconteceu no Vale, portal de not\u00edcias do Vale do Jequitinhonha, em Minas Gerais. Cobrimos as 51 cidades do Vale desde 2013. Sugest\u00f5es de pauta e pedidos de corre\u00e7\u00e3o: contato@aconteceunovale.com.br","url":"https:\/\/aconteceunovale.com.br\/portal\/?author=4"}]}},"_links":{"self":[{"href":"https:\/\/aconteceunovale.com.br\/portal\/index.php?rest_route=\/wp\/v2\/posts\/190092","targetHints":{"allow":["GET"]}}],"collection":[{"href":"https:\/\/aconteceunovale.com.br\/portal\/index.php?rest_route=\/wp\/v2\/posts"}],"about":[{"href":"https:\/\/aconteceunovale.com.br\/portal\/index.php?rest_route=\/wp\/v2\/types\/post"}],"author":[{"embeddable":true,"href":"https:\/\/aconteceunovale.com.br\/portal\/index.php?rest_route=\/wp\/v2\/users\/4"}],"replies":[{"embeddable":true,"href":"https:\/\/aconteceunovale.com.br\/portal\/index.php?rest_route=%2Fwp%2Fv2%2Fcomments&post=190092"}],"version-history":[{"count":1,"href":"https:\/\/aconteceunovale.com.br\/portal\/index.php?rest_route=\/wp\/v2\/posts\/190092\/revisions"}],"predecessor-version":[{"id":190094,"href":"https:\/\/aconteceunovale.com.br\/portal\/index.php?rest_route=\/wp\/v2\/posts\/190092\/revisions\/190094"}],"wp:featuredmedia":[{"embeddable":true,"href":"https:\/\/aconteceunovale.com.br\/portal\/index.php?rest_route=\/wp\/v2\/media\/190093"}],"wp:attachment":[{"href":"https:\/\/aconteceunovale.com.br\/portal\/index.php?rest_route=%2Fwp%2Fv2%2Fmedia&parent=190092"}],"wp:term":[{"taxonomy":"category","embeddable":true,"href":"https:\/\/aconteceunovale.com.br\/portal\/index.php?rest_route=%2Fwp%2Fv2%2Fcategories&post=190092"},{"taxonomy":"post_tag","embeddable":true,"href":"https:\/\/aconteceunovale.com.br\/portal\/index.php?rest_route=%2Fwp%2Fv2%2Ftags&post=190092"}],"curies":[{"name":"wp","href":"https:\/\/api.w.org\/{rel}","templated":true}]}}