{"id":190085,"date":"2022-08-27T19:39:36","date_gmt":"2022-08-27T22:39:36","guid":{"rendered":"https:\/\/aconteceunovale.com.br\/portal\/?p=190085"},"modified":"2022-08-27T19:40:03","modified_gmt":"2022-08-27T22:40:03","slug":"documento-que-permitia-mineradora-solicitar-licenca-ambiental-para-projeto-serro-e-anulado-a-pedido-do-ministerio-publico","status":"publish","type":"post","link":"https:\/\/aconteceunovale.com.br\/portal\/?p=190085","title":{"rendered":"Documento que permitia mineradora solicitar licen\u00e7a ambiental para projeto Serro \u00e9 anulado a pedido do Minist\u00e9rio P\u00fablico"},"content":{"rendered":"\n<p class=\"wp-block-paragraph\">O Minist\u00e9rio P\u00fablico de Minas Gerais (MPMG) obteve na Justi\u00e7a liminar anulando a declara\u00e7\u00e3o de conformidade emitida pelo munic\u00edpio de Serro, regi\u00e3o Central do Estado, em 3 de fevereiro de 2021, \u00e0 mineradora Conemp. Com esse documento, a empresa poderia buscar junto \u00e0 Secretaria de Estado de Meio Ambiente e Desenvolvimento Sustent\u00e1vel de Minas Gerais (Semad) o licenciamento ambiental para a instala\u00e7\u00e3o de um empreendimento de extra\u00e7\u00e3o mineral de grande porte na regi\u00e3o.&nbsp;&nbsp;<\/p>\n\n\n\n<p class=\"wp-block-paragraph\">De acordo com o MPMG, a declara\u00e7\u00e3o de conformidade do<em>&nbsp;Projeto Serro&nbsp;<\/em>da mineradora \u00e9 incompat\u00edvel com a Constitui\u00e7\u00e3o Federal, a legisla\u00e7\u00e3o ambiental e o pr\u00f3prio Plano Diretor do munic\u00edpio. Al\u00e9m disso, a Promotoria de Justi\u00e7a do Serro afirma que a empresa n\u00e3o apresentou, no \u00e2mbito municipal, o Estudo de Impacto Ambiental (EIA) e o Relat\u00f3rio de Impacto Ambiental (Rima) do empreendimento, o que tornaria imposs\u00edvel saber qual \u00e1rea seria afetada pelo projeto miner\u00e1rio.&nbsp;<\/p>\n\n\n\n<p class=\"wp-block-paragraph\">Em outra liminar, o MPMG conseguiu cancelar a audi\u00eancia p\u00fablica que seria realizada em 24 de agosto no munic\u00edpio para discutir o estudo e o relat\u00f3rio de impacto ambiental do empreendimento. Na ACP, os promotores de Justi\u00e7a do caso afirmam que, entre outras coisas, a comunidade quilombola de Queimadas, localizada a cerca de 8km do poss\u00edvel local da atividade extrativa, n\u00e3o foi ouvida e cientificada dos riscos ambientais do empreendimento. Essa seria uma obriga\u00e7\u00e3o legal antes de prosseguir com o projeto miner\u00e1rio.<\/p>\n\n\n\n<p class=\"wp-block-paragraph\">&#8212;&#8212;&#8212;&#8212;&#8212;&#8212;<br><br><strong>Sabia que o Aconteceu no Vale est\u00e1 tamb\u00e9m no Telegram? <a rel=\"noreferrer noopener\" href=\"https:\/\/t.me\/aconteceunovaleoficial\" target=\"_blank\">Inscreva-se no canal<\/a>.<\/strong><br><br><strong>J\u00e1 curtiu ou seguiu nossas p\u00e1ginas nas redes sociais?\u00a0Receba as not\u00edcias em primeira m\u00e3o:<\/strong><br>\u2022 <a rel=\"noreferrer noopener\" href=\"https:\/\/news.google.com\/publications\/CAAqBwgKMNjklQswi4etAw?hl=pt-BR&amp;gl=BR&amp;ceid=BR%3Apt-419\" target=\"_blank\">Google News<\/a><br>\u2022 <a rel=\"noreferrer noopener\" href=\"https:\/\/www.facebook.com\/aconteceunovale\/\" target=\"_blank\">Facebook<\/a><br>\u2022 <a rel=\"noreferrer noopener\" href=\"https:\/\/twitter.com\/noticiadosvales\" target=\"_blank\">Twitter<\/a><br>\u2022 <a rel=\"noreferrer noopener\" href=\"https:\/\/www.instagram.com\/aconteceunovale\" target=\"_blank\">Instagram<\/a><br>\u2022 <a rel=\"noreferrer noopener\" href=\"https:\/\/www.youtube.com\/AconteceunoValeOficial\" target=\"_blank\">Youtube<\/a><br>\u2022 <a rel=\"noreferrer noopener\" href=\"https:\/\/www.tiktok.com\/@aconteceunovale\" target=\"_blank\">TikTok<\/a><\/p>\n","protected":false},"excerpt":{"rendered":"<p>O Minist\u00e9rio P\u00fablico de Minas Gerais (MPMG) obteve na Justi\u00e7a liminar anulando a declara\u00e7\u00e3o de conformidade emitida pelo munic\u00edpio de Serro, regi\u00e3o Central do Estado, em 3 de fevereiro de 2021, \u00e0 mineradora Conemp. Com esse documento, a empresa poderia buscar junto \u00e0 Secretaria de Estado de Meio Ambiente e Desenvolvimento Sustent\u00e1vel de Minas Gerais [&hellip;]<\/p>\n","protected":false},"author":4,"featured_media":166198,"comment_status":"open","ping_status":"closed","sticky":false,"template":"","format":"standard","meta":{"amp_status":"","footnotes":""},"categories":[123],"tags":[262730,1018,262725,262728,262729,262727,19674,19675,262726,24666,154],"class_list":["post-190085","post","type-post","status-publish","format-standard","has-post-thumbnail","hentry","category-gerais","tag-comunidade-quilombola-de-queimadas","tag-destaque","tag-documento-que-permitia-mineradora-solicitar-licenca-ambiental-para-projeto-serro-e-anulado-a-pedido-do-ministerio-publico","tag-exploracao-mineral-em-serro","tag-licenciamento-ambiental-para-mineradora-em-serro","tag-mineradora-conemp","tag-ministerio-publico-de-minas-gerais","tag-mpmg","tag-projeto-serro","tag-semad","tag-serro"],"yoast_head":"<!-- This site is optimized with the Yoast SEO plugin v28.3 - https:\/\/yoast.com\/product\/yoast-seo-wordpress\/ -->\n<title>Documento que permitia mineradora solicitar licen\u00e7a ambiental para projeto Serro \u00e9 anulado a pedido do Minist\u00e9rio P\u00fablico - Aconteceu no Vale<\/title>\n<meta name=\"robots\" content=\"index, follow, max-snippet:-1, max-image-preview:large, max-video-preview:-1\" \/>\n<link rel=\"canonical\" href=\"https:\/\/aconteceunovale.com.br\/portal\/?p=190085\" \/>\n<meta property=\"og:locale\" content=\"pt_BR\" \/>\n<meta property=\"og:type\" content=\"article\" \/>\n<meta property=\"og:title\" content=\"Documento que permitia mineradora solicitar licen\u00e7a ambiental para projeto Serro \u00e9 anulado a pedido do Minist\u00e9rio P\u00fablico - Aconteceu no Vale\" \/>\n<meta property=\"og:description\" content=\"O Minist\u00e9rio P\u00fablico de Minas Gerais (MPMG) obteve na Justi\u00e7a liminar anulando a declara\u00e7\u00e3o de conformidade emitida pelo munic\u00edpio de Serro, regi\u00e3o Central do Estado, em 3 de fevereiro de 2021, \u00e0 mineradora Conemp. Com esse documento, a empresa poderia buscar junto \u00e0 Secretaria de Estado de Meio Ambiente e Desenvolvimento Sustent\u00e1vel de Minas Gerais [&hellip;]\" \/>\n<meta property=\"og:url\" content=\"https:\/\/aconteceunovale.com.br\/portal\/?p=190085\" \/>\n<meta property=\"og:site_name\" content=\"Aconteceu no Vale\" \/>\n<meta property=\"article:publisher\" content=\"https:\/\/www.facebook.com\/aconteceunovale\/\" \/>\n<meta property=\"article:published_time\" content=\"2022-08-27T22:39:36+00:00\" \/>\n<meta property=\"article:modified_time\" content=\"2022-08-27T22:40:03+00:00\" \/>\n<meta property=\"og:image\" content=\"https:\/\/aconteceunovale.com.br\/portal\/wp-content\/uploads\/2020\/07\/serro_mg-1.jpg\" \/>\n\t<meta property=\"og:image:width\" content=\"678\" \/>\n\t<meta property=\"og:image:height\" content=\"396\" \/>\n\t<meta property=\"og:image:type\" content=\"image\/jpeg\" \/>\n<meta name=\"author\" content=\"Reda\u00e7\u00e3o Aconteceu no Vale\" \/>\n<meta name=\"twitter:card\" content=\"summary_large_image\" \/>\n<meta name=\"twitter:creator\" content=\"@noticiadosvales\" \/>\n<meta name=\"twitter:site\" content=\"@noticiadosvales\" \/>\n<meta name=\"twitter:label1\" content=\"Escrito por\" \/>\n\t<meta name=\"twitter:data1\" content=\"Reda\u00e7\u00e3o Aconteceu no Vale\" \/>\n\t<meta name=\"twitter:label2\" content=\"Est. tempo de leitura\" \/>\n\t<meta name=\"twitter:data2\" content=\"1 minuto\" \/>\n<script type=\"application\/ld+json\" class=\"yoast-schema-graph\">{\"@context\":\"https:\\\/\\\/schema.org\",\"@graph\":[{\"@type\":\"Article\",\"@id\":\"https:\\\/\\\/aconteceunovale.com.br\\\/portal\\\/?p=190085#article\",\"isPartOf\":{\"@id\":\"https:\\\/\\\/aconteceunovale.com.br\\\/portal\\\/?p=190085\"},\"author\":{\"name\":\"Reda\u00e7\u00e3o Aconteceu no Vale\",\"@id\":\"https:\\\/\\\/aconteceunovale.com.br\\\/portal\\\/#\\\/schema\\\/person\\\/7d2f26d1483f8a63de73da1ee0754d35\"},\"headline\":\"Documento que permitia mineradora solicitar licen\u00e7a ambiental para projeto Serro \u00e9 anulado a pedido do Minist\u00e9rio P\u00fablico\",\"datePublished\":\"2022-08-27T22:39:36+00:00\",\"dateModified\":\"2022-08-27T22:40:03+00:00\",\"mainEntityOfPage\":{\"@id\":\"https:\\\/\\\/aconteceunovale.com.br\\\/portal\\\/?p=190085\"},\"wordCount\":318,\"commentCount\":0,\"image\":{\"@id\":\"https:\\\/\\\/aconteceunovale.com.br\\\/portal\\\/?p=190085#primaryimage\"},\"thumbnailUrl\":\"https:\\\/\\\/aconteceunovale.com.br\\\/portal\\\/wp-content\\\/uploads\\\/2020\\\/07\\\/serro_mg-1.jpg\",\"keywords\":[\"Comunidade Quilombola de Queimadas\",\"destaque\",\"Documento que permitia mineradora solicitar licen\u00e7a ambiental para projeto Serro \u00e9 anulado a pedido do Minist\u00e9rio P\u00fablico\",\"Explora\u00e7\u00e3o mineral em Serro\",\"Licenciamento ambiental para mineradora em Serro\",\"Mineradora Conemp\",\"Minist\u00e9rio P\u00fablico de Minas Gerais\",\"MPMG\",\"Projeto Serro\",\"Semad\",\"Serro\"],\"articleSection\":[\"Minas Gerais\"],\"inLanguage\":\"pt-BR\",\"potentialAction\":[{\"@type\":\"CommentAction\",\"name\":\"Comment\",\"target\":[\"https:\\\/\\\/aconteceunovale.com.br\\\/portal\\\/?p=190085#respond\"]}]},{\"@type\":\"WebPage\",\"@id\":\"https:\\\/\\\/aconteceunovale.com.br\\\/portal\\\/?p=190085\",\"url\":\"https:\\\/\\\/aconteceunovale.com.br\\\/portal\\\/?p=190085\",\"name\":\"Documento que permitia mineradora solicitar licen\u00e7a ambiental para projeto Serro \u00e9 anulado a pedido do Minist\u00e9rio P\u00fablico - Aconteceu no Vale\",\"isPartOf\":{\"@id\":\"https:\\\/\\\/aconteceunovale.com.br\\\/portal\\\/#website\"},\"primaryImageOfPage\":{\"@id\":\"https:\\\/\\\/aconteceunovale.com.br\\\/portal\\\/?p=190085#primaryimage\"},\"image\":{\"@id\":\"https:\\\/\\\/aconteceunovale.com.br\\\/portal\\\/?p=190085#primaryimage\"},\"thumbnailUrl\":\"https:\\\/\\\/aconteceunovale.com.br\\\/portal\\\/wp-content\\\/uploads\\\/2020\\\/07\\\/serro_mg-1.jpg\",\"datePublished\":\"2022-08-27T22:39:36+00:00\",\"dateModified\":\"2022-08-27T22:40:03+00:00\",\"author\":{\"@id\":\"https:\\\/\\\/aconteceunovale.com.br\\\/portal\\\/#\\\/schema\\\/person\\\/7d2f26d1483f8a63de73da1ee0754d35\"},\"breadcrumb\":{\"@id\":\"https:\\\/\\\/aconteceunovale.com.br\\\/portal\\\/?p=190085#breadcrumb\"},\"inLanguage\":\"pt-BR\",\"potentialAction\":[{\"@type\":\"ReadAction\",\"target\":[\"https:\\\/\\\/aconteceunovale.com.br\\\/portal\\\/?p=190085\"]}]},{\"@type\":\"ImageObject\",\"inLanguage\":\"pt-BR\",\"@id\":\"https:\\\/\\\/aconteceunovale.com.br\\\/portal\\\/?p=190085#primaryimage\",\"url\":\"https:\\\/\\\/aconteceunovale.com.br\\\/portal\\\/wp-content\\\/uploads\\\/2020\\\/07\\\/serro_mg-1.jpg\",\"contentUrl\":\"https:\\\/\\\/aconteceunovale.com.br\\\/portal\\\/wp-content\\\/uploads\\\/2020\\\/07\\\/serro_mg-1.jpg\",\"width\":678,\"height\":396},{\"@type\":\"BreadcrumbList\",\"@id\":\"https:\\\/\\\/aconteceunovale.com.br\\\/portal\\\/?p=190085#breadcrumb\",\"itemListElement\":[{\"@type\":\"ListItem\",\"position\":1,\"name\":\"In\u00edcio\",\"item\":\"https:\\\/\\\/aconteceunovale.com.br\\\/portal\\\/\"},{\"@type\":\"ListItem\",\"position\":2,\"name\":\"Documento que permitia mineradora solicitar licen\u00e7a ambiental para projeto Serro \u00e9 anulado a pedido do Minist\u00e9rio P\u00fablico\"}]},{\"@type\":\"WebSite\",\"@id\":\"https:\\\/\\\/aconteceunovale.com.br\\\/portal\\\/#website\",\"url\":\"https:\\\/\\\/aconteceunovale.com.br\\\/portal\\\/\",\"name\":\"Aconteceu no Vale\",\"description\":\"Portal de Not\u00edcias\",\"potentialAction\":[{\"@type\":\"SearchAction\",\"target\":{\"@type\":\"EntryPoint\",\"urlTemplate\":\"https:\\\/\\\/aconteceunovale.com.br\\\/portal\\\/?s={search_term_string}\"},\"query-input\":{\"@type\":\"PropertyValueSpecification\",\"valueRequired\":true,\"valueName\":\"search_term_string\"}}],\"inLanguage\":\"pt-BR\"},{\"@type\":\"Person\",\"@id\":\"https:\\\/\\\/aconteceunovale.com.br\\\/portal\\\/#\\\/schema\\\/person\\\/7d2f26d1483f8a63de73da1ee0754d35\",\"name\":\"Reda\u00e7\u00e3o Aconteceu no Vale\",\"description\":\"Equipe de reportagem do Aconteceu no Vale, portal de not\u00edcias do Vale do Jequitinhonha, em Minas Gerais. Cobrimos as 51 cidades do Vale desde 2013. Sugest\u00f5es de pauta e pedidos de corre\u00e7\u00e3o: contato@aconteceunovale.com.br\",\"url\":\"https:\\\/\\\/aconteceunovale.com.br\\\/portal\\\/?author=4\"}]}<\/script>\n<!-- \/ Yoast SEO plugin. -->","yoast_head_json":{"title":"Documento que permitia mineradora solicitar licen\u00e7a ambiental para projeto Serro \u00e9 anulado a pedido do Minist\u00e9rio P\u00fablico - Aconteceu no Vale","robots":{"index":"index","follow":"follow","max-snippet":"max-snippet:-1","max-image-preview":"max-image-preview:large","max-video-preview":"max-video-preview:-1"},"canonical":"https:\/\/aconteceunovale.com.br\/portal\/?p=190085","og_locale":"pt_BR","og_type":"article","og_title":"Documento que permitia mineradora solicitar licen\u00e7a ambiental para projeto Serro \u00e9 anulado a pedido do Minist\u00e9rio P\u00fablico - Aconteceu no Vale","og_description":"O Minist\u00e9rio P\u00fablico de Minas Gerais (MPMG) obteve na Justi\u00e7a liminar anulando a declara\u00e7\u00e3o de conformidade emitida pelo munic\u00edpio de Serro, regi\u00e3o Central do Estado, em 3 de fevereiro de 2021, \u00e0 mineradora Conemp. Com esse documento, a empresa poderia buscar junto \u00e0 Secretaria de Estado de Meio Ambiente e Desenvolvimento Sustent\u00e1vel de Minas Gerais [&hellip;]","og_url":"https:\/\/aconteceunovale.com.br\/portal\/?p=190085","og_site_name":"Aconteceu no Vale","article_publisher":"https:\/\/www.facebook.com\/aconteceunovale\/","article_published_time":"2022-08-27T22:39:36+00:00","article_modified_time":"2022-08-27T22:40:03+00:00","og_image":[{"width":678,"height":396,"url":"https:\/\/aconteceunovale.com.br\/portal\/wp-content\/uploads\/2020\/07\/serro_mg-1.jpg","type":"image\/jpeg"}],"author":"Reda\u00e7\u00e3o Aconteceu no Vale","twitter_card":"summary_large_image","twitter_creator":"@noticiadosvales","twitter_site":"@noticiadosvales","twitter_misc":{"Escrito por":"Reda\u00e7\u00e3o Aconteceu no Vale","Est. tempo de leitura":"1 minuto"},"schema":{"@context":"https:\/\/schema.org","@graph":[{"@type":"Article","@id":"https:\/\/aconteceunovale.com.br\/portal\/?p=190085#article","isPartOf":{"@id":"https:\/\/aconteceunovale.com.br\/portal\/?p=190085"},"author":{"name":"Reda\u00e7\u00e3o Aconteceu no Vale","@id":"https:\/\/aconteceunovale.com.br\/portal\/#\/schema\/person\/7d2f26d1483f8a63de73da1ee0754d35"},"headline":"Documento que permitia mineradora solicitar licen\u00e7a ambiental para projeto Serro \u00e9 anulado a pedido do Minist\u00e9rio P\u00fablico","datePublished":"2022-08-27T22:39:36+00:00","dateModified":"2022-08-27T22:40:03+00:00","mainEntityOfPage":{"@id":"https:\/\/aconteceunovale.com.br\/portal\/?p=190085"},"wordCount":318,"commentCount":0,"image":{"@id":"https:\/\/aconteceunovale.com.br\/portal\/?p=190085#primaryimage"},"thumbnailUrl":"https:\/\/aconteceunovale.com.br\/portal\/wp-content\/uploads\/2020\/07\/serro_mg-1.jpg","keywords":["Comunidade Quilombola de Queimadas","destaque","Documento que permitia mineradora solicitar licen\u00e7a ambiental para projeto Serro \u00e9 anulado a pedido do Minist\u00e9rio P\u00fablico","Explora\u00e7\u00e3o mineral em Serro","Licenciamento ambiental para mineradora em Serro","Mineradora Conemp","Minist\u00e9rio P\u00fablico de Minas Gerais","MPMG","Projeto Serro","Semad","Serro"],"articleSection":["Minas Gerais"],"inLanguage":"pt-BR","potentialAction":[{"@type":"CommentAction","name":"Comment","target":["https:\/\/aconteceunovale.com.br\/portal\/?p=190085#respond"]}]},{"@type":"WebPage","@id":"https:\/\/aconteceunovale.com.br\/portal\/?p=190085","url":"https:\/\/aconteceunovale.com.br\/portal\/?p=190085","name":"Documento que permitia mineradora solicitar licen\u00e7a ambiental para projeto Serro \u00e9 anulado a pedido do Minist\u00e9rio P\u00fablico - Aconteceu no Vale","isPartOf":{"@id":"https:\/\/aconteceunovale.com.br\/portal\/#website"},"primaryImageOfPage":{"@id":"https:\/\/aconteceunovale.com.br\/portal\/?p=190085#primaryimage"},"image":{"@id":"https:\/\/aconteceunovale.com.br\/portal\/?p=190085#primaryimage"},"thumbnailUrl":"https:\/\/aconteceunovale.com.br\/portal\/wp-content\/uploads\/2020\/07\/serro_mg-1.jpg","datePublished":"2022-08-27T22:39:36+00:00","dateModified":"2022-08-27T22:40:03+00:00","author":{"@id":"https:\/\/aconteceunovale.com.br\/portal\/#\/schema\/person\/7d2f26d1483f8a63de73da1ee0754d35"},"breadcrumb":{"@id":"https:\/\/aconteceunovale.com.br\/portal\/?p=190085#breadcrumb"},"inLanguage":"pt-BR","potentialAction":[{"@type":"ReadAction","target":["https:\/\/aconteceunovale.com.br\/portal\/?p=190085"]}]},{"@type":"ImageObject","inLanguage":"pt-BR","@id":"https:\/\/aconteceunovale.com.br\/portal\/?p=190085#primaryimage","url":"https:\/\/aconteceunovale.com.br\/portal\/wp-content\/uploads\/2020\/07\/serro_mg-1.jpg","contentUrl":"https:\/\/aconteceunovale.com.br\/portal\/wp-content\/uploads\/2020\/07\/serro_mg-1.jpg","width":678,"height":396},{"@type":"BreadcrumbList","@id":"https:\/\/aconteceunovale.com.br\/portal\/?p=190085#breadcrumb","itemListElement":[{"@type":"ListItem","position":1,"name":"In\u00edcio","item":"https:\/\/aconteceunovale.com.br\/portal\/"},{"@type":"ListItem","position":2,"name":"Documento que permitia mineradora solicitar licen\u00e7a ambiental para projeto Serro \u00e9 anulado a pedido do Minist\u00e9rio P\u00fablico"}]},{"@type":"WebSite","@id":"https:\/\/aconteceunovale.com.br\/portal\/#website","url":"https:\/\/aconteceunovale.com.br\/portal\/","name":"Aconteceu no Vale","description":"Portal de Not\u00edcias","potentialAction":[{"@type":"SearchAction","target":{"@type":"EntryPoint","urlTemplate":"https:\/\/aconteceunovale.com.br\/portal\/?s={search_term_string}"},"query-input":{"@type":"PropertyValueSpecification","valueRequired":true,"valueName":"search_term_string"}}],"inLanguage":"pt-BR"},{"@type":"Person","@id":"https:\/\/aconteceunovale.com.br\/portal\/#\/schema\/person\/7d2f26d1483f8a63de73da1ee0754d35","name":"Reda\u00e7\u00e3o Aconteceu no Vale","description":"Equipe de reportagem do Aconteceu no Vale, portal de not\u00edcias do Vale do Jequitinhonha, em Minas Gerais. Cobrimos as 51 cidades do Vale desde 2013. Sugest\u00f5es de pauta e pedidos de corre\u00e7\u00e3o: contato@aconteceunovale.com.br","url":"https:\/\/aconteceunovale.com.br\/portal\/?author=4"}]}},"_links":{"self":[{"href":"https:\/\/aconteceunovale.com.br\/portal\/index.php?rest_route=\/wp\/v2\/posts\/190085","targetHints":{"allow":["GET"]}}],"collection":[{"href":"https:\/\/aconteceunovale.com.br\/portal\/index.php?rest_route=\/wp\/v2\/posts"}],"about":[{"href":"https:\/\/aconteceunovale.com.br\/portal\/index.php?rest_route=\/wp\/v2\/types\/post"}],"author":[{"embeddable":true,"href":"https:\/\/aconteceunovale.com.br\/portal\/index.php?rest_route=\/wp\/v2\/users\/4"}],"replies":[{"embeddable":true,"href":"https:\/\/aconteceunovale.com.br\/portal\/index.php?rest_route=%2Fwp%2Fv2%2Fcomments&post=190085"}],"version-history":[{"count":1,"href":"https:\/\/aconteceunovale.com.br\/portal\/index.php?rest_route=\/wp\/v2\/posts\/190085\/revisions"}],"predecessor-version":[{"id":190086,"href":"https:\/\/aconteceunovale.com.br\/portal\/index.php?rest_route=\/wp\/v2\/posts\/190085\/revisions\/190086"}],"wp:featuredmedia":[{"embeddable":true,"href":"https:\/\/aconteceunovale.com.br\/portal\/index.php?rest_route=\/wp\/v2\/media\/166198"}],"wp:attachment":[{"href":"https:\/\/aconteceunovale.com.br\/portal\/index.php?rest_route=%2Fwp%2Fv2%2Fmedia&parent=190085"}],"wp:term":[{"taxonomy":"category","embeddable":true,"href":"https:\/\/aconteceunovale.com.br\/portal\/index.php?rest_route=%2Fwp%2Fv2%2Fcategories&post=190085"},{"taxonomy":"post_tag","embeddable":true,"href":"https:\/\/aconteceunovale.com.br\/portal\/index.php?rest_route=%2Fwp%2Fv2%2Ftags&post=190085"}],"curies":[{"name":"wp","href":"https:\/\/api.w.org\/{rel}","templated":true}]}}