{"id":190076,"date":"2022-08-27T11:27:08","date_gmt":"2022-08-27T14:27:08","guid":{"rendered":"https:\/\/aconteceunovale.com.br\/portal\/?p=190076"},"modified":"2022-08-27T11:27:18","modified_gmt":"2022-08-27T14:27:18","slug":"34o-semana-da-cultura-de-sao-joao-evangelista","status":"publish","type":"post","link":"https:\/\/aconteceunovale.com.br\/portal\/?p=190076","title":{"rendered":"34\u00ba Semana da Cultura de S\u00e3o Jo\u00e3o Evangelista"},"content":{"rendered":"\n<p class=\"wp-block-paragraph\">De 6 a 11 de setembro de 2022 &#8211; entrada gratuita<\/p>\n\n\n\n<p class=\"wp-block-paragraph\"><strong>6\/9 (ter\u00e7a-feira) &#8211; na rua da prefeitura:<\/strong><\/p>\n\n\n\n<ul class=\"wp-block-list\"><li>Grupo Karicias<\/li><li>Carlos Costa e Adair<\/li><li>Her\u00e9dia do Forr\u00f3<\/li><\/ul>\n\n\n\n<p class=\"wp-block-paragraph\"><strong>7\/9 (quarta-feira) &#8211; na rua da prefeitura:<\/strong><\/p>\n\n\n\n<ul class=\"wp-block-list\"><li>Luan Souto<\/li><li>Os Levados<\/li><li>Philipe Corcino<\/li><\/ul>\n\n\n\n<p class=\"wp-block-paragraph\"><strong>8\/9 (quinta-feira) &#8211; no parque de exposi\u00e7\u00f5es:<\/strong><\/p>\n\n\n\n<ul class=\"wp-block-list\"><li>Henrique &amp; Marc\u00edlio<\/li><li>Sor\u00f3 Silva<\/li><\/ul>\n\n\n\n<p class=\"wp-block-paragraph\"><strong>9\/9 (sexta-feira) &#8211; no parque de exposi\u00e7\u00f5es:<\/strong><\/p>\n\n\n\n<ul class=\"wp-block-list\"><li>Moreno e Banda<\/li><li>Thiago Brava<\/li><\/ul>\n\n\n\n<p class=\"wp-block-paragraph\"><strong>10\/9 (s\u00e1bado) &#8211; no parque de exposi\u00e7\u00f5es:<\/strong><\/p>\n\n\n\n<ul class=\"wp-block-list\"><li>Elvis Boiadeiro<\/li><li>Jo\u00e3o Neto &amp; Frederico<\/li><\/ul>\n\n\n\n<figure class=\"wp-block-gallery has-nested-images columns-2 is-cropped wp-block-gallery-1 is-layout-flex wp-block-gallery-is-layout-flex\">\n<figure class=\"wp-block-image size-large\"><img loading=\"lazy\" decoding=\"async\" width=\"360\" height=\"450\" data-id=\"190081\" src=\"https:\/\/aconteceunovale.com.br\/portal\/wp-content\/uploads\/2022\/08\/semana_cultura_sje_1.jpg\" alt=\"\" class=\"wp-image-190081\" srcset=\"https:\/\/aconteceunovale.com.br\/portal\/wp-content\/uploads\/2022\/08\/semana_cultura_sje_1.jpg 360w, https:\/\/aconteceunovale.com.br\/portal\/wp-content\/uploads\/2022\/08\/semana_cultura_sje_1-240x300.jpg 240w, https:\/\/aconteceunovale.com.br\/portal\/wp-content\/uploads\/2022\/08\/semana_cultura_sje_1-336x420.jpg 336w\" sizes=\"auto, (max-width: 360px) 100vw, 360px\" \/><\/figure>\n\n\n\n<figure class=\"wp-block-image size-large\"><img loading=\"lazy\" decoding=\"async\" width=\"360\" height=\"450\" data-id=\"190079\" src=\"https:\/\/aconteceunovale.com.br\/portal\/wp-content\/uploads\/2022\/08\/semana_cultura_sje_4.jpg\" alt=\"\" class=\"wp-image-190079\" srcset=\"https:\/\/aconteceunovale.com.br\/portal\/wp-content\/uploads\/2022\/08\/semana_cultura_sje_4.jpg 360w, https:\/\/aconteceunovale.com.br\/portal\/wp-content\/uploads\/2022\/08\/semana_cultura_sje_4-240x300.jpg 240w, https:\/\/aconteceunovale.com.br\/portal\/wp-content\/uploads\/2022\/08\/semana_cultura_sje_4-336x420.jpg 336w\" sizes=\"auto, (max-width: 360px) 100vw, 360px\" \/><\/figure>\n\n\n\n<figure class=\"wp-block-image size-large\"><img loading=\"lazy\" decoding=\"async\" width=\"360\" height=\"450\" data-id=\"190082\" src=\"https:\/\/aconteceunovale.com.br\/portal\/wp-content\/uploads\/2022\/08\/semana_cultura_sje_2.jpg\" alt=\"\" class=\"wp-image-190082\" srcset=\"https:\/\/aconteceunovale.com.br\/portal\/wp-content\/uploads\/2022\/08\/semana_cultura_sje_2.jpg 360w, https:\/\/aconteceunovale.com.br\/portal\/wp-content\/uploads\/2022\/08\/semana_cultura_sje_2-240x300.jpg 240w, https:\/\/aconteceunovale.com.br\/portal\/wp-content\/uploads\/2022\/08\/semana_cultura_sje_2-336x420.jpg 336w\" sizes=\"auto, (max-width: 360px) 100vw, 360px\" \/><\/figure>\n\n\n\n<figure class=\"wp-block-image size-large\"><img loading=\"lazy\" decoding=\"async\" width=\"360\" height=\"450\" data-id=\"190080\" src=\"https:\/\/aconteceunovale.com.br\/portal\/wp-content\/uploads\/2022\/08\/semana_cultura_sje_5.jpg\" alt=\"\" class=\"wp-image-190080\" srcset=\"https:\/\/aconteceunovale.com.br\/portal\/wp-content\/uploads\/2022\/08\/semana_cultura_sje_5.jpg 360w, https:\/\/aconteceunovale.com.br\/portal\/wp-content\/uploads\/2022\/08\/semana_cultura_sje_5-240x300.jpg 240w, https:\/\/aconteceunovale.com.br\/portal\/wp-content\/uploads\/2022\/08\/semana_cultura_sje_5-336x420.jpg 336w\" sizes=\"auto, (max-width: 360px) 100vw, 360px\" \/><\/figure>\n\n\n\n<figure class=\"wp-block-image size-large\"><img loading=\"lazy\" decoding=\"async\" width=\"360\" height=\"450\" data-id=\"190077\" src=\"https:\/\/aconteceunovale.com.br\/portal\/wp-content\/uploads\/2022\/08\/semana_cultura_sje_6.jpg\" alt=\"\" class=\"wp-image-190077\" srcset=\"https:\/\/aconteceunovale.com.br\/portal\/wp-content\/uploads\/2022\/08\/semana_cultura_sje_6.jpg 360w, https:\/\/aconteceunovale.com.br\/portal\/wp-content\/uploads\/2022\/08\/semana_cultura_sje_6-240x300.jpg 240w, https:\/\/aconteceunovale.com.br\/portal\/wp-content\/uploads\/2022\/08\/semana_cultura_sje_6-336x420.jpg 336w\" sizes=\"auto, (max-width: 360px) 100vw, 360px\" \/><\/figure>\n\n\n\n<figure class=\"wp-block-image size-large\"><img loading=\"lazy\" decoding=\"async\" width=\"360\" height=\"450\" data-id=\"190078\" src=\"https:\/\/aconteceunovale.com.br\/portal\/wp-content\/uploads\/2022\/08\/semana_cultura_sje_3.jpg\" alt=\"\" class=\"wp-image-190078\" srcset=\"https:\/\/aconteceunovale.com.br\/portal\/wp-content\/uploads\/2022\/08\/semana_cultura_sje_3.jpg 360w, https:\/\/aconteceunovale.com.br\/portal\/wp-content\/uploads\/2022\/08\/semana_cultura_sje_3-240x300.jpg 240w, https:\/\/aconteceunovale.com.br\/portal\/wp-content\/uploads\/2022\/08\/semana_cultura_sje_3-336x420.jpg 336w\" sizes=\"auto, (max-width: 360px) 100vw, 360px\" \/><\/figure>\n<\/figure>\n\n\n\n<p class=\"wp-block-paragraph\"><strong>Realiza\u00e7\u00e3o: <\/strong><a href=\"https:\/\/www.facebook.com\/prefeituradesje\" target=\"_blank\" rel=\"noreferrer noopener\">Prefeitura Municipal de S\u00e3o Jo\u00e3o Evangelista<\/a><\/p>\n","protected":false},"excerpt":{"rendered":"<p>De 6 a 11 de setembro de 2022 &#8211; entrada gratuita 6\/9 (ter\u00e7a-feira) &#8211; na rua da prefeitura: Grupo Karicias Carlos Costa e Adair Her\u00e9dia do Forr\u00f3 7\/9 (quarta-feira) &#8211; na rua da prefeitura: Luan Souto Os Levados Philipe Corcino 8\/9 (quinta-feira) &#8211; no parque de exposi\u00e7\u00f5es: Henrique &amp; Marc\u00edlio Sor\u00f3 Silva 9\/9 (sexta-feira) &#8211; [&hellip;]<\/p>\n","protected":false},"author":4,"featured_media":190083,"comment_status":"open","ping_status":"closed","sticky":false,"template":"","format":"standard","meta":{"amp_status":"","footnotes":""},"categories":[125,121],"tags":[262719,14620,1018,262720,262724,121335,162,14618,262721,262722,262723],"class_list":["post-190076","post","type-post","status-publish","format-standard","has-post-thumbnail","hentry","category-noticias","category-leste","tag-34o-semana-da-cultura-de-sao-joao-evangelista","tag-agenda-da-semana-da-cultura-de-sao-joao-evangelista","tag-destaque","tag-festa-de-sao-joao-evangelista","tag-joao-neto-e-frederico-em-sao-joao-evangelista","tag-prefeitura-de-sao-joao-evangelista","tag-sao-joao-evangelista","tag-semana-da-cultura-de-sao-joao-evangelista","tag-shows-em-sao-joao-evangelista","tag-soro-silva-em-sao-joao-evangelista","tag-thiago-brava-em-sao-joao-evangelista"],"yoast_head":"<!-- This site is optimized with the Yoast SEO plugin v28.3 - https:\/\/yoast.com\/product\/yoast-seo-wordpress\/ -->\n<title>34\u00ba Semana da Cultura de S\u00e3o Jo\u00e3o Evangelista - Aconteceu no Vale<\/title>\n<meta name=\"robots\" content=\"index, follow, max-snippet:-1, max-image-preview:large, max-video-preview:-1\" \/>\n<link rel=\"canonical\" href=\"https:\/\/aconteceunovale.com.br\/portal\/?p=190076\" \/>\n<meta property=\"og:locale\" content=\"pt_BR\" \/>\n<meta property=\"og:type\" content=\"article\" \/>\n<meta property=\"og:title\" content=\"34\u00ba Semana da Cultura de S\u00e3o Jo\u00e3o Evangelista - Aconteceu no Vale\" \/>\n<meta property=\"og:description\" content=\"De 6 a 11 de setembro de 2022 &#8211; entrada gratuita 6\/9 (ter\u00e7a-feira) &#8211; na rua da prefeitura: Grupo Karicias Carlos Costa e Adair Her\u00e9dia do Forr\u00f3 7\/9 (quarta-feira) &#8211; na rua da prefeitura: Luan Souto Os Levados Philipe Corcino 8\/9 (quinta-feira) &#8211; no parque de exposi\u00e7\u00f5es: Henrique &amp; Marc\u00edlio Sor\u00f3 Silva 9\/9 (sexta-feira) &#8211; [&hellip;]\" \/>\n<meta property=\"og:url\" content=\"https:\/\/aconteceunovale.com.br\/portal\/?p=190076\" \/>\n<meta property=\"og:site_name\" content=\"Aconteceu no Vale\" \/>\n<meta property=\"article:publisher\" content=\"https:\/\/www.facebook.com\/aconteceunovale\/\" \/>\n<meta property=\"article:published_time\" content=\"2022-08-27T14:27:08+00:00\" \/>\n<meta property=\"article:modified_time\" content=\"2022-08-27T14:27:18+00:00\" \/>\n<meta property=\"og:image\" content=\"https:\/\/aconteceunovale.com.br\/portal\/wp-content\/uploads\/2022\/08\/semana_cultura_sje_7.png\" \/>\n\t<meta property=\"og:image:width\" content=\"678\" \/>\n\t<meta property=\"og:image:height\" content=\"368\" \/>\n\t<meta property=\"og:image:type\" content=\"image\/png\" \/>\n<meta name=\"author\" content=\"Reda\u00e7\u00e3o Aconteceu no Vale\" \/>\n<meta name=\"twitter:card\" content=\"summary_large_image\" \/>\n<meta name=\"twitter:creator\" content=\"@noticiadosvales\" \/>\n<meta name=\"twitter:site\" content=\"@noticiadosvales\" \/>\n<meta name=\"twitter:label1\" content=\"Escrito por\" \/>\n\t<meta name=\"twitter:data1\" content=\"Reda\u00e7\u00e3o Aconteceu no Vale\" \/>\n<script type=\"application\/ld+json\" class=\"yoast-schema-graph\">{\"@context\":\"https:\\\/\\\/schema.org\",\"@graph\":[{\"@type\":\"Article\",\"@id\":\"https:\\\/\\\/aconteceunovale.com.br\\\/portal\\\/?p=190076#article\",\"isPartOf\":{\"@id\":\"https:\\\/\\\/aconteceunovale.com.br\\\/portal\\\/?p=190076\"},\"author\":{\"name\":\"Reda\u00e7\u00e3o Aconteceu no Vale\",\"@id\":\"https:\\\/\\\/aconteceunovale.com.br\\\/portal\\\/#\\\/schema\\\/person\\\/7d2f26d1483f8a63de73da1ee0754d35\"},\"headline\":\"34\u00ba Semana da Cultura de S\u00e3o Jo\u00e3o Evangelista\",\"datePublished\":\"2022-08-27T14:27:08+00:00\",\"dateModified\":\"2022-08-27T14:27:18+00:00\",\"mainEntityOfPage\":{\"@id\":\"https:\\\/\\\/aconteceunovale.com.br\\\/portal\\\/?p=190076\"},\"wordCount\":96,\"commentCount\":0,\"image\":{\"@id\":\"https:\\\/\\\/aconteceunovale.com.br\\\/portal\\\/?p=190076#primaryimage\"},\"thumbnailUrl\":\"https:\\\/\\\/aconteceunovale.com.br\\\/portal\\\/wp-content\\\/uploads\\\/2022\\\/08\\\/semana_cultura_sje_7.png\",\"keywords\":[\"34\u00ba Semana da Cultura de S\u00e3o Jo\u00e3o Evangelista\",\"agenda da Semana da Cultura de S\u00e3o Jo\u00e3o Evangelista\",\"destaque\",\"Festa de S\u00e3o Jo\u00e3o Evangelista\",\"Jo\u00e3o Neto e Frederico em S\u00e3o Jo\u00e3o Evangelista\",\"Prefeitura de S\u00e3o Jo\u00e3o Evangelista\",\"S\u00e3o Jo\u00e3o Evangelista\",\"Semana da Cultura de S\u00e3o Jo\u00e3o Evangelista\",\"Shows em S\u00e3o Jo\u00e3o Evangelista\",\"Sor\u00f3 Silva em S\u00e3o Jo\u00e3o Evangelista\",\"Thiago Brava em S\u00e3o Jo\u00e3o Evangelista\"],\"articleSection\":[\"Eventos\",\"Leste de Minas\"],\"inLanguage\":\"pt-BR\",\"potentialAction\":[{\"@type\":\"CommentAction\",\"name\":\"Comment\",\"target\":[\"https:\\\/\\\/aconteceunovale.com.br\\\/portal\\\/?p=190076#respond\"]}]},{\"@type\":\"WebPage\",\"@id\":\"https:\\\/\\\/aconteceunovale.com.br\\\/portal\\\/?p=190076\",\"url\":\"https:\\\/\\\/aconteceunovale.com.br\\\/portal\\\/?p=190076\",\"name\":\"34\u00ba Semana da Cultura de S\u00e3o Jo\u00e3o Evangelista - Aconteceu no Vale\",\"isPartOf\":{\"@id\":\"https:\\\/\\\/aconteceunovale.com.br\\\/portal\\\/#website\"},\"primaryImageOfPage\":{\"@id\":\"https:\\\/\\\/aconteceunovale.com.br\\\/portal\\\/?p=190076#primaryimage\"},\"image\":{\"@id\":\"https:\\\/\\\/aconteceunovale.com.br\\\/portal\\\/?p=190076#primaryimage\"},\"thumbnailUrl\":\"https:\\\/\\\/aconteceunovale.com.br\\\/portal\\\/wp-content\\\/uploads\\\/2022\\\/08\\\/semana_cultura_sje_7.png\",\"datePublished\":\"2022-08-27T14:27:08+00:00\",\"dateModified\":\"2022-08-27T14:27:18+00:00\",\"author\":{\"@id\":\"https:\\\/\\\/aconteceunovale.com.br\\\/portal\\\/#\\\/schema\\\/person\\\/7d2f26d1483f8a63de73da1ee0754d35\"},\"breadcrumb\":{\"@id\":\"https:\\\/\\\/aconteceunovale.com.br\\\/portal\\\/?p=190076#breadcrumb\"},\"inLanguage\":\"pt-BR\",\"potentialAction\":[{\"@type\":\"ReadAction\",\"target\":[\"https:\\\/\\\/aconteceunovale.com.br\\\/portal\\\/?p=190076\"]}]},{\"@type\":\"ImageObject\",\"inLanguage\":\"pt-BR\",\"@id\":\"https:\\\/\\\/aconteceunovale.com.br\\\/portal\\\/?p=190076#primaryimage\",\"url\":\"https:\\\/\\\/aconteceunovale.com.br\\\/portal\\\/wp-content\\\/uploads\\\/2022\\\/08\\\/semana_cultura_sje_7.png\",\"contentUrl\":\"https:\\\/\\\/aconteceunovale.com.br\\\/portal\\\/wp-content\\\/uploads\\\/2022\\\/08\\\/semana_cultura_sje_7.png\",\"width\":678,\"height\":368},{\"@type\":\"BreadcrumbList\",\"@id\":\"https:\\\/\\\/aconteceunovale.com.br\\\/portal\\\/?p=190076#breadcrumb\",\"itemListElement\":[{\"@type\":\"ListItem\",\"position\":1,\"name\":\"In\u00edcio\",\"item\":\"https:\\\/\\\/aconteceunovale.com.br\\\/portal\\\/\"},{\"@type\":\"ListItem\",\"position\":2,\"name\":\"34\u00ba Semana da Cultura de S\u00e3o Jo\u00e3o Evangelista\"}]},{\"@type\":\"WebSite\",\"@id\":\"https:\\\/\\\/aconteceunovale.com.br\\\/portal\\\/#website\",\"url\":\"https:\\\/\\\/aconteceunovale.com.br\\\/portal\\\/\",\"name\":\"Aconteceu no Vale\",\"description\":\"Portal de Not\u00edcias\",\"potentialAction\":[{\"@type\":\"SearchAction\",\"target\":{\"@type\":\"EntryPoint\",\"urlTemplate\":\"https:\\\/\\\/aconteceunovale.com.br\\\/portal\\\/?s={search_term_string}\"},\"query-input\":{\"@type\":\"PropertyValueSpecification\",\"valueRequired\":true,\"valueName\":\"search_term_string\"}}],\"inLanguage\":\"pt-BR\"},{\"@type\":\"Person\",\"@id\":\"https:\\\/\\\/aconteceunovale.com.br\\\/portal\\\/#\\\/schema\\\/person\\\/7d2f26d1483f8a63de73da1ee0754d35\",\"name\":\"Reda\u00e7\u00e3o Aconteceu no Vale\",\"description\":\"Equipe de reportagem do Aconteceu no Vale, portal de not\u00edcias do Vale do Jequitinhonha, em Minas Gerais. Cobrimos as 51 cidades do Vale desde 2013. Sugest\u00f5es de pauta e pedidos de corre\u00e7\u00e3o: contato@aconteceunovale.com.br\",\"url\":\"https:\\\/\\\/aconteceunovale.com.br\\\/portal\\\/?author=4\"}]}<\/script>\n<!-- \/ Yoast SEO plugin. -->","yoast_head_json":{"title":"34\u00ba Semana da Cultura de S\u00e3o Jo\u00e3o Evangelista - Aconteceu no Vale","robots":{"index":"index","follow":"follow","max-snippet":"max-snippet:-1","max-image-preview":"max-image-preview:large","max-video-preview":"max-video-preview:-1"},"canonical":"https:\/\/aconteceunovale.com.br\/portal\/?p=190076","og_locale":"pt_BR","og_type":"article","og_title":"34\u00ba Semana da Cultura de S\u00e3o Jo\u00e3o Evangelista - Aconteceu no Vale","og_description":"De 6 a 11 de setembro de 2022 &#8211; entrada gratuita 6\/9 (ter\u00e7a-feira) &#8211; na rua da prefeitura: Grupo Karicias Carlos Costa e Adair Her\u00e9dia do Forr\u00f3 7\/9 (quarta-feira) &#8211; na rua da prefeitura: Luan Souto Os Levados Philipe Corcino 8\/9 (quinta-feira) &#8211; no parque de exposi\u00e7\u00f5es: Henrique &amp; Marc\u00edlio Sor\u00f3 Silva 9\/9 (sexta-feira) &#8211; [&hellip;]","og_url":"https:\/\/aconteceunovale.com.br\/portal\/?p=190076","og_site_name":"Aconteceu no Vale","article_publisher":"https:\/\/www.facebook.com\/aconteceunovale\/","article_published_time":"2022-08-27T14:27:08+00:00","article_modified_time":"2022-08-27T14:27:18+00:00","og_image":[{"width":678,"height":368,"url":"https:\/\/aconteceunovale.com.br\/portal\/wp-content\/uploads\/2022\/08\/semana_cultura_sje_7.png","type":"image\/png"}],"author":"Reda\u00e7\u00e3o Aconteceu no Vale","twitter_card":"summary_large_image","twitter_creator":"@noticiadosvales","twitter_site":"@noticiadosvales","twitter_misc":{"Escrito por":"Reda\u00e7\u00e3o Aconteceu no Vale"},"schema":{"@context":"https:\/\/schema.org","@graph":[{"@type":"Article","@id":"https:\/\/aconteceunovale.com.br\/portal\/?p=190076#article","isPartOf":{"@id":"https:\/\/aconteceunovale.com.br\/portal\/?p=190076"},"author":{"name":"Reda\u00e7\u00e3o Aconteceu no Vale","@id":"https:\/\/aconteceunovale.com.br\/portal\/#\/schema\/person\/7d2f26d1483f8a63de73da1ee0754d35"},"headline":"34\u00ba Semana da Cultura de S\u00e3o Jo\u00e3o Evangelista","datePublished":"2022-08-27T14:27:08+00:00","dateModified":"2022-08-27T14:27:18+00:00","mainEntityOfPage":{"@id":"https:\/\/aconteceunovale.com.br\/portal\/?p=190076"},"wordCount":96,"commentCount":0,"image":{"@id":"https:\/\/aconteceunovale.com.br\/portal\/?p=190076#primaryimage"},"thumbnailUrl":"https:\/\/aconteceunovale.com.br\/portal\/wp-content\/uploads\/2022\/08\/semana_cultura_sje_7.png","keywords":["34\u00ba Semana da Cultura de S\u00e3o Jo\u00e3o Evangelista","agenda da Semana da Cultura de S\u00e3o Jo\u00e3o Evangelista","destaque","Festa de S\u00e3o Jo\u00e3o Evangelista","Jo\u00e3o Neto e Frederico em S\u00e3o Jo\u00e3o Evangelista","Prefeitura de S\u00e3o Jo\u00e3o Evangelista","S\u00e3o Jo\u00e3o Evangelista","Semana da Cultura de S\u00e3o Jo\u00e3o Evangelista","Shows em S\u00e3o Jo\u00e3o Evangelista","Sor\u00f3 Silva em S\u00e3o Jo\u00e3o Evangelista","Thiago Brava em S\u00e3o Jo\u00e3o Evangelista"],"articleSection":["Eventos","Leste de Minas"],"inLanguage":"pt-BR","potentialAction":[{"@type":"CommentAction","name":"Comment","target":["https:\/\/aconteceunovale.com.br\/portal\/?p=190076#respond"]}]},{"@type":"WebPage","@id":"https:\/\/aconteceunovale.com.br\/portal\/?p=190076","url":"https:\/\/aconteceunovale.com.br\/portal\/?p=190076","name":"34\u00ba Semana da Cultura de S\u00e3o Jo\u00e3o Evangelista - Aconteceu no Vale","isPartOf":{"@id":"https:\/\/aconteceunovale.com.br\/portal\/#website"},"primaryImageOfPage":{"@id":"https:\/\/aconteceunovale.com.br\/portal\/?p=190076#primaryimage"},"image":{"@id":"https:\/\/aconteceunovale.com.br\/portal\/?p=190076#primaryimage"},"thumbnailUrl":"https:\/\/aconteceunovale.com.br\/portal\/wp-content\/uploads\/2022\/08\/semana_cultura_sje_7.png","datePublished":"2022-08-27T14:27:08+00:00","dateModified":"2022-08-27T14:27:18+00:00","author":{"@id":"https:\/\/aconteceunovale.com.br\/portal\/#\/schema\/person\/7d2f26d1483f8a63de73da1ee0754d35"},"breadcrumb":{"@id":"https:\/\/aconteceunovale.com.br\/portal\/?p=190076#breadcrumb"},"inLanguage":"pt-BR","potentialAction":[{"@type":"ReadAction","target":["https:\/\/aconteceunovale.com.br\/portal\/?p=190076"]}]},{"@type":"ImageObject","inLanguage":"pt-BR","@id":"https:\/\/aconteceunovale.com.br\/portal\/?p=190076#primaryimage","url":"https:\/\/aconteceunovale.com.br\/portal\/wp-content\/uploads\/2022\/08\/semana_cultura_sje_7.png","contentUrl":"https:\/\/aconteceunovale.com.br\/portal\/wp-content\/uploads\/2022\/08\/semana_cultura_sje_7.png","width":678,"height":368},{"@type":"BreadcrumbList","@id":"https:\/\/aconteceunovale.com.br\/portal\/?p=190076#breadcrumb","itemListElement":[{"@type":"ListItem","position":1,"name":"In\u00edcio","item":"https:\/\/aconteceunovale.com.br\/portal\/"},{"@type":"ListItem","position":2,"name":"34\u00ba Semana da Cultura de S\u00e3o Jo\u00e3o Evangelista"}]},{"@type":"WebSite","@id":"https:\/\/aconteceunovale.com.br\/portal\/#website","url":"https:\/\/aconteceunovale.com.br\/portal\/","name":"Aconteceu no Vale","description":"Portal de Not\u00edcias","potentialAction":[{"@type":"SearchAction","target":{"@type":"EntryPoint","urlTemplate":"https:\/\/aconteceunovale.com.br\/portal\/?s={search_term_string}"},"query-input":{"@type":"PropertyValueSpecification","valueRequired":true,"valueName":"search_term_string"}}],"inLanguage":"pt-BR"},{"@type":"Person","@id":"https:\/\/aconteceunovale.com.br\/portal\/#\/schema\/person\/7d2f26d1483f8a63de73da1ee0754d35","name":"Reda\u00e7\u00e3o Aconteceu no Vale","description":"Equipe de reportagem do Aconteceu no Vale, portal de not\u00edcias do Vale do Jequitinhonha, em Minas Gerais. Cobrimos as 51 cidades do Vale desde 2013. Sugest\u00f5es de pauta e pedidos de corre\u00e7\u00e3o: contato@aconteceunovale.com.br","url":"https:\/\/aconteceunovale.com.br\/portal\/?author=4"}]}},"_links":{"self":[{"href":"https:\/\/aconteceunovale.com.br\/portal\/index.php?rest_route=\/wp\/v2\/posts\/190076","targetHints":{"allow":["GET"]}}],"collection":[{"href":"https:\/\/aconteceunovale.com.br\/portal\/index.php?rest_route=\/wp\/v2\/posts"}],"about":[{"href":"https:\/\/aconteceunovale.com.br\/portal\/index.php?rest_route=\/wp\/v2\/types\/post"}],"author":[{"embeddable":true,"href":"https:\/\/aconteceunovale.com.br\/portal\/index.php?rest_route=\/wp\/v2\/users\/4"}],"replies":[{"embeddable":true,"href":"https:\/\/aconteceunovale.com.br\/portal\/index.php?rest_route=%2Fwp%2Fv2%2Fcomments&post=190076"}],"version-history":[{"count":1,"href":"https:\/\/aconteceunovale.com.br\/portal\/index.php?rest_route=\/wp\/v2\/posts\/190076\/revisions"}],"predecessor-version":[{"id":190084,"href":"https:\/\/aconteceunovale.com.br\/portal\/index.php?rest_route=\/wp\/v2\/posts\/190076\/revisions\/190084"}],"wp:featuredmedia":[{"embeddable":true,"href":"https:\/\/aconteceunovale.com.br\/portal\/index.php?rest_route=\/wp\/v2\/media\/190083"}],"wp:attachment":[{"href":"https:\/\/aconteceunovale.com.br\/portal\/index.php?rest_route=%2Fwp%2Fv2%2Fmedia&parent=190076"}],"wp:term":[{"taxonomy":"category","embeddable":true,"href":"https:\/\/aconteceunovale.com.br\/portal\/index.php?rest_route=%2Fwp%2Fv2%2Fcategories&post=190076"},{"taxonomy":"post_tag","embeddable":true,"href":"https:\/\/aconteceunovale.com.br\/portal\/index.php?rest_route=%2Fwp%2Fv2%2Ftags&post=190076"}],"curies":[{"name":"wp","href":"https:\/\/api.w.org\/{rel}","templated":true}]}}