{"id":190071,"date":"2022-08-27T10:54:09","date_gmt":"2022-08-27T13:54:09","guid":{"rendered":"https:\/\/aconteceunovale.com.br\/portal\/?p=190071"},"modified":"2022-08-27T10:54:52","modified_gmt":"2022-08-27T13:54:52","slug":"nova-massa-de-ar-frio-derrubara-temperaturas-em-varias-regioes-do-brasil","status":"publish","type":"post","link":"https:\/\/aconteceunovale.com.br\/portal\/?p=190071","title":{"rendered":"Nova massa de ar frio derrubar\u00e1 temperaturas em v\u00e1rias regi\u00f5es do Brasil"},"content":{"rendered":"\n<p class=\"wp-block-paragraph\">Chuvas intensas, queda de temperatura e geadas v\u00e3o marcar, a partir deste s\u00e1bado\u00a0(27),\u00a0os pr\u00f3ximos dias no Sul do Brasil com a chegada de nova frente fria.<\/p>\n\n\n\n<p class=\"wp-block-paragraph\">A previs\u00e3o&nbsp;\u00e9 do Instituto Nacional de Meteorologia (Inmet).&nbsp; Com o passar dos dias, \u00e1reas das regi\u00f5es Sudeste, Centro-Oeste e at\u00e9 o sul da regi\u00e3o amaz\u00f4nica tamb\u00e9m ser\u00e3o afetadas. Para este s\u00e1bado, a previs\u00e3o indica chuvas &#8211; que pontualmente podem ser fortes &#8211; no Rio Grande do Sul.<\/p>\n\n\n\n<h2 class=\"wp-block-heading\">Domingo&nbsp;<\/h2>\n\n\n\n<p class=\"wp-block-paragraph\">No domingo (28), a concentra\u00e7\u00e3o de chuvas no pa\u00eds dever\u00e1 ser do norte do Rio Grande do Sul at\u00e9 o Paran\u00e1.<\/p>\n\n\n\n<p class=\"wp-block-paragraph\">&#8220;Com o avan\u00e7o da frente fria em dire\u00e7\u00e3o ao centro-sul do pa\u00eds, a temperatura ter\u00e1 uma queda acentuada no Rio Grande do Sul. No domingo, existe uma pequena chance de neve nos pontos mais altos do Rio Grande do Sul e de Santa Catarina&#8221;, informou o Inmet.<\/p>\n\n\n\n<h2 class=\"wp-block-heading\">Segunda-feira<\/h2>\n\n\n\n<p class=\"wp-block-paragraph\">Na segunda-feira (29), tamb\u00e9m haver\u00e1 forma\u00e7\u00e3o de geada no Rio Grande do Sul e em Santa Catarina. Nas serras ga\u00fachas as temperaturas m\u00ednimas dever\u00e3o variar entre -4\u00ba graus Celsius (C) e 2\u00baC. A massa de ar frio tamb\u00e9m deve derrubar as temperaturas em Mato Grosso do Sul, sul e oeste de Mato Grosso, em Rond\u00f4nia e sul do Acre, al\u00e9m da Regi\u00e3o Sudeste at\u00e9 a ter\u00e7a-feira (30).<\/p>\n\n\n\n<p class=\"wp-block-paragraph\">&#8212;&#8212;&#8212;&#8212;&#8212;&#8212;<br><br><strong>Sabia que o Aconteceu no Vale est\u00e1 tamb\u00e9m no Telegram? <a rel=\"noreferrer noopener\" href=\"https:\/\/t.me\/aconteceunovaleoficial\" target=\"_blank\">Inscreva-se no canal<\/a>.<\/strong><br><br><strong>J\u00e1 curtiu ou seguiu nossas p\u00e1ginas nas redes sociais?\u00a0Receba as not\u00edcias em primeira m\u00e3o:<\/strong><br>\u2022 <a rel=\"noreferrer noopener\" href=\"https:\/\/news.google.com\/publications\/CAAqBwgKMNjklQswi4etAw?hl=pt-BR&amp;gl=BR&amp;ceid=BR%3Apt-419\" target=\"_blank\">Google News<\/a><br>\u2022 <a rel=\"noreferrer noopener\" href=\"https:\/\/www.facebook.com\/aconteceunovale\/\" target=\"_blank\">Facebook<\/a><br>\u2022 <a rel=\"noreferrer noopener\" href=\"https:\/\/twitter.com\/noticiadosvales\" target=\"_blank\">Twitter<\/a><br>\u2022 <a rel=\"noreferrer noopener\" href=\"https:\/\/www.instagram.com\/aconteceunovale\" target=\"_blank\">Instagram<\/a><br>\u2022 <a rel=\"noreferrer noopener\" href=\"https:\/\/www.youtube.com\/AconteceunoValeOficial\" target=\"_blank\">Youtube<\/a><br>\u2022 <a rel=\"noreferrer noopener\" href=\"https:\/\/www.tiktok.com\/@aconteceunovale\" target=\"_blank\">TikTok<\/a><\/p>\n","protected":false},"excerpt":{"rendered":"<p>Chuvas intensas, queda de temperatura e geadas v\u00e3o marcar, a partir deste s\u00e1bado\u00a0(27),\u00a0os pr\u00f3ximos dias no Sul do Brasil com a chegada de nova frente fria. A previs\u00e3o&nbsp;\u00e9 do Instituto Nacional de Meteorologia (Inmet).&nbsp; Com o passar dos dias, \u00e1reas das regi\u00f5es Sudeste, Centro-Oeste e at\u00e9 o sul da regi\u00e3o amaz\u00f4nica tamb\u00e9m ser\u00e3o afetadas. Para [&hellip;]<\/p>\n","protected":false},"author":4,"featured_media":190072,"comment_status":"open","ping_status":"closed","sticky":false,"template":"","format":"standard","meta":{"amp_status":"","footnotes":""},"categories":[6],"tags":[4785,262685,1018,98977,262686,261251,262687,262683,248067,262684],"class_list":["post-190071","post","type-post","status-publish","format-standard","has-post-thumbnail","hentry","category-br","tag-brasil","tag-clima-no-brasil","tag-destaque","tag-frio-no-brasil","tag-geada-no-brasil","tag-massa-de-ar-frio-no-brasil","tag-nova-frente-fria-no-brasil","tag-nova-massa-de-ar-frio-derrubara-temperaturas-em-varias-regioes-do-brasil","tag-queda-de-temperatura-no-brasil","tag-tempo-no-brasil"],"yoast_head":"<!-- This site is optimized with the Yoast SEO plugin v28.3 - https:\/\/yoast.com\/product\/yoast-seo-wordpress\/ -->\n<title>Nova massa de ar frio derrubar\u00e1 temperaturas em v\u00e1rias regi\u00f5es do Brasil - Aconteceu no Vale<\/title>\n<meta name=\"robots\" content=\"index, follow, max-snippet:-1, max-image-preview:large, max-video-preview:-1\" \/>\n<link rel=\"canonical\" href=\"https:\/\/aconteceunovale.com.br\/portal\/?p=190071\" \/>\n<meta property=\"og:locale\" content=\"pt_BR\" \/>\n<meta property=\"og:type\" content=\"article\" \/>\n<meta property=\"og:title\" content=\"Nova massa de ar frio derrubar\u00e1 temperaturas em v\u00e1rias regi\u00f5es do Brasil - Aconteceu no Vale\" \/>\n<meta property=\"og:description\" content=\"Chuvas intensas, queda de temperatura e geadas v\u00e3o marcar, a partir deste s\u00e1bado\u00a0(27),\u00a0os pr\u00f3ximos dias no Sul do Brasil com a chegada de nova frente fria. A previs\u00e3o&nbsp;\u00e9 do Instituto Nacional de Meteorologia (Inmet).&nbsp; Com o passar dos dias, \u00e1reas das regi\u00f5es Sudeste, Centro-Oeste e at\u00e9 o sul da regi\u00e3o amaz\u00f4nica tamb\u00e9m ser\u00e3o afetadas. Para [&hellip;]\" \/>\n<meta property=\"og:url\" content=\"https:\/\/aconteceunovale.com.br\/portal\/?p=190071\" \/>\n<meta property=\"og:site_name\" content=\"Aconteceu no Vale\" \/>\n<meta property=\"article:publisher\" content=\"https:\/\/www.facebook.com\/aconteceunovale\/\" \/>\n<meta property=\"article:published_time\" content=\"2022-08-27T13:54:09+00:00\" \/>\n<meta property=\"article:modified_time\" content=\"2022-08-27T13:54:52+00:00\" \/>\n<meta property=\"og:image\" content=\"https:\/\/aconteceunovale.com.br\/portal\/wp-content\/uploads\/2022\/08\/frio_brasil.jpg\" \/>\n\t<meta property=\"og:image:width\" content=\"678\" \/>\n\t<meta property=\"og:image:height\" content=\"406\" \/>\n\t<meta property=\"og:image:type\" content=\"image\/jpeg\" \/>\n<meta name=\"author\" content=\"Reda\u00e7\u00e3o Aconteceu no Vale\" \/>\n<meta name=\"twitter:card\" content=\"summary_large_image\" \/>\n<meta name=\"twitter:creator\" content=\"@noticiadosvales\" \/>\n<meta name=\"twitter:site\" content=\"@noticiadosvales\" \/>\n<meta name=\"twitter:label1\" content=\"Escrito por\" \/>\n\t<meta name=\"twitter:data1\" content=\"Reda\u00e7\u00e3o Aconteceu no Vale\" \/>\n\t<meta name=\"twitter:label2\" content=\"Est. tempo de leitura\" \/>\n\t<meta name=\"twitter:data2\" content=\"1 minuto\" \/>\n<script type=\"application\/ld+json\" class=\"yoast-schema-graph\">{\"@context\":\"https:\\\/\\\/schema.org\",\"@graph\":[{\"@type\":\"Article\",\"@id\":\"https:\\\/\\\/aconteceunovale.com.br\\\/portal\\\/?p=190071#article\",\"isPartOf\":{\"@id\":\"https:\\\/\\\/aconteceunovale.com.br\\\/portal\\\/?p=190071\"},\"author\":{\"name\":\"Reda\u00e7\u00e3o Aconteceu no Vale\",\"@id\":\"https:\\\/\\\/aconteceunovale.com.br\\\/portal\\\/#\\\/schema\\\/person\\\/7d2f26d1483f8a63de73da1ee0754d35\"},\"headline\":\"Nova massa de ar frio derrubar\u00e1 temperaturas em v\u00e1rias regi\u00f5es do Brasil\",\"datePublished\":\"2022-08-27T13:54:09+00:00\",\"dateModified\":\"2022-08-27T13:54:52+00:00\",\"mainEntityOfPage\":{\"@id\":\"https:\\\/\\\/aconteceunovale.com.br\\\/portal\\\/?p=190071\"},\"wordCount\":291,\"commentCount\":0,\"image\":{\"@id\":\"https:\\\/\\\/aconteceunovale.com.br\\\/portal\\\/?p=190071#primaryimage\"},\"thumbnailUrl\":\"https:\\\/\\\/aconteceunovale.com.br\\\/portal\\\/wp-content\\\/uploads\\\/2022\\\/08\\\/frio_brasil.jpg\",\"keywords\":[\"brasil\",\"Clima no Brasil\",\"destaque\",\"Frio no Brasil\",\"Geada no Brasil\",\"Massa de ar frio no Brasil\",\"Nova frente fria no Brasil\",\"Nova massa de ar frio derrubar\u00e1 temperaturas em v\u00e1rias regi\u00f5es do Brasil\",\"Queda de temperatura no Brasil\",\"Tempo no Brasil\"],\"articleSection\":[\"Brasil\"],\"inLanguage\":\"pt-BR\",\"potentialAction\":[{\"@type\":\"CommentAction\",\"name\":\"Comment\",\"target\":[\"https:\\\/\\\/aconteceunovale.com.br\\\/portal\\\/?p=190071#respond\"]}]},{\"@type\":\"WebPage\",\"@id\":\"https:\\\/\\\/aconteceunovale.com.br\\\/portal\\\/?p=190071\",\"url\":\"https:\\\/\\\/aconteceunovale.com.br\\\/portal\\\/?p=190071\",\"name\":\"Nova massa de ar frio derrubar\u00e1 temperaturas em v\u00e1rias regi\u00f5es do Brasil - Aconteceu no Vale\",\"isPartOf\":{\"@id\":\"https:\\\/\\\/aconteceunovale.com.br\\\/portal\\\/#website\"},\"primaryImageOfPage\":{\"@id\":\"https:\\\/\\\/aconteceunovale.com.br\\\/portal\\\/?p=190071#primaryimage\"},\"image\":{\"@id\":\"https:\\\/\\\/aconteceunovale.com.br\\\/portal\\\/?p=190071#primaryimage\"},\"thumbnailUrl\":\"https:\\\/\\\/aconteceunovale.com.br\\\/portal\\\/wp-content\\\/uploads\\\/2022\\\/08\\\/frio_brasil.jpg\",\"datePublished\":\"2022-08-27T13:54:09+00:00\",\"dateModified\":\"2022-08-27T13:54:52+00:00\",\"author\":{\"@id\":\"https:\\\/\\\/aconteceunovale.com.br\\\/portal\\\/#\\\/schema\\\/person\\\/7d2f26d1483f8a63de73da1ee0754d35\"},\"breadcrumb\":{\"@id\":\"https:\\\/\\\/aconteceunovale.com.br\\\/portal\\\/?p=190071#breadcrumb\"},\"inLanguage\":\"pt-BR\",\"potentialAction\":[{\"@type\":\"ReadAction\",\"target\":[\"https:\\\/\\\/aconteceunovale.com.br\\\/portal\\\/?p=190071\"]}]},{\"@type\":\"ImageObject\",\"inLanguage\":\"pt-BR\",\"@id\":\"https:\\\/\\\/aconteceunovale.com.br\\\/portal\\\/?p=190071#primaryimage\",\"url\":\"https:\\\/\\\/aconteceunovale.com.br\\\/portal\\\/wp-content\\\/uploads\\\/2022\\\/08\\\/frio_brasil.jpg\",\"contentUrl\":\"https:\\\/\\\/aconteceunovale.com.br\\\/portal\\\/wp-content\\\/uploads\\\/2022\\\/08\\\/frio_brasil.jpg\",\"width\":678,\"height\":406,\"caption\":\"Frente fria atinge a capita paulista\"},{\"@type\":\"BreadcrumbList\",\"@id\":\"https:\\\/\\\/aconteceunovale.com.br\\\/portal\\\/?p=190071#breadcrumb\",\"itemListElement\":[{\"@type\":\"ListItem\",\"position\":1,\"name\":\"In\u00edcio\",\"item\":\"https:\\\/\\\/aconteceunovale.com.br\\\/portal\\\/\"},{\"@type\":\"ListItem\",\"position\":2,\"name\":\"Nova massa de ar frio derrubar\u00e1 temperaturas em v\u00e1rias regi\u00f5es do Brasil\"}]},{\"@type\":\"WebSite\",\"@id\":\"https:\\\/\\\/aconteceunovale.com.br\\\/portal\\\/#website\",\"url\":\"https:\\\/\\\/aconteceunovale.com.br\\\/portal\\\/\",\"name\":\"Aconteceu no Vale\",\"description\":\"Portal de Not\u00edcias\",\"potentialAction\":[{\"@type\":\"SearchAction\",\"target\":{\"@type\":\"EntryPoint\",\"urlTemplate\":\"https:\\\/\\\/aconteceunovale.com.br\\\/portal\\\/?s={search_term_string}\"},\"query-input\":{\"@type\":\"PropertyValueSpecification\",\"valueRequired\":true,\"valueName\":\"search_term_string\"}}],\"inLanguage\":\"pt-BR\"},{\"@type\":\"Person\",\"@id\":\"https:\\\/\\\/aconteceunovale.com.br\\\/portal\\\/#\\\/schema\\\/person\\\/7d2f26d1483f8a63de73da1ee0754d35\",\"name\":\"Reda\u00e7\u00e3o Aconteceu no Vale\",\"description\":\"Equipe de reportagem do Aconteceu no Vale, portal de not\u00edcias do Vale do Jequitinhonha, em Minas Gerais. Cobrimos as 51 cidades do Vale desde 2013. Sugest\u00f5es de pauta e pedidos de corre\u00e7\u00e3o: contato@aconteceunovale.com.br\",\"url\":\"https:\\\/\\\/aconteceunovale.com.br\\\/portal\\\/?author=4\"}]}<\/script>\n<!-- \/ Yoast SEO plugin. -->","yoast_head_json":{"title":"Nova massa de ar frio derrubar\u00e1 temperaturas em v\u00e1rias regi\u00f5es do Brasil - Aconteceu no Vale","robots":{"index":"index","follow":"follow","max-snippet":"max-snippet:-1","max-image-preview":"max-image-preview:large","max-video-preview":"max-video-preview:-1"},"canonical":"https:\/\/aconteceunovale.com.br\/portal\/?p=190071","og_locale":"pt_BR","og_type":"article","og_title":"Nova massa de ar frio derrubar\u00e1 temperaturas em v\u00e1rias regi\u00f5es do Brasil - Aconteceu no Vale","og_description":"Chuvas intensas, queda de temperatura e geadas v\u00e3o marcar, a partir deste s\u00e1bado\u00a0(27),\u00a0os pr\u00f3ximos dias no Sul do Brasil com a chegada de nova frente fria. A previs\u00e3o&nbsp;\u00e9 do Instituto Nacional de Meteorologia (Inmet).&nbsp; Com o passar dos dias, \u00e1reas das regi\u00f5es Sudeste, Centro-Oeste e at\u00e9 o sul da regi\u00e3o amaz\u00f4nica tamb\u00e9m ser\u00e3o afetadas. Para [&hellip;]","og_url":"https:\/\/aconteceunovale.com.br\/portal\/?p=190071","og_site_name":"Aconteceu no Vale","article_publisher":"https:\/\/www.facebook.com\/aconteceunovale\/","article_published_time":"2022-08-27T13:54:09+00:00","article_modified_time":"2022-08-27T13:54:52+00:00","og_image":[{"width":678,"height":406,"url":"https:\/\/aconteceunovale.com.br\/portal\/wp-content\/uploads\/2022\/08\/frio_brasil.jpg","type":"image\/jpeg"}],"author":"Reda\u00e7\u00e3o Aconteceu no Vale","twitter_card":"summary_large_image","twitter_creator":"@noticiadosvales","twitter_site":"@noticiadosvales","twitter_misc":{"Escrito por":"Reda\u00e7\u00e3o Aconteceu no Vale","Est. tempo de leitura":"1 minuto"},"schema":{"@context":"https:\/\/schema.org","@graph":[{"@type":"Article","@id":"https:\/\/aconteceunovale.com.br\/portal\/?p=190071#article","isPartOf":{"@id":"https:\/\/aconteceunovale.com.br\/portal\/?p=190071"},"author":{"name":"Reda\u00e7\u00e3o Aconteceu no Vale","@id":"https:\/\/aconteceunovale.com.br\/portal\/#\/schema\/person\/7d2f26d1483f8a63de73da1ee0754d35"},"headline":"Nova massa de ar frio derrubar\u00e1 temperaturas em v\u00e1rias regi\u00f5es do Brasil","datePublished":"2022-08-27T13:54:09+00:00","dateModified":"2022-08-27T13:54:52+00:00","mainEntityOfPage":{"@id":"https:\/\/aconteceunovale.com.br\/portal\/?p=190071"},"wordCount":291,"commentCount":0,"image":{"@id":"https:\/\/aconteceunovale.com.br\/portal\/?p=190071#primaryimage"},"thumbnailUrl":"https:\/\/aconteceunovale.com.br\/portal\/wp-content\/uploads\/2022\/08\/frio_brasil.jpg","keywords":["brasil","Clima no Brasil","destaque","Frio no Brasil","Geada no Brasil","Massa de ar frio no Brasil","Nova frente fria no Brasil","Nova massa de ar frio derrubar\u00e1 temperaturas em v\u00e1rias regi\u00f5es do Brasil","Queda de temperatura no Brasil","Tempo no Brasil"],"articleSection":["Brasil"],"inLanguage":"pt-BR","potentialAction":[{"@type":"CommentAction","name":"Comment","target":["https:\/\/aconteceunovale.com.br\/portal\/?p=190071#respond"]}]},{"@type":"WebPage","@id":"https:\/\/aconteceunovale.com.br\/portal\/?p=190071","url":"https:\/\/aconteceunovale.com.br\/portal\/?p=190071","name":"Nova massa de ar frio derrubar\u00e1 temperaturas em v\u00e1rias regi\u00f5es do Brasil - Aconteceu no Vale","isPartOf":{"@id":"https:\/\/aconteceunovale.com.br\/portal\/#website"},"primaryImageOfPage":{"@id":"https:\/\/aconteceunovale.com.br\/portal\/?p=190071#primaryimage"},"image":{"@id":"https:\/\/aconteceunovale.com.br\/portal\/?p=190071#primaryimage"},"thumbnailUrl":"https:\/\/aconteceunovale.com.br\/portal\/wp-content\/uploads\/2022\/08\/frio_brasil.jpg","datePublished":"2022-08-27T13:54:09+00:00","dateModified":"2022-08-27T13:54:52+00:00","author":{"@id":"https:\/\/aconteceunovale.com.br\/portal\/#\/schema\/person\/7d2f26d1483f8a63de73da1ee0754d35"},"breadcrumb":{"@id":"https:\/\/aconteceunovale.com.br\/portal\/?p=190071#breadcrumb"},"inLanguage":"pt-BR","potentialAction":[{"@type":"ReadAction","target":["https:\/\/aconteceunovale.com.br\/portal\/?p=190071"]}]},{"@type":"ImageObject","inLanguage":"pt-BR","@id":"https:\/\/aconteceunovale.com.br\/portal\/?p=190071#primaryimage","url":"https:\/\/aconteceunovale.com.br\/portal\/wp-content\/uploads\/2022\/08\/frio_brasil.jpg","contentUrl":"https:\/\/aconteceunovale.com.br\/portal\/wp-content\/uploads\/2022\/08\/frio_brasil.jpg","width":678,"height":406,"caption":"Frente fria atinge a capita paulista"},{"@type":"BreadcrumbList","@id":"https:\/\/aconteceunovale.com.br\/portal\/?p=190071#breadcrumb","itemListElement":[{"@type":"ListItem","position":1,"name":"In\u00edcio","item":"https:\/\/aconteceunovale.com.br\/portal\/"},{"@type":"ListItem","position":2,"name":"Nova massa de ar frio derrubar\u00e1 temperaturas em v\u00e1rias regi\u00f5es do Brasil"}]},{"@type":"WebSite","@id":"https:\/\/aconteceunovale.com.br\/portal\/#website","url":"https:\/\/aconteceunovale.com.br\/portal\/","name":"Aconteceu no Vale","description":"Portal de Not\u00edcias","potentialAction":[{"@type":"SearchAction","target":{"@type":"EntryPoint","urlTemplate":"https:\/\/aconteceunovale.com.br\/portal\/?s={search_term_string}"},"query-input":{"@type":"PropertyValueSpecification","valueRequired":true,"valueName":"search_term_string"}}],"inLanguage":"pt-BR"},{"@type":"Person","@id":"https:\/\/aconteceunovale.com.br\/portal\/#\/schema\/person\/7d2f26d1483f8a63de73da1ee0754d35","name":"Reda\u00e7\u00e3o Aconteceu no Vale","description":"Equipe de reportagem do Aconteceu no Vale, portal de not\u00edcias do Vale do Jequitinhonha, em Minas Gerais. Cobrimos as 51 cidades do Vale desde 2013. Sugest\u00f5es de pauta e pedidos de corre\u00e7\u00e3o: contato@aconteceunovale.com.br","url":"https:\/\/aconteceunovale.com.br\/portal\/?author=4"}]}},"_links":{"self":[{"href":"https:\/\/aconteceunovale.com.br\/portal\/index.php?rest_route=\/wp\/v2\/posts\/190071","targetHints":{"allow":["GET"]}}],"collection":[{"href":"https:\/\/aconteceunovale.com.br\/portal\/index.php?rest_route=\/wp\/v2\/posts"}],"about":[{"href":"https:\/\/aconteceunovale.com.br\/portal\/index.php?rest_route=\/wp\/v2\/types\/post"}],"author":[{"embeddable":true,"href":"https:\/\/aconteceunovale.com.br\/portal\/index.php?rest_route=\/wp\/v2\/users\/4"}],"replies":[{"embeddable":true,"href":"https:\/\/aconteceunovale.com.br\/portal\/index.php?rest_route=%2Fwp%2Fv2%2Fcomments&post=190071"}],"version-history":[{"count":1,"href":"https:\/\/aconteceunovale.com.br\/portal\/index.php?rest_route=\/wp\/v2\/posts\/190071\/revisions"}],"predecessor-version":[{"id":190073,"href":"https:\/\/aconteceunovale.com.br\/portal\/index.php?rest_route=\/wp\/v2\/posts\/190071\/revisions\/190073"}],"wp:featuredmedia":[{"embeddable":true,"href":"https:\/\/aconteceunovale.com.br\/portal\/index.php?rest_route=\/wp\/v2\/media\/190072"}],"wp:attachment":[{"href":"https:\/\/aconteceunovale.com.br\/portal\/index.php?rest_route=%2Fwp%2Fv2%2Fmedia&parent=190071"}],"wp:term":[{"taxonomy":"category","embeddable":true,"href":"https:\/\/aconteceunovale.com.br\/portal\/index.php?rest_route=%2Fwp%2Fv2%2Fcategories&post=190071"},{"taxonomy":"post_tag","embeddable":true,"href":"https:\/\/aconteceunovale.com.br\/portal\/index.php?rest_route=%2Fwp%2Fv2%2Ftags&post=190071"}],"curies":[{"name":"wp","href":"https:\/\/api.w.org\/{rel}","templated":true}]}}