{"id":190065,"date":"2022-08-26T19:34:45","date_gmt":"2022-08-26T22:34:45","guid":{"rendered":"https:\/\/aconteceunovale.com.br\/portal\/?p=190065"},"modified":"2022-08-26T19:36:07","modified_gmt":"2022-08-26T22:36:07","slug":"mais-de-10-milhoes-de-pessoas-ainda-nao-sacaram-fundo-do-pis-pasep","status":"publish","type":"post","link":"https:\/\/aconteceunovale.com.br\/portal\/?p=190065","title":{"rendered":"Mais de 10 milh\u00f5es de pessoas ainda n\u00e3o sacaram fundo do PIS\/Pasep"},"content":{"rendered":"\n<p class=\"wp-block-paragraph\">Liberado desde agosto de 2019, o\u00a0saque das contas\u00a0dos fundos do Programa de Integra\u00e7\u00e3o Social (PIS) e do Programa de Forma\u00e7\u00e3o do Patrim\u00f4nio do Servidor P\u00fablico (Pasep) est\u00e1 esquecido por muitos trabalhadores. Segundo balan\u00e7o divulgado\u00a0pela Caixa Econ\u00f4mica Federal, cerca de 10,6 milh\u00f5es de brasileiros ainda n\u00e3o retiraram R$ 24,6 bilh\u00f5es.<\/p>\n\n\n\n<p class=\"wp-block-paragraph\">T\u00eam direito ao saque quem trabalhou com carteira assinada na iniciativa privada entre 1971 e&nbsp;4 de outubro&nbsp;de 1988. Os interessados podem procurar ag\u00eancias da Caixa ou efetuar o saque por meios digitais.<\/p>\n\n\n\n<p class=\"wp-block-paragraph\">At\u00e9 2020, a Caixa administrava apenas as cotas do PIS, destinadas aos trabalhadores do setor privado. O Banco do Brasil (BB) gerenciava o fundo do Pasep, destinadas a servidores p\u00fablicos, militares e funcion\u00e1rios de estatais. A&nbsp;<a href=\"https:\/\/www.in.gov.br\/en\/web\/dou\/-\/medida-provisoria-n-946-de-7-de-abril-de-2020-251562794\" target=\"_blank\" rel=\"noreferrer noopener\">Medida Provis\u00f3ria 946<\/a>, editada em Em 2020, a Medida Provis\u00f3ria 946&nbsp;extinguiu o fundo PIS\/Pasep e transferiu todos os recursos para o Fundo de Garantia do Tempo de Servi\u00e7o (FGTS), unificando todo o saque na Caixa Econ\u00f4mica Federal.<\/p>\n\n\n\n<p class=\"wp-block-paragraph\">Segundo a Caixa, desde a transfer\u00eancia das cotas para o FGTS at\u00e9&nbsp;31 de julho&nbsp;deste ano, o banco pagou R$ 493 milh\u00f5es a 340 mil antigos trabalhadores. Em caso de morte do benefici\u00e1rio, os dependentes e herdeiros t\u00eam direito aos recursos.<\/p>\n\n\n\n<h2 class=\"wp-block-heading\">Como sacar<\/h2>\n\n\n\n<p class=\"wp-block-paragraph\">O saque pode ser pedido no aplicativo FGTS, que permite a transfer\u00eancia para uma conta corrente ou a autoriza\u00e7\u00e3o para a retirada em esp\u00e9cie. Ao abrir o aplicativo, o trabalhador deve clicar na mensagem Voc\u00ea possui saque dispon\u00edvel. Em seguida, deve escolher a mensagem Solicitar o saque do PIS\/Pasep&nbsp;e, por fim, a forma de retirada: cr\u00e9dito em conta ou presencial.<\/p>\n\n\n\n<p class=\"wp-block-paragraph\">Ap\u00f3s essas etapas, o trabalhador deve conferir os dados e escolher a op\u00e7\u00e3o Confirmar saque. Caso tenha optado pelo cr\u00e9dito em conta, a transfer\u00eancia ser\u00e1 feita para qualquer conta banc\u00e1ria indicada pelo trabalhador, sem nenhum custo.<\/p>\n\n\n\n<p class=\"wp-block-paragraph\">A retirada em esp\u00e9cie varia conforme o valor a que o benefici\u00e1rio tem direito. O saldo pode ser consultado no aplicativo FGTS. O saque de at\u00e9 R$ 3 mil poder\u00e1 ser feito nas lot\u00e9ricas, correspondentes Caixa Aqui e nos terminais de autoatendimento, utilizando o cart\u00e3o Cidad\u00e3o, com senha. Acima de R$ 3 mil, somente nas ag\u00eancias da Caixa, mediante a apresenta\u00e7\u00e3o de documento oficial com foto.<\/p>\n\n\n\n<h2 class=\"wp-block-heading\">Herdeiros e dependentes<\/h2>\n\n\n\n<p class=\"wp-block-paragraph\">A lei facilita o saque por herdeiros, que passar\u00e3o a&nbsp;ter&nbsp;acesso simplificado aos recursos. Eles&nbsp;ter\u00e3o apenas de apresentar declara\u00e7\u00e3o de consenso entre as partes e a declara\u00e7\u00e3o de que n\u00e3o existem outros herdeiros conhecidos, al\u00e9m de documentos como certid\u00e3o de \u00f3bito, certid\u00e3o ou declara\u00e7\u00e3o de dependentes, invent\u00e1rios ou alvar\u00e1s judiciais que comprovem as informa\u00e7\u00f5es.<\/p>\n\n\n\n<p class=\"wp-block-paragraph\">No de trabalhador falecido, o dependente ou herdeiro pode abrir o aplicativo FGTS em seu nome e escolher a op\u00e7\u00e3o Meus saques. Em seguida, deve clicar nos campos Outras situa\u00e7\u00f5es de saque&nbsp;e PIS\/Pasep \u2013 Falecimento do trabalhador. O aplicativo informar\u00e1 os documentos necess\u00e1rios. Caso tenha a papelada em m\u00e3os, basta confirmar o pedido.<\/p>\n\n\n\n<h2 class=\"wp-block-heading\">Outros servi\u00e7os<\/h2>\n\n\n\n<p class=\"wp-block-paragraph\">O aplicativo oferece outros servi\u00e7os, como consulta ao extrato e atualiza\u00e7\u00e3o cadastral do trabalhador. Caso o cotista se enquadre em qualquer hip\u00f3tese de saque do FGTS e tenha dinheiro do fundo Pis\/Pasep, o saldo dessa conta \u00e9 liberado em conjunto com o Fundo de Garantia.<\/p>\n\n\n\n<p class=\"wp-block-paragraph\">Segundo a&nbsp;<a href=\"http:\/\/www.planalto.gov.br\/ccivil_03\/_ato2019-2022\/2019\/Lei\/L13932.htm\" target=\"_blank\" rel=\"noreferrer noopener\">Lei 13.932<\/a>, de 2019, os recursos do fundo ficar\u00e3o dispon\u00edveis para todos os cotistas. Diferentemente dos saques anteriores, realizados em 2016, 2017 e 2018, n\u00e3o h\u00e1 limite de idade para a retirada do dinheiro.<\/p>\n\n\n\n<p class=\"wp-block-paragraph\">Em caso de d\u00favida, a Caixa est\u00e1 \u00e0 disposi\u00e7\u00e3o para esclarecimentos. Basta o trabalhador acessar o aplicativo FGTS ou ligar para os telefones 4004-0104 (capitais e regi\u00f5es metropolitanas) ou 0800-104-0104 (demais regi\u00f5es).<\/p>\n\n\n\n<p class=\"wp-block-paragraph\">&#8212;&#8212;&#8212;&#8212;&#8212;&#8212;<br><br><strong>Sabia que o Aconteceu no Vale est\u00e1 tamb\u00e9m no Telegram? <a rel=\"noreferrer noopener\" href=\"https:\/\/t.me\/aconteceunovaleoficial\" target=\"_blank\">Inscreva-se no canal<\/a>.<\/strong><br><br><strong>J\u00e1 curtiu ou seguiu nossas p\u00e1ginas nas redes sociais?\u00a0Receba as not\u00edcias em primeira m\u00e3o:<\/strong><br>\u2022 <a rel=\"noreferrer noopener\" href=\"https:\/\/news.google.com\/publications\/CAAqBwgKMNjklQswi4etAw?hl=pt-BR&amp;gl=BR&amp;ceid=BR%3Apt-419\" target=\"_blank\">Google News<\/a><br>\u2022 <a rel=\"noreferrer noopener\" href=\"https:\/\/www.facebook.com\/aconteceunovale\/\" target=\"_blank\">Facebook<\/a><br>\u2022 <a rel=\"noreferrer noopener\" href=\"https:\/\/twitter.com\/noticiadosvales\" target=\"_blank\">Twitter<\/a><br>\u2022 <a rel=\"noreferrer noopener\" href=\"https:\/\/www.instagram.com\/aconteceunovale\" target=\"_blank\">Instagram<\/a><br>\u2022 <a rel=\"noreferrer noopener\" href=\"https:\/\/www.youtube.com\/AconteceunoValeOficial\" target=\"_blank\">Youtube<\/a><br>\u2022 <a rel=\"noreferrer noopener\" href=\"https:\/\/www.tiktok.com\/@aconteceunovale\" target=\"_blank\">TikTok<\/a><\/p>\n","protected":false},"excerpt":{"rendered":"<p>Liberado desde agosto de 2019, o\u00a0saque das contas\u00a0dos fundos do Programa de Integra\u00e7\u00e3o Social (PIS) e do Programa de Forma\u00e7\u00e3o do Patrim\u00f4nio do Servidor P\u00fablico (Pasep) est\u00e1 esquecido por muitos trabalhadores. Segundo balan\u00e7o divulgado\u00a0pela Caixa Econ\u00f4mica Federal, cerca de 10,6 milh\u00f5es de brasileiros ainda n\u00e3o retiraram R$ 24,6 bilh\u00f5es. T\u00eam direito ao saque quem trabalhou [&hellip;]<\/p>\n","protected":false},"author":4,"featured_media":133149,"comment_status":"open","ping_status":"closed","sticky":false,"template":"","format":"standard","meta":{"amp_status":"","footnotes":""},"categories":[6,40236],"tags":[76284,159856,48754,120664,120663,218896,218895,1018,218890,262674,253131,159860,39443,76282,30677,84213,159859,218891,218894,159857,159858,111550,218893,162214,218892,50993,159855],"class_list":["post-190065","post","type-post","status-publish","format-standard","has-post-thumbnail","hentry","category-br","category-empregos-2","tag-abono","tag-abono-do-pis-pasep","tag-abono-salarial","tag-calendario-de-pagamento-do-pasep","tag-calendario-de-pagamento-do-pis","tag-calendario-do-pasep","tag-calendario-do-pis","tag-destaque","tag-governo-antecipa-prazo-final-de-saque-do-abono-do-pis-pasep","tag-mais-de-10-milhoes-de-pessoas-ainda-nao-sacaram-fundo-do-pis-pasep","tag-mais-de-10-milhoes-de-trabalhadores-ainda-nao-sacaram-fundo-do-pis-pasep","tag-nascidos-em-setembro","tag-pagamento","tag-pasep","tag-pis","tag-pis-pasep","tag-pis-pasep-nascidos-em-setembro","tag-prazo-para-saque-do-pis","tag-prazo-para-saque-do-pis-pasep","tag-receber-abono-do-pis-pasep","tag-receber-pis-pasep","tag-saque-do-abono-salarial","tag-saque-do-abono-salarial-2019-2020","tag-saque-do-pis","tag-saque-do-pis-pasep","tag-trabalhadores","tag-trabalhadores-nascidos-em-setembro-podem-receber-o-abono-do-pis-pasep"],"yoast_head":"<!-- This site is optimized with the Yoast SEO plugin v28.3 - https:\/\/yoast.com\/product\/yoast-seo-wordpress\/ -->\n<title>Mais de 10 milh\u00f5es de pessoas ainda n\u00e3o sacaram fundo do PIS\/Pasep - Aconteceu no Vale<\/title>\n<meta name=\"robots\" content=\"index, follow, max-snippet:-1, max-image-preview:large, max-video-preview:-1\" \/>\n<link rel=\"canonical\" href=\"https:\/\/aconteceunovale.com.br\/portal\/?p=190065\" \/>\n<meta property=\"og:locale\" content=\"pt_BR\" \/>\n<meta property=\"og:type\" content=\"article\" \/>\n<meta property=\"og:title\" content=\"Mais de 10 milh\u00f5es de pessoas ainda n\u00e3o sacaram fundo do PIS\/Pasep - Aconteceu no Vale\" \/>\n<meta property=\"og:description\" content=\"Liberado desde agosto de 2019, o\u00a0saque das contas\u00a0dos fundos do Programa de Integra\u00e7\u00e3o Social (PIS) e do Programa de Forma\u00e7\u00e3o do Patrim\u00f4nio do Servidor P\u00fablico (Pasep) est\u00e1 esquecido por muitos trabalhadores. Segundo balan\u00e7o divulgado\u00a0pela Caixa Econ\u00f4mica Federal, cerca de 10,6 milh\u00f5es de brasileiros ainda n\u00e3o retiraram R$ 24,6 bilh\u00f5es. T\u00eam direito ao saque quem trabalhou [&hellip;]\" \/>\n<meta property=\"og:url\" content=\"https:\/\/aconteceunovale.com.br\/portal\/?p=190065\" \/>\n<meta property=\"og:site_name\" content=\"Aconteceu no Vale\" \/>\n<meta property=\"article:publisher\" content=\"https:\/\/www.facebook.com\/aconteceunovale\/\" \/>\n<meta property=\"article:published_time\" content=\"2022-08-26T22:34:45+00:00\" \/>\n<meta property=\"article:modified_time\" content=\"2022-08-26T22:36:07+00:00\" \/>\n<meta property=\"og:image\" content=\"https:\/\/aconteceunovale.com.br\/portal\/wp-content\/uploads\/2018\/06\/ctps_dinheiro.png\" \/>\n\t<meta property=\"og:image:width\" content=\"600\" \/>\n\t<meta property=\"og:image:height\" content=\"314\" \/>\n\t<meta property=\"og:image:type\" content=\"image\/png\" \/>\n<meta name=\"author\" content=\"Reda\u00e7\u00e3o Aconteceu no Vale\" \/>\n<meta name=\"twitter:card\" content=\"summary_large_image\" \/>\n<meta name=\"twitter:creator\" content=\"@noticiadosvales\" \/>\n<meta name=\"twitter:site\" content=\"@noticiadosvales\" \/>\n<meta name=\"twitter:label1\" content=\"Escrito por\" \/>\n\t<meta name=\"twitter:data1\" content=\"Reda\u00e7\u00e3o Aconteceu no Vale\" \/>\n\t<meta name=\"twitter:label2\" content=\"Est. tempo de leitura\" \/>\n\t<meta name=\"twitter:data2\" content=\"3 minutos\" \/>\n<script type=\"application\/ld+json\" class=\"yoast-schema-graph\">{\"@context\":\"https:\\\/\\\/schema.org\",\"@graph\":[{\"@type\":\"Article\",\"@id\":\"https:\\\/\\\/aconteceunovale.com.br\\\/portal\\\/?p=190065#article\",\"isPartOf\":{\"@id\":\"https:\\\/\\\/aconteceunovale.com.br\\\/portal\\\/?p=190065\"},\"author\":{\"name\":\"Reda\u00e7\u00e3o Aconteceu no Vale\",\"@id\":\"https:\\\/\\\/aconteceunovale.com.br\\\/portal\\\/#\\\/schema\\\/person\\\/7d2f26d1483f8a63de73da1ee0754d35\"},\"headline\":\"Mais de 10 milh\u00f5es de pessoas ainda n\u00e3o sacaram fundo do PIS\\\/Pasep\",\"datePublished\":\"2022-08-26T22:34:45+00:00\",\"dateModified\":\"2022-08-26T22:36:07+00:00\",\"mainEntityOfPage\":{\"@id\":\"https:\\\/\\\/aconteceunovale.com.br\\\/portal\\\/?p=190065\"},\"wordCount\":708,\"commentCount\":0,\"image\":{\"@id\":\"https:\\\/\\\/aconteceunovale.com.br\\\/portal\\\/?p=190065#primaryimage\"},\"thumbnailUrl\":\"https:\\\/\\\/aconteceunovale.com.br\\\/portal\\\/wp-content\\\/uploads\\\/2018\\\/06\\\/ctps_dinheiro.png\",\"keywords\":[\"abono\",\"Abono do PIS-Pasep\",\"abono salarial\",\"Calend\u00e1rio de pagamento do Pasep\",\"Calend\u00e1rio de pagamento do PIS\",\"Calend\u00e1rio do Pasep\",\"Calend\u00e1rio do PIS\",\"destaque\",\"Governo antecipa prazo final de saque do abono do PIS-Pasep\",\"Mais de 10 milh\u00f5es de pessoas ainda n\u00e3o sacaram fundo do PIS\\\/Pasep\",\"Mais de 10 milh\u00f5es de trabalhadores ainda n\u00e3o sacaram fundo do PIS-Pasep\",\"nascidos em setembro\",\"pagamento\",\"Pasep\",\"PIS\",\"Pis-Pasep\",\"PIS-Pasep nascidos em setembro\",\"Prazo para saque do PIS\",\"Prazo para saque do PIS-Pasep\",\"Receber abono do PIS-Pasep\",\"Receber PIS-Pasep\",\"saque do abono salarial\",\"Saque do abono salarial 2019\\\/2020\",\"Saque do PIS\",\"Saque do PIS-Pasep\",\"trabalhadores\",\"Trabalhadores nascidos em setembro podem receber o abono do PIS-Pasep\"],\"articleSection\":[\"Brasil\",\"Empregos\"],\"inLanguage\":\"pt-BR\",\"potentialAction\":[{\"@type\":\"CommentAction\",\"name\":\"Comment\",\"target\":[\"https:\\\/\\\/aconteceunovale.com.br\\\/portal\\\/?p=190065#respond\"]}]},{\"@type\":\"WebPage\",\"@id\":\"https:\\\/\\\/aconteceunovale.com.br\\\/portal\\\/?p=190065\",\"url\":\"https:\\\/\\\/aconteceunovale.com.br\\\/portal\\\/?p=190065\",\"name\":\"Mais de 10 milh\u00f5es de pessoas ainda n\u00e3o sacaram fundo do PIS\\\/Pasep - Aconteceu no Vale\",\"isPartOf\":{\"@id\":\"https:\\\/\\\/aconteceunovale.com.br\\\/portal\\\/#website\"},\"primaryImageOfPage\":{\"@id\":\"https:\\\/\\\/aconteceunovale.com.br\\\/portal\\\/?p=190065#primaryimage\"},\"image\":{\"@id\":\"https:\\\/\\\/aconteceunovale.com.br\\\/portal\\\/?p=190065#primaryimage\"},\"thumbnailUrl\":\"https:\\\/\\\/aconteceunovale.com.br\\\/portal\\\/wp-content\\\/uploads\\\/2018\\\/06\\\/ctps_dinheiro.png\",\"datePublished\":\"2022-08-26T22:34:45+00:00\",\"dateModified\":\"2022-08-26T22:36:07+00:00\",\"author\":{\"@id\":\"https:\\\/\\\/aconteceunovale.com.br\\\/portal\\\/#\\\/schema\\\/person\\\/7d2f26d1483f8a63de73da1ee0754d35\"},\"breadcrumb\":{\"@id\":\"https:\\\/\\\/aconteceunovale.com.br\\\/portal\\\/?p=190065#breadcrumb\"},\"inLanguage\":\"pt-BR\",\"potentialAction\":[{\"@type\":\"ReadAction\",\"target\":[\"https:\\\/\\\/aconteceunovale.com.br\\\/portal\\\/?p=190065\"]}]},{\"@type\":\"ImageObject\",\"inLanguage\":\"pt-BR\",\"@id\":\"https:\\\/\\\/aconteceunovale.com.br\\\/portal\\\/?p=190065#primaryimage\",\"url\":\"https:\\\/\\\/aconteceunovale.com.br\\\/portal\\\/wp-content\\\/uploads\\\/2018\\\/06\\\/ctps_dinheiro.png\",\"contentUrl\":\"https:\\\/\\\/aconteceunovale.com.br\\\/portal\\\/wp-content\\\/uploads\\\/2018\\\/06\\\/ctps_dinheiro.png\",\"width\":600,\"height\":314},{\"@type\":\"BreadcrumbList\",\"@id\":\"https:\\\/\\\/aconteceunovale.com.br\\\/portal\\\/?p=190065#breadcrumb\",\"itemListElement\":[{\"@type\":\"ListItem\",\"position\":1,\"name\":\"In\u00edcio\",\"item\":\"https:\\\/\\\/aconteceunovale.com.br\\\/portal\\\/\"},{\"@type\":\"ListItem\",\"position\":2,\"name\":\"Mais de 10 milh\u00f5es de pessoas ainda n\u00e3o sacaram fundo do PIS\\\/Pasep\"}]},{\"@type\":\"WebSite\",\"@id\":\"https:\\\/\\\/aconteceunovale.com.br\\\/portal\\\/#website\",\"url\":\"https:\\\/\\\/aconteceunovale.com.br\\\/portal\\\/\",\"name\":\"Aconteceu no Vale\",\"description\":\"Portal de Not\u00edcias\",\"potentialAction\":[{\"@type\":\"SearchAction\",\"target\":{\"@type\":\"EntryPoint\",\"urlTemplate\":\"https:\\\/\\\/aconteceunovale.com.br\\\/portal\\\/?s={search_term_string}\"},\"query-input\":{\"@type\":\"PropertyValueSpecification\",\"valueRequired\":true,\"valueName\":\"search_term_string\"}}],\"inLanguage\":\"pt-BR\"},{\"@type\":\"Person\",\"@id\":\"https:\\\/\\\/aconteceunovale.com.br\\\/portal\\\/#\\\/schema\\\/person\\\/7d2f26d1483f8a63de73da1ee0754d35\",\"name\":\"Reda\u00e7\u00e3o Aconteceu no Vale\",\"description\":\"Equipe de reportagem do Aconteceu no Vale, portal de not\u00edcias do Vale do Jequitinhonha, em Minas Gerais. Cobrimos as 51 cidades do Vale desde 2013. Sugest\u00f5es de pauta e pedidos de corre\u00e7\u00e3o: contato@aconteceunovale.com.br\",\"url\":\"https:\\\/\\\/aconteceunovale.com.br\\\/portal\\\/?author=4\"}]}<\/script>\n<!-- \/ Yoast SEO plugin. -->","yoast_head_json":{"title":"Mais de 10 milh\u00f5es de pessoas ainda n\u00e3o sacaram fundo do PIS\/Pasep - Aconteceu no Vale","robots":{"index":"index","follow":"follow","max-snippet":"max-snippet:-1","max-image-preview":"max-image-preview:large","max-video-preview":"max-video-preview:-1"},"canonical":"https:\/\/aconteceunovale.com.br\/portal\/?p=190065","og_locale":"pt_BR","og_type":"article","og_title":"Mais de 10 milh\u00f5es de pessoas ainda n\u00e3o sacaram fundo do PIS\/Pasep - Aconteceu no Vale","og_description":"Liberado desde agosto de 2019, o\u00a0saque das contas\u00a0dos fundos do Programa de Integra\u00e7\u00e3o Social (PIS) e do Programa de Forma\u00e7\u00e3o do Patrim\u00f4nio do Servidor P\u00fablico (Pasep) est\u00e1 esquecido por muitos trabalhadores. Segundo balan\u00e7o divulgado\u00a0pela Caixa Econ\u00f4mica Federal, cerca de 10,6 milh\u00f5es de brasileiros ainda n\u00e3o retiraram R$ 24,6 bilh\u00f5es. T\u00eam direito ao saque quem trabalhou [&hellip;]","og_url":"https:\/\/aconteceunovale.com.br\/portal\/?p=190065","og_site_name":"Aconteceu no Vale","article_publisher":"https:\/\/www.facebook.com\/aconteceunovale\/","article_published_time":"2022-08-26T22:34:45+00:00","article_modified_time":"2022-08-26T22:36:07+00:00","og_image":[{"width":600,"height":314,"url":"https:\/\/aconteceunovale.com.br\/portal\/wp-content\/uploads\/2018\/06\/ctps_dinheiro.png","type":"image\/png"}],"author":"Reda\u00e7\u00e3o Aconteceu no Vale","twitter_card":"summary_large_image","twitter_creator":"@noticiadosvales","twitter_site":"@noticiadosvales","twitter_misc":{"Escrito por":"Reda\u00e7\u00e3o Aconteceu no Vale","Est. tempo de leitura":"3 minutos"},"schema":{"@context":"https:\/\/schema.org","@graph":[{"@type":"Article","@id":"https:\/\/aconteceunovale.com.br\/portal\/?p=190065#article","isPartOf":{"@id":"https:\/\/aconteceunovale.com.br\/portal\/?p=190065"},"author":{"name":"Reda\u00e7\u00e3o Aconteceu no Vale","@id":"https:\/\/aconteceunovale.com.br\/portal\/#\/schema\/person\/7d2f26d1483f8a63de73da1ee0754d35"},"headline":"Mais de 10 milh\u00f5es de pessoas ainda n\u00e3o sacaram fundo do PIS\/Pasep","datePublished":"2022-08-26T22:34:45+00:00","dateModified":"2022-08-26T22:36:07+00:00","mainEntityOfPage":{"@id":"https:\/\/aconteceunovale.com.br\/portal\/?p=190065"},"wordCount":708,"commentCount":0,"image":{"@id":"https:\/\/aconteceunovale.com.br\/portal\/?p=190065#primaryimage"},"thumbnailUrl":"https:\/\/aconteceunovale.com.br\/portal\/wp-content\/uploads\/2018\/06\/ctps_dinheiro.png","keywords":["abono","Abono do PIS-Pasep","abono salarial","Calend\u00e1rio de pagamento do Pasep","Calend\u00e1rio de pagamento do PIS","Calend\u00e1rio do Pasep","Calend\u00e1rio do PIS","destaque","Governo antecipa prazo final de saque do abono do PIS-Pasep","Mais de 10 milh\u00f5es de pessoas ainda n\u00e3o sacaram fundo do PIS\/Pasep","Mais de 10 milh\u00f5es de trabalhadores ainda n\u00e3o sacaram fundo do PIS-Pasep","nascidos em setembro","pagamento","Pasep","PIS","Pis-Pasep","PIS-Pasep nascidos em setembro","Prazo para saque do PIS","Prazo para saque do PIS-Pasep","Receber abono do PIS-Pasep","Receber PIS-Pasep","saque do abono salarial","Saque do abono salarial 2019\/2020","Saque do PIS","Saque do PIS-Pasep","trabalhadores","Trabalhadores nascidos em setembro podem receber o abono do PIS-Pasep"],"articleSection":["Brasil","Empregos"],"inLanguage":"pt-BR","potentialAction":[{"@type":"CommentAction","name":"Comment","target":["https:\/\/aconteceunovale.com.br\/portal\/?p=190065#respond"]}]},{"@type":"WebPage","@id":"https:\/\/aconteceunovale.com.br\/portal\/?p=190065","url":"https:\/\/aconteceunovale.com.br\/portal\/?p=190065","name":"Mais de 10 milh\u00f5es de pessoas ainda n\u00e3o sacaram fundo do PIS\/Pasep - Aconteceu no Vale","isPartOf":{"@id":"https:\/\/aconteceunovale.com.br\/portal\/#website"},"primaryImageOfPage":{"@id":"https:\/\/aconteceunovale.com.br\/portal\/?p=190065#primaryimage"},"image":{"@id":"https:\/\/aconteceunovale.com.br\/portal\/?p=190065#primaryimage"},"thumbnailUrl":"https:\/\/aconteceunovale.com.br\/portal\/wp-content\/uploads\/2018\/06\/ctps_dinheiro.png","datePublished":"2022-08-26T22:34:45+00:00","dateModified":"2022-08-26T22:36:07+00:00","author":{"@id":"https:\/\/aconteceunovale.com.br\/portal\/#\/schema\/person\/7d2f26d1483f8a63de73da1ee0754d35"},"breadcrumb":{"@id":"https:\/\/aconteceunovale.com.br\/portal\/?p=190065#breadcrumb"},"inLanguage":"pt-BR","potentialAction":[{"@type":"ReadAction","target":["https:\/\/aconteceunovale.com.br\/portal\/?p=190065"]}]},{"@type":"ImageObject","inLanguage":"pt-BR","@id":"https:\/\/aconteceunovale.com.br\/portal\/?p=190065#primaryimage","url":"https:\/\/aconteceunovale.com.br\/portal\/wp-content\/uploads\/2018\/06\/ctps_dinheiro.png","contentUrl":"https:\/\/aconteceunovale.com.br\/portal\/wp-content\/uploads\/2018\/06\/ctps_dinheiro.png","width":600,"height":314},{"@type":"BreadcrumbList","@id":"https:\/\/aconteceunovale.com.br\/portal\/?p=190065#breadcrumb","itemListElement":[{"@type":"ListItem","position":1,"name":"In\u00edcio","item":"https:\/\/aconteceunovale.com.br\/portal\/"},{"@type":"ListItem","position":2,"name":"Mais de 10 milh\u00f5es de pessoas ainda n\u00e3o sacaram fundo do PIS\/Pasep"}]},{"@type":"WebSite","@id":"https:\/\/aconteceunovale.com.br\/portal\/#website","url":"https:\/\/aconteceunovale.com.br\/portal\/","name":"Aconteceu no Vale","description":"Portal de Not\u00edcias","potentialAction":[{"@type":"SearchAction","target":{"@type":"EntryPoint","urlTemplate":"https:\/\/aconteceunovale.com.br\/portal\/?s={search_term_string}"},"query-input":{"@type":"PropertyValueSpecification","valueRequired":true,"valueName":"search_term_string"}}],"inLanguage":"pt-BR"},{"@type":"Person","@id":"https:\/\/aconteceunovale.com.br\/portal\/#\/schema\/person\/7d2f26d1483f8a63de73da1ee0754d35","name":"Reda\u00e7\u00e3o Aconteceu no Vale","description":"Equipe de reportagem do Aconteceu no Vale, portal de not\u00edcias do Vale do Jequitinhonha, em Minas Gerais. Cobrimos as 51 cidades do Vale desde 2013. Sugest\u00f5es de pauta e pedidos de corre\u00e7\u00e3o: contato@aconteceunovale.com.br","url":"https:\/\/aconteceunovale.com.br\/portal\/?author=4"}]}},"_links":{"self":[{"href":"https:\/\/aconteceunovale.com.br\/portal\/index.php?rest_route=\/wp\/v2\/posts\/190065","targetHints":{"allow":["GET"]}}],"collection":[{"href":"https:\/\/aconteceunovale.com.br\/portal\/index.php?rest_route=\/wp\/v2\/posts"}],"about":[{"href":"https:\/\/aconteceunovale.com.br\/portal\/index.php?rest_route=\/wp\/v2\/types\/post"}],"author":[{"embeddable":true,"href":"https:\/\/aconteceunovale.com.br\/portal\/index.php?rest_route=\/wp\/v2\/users\/4"}],"replies":[{"embeddable":true,"href":"https:\/\/aconteceunovale.com.br\/portal\/index.php?rest_route=%2Fwp%2Fv2%2Fcomments&post=190065"}],"version-history":[{"count":1,"href":"https:\/\/aconteceunovale.com.br\/portal\/index.php?rest_route=\/wp\/v2\/posts\/190065\/revisions"}],"predecessor-version":[{"id":190066,"href":"https:\/\/aconteceunovale.com.br\/portal\/index.php?rest_route=\/wp\/v2\/posts\/190065\/revisions\/190066"}],"wp:featuredmedia":[{"embeddable":true,"href":"https:\/\/aconteceunovale.com.br\/portal\/index.php?rest_route=\/wp\/v2\/media\/133149"}],"wp:attachment":[{"href":"https:\/\/aconteceunovale.com.br\/portal\/index.php?rest_route=%2Fwp%2Fv2%2Fmedia&parent=190065"}],"wp:term":[{"taxonomy":"category","embeddable":true,"href":"https:\/\/aconteceunovale.com.br\/portal\/index.php?rest_route=%2Fwp%2Fv2%2Fcategories&post=190065"},{"taxonomy":"post_tag","embeddable":true,"href":"https:\/\/aconteceunovale.com.br\/portal\/index.php?rest_route=%2Fwp%2Fv2%2Ftags&post=190065"}],"curies":[{"name":"wp","href":"https:\/\/api.w.org\/{rel}","templated":true}]}}