{"id":190060,"date":"2022-08-26T19:26:48","date_gmt":"2022-08-26T22:26:48","guid":{"rendered":"https:\/\/aconteceunovale.com.br\/portal\/?p=190060"},"modified":"2022-08-26T19:28:07","modified_gmt":"2022-08-26T22:28:07","slug":"anvisa-aprova-importacao-de-vacina-contra-variola-dos-macacos","status":"publish","type":"post","link":"https:\/\/aconteceunovale.com.br\/portal\/?p=190060","title":{"rendered":"Anvisa aprova importa\u00e7\u00e3o de vacina contra var\u00edola dos macacos"},"content":{"rendered":"\n<p class=\"wp-block-paragraph\">A Ag\u00eancia Nacional de Vigil\u00e2ncia Sanit\u00e1ria (Anvisa) aprovou &#8211; por unanimidade -, em Bras\u00edlia, a dispensa de registro para que o Minist\u00e9rio da Sa\u00fade (MS) importe e utilize no Brasil a vacina Jynneos\/Imvanex<em>\u00a0<\/em>contra a var\u00edola dos macacos.<\/p>\n\n\n\n<p class=\"wp-block-paragraph\">Em outra decis\u00e3o un\u00e2nime, a Anvisa autorizou a dispensa de registro para que o Minist\u00e9rio da Sa\u00fade importe e use no Brasil o medicamento Tecovirimat, para tratamento da mesma doen\u00e7a.<\/p>\n\n\n\n<h2 class=\"wp-block-heading\">Vacina<\/h2>\n\n\n\n<p class=\"wp-block-paragraph\">No caso da vacina, a autoriza\u00e7\u00e3o se aplica \u00e0 Jynneos (EUA) ou<em>&nbsp;<\/em>Imvanex (EMA) \u2013 vacina contra var\u00edola e&nbsp;<em>monkeypox<\/em>, v\u00edrus vacc\u00ednia modificado, cepa Ankara. Apesar de ser o mesmo produto, o imunizante possui nomes diferentes nos Estados Unidos e na Europa. A vacina da empresa Bavarian Nordic A\/S \u00e9 fabricada na Dinamarca e na Alemanha.<\/p>\n\n\n\n<p class=\"wp-block-paragraph\">\u201cO imunizante \u00e9 destinado a adultos com idade igual ou superior a 18 anos e possui prazo de at\u00e9 60 meses de validade, quando conservado entre -60\u00b0C e&nbsp;-40\u00b0C. A dispensa tempor\u00e1ria e excepcional se aplica somente ao Minist\u00e9rio da Sa\u00fade e ter\u00e1 validade de seis meses, desde que n\u00e3o seja expressamente revogada pela Anvisa\u201d, explicou a ag\u00eancia.<\/p>\n\n\n\n<p class=\"wp-block-paragraph\">Em seu voto, a diretora relatora Meiruze Freitas destacou que a var\u00edola dos macacos \u00e9 causada por um v\u00edrus semelhante ao da var\u00edola e que, portanto, \u00e9 esperado que a vacina previna ou reduza a gravidade da infec\u00e7\u00e3o pela doen\u00e7a. Apesar disso, ela ressaltou a necessidade de estudos de monitoramento para a confirma\u00e7\u00e3o da efetividade do produto.&nbsp;<\/p>\n\n\n\n<p class=\"wp-block-paragraph\">A decis\u00e3o da Anvisa teve como base o relat\u00f3rio de avalia\u00e7\u00e3o da ag\u00eancia americana<em>&nbsp;<\/em>Food and Drug Administration (FDA) para a vacina Jynneos, as informa\u00e7\u00f5es p\u00fablicas emitidas pela Ag\u00eancia Europeia de Medicamentos (European Medicines Agency<em>&nbsp;<\/em>\u2013 EMA) e pela ag\u00eancia do Reino Unido (National Health Service \u2013 NHS), al\u00e9m da bula, dizeres de rotulagem e demais documentos apresentados pelo Minist\u00e9rio da Sa\u00fade.<\/p>\n\n\n\n<p class=\"wp-block-paragraph\">\u201cA documenta\u00e7\u00e3o encaminhada pelo Minist\u00e9rio da Sa\u00fade \u00e9 a mesma disponibilizada pela FDA, sendo que o produto importado dever\u00e1 corresponder \u00e0s mesmas caracter\u00edsticas do pedido avaliado pela Anvisa\u201d, explicou a ag\u00eancia.<\/p>\n\n\n\n<p class=\"wp-block-paragraph\">Acrescentou que no Brasil, at\u00e9 o momento, n\u00e3o h\u00e1 submiss\u00e3o de protocolo de ensaio cl\u00ednico em vacinas para ser conduzido nacionalmente, e tamb\u00e9m n\u00e3o existe protocolo submetido ou mesmo vacina j\u00e1 registrada pela Anvisa com a indica\u00e7\u00e3o de imuniza\u00e7\u00e3o contra a var\u00edola dos macacos.<\/p>\n\n\n\n<h2 class=\"wp-block-heading\">Antiviral<\/h2>\n\n\n\n<p class=\"wp-block-paragraph\">Sobre a autoriza\u00e7\u00e3o do antiviral, a Anvisa destacou que ela se aplica ao medicamento Tecovirimat, concentra\u00e7\u00e3o de 200 mg, na forma farmac\u00eautica c\u00e1psula dura, uso oral, prazo de validade de 84 meses e indicado para o tratamento de doen\u00e7as causadas pelo&nbsp;Orthopoxvirus&nbsp;em adultos, adolescentes e crian\u00e7as com peso m\u00ednimo de 13 kg.<\/p>\n\n\n\n<p class=\"wp-block-paragraph\">\u201cO produto a ser importado \u00e9 o mesmo autorizado nos Estados Unidos para a empresa Siga Technologies, fabricado pela Catalent Pharma Solutions, localizada em Winchester, Kentucky, nos Estados Unidos\u201d, disse a Anvisa.<\/p>\n\n\n\n<p class=\"wp-block-paragraph\">A dispensa tempor\u00e1ria e excepcional se aplica somente ao Minist\u00e9rio da Sa\u00fade e ter\u00e1 validade de seis meses, desde que n\u00e3o seja expressamente revogada pela Anvisa. A diretora Meiruze Freitas destacou, em seu voto, que o conhecimento pr\u00e9vio da ag\u00eancia sobre o medicamento, resultado da comunica\u00e7\u00e3o e da intera\u00e7\u00e3o com as autoridades que avaliaram o produto, permitiu a r\u00e1pida conclus\u00e3o do processo.<\/p>\n\n\n\n<p class=\"wp-block-paragraph\">Ela disse, ainda, que o acesso ao medicamento pode salvar vidas e controlar os danos da var\u00edola dos macacos, especialmente para os pacientes com maiores riscos.\u00a0Assim como no caso da vacina contra a doen\u00e7a, no Brasil, at\u00e9 o momento, n\u00e3o h\u00e1 submiss\u00e3o de protocolo de ensaio cl\u00ednico em medicamento para ser conduzido nacionalmente, nem existe protocolo submetido ou mesmo rem\u00e9dio j\u00e1 registrado pela Anvisa com a indica\u00e7\u00e3o de tratamento da var\u00edola dos macacos.<\/p>\n\n\n\n<p class=\"wp-block-paragraph\">&#8212;&#8212;&#8212;&#8212;&#8212;&#8212;<br><br><strong>Sabia que o Aconteceu no Vale est\u00e1 tamb\u00e9m no Telegram? <a rel=\"noreferrer noopener\" href=\"https:\/\/t.me\/aconteceunovaleoficial\" target=\"_blank\">Inscreva-se no canal<\/a>.<\/strong><br><br><strong>J\u00e1 curtiu ou seguiu nossas p\u00e1ginas nas redes sociais?\u00a0Receba as not\u00edcias em primeira m\u00e3o:<\/strong><br>\u2022 <a rel=\"noreferrer noopener\" href=\"https:\/\/news.google.com\/publications\/CAAqBwgKMNjklQswi4etAw?hl=pt-BR&amp;gl=BR&amp;ceid=BR%3Apt-419\" target=\"_blank\">Google News<\/a><br>\u2022 <a rel=\"noreferrer noopener\" href=\"https:\/\/www.facebook.com\/aconteceunovale\/\" target=\"_blank\">Facebook<\/a><br>\u2022 <a rel=\"noreferrer noopener\" href=\"https:\/\/twitter.com\/noticiadosvales\" target=\"_blank\">Twitter<\/a><br>\u2022 <a rel=\"noreferrer noopener\" href=\"https:\/\/www.instagram.com\/aconteceunovale\" target=\"_blank\">Instagram<\/a><br>\u2022 <a rel=\"noreferrer noopener\" href=\"https:\/\/www.youtube.com\/AconteceunoValeOficial\" target=\"_blank\">Youtube<\/a><br>\u2022 <a rel=\"noreferrer noopener\" href=\"https:\/\/www.tiktok.com\/@aconteceunovale\" target=\"_blank\">TikTok<\/a><\/p>\n","protected":false},"excerpt":{"rendered":"<p>A Ag\u00eancia Nacional de Vigil\u00e2ncia Sanit\u00e1ria (Anvisa) aprovou &#8211; por unanimidade -, em Bras\u00edlia, a dispensa de registro para que o Minist\u00e9rio da Sa\u00fade (MS) importe e utilize no Brasil a vacina Jynneos\/Imvanex\u00a0contra a var\u00edola dos macacos. Em outra decis\u00e3o un\u00e2nime, a Anvisa autorizou a dispensa de registro para que o Minist\u00e9rio da Sa\u00fade importe [&hellip;]<\/p>\n","protected":false},"author":4,"featured_media":190061,"comment_status":"open","ping_status":"closed","sticky":false,"template":"","format":"standard","meta":{"amp_status":"","footnotes":""},"categories":[6,28848,40242],"tags":[262667,262591,261764,261735,261736,1018,208635,50315,261752,261737,261738,262671,262670,262668,19326,261732,23476,261734,261753,261751,261731,261739,262669,261329,261754,261755,261690,261289,261730,261733],"class_list":["post-190060","post","type-post","status-publish","format-standard","has-post-thumbnail","hentry","category-br","category-mundo","category-saude-2","tag-anvisa-aprova-importacao-de-vacina-contra-variola-dos-macacos","tag-anvisa-dispensa-registro-de-vacinas-para-variola-dos-macacos","tag-brasil-confirma-primeira-morte-relacionada-ao-monkeypox-paciente-estava-em-hospital-de-belo-horizonte","tag-casos-de-variola-dos-macacos-no-brasil","tag-contaminados-por-variola-dos-macacos-no-brasil","tag-destaque","tag-ema","tag-eua","tag-formas-de-transmissao-da-variola-dos-macacos","tag-hmpxv","tag-human-monkeypox-virus","tag-imvanex","tag-jynneos","tag-jynneos-imvanex","tag-ministerio-da-saude","tag-monkeypox","tag-oms","tag-rosamund-lewis","tag-sintomas-monkeypox","tag-sintomas-variola-dos-macacos","tag-situacao-da-variola-dos-macacos-no-brasil","tag-smallpox","tag-tecovirimat","tag-transmissao-da-variola-dos-macacos","tag-transmissao-monkeypox","tag-vacina-contra-monkeypox","tag-vacina-contra-variola-dos-macacos","tag-variola-dos-macacos","tag-variola-dos-macacos-no-brasil","tag-virus-monkeypox"],"yoast_head":"<!-- This site is optimized with the Yoast SEO plugin v28.3 - https:\/\/yoast.com\/product\/yoast-seo-wordpress\/ -->\n<title>Anvisa aprova importa\u00e7\u00e3o de vacina contra var\u00edola dos macacos - Aconteceu no Vale<\/title>\n<meta name=\"robots\" content=\"index, follow, max-snippet:-1, max-image-preview:large, max-video-preview:-1\" \/>\n<link rel=\"canonical\" href=\"https:\/\/aconteceunovale.com.br\/portal\/?p=190060\" \/>\n<meta property=\"og:locale\" content=\"pt_BR\" \/>\n<meta property=\"og:type\" content=\"article\" \/>\n<meta property=\"og:title\" content=\"Anvisa aprova importa\u00e7\u00e3o de vacina contra var\u00edola dos macacos - Aconteceu no Vale\" \/>\n<meta property=\"og:description\" content=\"A Ag\u00eancia Nacional de Vigil\u00e2ncia Sanit\u00e1ria (Anvisa) aprovou &#8211; por unanimidade -, em Bras\u00edlia, a dispensa de registro para que o Minist\u00e9rio da Sa\u00fade (MS) importe e utilize no Brasil a vacina Jynneos\/Imvanex\u00a0contra a var\u00edola dos macacos. Em outra decis\u00e3o un\u00e2nime, a Anvisa autorizou a dispensa de registro para que o Minist\u00e9rio da Sa\u00fade importe [&hellip;]\" \/>\n<meta property=\"og:url\" content=\"https:\/\/aconteceunovale.com.br\/portal\/?p=190060\" \/>\n<meta property=\"og:site_name\" content=\"Aconteceu no Vale\" \/>\n<meta property=\"article:publisher\" content=\"https:\/\/www.facebook.com\/aconteceunovale\/\" \/>\n<meta property=\"article:published_time\" content=\"2022-08-26T22:26:48+00:00\" \/>\n<meta property=\"article:modified_time\" content=\"2022-08-26T22:28:07+00:00\" \/>\n<meta property=\"og:image\" content=\"https:\/\/aconteceunovale.com.br\/portal\/wp-content\/uploads\/2022\/08\/vacina_monkeypox.jpg\" \/>\n\t<meta property=\"og:image:width\" content=\"671\" \/>\n\t<meta property=\"og:image:height\" content=\"450\" \/>\n\t<meta property=\"og:image:type\" content=\"image\/jpeg\" \/>\n<meta name=\"author\" content=\"Reda\u00e7\u00e3o Aconteceu no Vale\" \/>\n<meta name=\"twitter:card\" content=\"summary_large_image\" \/>\n<meta name=\"twitter:creator\" content=\"@noticiadosvales\" \/>\n<meta name=\"twitter:site\" content=\"@noticiadosvales\" \/>\n<meta name=\"twitter:label1\" content=\"Escrito por\" \/>\n\t<meta name=\"twitter:data1\" content=\"Reda\u00e7\u00e3o Aconteceu no Vale\" \/>\n\t<meta name=\"twitter:label2\" content=\"Est. tempo de leitura\" \/>\n\t<meta name=\"twitter:data2\" content=\"4 minutos\" \/>\n<script type=\"application\/ld+json\" class=\"yoast-schema-graph\">{\"@context\":\"https:\\\/\\\/schema.org\",\"@graph\":[{\"@type\":\"Article\",\"@id\":\"https:\\\/\\\/aconteceunovale.com.br\\\/portal\\\/?p=190060#article\",\"isPartOf\":{\"@id\":\"https:\\\/\\\/aconteceunovale.com.br\\\/portal\\\/?p=190060\"},\"author\":{\"name\":\"Reda\u00e7\u00e3o Aconteceu no Vale\",\"@id\":\"https:\\\/\\\/aconteceunovale.com.br\\\/portal\\\/#\\\/schema\\\/person\\\/7d2f26d1483f8a63de73da1ee0754d35\"},\"headline\":\"Anvisa aprova importa\u00e7\u00e3o de vacina contra var\u00edola dos macacos\",\"datePublished\":\"2022-08-26T22:26:48+00:00\",\"dateModified\":\"2022-08-26T22:28:07+00:00\",\"mainEntityOfPage\":{\"@id\":\"https:\\\/\\\/aconteceunovale.com.br\\\/portal\\\/?p=190060\"},\"wordCount\":723,\"commentCount\":0,\"image\":{\"@id\":\"https:\\\/\\\/aconteceunovale.com.br\\\/portal\\\/?p=190060#primaryimage\"},\"thumbnailUrl\":\"https:\\\/\\\/aconteceunovale.com.br\\\/portal\\\/wp-content\\\/uploads\\\/2022\\\/08\\\/vacina_monkeypox.jpg\",\"keywords\":[\"Anvisa aprova importa\u00e7\u00e3o de vacina contra var\u00edola dos macacos\",\"Anvisa dispensa registro de vacinas para var\u00edola dos macacos\",\"Brasil confirma primeira morte relacionada ao Monkeypox; paciente estava em hospital de Belo Horizonte\",\"Casos de Var\u00edola dos macacos no Brasil\",\"Contaminados por Var\u00edola dos macacos no Brasil\",\"destaque\",\"EMA\",\"EUA\",\"Formas de transmiss\u00e3o da Var\u00edola dos macacos\",\"hMPXV\",\"Human Monkeypox V\u00edrus\",\"Imvanex\",\"Jynneos\",\"Jynneos Imvanex\",\"Minist\u00e9rio da Sa\u00fade\",\"Monkeypox\",\"OMS\",\"Rosamund Lewis\",\"Sintomas Monkeypox\",\"Sintomas Var\u00edola dos macacos\",\"Situa\u00e7\u00e3o da Var\u00edola dos macacos no Brasil\",\"Smallpox\",\"Tecovirimat\",\"Transmiss\u00e3o da var\u00edola dos macacos\",\"Transmiss\u00e3o Monkeypox\",\"Vacina contra Monkeypox\",\"Vacina contra var\u00edola dos macacos\",\"Var\u00edola dos macacos\",\"Var\u00edola dos macacos no Brasil\",\"V\u00edrus Monkeypox\"],\"articleSection\":[\"Brasil\",\"Mundo\",\"Sa\u00fade\"],\"inLanguage\":\"pt-BR\",\"potentialAction\":[{\"@type\":\"CommentAction\",\"name\":\"Comment\",\"target\":[\"https:\\\/\\\/aconteceunovale.com.br\\\/portal\\\/?p=190060#respond\"]}]},{\"@type\":\"WebPage\",\"@id\":\"https:\\\/\\\/aconteceunovale.com.br\\\/portal\\\/?p=190060\",\"url\":\"https:\\\/\\\/aconteceunovale.com.br\\\/portal\\\/?p=190060\",\"name\":\"Anvisa aprova importa\u00e7\u00e3o de vacina contra var\u00edola dos macacos - Aconteceu no Vale\",\"isPartOf\":{\"@id\":\"https:\\\/\\\/aconteceunovale.com.br\\\/portal\\\/#website\"},\"primaryImageOfPage\":{\"@id\":\"https:\\\/\\\/aconteceunovale.com.br\\\/portal\\\/?p=190060#primaryimage\"},\"image\":{\"@id\":\"https:\\\/\\\/aconteceunovale.com.br\\\/portal\\\/?p=190060#primaryimage\"},\"thumbnailUrl\":\"https:\\\/\\\/aconteceunovale.com.br\\\/portal\\\/wp-content\\\/uploads\\\/2022\\\/08\\\/vacina_monkeypox.jpg\",\"datePublished\":\"2022-08-26T22:26:48+00:00\",\"dateModified\":\"2022-08-26T22:28:07+00:00\",\"author\":{\"@id\":\"https:\\\/\\\/aconteceunovale.com.br\\\/portal\\\/#\\\/schema\\\/person\\\/7d2f26d1483f8a63de73da1ee0754d35\"},\"breadcrumb\":{\"@id\":\"https:\\\/\\\/aconteceunovale.com.br\\\/portal\\\/?p=190060#breadcrumb\"},\"inLanguage\":\"pt-BR\",\"potentialAction\":[{\"@type\":\"ReadAction\",\"target\":[\"https:\\\/\\\/aconteceunovale.com.br\\\/portal\\\/?p=190060\"]}]},{\"@type\":\"ImageObject\",\"inLanguage\":\"pt-BR\",\"@id\":\"https:\\\/\\\/aconteceunovale.com.br\\\/portal\\\/?p=190060#primaryimage\",\"url\":\"https:\\\/\\\/aconteceunovale.com.br\\\/portal\\\/wp-content\\\/uploads\\\/2022\\\/08\\\/vacina_monkeypox.jpg\",\"contentUrl\":\"https:\\\/\\\/aconteceunovale.com.br\\\/portal\\\/wp-content\\\/uploads\\\/2022\\\/08\\\/vacina_monkeypox.jpg\",\"width\":671,\"height\":450,\"caption\":\"Photo: Oasi Samuel\\\/Shutterstock\"},{\"@type\":\"BreadcrumbList\",\"@id\":\"https:\\\/\\\/aconteceunovale.com.br\\\/portal\\\/?p=190060#breadcrumb\",\"itemListElement\":[{\"@type\":\"ListItem\",\"position\":1,\"name\":\"In\u00edcio\",\"item\":\"https:\\\/\\\/aconteceunovale.com.br\\\/portal\\\/\"},{\"@type\":\"ListItem\",\"position\":2,\"name\":\"Anvisa aprova importa\u00e7\u00e3o de vacina contra var\u00edola dos macacos\"}]},{\"@type\":\"WebSite\",\"@id\":\"https:\\\/\\\/aconteceunovale.com.br\\\/portal\\\/#website\",\"url\":\"https:\\\/\\\/aconteceunovale.com.br\\\/portal\\\/\",\"name\":\"Aconteceu no Vale\",\"description\":\"Portal de Not\u00edcias\",\"potentialAction\":[{\"@type\":\"SearchAction\",\"target\":{\"@type\":\"EntryPoint\",\"urlTemplate\":\"https:\\\/\\\/aconteceunovale.com.br\\\/portal\\\/?s={search_term_string}\"},\"query-input\":{\"@type\":\"PropertyValueSpecification\",\"valueRequired\":true,\"valueName\":\"search_term_string\"}}],\"inLanguage\":\"pt-BR\"},{\"@type\":\"Person\",\"@id\":\"https:\\\/\\\/aconteceunovale.com.br\\\/portal\\\/#\\\/schema\\\/person\\\/7d2f26d1483f8a63de73da1ee0754d35\",\"name\":\"Reda\u00e7\u00e3o Aconteceu no Vale\",\"description\":\"Equipe de reportagem do Aconteceu no Vale, portal de not\u00edcias do Vale do Jequitinhonha, em Minas Gerais. Cobrimos as 51 cidades do Vale desde 2013. Sugest\u00f5es de pauta e pedidos de corre\u00e7\u00e3o: contato@aconteceunovale.com.br\",\"url\":\"https:\\\/\\\/aconteceunovale.com.br\\\/portal\\\/?author=4\"}]}<\/script>\n<!-- \/ Yoast SEO plugin. -->","yoast_head_json":{"title":"Anvisa aprova importa\u00e7\u00e3o de vacina contra var\u00edola dos macacos - Aconteceu no Vale","robots":{"index":"index","follow":"follow","max-snippet":"max-snippet:-1","max-image-preview":"max-image-preview:large","max-video-preview":"max-video-preview:-1"},"canonical":"https:\/\/aconteceunovale.com.br\/portal\/?p=190060","og_locale":"pt_BR","og_type":"article","og_title":"Anvisa aprova importa\u00e7\u00e3o de vacina contra var\u00edola dos macacos - Aconteceu no Vale","og_description":"A Ag\u00eancia Nacional de Vigil\u00e2ncia Sanit\u00e1ria (Anvisa) aprovou &#8211; por unanimidade -, em Bras\u00edlia, a dispensa de registro para que o Minist\u00e9rio da Sa\u00fade (MS) importe e utilize no Brasil a vacina Jynneos\/Imvanex\u00a0contra a var\u00edola dos macacos. Em outra decis\u00e3o un\u00e2nime, a Anvisa autorizou a dispensa de registro para que o Minist\u00e9rio da Sa\u00fade importe [&hellip;]","og_url":"https:\/\/aconteceunovale.com.br\/portal\/?p=190060","og_site_name":"Aconteceu no Vale","article_publisher":"https:\/\/www.facebook.com\/aconteceunovale\/","article_published_time":"2022-08-26T22:26:48+00:00","article_modified_time":"2022-08-26T22:28:07+00:00","og_image":[{"width":671,"height":450,"url":"https:\/\/aconteceunovale.com.br\/portal\/wp-content\/uploads\/2022\/08\/vacina_monkeypox.jpg","type":"image\/jpeg"}],"author":"Reda\u00e7\u00e3o Aconteceu no Vale","twitter_card":"summary_large_image","twitter_creator":"@noticiadosvales","twitter_site":"@noticiadosvales","twitter_misc":{"Escrito por":"Reda\u00e7\u00e3o Aconteceu no Vale","Est. tempo de leitura":"4 minutos"},"schema":{"@context":"https:\/\/schema.org","@graph":[{"@type":"Article","@id":"https:\/\/aconteceunovale.com.br\/portal\/?p=190060#article","isPartOf":{"@id":"https:\/\/aconteceunovale.com.br\/portal\/?p=190060"},"author":{"name":"Reda\u00e7\u00e3o Aconteceu no Vale","@id":"https:\/\/aconteceunovale.com.br\/portal\/#\/schema\/person\/7d2f26d1483f8a63de73da1ee0754d35"},"headline":"Anvisa aprova importa\u00e7\u00e3o de vacina contra var\u00edola dos macacos","datePublished":"2022-08-26T22:26:48+00:00","dateModified":"2022-08-26T22:28:07+00:00","mainEntityOfPage":{"@id":"https:\/\/aconteceunovale.com.br\/portal\/?p=190060"},"wordCount":723,"commentCount":0,"image":{"@id":"https:\/\/aconteceunovale.com.br\/portal\/?p=190060#primaryimage"},"thumbnailUrl":"https:\/\/aconteceunovale.com.br\/portal\/wp-content\/uploads\/2022\/08\/vacina_monkeypox.jpg","keywords":["Anvisa aprova importa\u00e7\u00e3o de vacina contra var\u00edola dos macacos","Anvisa dispensa registro de vacinas para var\u00edola dos macacos","Brasil confirma primeira morte relacionada ao Monkeypox; paciente estava em hospital de Belo Horizonte","Casos de Var\u00edola dos macacos no Brasil","Contaminados por Var\u00edola dos macacos no Brasil","destaque","EMA","EUA","Formas de transmiss\u00e3o da Var\u00edola dos macacos","hMPXV","Human Monkeypox V\u00edrus","Imvanex","Jynneos","Jynneos Imvanex","Minist\u00e9rio da Sa\u00fade","Monkeypox","OMS","Rosamund Lewis","Sintomas Monkeypox","Sintomas Var\u00edola dos macacos","Situa\u00e7\u00e3o da Var\u00edola dos macacos no Brasil","Smallpox","Tecovirimat","Transmiss\u00e3o da var\u00edola dos macacos","Transmiss\u00e3o Monkeypox","Vacina contra Monkeypox","Vacina contra var\u00edola dos macacos","Var\u00edola dos macacos","Var\u00edola dos macacos no Brasil","V\u00edrus Monkeypox"],"articleSection":["Brasil","Mundo","Sa\u00fade"],"inLanguage":"pt-BR","potentialAction":[{"@type":"CommentAction","name":"Comment","target":["https:\/\/aconteceunovale.com.br\/portal\/?p=190060#respond"]}]},{"@type":"WebPage","@id":"https:\/\/aconteceunovale.com.br\/portal\/?p=190060","url":"https:\/\/aconteceunovale.com.br\/portal\/?p=190060","name":"Anvisa aprova importa\u00e7\u00e3o de vacina contra var\u00edola dos macacos - Aconteceu no Vale","isPartOf":{"@id":"https:\/\/aconteceunovale.com.br\/portal\/#website"},"primaryImageOfPage":{"@id":"https:\/\/aconteceunovale.com.br\/portal\/?p=190060#primaryimage"},"image":{"@id":"https:\/\/aconteceunovale.com.br\/portal\/?p=190060#primaryimage"},"thumbnailUrl":"https:\/\/aconteceunovale.com.br\/portal\/wp-content\/uploads\/2022\/08\/vacina_monkeypox.jpg","datePublished":"2022-08-26T22:26:48+00:00","dateModified":"2022-08-26T22:28:07+00:00","author":{"@id":"https:\/\/aconteceunovale.com.br\/portal\/#\/schema\/person\/7d2f26d1483f8a63de73da1ee0754d35"},"breadcrumb":{"@id":"https:\/\/aconteceunovale.com.br\/portal\/?p=190060#breadcrumb"},"inLanguage":"pt-BR","potentialAction":[{"@type":"ReadAction","target":["https:\/\/aconteceunovale.com.br\/portal\/?p=190060"]}]},{"@type":"ImageObject","inLanguage":"pt-BR","@id":"https:\/\/aconteceunovale.com.br\/portal\/?p=190060#primaryimage","url":"https:\/\/aconteceunovale.com.br\/portal\/wp-content\/uploads\/2022\/08\/vacina_monkeypox.jpg","contentUrl":"https:\/\/aconteceunovale.com.br\/portal\/wp-content\/uploads\/2022\/08\/vacina_monkeypox.jpg","width":671,"height":450,"caption":"Photo: Oasi Samuel\/Shutterstock"},{"@type":"BreadcrumbList","@id":"https:\/\/aconteceunovale.com.br\/portal\/?p=190060#breadcrumb","itemListElement":[{"@type":"ListItem","position":1,"name":"In\u00edcio","item":"https:\/\/aconteceunovale.com.br\/portal\/"},{"@type":"ListItem","position":2,"name":"Anvisa aprova importa\u00e7\u00e3o de vacina contra var\u00edola dos macacos"}]},{"@type":"WebSite","@id":"https:\/\/aconteceunovale.com.br\/portal\/#website","url":"https:\/\/aconteceunovale.com.br\/portal\/","name":"Aconteceu no Vale","description":"Portal de Not\u00edcias","potentialAction":[{"@type":"SearchAction","target":{"@type":"EntryPoint","urlTemplate":"https:\/\/aconteceunovale.com.br\/portal\/?s={search_term_string}"},"query-input":{"@type":"PropertyValueSpecification","valueRequired":true,"valueName":"search_term_string"}}],"inLanguage":"pt-BR"},{"@type":"Person","@id":"https:\/\/aconteceunovale.com.br\/portal\/#\/schema\/person\/7d2f26d1483f8a63de73da1ee0754d35","name":"Reda\u00e7\u00e3o Aconteceu no Vale","description":"Equipe de reportagem do Aconteceu no Vale, portal de not\u00edcias do Vale do Jequitinhonha, em Minas Gerais. Cobrimos as 51 cidades do Vale desde 2013. Sugest\u00f5es de pauta e pedidos de corre\u00e7\u00e3o: contato@aconteceunovale.com.br","url":"https:\/\/aconteceunovale.com.br\/portal\/?author=4"}]}},"_links":{"self":[{"href":"https:\/\/aconteceunovale.com.br\/portal\/index.php?rest_route=\/wp\/v2\/posts\/190060","targetHints":{"allow":["GET"]}}],"collection":[{"href":"https:\/\/aconteceunovale.com.br\/portal\/index.php?rest_route=\/wp\/v2\/posts"}],"about":[{"href":"https:\/\/aconteceunovale.com.br\/portal\/index.php?rest_route=\/wp\/v2\/types\/post"}],"author":[{"embeddable":true,"href":"https:\/\/aconteceunovale.com.br\/portal\/index.php?rest_route=\/wp\/v2\/users\/4"}],"replies":[{"embeddable":true,"href":"https:\/\/aconteceunovale.com.br\/portal\/index.php?rest_route=%2Fwp%2Fv2%2Fcomments&post=190060"}],"version-history":[{"count":1,"href":"https:\/\/aconteceunovale.com.br\/portal\/index.php?rest_route=\/wp\/v2\/posts\/190060\/revisions"}],"predecessor-version":[{"id":190062,"href":"https:\/\/aconteceunovale.com.br\/portal\/index.php?rest_route=\/wp\/v2\/posts\/190060\/revisions\/190062"}],"wp:featuredmedia":[{"embeddable":true,"href":"https:\/\/aconteceunovale.com.br\/portal\/index.php?rest_route=\/wp\/v2\/media\/190061"}],"wp:attachment":[{"href":"https:\/\/aconteceunovale.com.br\/portal\/index.php?rest_route=%2Fwp%2Fv2%2Fmedia&parent=190060"}],"wp:term":[{"taxonomy":"category","embeddable":true,"href":"https:\/\/aconteceunovale.com.br\/portal\/index.php?rest_route=%2Fwp%2Fv2%2Fcategories&post=190060"},{"taxonomy":"post_tag","embeddable":true,"href":"https:\/\/aconteceunovale.com.br\/portal\/index.php?rest_route=%2Fwp%2Fv2%2Ftags&post=190060"}],"curies":[{"name":"wp","href":"https:\/\/api.w.org\/{rel}","templated":true}]}}