{"id":19004,"date":"2014-01-21T12:29:41","date_gmt":"2014-01-21T14:29:41","guid":{"rendered":"http:\/\/aconteceunovale.com.br\/portal\/?p=19004"},"modified":"2014-01-21T12:29:41","modified_gmt":"2014-01-21T14:29:41","slug":"policia-civil-de-turmalina-recupera-veiculo-roubado-em-contagem","status":"publish","type":"post","link":"https:\/\/aconteceunovale.com.br\/portal\/?p=19004","title":{"rendered":"Pol\u00edcia Civil de Turmalina recupera ve\u00edculo roubado em Contagem"},"content":{"rendered":"<p>Na manh\u00e3 da \u00faltima segunda feira (20\/01), policiais civis de Turmalina-MG, se deslocaram at\u00e9 o distrito de Ca\u00e7aratiba para averiguar denuncia de um ve\u00edculo que estava circulando em alta velocidade pelas vias p\u00fablicas do distrito.<\/p>\n<p>A dilig\u00eancia culminou com a pris\u00e3o de J.B.A. e com a apreens\u00e3o de uma caminhonete FIAT STRADA que foi roubada na cidade de Contagem-MG. O ve\u00edculo se encontrava com placa fria.<\/p>\n<p><img decoding=\"async\" src=\"http:\/\/aconteceunovale.com.br\/portal\/wp-content\/uploads\/2014\/01\/strada_roubada_em_contagem.jpg\" alt=\"\" \/><\/p>\n<p><img decoding=\"async\" src=\"http:\/\/aconteceunovale.com.br\/portal\/wp-content\/uploads\/2014\/01\/policia_civil_cap.jpg\" alt=\"\" \/><\/p>\n","protected":false},"excerpt":{"rendered":"<p>Na manh\u00e3 da \u00faltima segunda feira (20\/01), policiais civis de Turmalina-MG, se deslocaram at\u00e9 o distrito de Ca\u00e7aratiba para averiguar denuncia de um ve\u00edculo que estava circulando em alta velocidade pelas vias p\u00fablicas do distrito. A dilig\u00eancia culminou com a pris\u00e3o de J.B.A. e com a apreens\u00e3o de uma caminhonete FIAT STRADA que foi roubada [&hellip;]<\/p>\n","protected":false},"author":1,"featured_media":19005,"comment_status":"open","ping_status":"closed","sticky":false,"template":"","format":"standard","meta":{"amp_status":"","footnotes":""},"categories":[120],"tags":[3142,3290,3287,178,3288,3289],"class_list":["post-19004","post","type-post","status-publish","format-standard","has-post-thumbnail","hentry","category-jequi","tag-cacaratiba","tag-policia-civil-de-turmalina-recupera-veiculo-roubado-em-contagem","tag-policia-civil-de-turmalina-recupera-veiculo-roubado-no-distrito-de-cacaratiba","tag-turmalina","tag-veiculo-furtado-em-contagem","tag-veiculo-preso-em-turmalina-foi-furtado-em-contagem"],"_links":{"self":[{"href":"https:\/\/aconteceunovale.com.br\/portal\/index.php?rest_route=\/wp\/v2\/posts\/19004","targetHints":{"allow":["GET"]}}],"collection":[{"href":"https:\/\/aconteceunovale.com.br\/portal\/index.php?rest_route=\/wp\/v2\/posts"}],"about":[{"href":"https:\/\/aconteceunovale.com.br\/portal\/index.php?rest_route=\/wp\/v2\/types\/post"}],"author":[{"embeddable":true,"href":"https:\/\/aconteceunovale.com.br\/portal\/index.php?rest_route=\/wp\/v2\/users\/1"}],"replies":[{"embeddable":true,"href":"https:\/\/aconteceunovale.com.br\/portal\/index.php?rest_route=%2Fwp%2Fv2%2Fcomments&post=19004"}],"version-history":[{"count":0,"href":"https:\/\/aconteceunovale.com.br\/portal\/index.php?rest_route=\/wp\/v2\/posts\/19004\/revisions"}],"wp:featuredmedia":[{"embeddable":true,"href":"https:\/\/aconteceunovale.com.br\/portal\/index.php?rest_route=\/wp\/v2\/media\/19005"}],"wp:attachment":[{"href":"https:\/\/aconteceunovale.com.br\/portal\/index.php?rest_route=%2Fwp%2Fv2%2Fmedia&parent=19004"}],"wp:term":[{"taxonomy":"category","embeddable":true,"href":"https:\/\/aconteceunovale.com.br\/portal\/index.php?rest_route=%2Fwp%2Fv2%2Fcategories&post=19004"},{"taxonomy":"post_tag","embeddable":true,"href":"https:\/\/aconteceunovale.com.br\/portal\/index.php?rest_route=%2Fwp%2Fv2%2Ftags&post=19004"}],"curies":[{"name":"wp","href":"https:\/\/api.w.org\/{rel}","templated":true}]}}