{"id":190002,"date":"2022-08-19T20:06:10","date_gmt":"2022-08-19T23:06:10","guid":{"rendered":"https:\/\/aconteceunovale.com.br\/portal\/?p=190002"},"modified":"2022-08-19T20:06:43","modified_gmt":"2022-08-19T23:06:43","slug":"trf6-e-instalado-em-minas-gerais","status":"publish","type":"post","link":"https:\/\/aconteceunovale.com.br\/portal\/?p=190002","title":{"rendered":"TRF6 \u00e9 instalado em Minas Gerais"},"content":{"rendered":"\n<p class=\"wp-block-paragraph\">O presidente do Superior Tribunal de Justi\u00e7a (STJ), ministro Humberto Martins, instalou hoje (19), em Belo Horizonte, o Tribunal Regional Federal da 6\u00aa Regi\u00e3o (TRF6). Fruto de um projeto aprovado no Congresso Nacional e sancionado pelo presidente da Rep\u00fablica, Jair Bolsonaro, o TRF6 abranger\u00e1 o estado de Minas Gerais e ter\u00e1 18 ju\u00edzes.<\/p>\n\n\n\n<p class=\"wp-block-paragraph\">A cria\u00e7\u00e3o do TRF vem de uma demanda judici\u00e1ria para agilizar processos, vez que Minas Gerais fazia parte do TRF da 1\u00aa Regi\u00e3o, com sede em Bras\u00edlia, e que abrangia outras 13 unidades da federa\u00e7\u00e3o al\u00e9m de Minas. O estado de Minas Gerais era respons\u00e1vel, sozinho, por mais de 30% de todos os processos que tramitam no TRF da 1\u00aa Regi\u00e3o.<\/p>\n\n\n\n<p class=\"wp-block-paragraph\">Com a sa\u00edda do estado de sua composi\u00e7\u00e3o, o TRF da 1\u00aa Regi\u00e3o abranger\u00e1 Acre, Amap\u00e1, Amazonas, Bahia, Goi\u00e1s, Maranh\u00e3o, Mato Grosso, Par\u00e1, Piau\u00ed, Rond\u00f4nia, Roraima, Distrito Federal e Tocantins.<\/p>\n\n\n\n<p class=\"wp-block-paragraph\">\u201cO Tribunal Regional Federal da sexta Regi\u00e3o \u00e9 fruto da necessidade de melhor organiza\u00e7\u00e3o da Justi\u00e7a Federal para garantia de uma justi\u00e7a r\u00e1pida e eficiente, de modo a concretizar os direitos fundamentais e a reduzir as desigualdades\u201d, disse Martins&nbsp;em discurso. Na cerim\u00f4nia tamb\u00e9m foi eleita a presidente do TRF6, a desembargadora M\u00f4nica Sifuentes. Tomaram posse, ainda, outros 17 desembargadores.<\/p>\n\n\n\n<p class=\"wp-block-paragraph\">Participaram da solenidade o presidente Bolsonaro, o presidente do Senado e do Congresso, Rodrigo Pacheco, e o presidente do Supremo Tribunal Federal, Luiz Fux. Em r\u00e1pido discurso, Bolsonaro falou do processo de cria\u00e7\u00e3o do TRF 6 e afirmou que a cria\u00e7\u00e3o de um TRF para atender Minas Gerais beneficiar\u00e1 todo o pa\u00eds.<\/p>\n\n\n\n<p class=\"wp-block-paragraph\">\u201cQuis o destino que fosse eu o presidente que sancionou a lei da cria\u00e7\u00e3o do Tribunal Regional Federal da 6\u00aa Regi\u00e3o. Um trabalho que come\u00e7ou l\u00e1 atr\u00e1s para fazer justi\u00e7a, n\u00e3o apenas com Minas Gerais, mas com toda a popula\u00e7\u00e3o brasileira, que passar\u00e1 a ter celeridade em seus processos\u201d, disse Bolsonaro. \u201cTenho certeza que os senhores distribuir\u00e3o justi\u00e7a para todos no nosso Brasil\u201d, acrescentou, se dirigindo aos desembargadores escolhidos para compor o novo Tribunal Regional Federal.<\/p>\n\n\n\n<p class=\"wp-block-paragraph\">&#8212;&#8212;&#8212;&#8212;&#8212;&#8212;<br><br><strong>Sabia que o Aconteceu no Vale est\u00e1 tamb\u00e9m no Telegram? <a rel=\"noreferrer noopener\" href=\"https:\/\/t.me\/aconteceunovaleoficial\" target=\"_blank\">Inscreva-se no canal<\/a>.<\/strong><br><br><strong>J\u00e1 curtiu ou seguiu nossas p\u00e1ginas nas redes sociais?\u00a0Receba as not\u00edcias em primeira m\u00e3o:<\/strong><br>\u2022 <a rel=\"noreferrer noopener\" href=\"https:\/\/news.google.com\/publications\/CAAqBwgKMNjklQswi4etAw?hl=pt-BR&amp;gl=BR&amp;ceid=BR%3Apt-419\" target=\"_blank\">Google News<\/a><br>\u2022 <a rel=\"noreferrer noopener\" href=\"https:\/\/www.facebook.com\/aconteceunovale\/\" target=\"_blank\">Facebook<\/a><br>\u2022 <a rel=\"noreferrer noopener\" href=\"https:\/\/twitter.com\/noticiadosvales\" target=\"_blank\">Twitter<\/a><br>\u2022 <a rel=\"noreferrer noopener\" href=\"https:\/\/www.instagram.com\/aconteceunovale\" target=\"_blank\">Instagram<\/a><br>\u2022 <a rel=\"noreferrer noopener\" href=\"https:\/\/www.youtube.com\/AconteceunoValeOficial\" target=\"_blank\">Youtube<\/a><br>\u2022 <a rel=\"noreferrer noopener\" href=\"https:\/\/www.tiktok.com\/@aconteceunovale\" target=\"_blank\">TikTok<\/a><\/p>\n","protected":false},"excerpt":{"rendered":"<p>O presidente do Superior Tribunal de Justi\u00e7a (STJ), ministro Humberto Martins, instalou hoje (19), em Belo Horizonte, o Tribunal Regional Federal da 6\u00aa Regi\u00e3o (TRF6). Fruto de um projeto aprovado no Congresso Nacional e sancionado pelo presidente da Rep\u00fablica, Jair Bolsonaro, o TRF6 abranger\u00e1 o estado de Minas Gerais e ter\u00e1 18 ju\u00edzes. A cria\u00e7\u00e3o [&hellip;]<\/p>\n","protected":false},"author":4,"featured_media":190003,"comment_status":"open","ping_status":"closed","sticky":false,"template":"","format":"standard","meta":{"amp_status":"","footnotes":""},"categories":[6,123],"tags":[194,1017,100375,262026,262028,1018,262027,26436,23452,131,5667,18887,262029,256836,256837,256838,251700,262599,251699],"class_list":["post-190002","post","type-post","status-publish","format-standard","has-post-thumbnail","hentry","category-br","category-gerais","tag-belo-horizonte","tag-bh","tag-bolsonaro","tag-composicao-do-trf6","tag-desembargadores-nomeados-para-o-trf6","tag-destaque","tag-integrantes-do-trf6","tag-jair-bolsonaro","tag-justica-federal","tag-minas-gerais","tag-ministerio-publico-federal","tag-mpf","tag-nomeados-para-o-trf6","tag-procuradoria-regional-da-6a-regiao","tag-procuradoria-regional-da-republica-da-6a-regiao","tag-procuradoria-regional-da-republica-da-6a-regiao-em-minas-gerais","tag-trf6","tag-trf6-e-instalado-em-minas-gerais","tag-tribunal-regional-federal-da-6a-regiao"],"yoast_head":"<!-- This site is optimized with the Yoast SEO plugin v28.3 - https:\/\/yoast.com\/product\/yoast-seo-wordpress\/ -->\n<title>TRF6 \u00e9 instalado em Minas Gerais - Aconteceu no Vale<\/title>\n<meta name=\"robots\" content=\"index, follow, max-snippet:-1, max-image-preview:large, max-video-preview:-1\" \/>\n<link rel=\"canonical\" href=\"https:\/\/aconteceunovale.com.br\/portal\/?p=190002\" \/>\n<meta property=\"og:locale\" content=\"pt_BR\" \/>\n<meta property=\"og:type\" content=\"article\" \/>\n<meta property=\"og:title\" content=\"TRF6 \u00e9 instalado em Minas Gerais - Aconteceu no Vale\" \/>\n<meta property=\"og:description\" content=\"O presidente do Superior Tribunal de Justi\u00e7a (STJ), ministro Humberto Martins, instalou hoje (19), em Belo Horizonte, o Tribunal Regional Federal da 6\u00aa Regi\u00e3o (TRF6). Fruto de um projeto aprovado no Congresso Nacional e sancionado pelo presidente da Rep\u00fablica, Jair Bolsonaro, o TRF6 abranger\u00e1 o estado de Minas Gerais e ter\u00e1 18 ju\u00edzes. A cria\u00e7\u00e3o [&hellip;]\" \/>\n<meta property=\"og:url\" content=\"https:\/\/aconteceunovale.com.br\/portal\/?p=190002\" \/>\n<meta property=\"og:site_name\" content=\"Aconteceu no Vale\" \/>\n<meta property=\"article:publisher\" content=\"https:\/\/www.facebook.com\/aconteceunovale\/\" \/>\n<meta property=\"article:published_time\" content=\"2022-08-19T23:06:10+00:00\" \/>\n<meta property=\"article:modified_time\" content=\"2022-08-19T23:06:43+00:00\" \/>\n<meta property=\"og:image\" content=\"https:\/\/aconteceunovale.com.br\/portal\/wp-content\/uploads\/2022\/08\/trf6_fachada.png\" \/>\n\t<meta property=\"og:image:width\" content=\"678\" \/>\n\t<meta property=\"og:image:height\" content=\"349\" \/>\n\t<meta property=\"og:image:type\" content=\"image\/png\" \/>\n<meta name=\"author\" content=\"Reda\u00e7\u00e3o Aconteceu no Vale\" \/>\n<meta name=\"twitter:card\" content=\"summary_large_image\" \/>\n<meta name=\"twitter:creator\" content=\"@noticiadosvales\" \/>\n<meta name=\"twitter:site\" content=\"@noticiadosvales\" \/>\n<meta name=\"twitter:label1\" content=\"Escrito por\" \/>\n\t<meta name=\"twitter:data1\" content=\"Reda\u00e7\u00e3o Aconteceu no Vale\" \/>\n\t<meta name=\"twitter:label2\" content=\"Est. tempo de leitura\" \/>\n\t<meta name=\"twitter:data2\" content=\"2 minutos\" \/>\n<script type=\"application\/ld+json\" class=\"yoast-schema-graph\">{\"@context\":\"https:\\\/\\\/schema.org\",\"@graph\":[{\"@type\":\"Article\",\"@id\":\"https:\\\/\\\/aconteceunovale.com.br\\\/portal\\\/?p=190002#article\",\"isPartOf\":{\"@id\":\"https:\\\/\\\/aconteceunovale.com.br\\\/portal\\\/?p=190002\"},\"author\":{\"name\":\"Reda\u00e7\u00e3o Aconteceu no Vale\",\"@id\":\"https:\\\/\\\/aconteceunovale.com.br\\\/portal\\\/#\\\/schema\\\/person\\\/7d2f26d1483f8a63de73da1ee0754d35\"},\"headline\":\"TRF6 \u00e9 instalado em Minas Gerais\",\"datePublished\":\"2022-08-19T23:06:10+00:00\",\"dateModified\":\"2022-08-19T23:06:43+00:00\",\"mainEntityOfPage\":{\"@id\":\"https:\\\/\\\/aconteceunovale.com.br\\\/portal\\\/?p=190002\"},\"wordCount\":405,\"commentCount\":0,\"image\":{\"@id\":\"https:\\\/\\\/aconteceunovale.com.br\\\/portal\\\/?p=190002#primaryimage\"},\"thumbnailUrl\":\"https:\\\/\\\/aconteceunovale.com.br\\\/portal\\\/wp-content\\\/uploads\\\/2022\\\/08\\\/trf6_fachada.png\",\"keywords\":[\"Belo Horizonte\",\"bh\",\"Bolsonaro\",\"Composi\u00e7\u00e3o do TRF6\",\"Desembargadores nomeados para o TRF6\",\"destaque\",\"Integrantes do TRF6\",\"Jair Bolsonaro\",\"Justi\u00e7a Federal\",\"Minas Gerais\",\"Minist\u00e9rio P\u00fablico Federal\",\"MPF\",\"Nomeados para o TRF6\",\"Procuradoria Regional da 6\u00aa Regi\u00e3o\",\"Procuradoria Regional da Rep\u00fablica da 6\u00aa Regi\u00e3o\",\"Procuradoria Regional da Rep\u00fablica da 6\u00aa Regi\u00e3o em Minas Gerais\",\"TRF6\",\"TRF6 \u00e9 instalado em Minas Gerais\",\"Tribunal Regional Federal da 6\u00aa Regi\u00e3o\"],\"articleSection\":[\"Brasil\",\"Minas Gerais\"],\"inLanguage\":\"pt-BR\",\"potentialAction\":[{\"@type\":\"CommentAction\",\"name\":\"Comment\",\"target\":[\"https:\\\/\\\/aconteceunovale.com.br\\\/portal\\\/?p=190002#respond\"]}]},{\"@type\":\"WebPage\",\"@id\":\"https:\\\/\\\/aconteceunovale.com.br\\\/portal\\\/?p=190002\",\"url\":\"https:\\\/\\\/aconteceunovale.com.br\\\/portal\\\/?p=190002\",\"name\":\"TRF6 \u00e9 instalado em Minas Gerais - Aconteceu no Vale\",\"isPartOf\":{\"@id\":\"https:\\\/\\\/aconteceunovale.com.br\\\/portal\\\/#website\"},\"primaryImageOfPage\":{\"@id\":\"https:\\\/\\\/aconteceunovale.com.br\\\/portal\\\/?p=190002#primaryimage\"},\"image\":{\"@id\":\"https:\\\/\\\/aconteceunovale.com.br\\\/portal\\\/?p=190002#primaryimage\"},\"thumbnailUrl\":\"https:\\\/\\\/aconteceunovale.com.br\\\/portal\\\/wp-content\\\/uploads\\\/2022\\\/08\\\/trf6_fachada.png\",\"datePublished\":\"2022-08-19T23:06:10+00:00\",\"dateModified\":\"2022-08-19T23:06:43+00:00\",\"author\":{\"@id\":\"https:\\\/\\\/aconteceunovale.com.br\\\/portal\\\/#\\\/schema\\\/person\\\/7d2f26d1483f8a63de73da1ee0754d35\"},\"breadcrumb\":{\"@id\":\"https:\\\/\\\/aconteceunovale.com.br\\\/portal\\\/?p=190002#breadcrumb\"},\"inLanguage\":\"pt-BR\",\"potentialAction\":[{\"@type\":\"ReadAction\",\"target\":[\"https:\\\/\\\/aconteceunovale.com.br\\\/portal\\\/?p=190002\"]}]},{\"@type\":\"ImageObject\",\"inLanguage\":\"pt-BR\",\"@id\":\"https:\\\/\\\/aconteceunovale.com.br\\\/portal\\\/?p=190002#primaryimage\",\"url\":\"https:\\\/\\\/aconteceunovale.com.br\\\/portal\\\/wp-content\\\/uploads\\\/2022\\\/08\\\/trf6_fachada.png\",\"contentUrl\":\"https:\\\/\\\/aconteceunovale.com.br\\\/portal\\\/wp-content\\\/uploads\\\/2022\\\/08\\\/trf6_fachada.png\",\"width\":678,\"height\":349},{\"@type\":\"BreadcrumbList\",\"@id\":\"https:\\\/\\\/aconteceunovale.com.br\\\/portal\\\/?p=190002#breadcrumb\",\"itemListElement\":[{\"@type\":\"ListItem\",\"position\":1,\"name\":\"In\u00edcio\",\"item\":\"https:\\\/\\\/aconteceunovale.com.br\\\/portal\\\/\"},{\"@type\":\"ListItem\",\"position\":2,\"name\":\"TRF6 \u00e9 instalado em Minas Gerais\"}]},{\"@type\":\"WebSite\",\"@id\":\"https:\\\/\\\/aconteceunovale.com.br\\\/portal\\\/#website\",\"url\":\"https:\\\/\\\/aconteceunovale.com.br\\\/portal\\\/\",\"name\":\"Aconteceu no Vale\",\"description\":\"Portal de Not\u00edcias\",\"potentialAction\":[{\"@type\":\"SearchAction\",\"target\":{\"@type\":\"EntryPoint\",\"urlTemplate\":\"https:\\\/\\\/aconteceunovale.com.br\\\/portal\\\/?s={search_term_string}\"},\"query-input\":{\"@type\":\"PropertyValueSpecification\",\"valueRequired\":true,\"valueName\":\"search_term_string\"}}],\"inLanguage\":\"pt-BR\"},{\"@type\":\"Person\",\"@id\":\"https:\\\/\\\/aconteceunovale.com.br\\\/portal\\\/#\\\/schema\\\/person\\\/7d2f26d1483f8a63de73da1ee0754d35\",\"name\":\"Reda\u00e7\u00e3o Aconteceu no Vale\",\"description\":\"Equipe de reportagem do Aconteceu no Vale, portal de not\u00edcias do Vale do Jequitinhonha, em Minas Gerais. Cobrimos as 51 cidades do Vale desde 2013. Sugest\u00f5es de pauta e pedidos de corre\u00e7\u00e3o: contato@aconteceunovale.com.br\",\"url\":\"https:\\\/\\\/aconteceunovale.com.br\\\/portal\\\/?author=4\"}]}<\/script>\n<!-- \/ Yoast SEO plugin. -->","yoast_head_json":{"title":"TRF6 \u00e9 instalado em Minas Gerais - Aconteceu no Vale","robots":{"index":"index","follow":"follow","max-snippet":"max-snippet:-1","max-image-preview":"max-image-preview:large","max-video-preview":"max-video-preview:-1"},"canonical":"https:\/\/aconteceunovale.com.br\/portal\/?p=190002","og_locale":"pt_BR","og_type":"article","og_title":"TRF6 \u00e9 instalado em Minas Gerais - Aconteceu no Vale","og_description":"O presidente do Superior Tribunal de Justi\u00e7a (STJ), ministro Humberto Martins, instalou hoje (19), em Belo Horizonte, o Tribunal Regional Federal da 6\u00aa Regi\u00e3o (TRF6). Fruto de um projeto aprovado no Congresso Nacional e sancionado pelo presidente da Rep\u00fablica, Jair Bolsonaro, o TRF6 abranger\u00e1 o estado de Minas Gerais e ter\u00e1 18 ju\u00edzes. A cria\u00e7\u00e3o [&hellip;]","og_url":"https:\/\/aconteceunovale.com.br\/portal\/?p=190002","og_site_name":"Aconteceu no Vale","article_publisher":"https:\/\/www.facebook.com\/aconteceunovale\/","article_published_time":"2022-08-19T23:06:10+00:00","article_modified_time":"2022-08-19T23:06:43+00:00","og_image":[{"width":678,"height":349,"url":"https:\/\/aconteceunovale.com.br\/portal\/wp-content\/uploads\/2022\/08\/trf6_fachada.png","type":"image\/png"}],"author":"Reda\u00e7\u00e3o Aconteceu no Vale","twitter_card":"summary_large_image","twitter_creator":"@noticiadosvales","twitter_site":"@noticiadosvales","twitter_misc":{"Escrito por":"Reda\u00e7\u00e3o Aconteceu no Vale","Est. tempo de leitura":"2 minutos"},"schema":{"@context":"https:\/\/schema.org","@graph":[{"@type":"Article","@id":"https:\/\/aconteceunovale.com.br\/portal\/?p=190002#article","isPartOf":{"@id":"https:\/\/aconteceunovale.com.br\/portal\/?p=190002"},"author":{"name":"Reda\u00e7\u00e3o Aconteceu no Vale","@id":"https:\/\/aconteceunovale.com.br\/portal\/#\/schema\/person\/7d2f26d1483f8a63de73da1ee0754d35"},"headline":"TRF6 \u00e9 instalado em Minas Gerais","datePublished":"2022-08-19T23:06:10+00:00","dateModified":"2022-08-19T23:06:43+00:00","mainEntityOfPage":{"@id":"https:\/\/aconteceunovale.com.br\/portal\/?p=190002"},"wordCount":405,"commentCount":0,"image":{"@id":"https:\/\/aconteceunovale.com.br\/portal\/?p=190002#primaryimage"},"thumbnailUrl":"https:\/\/aconteceunovale.com.br\/portal\/wp-content\/uploads\/2022\/08\/trf6_fachada.png","keywords":["Belo Horizonte","bh","Bolsonaro","Composi\u00e7\u00e3o do TRF6","Desembargadores nomeados para o TRF6","destaque","Integrantes do TRF6","Jair Bolsonaro","Justi\u00e7a Federal","Minas Gerais","Minist\u00e9rio P\u00fablico Federal","MPF","Nomeados para o TRF6","Procuradoria Regional da 6\u00aa Regi\u00e3o","Procuradoria Regional da Rep\u00fablica da 6\u00aa Regi\u00e3o","Procuradoria Regional da Rep\u00fablica da 6\u00aa Regi\u00e3o em Minas Gerais","TRF6","TRF6 \u00e9 instalado em Minas Gerais","Tribunal Regional Federal da 6\u00aa Regi\u00e3o"],"articleSection":["Brasil","Minas Gerais"],"inLanguage":"pt-BR","potentialAction":[{"@type":"CommentAction","name":"Comment","target":["https:\/\/aconteceunovale.com.br\/portal\/?p=190002#respond"]}]},{"@type":"WebPage","@id":"https:\/\/aconteceunovale.com.br\/portal\/?p=190002","url":"https:\/\/aconteceunovale.com.br\/portal\/?p=190002","name":"TRF6 \u00e9 instalado em Minas Gerais - Aconteceu no Vale","isPartOf":{"@id":"https:\/\/aconteceunovale.com.br\/portal\/#website"},"primaryImageOfPage":{"@id":"https:\/\/aconteceunovale.com.br\/portal\/?p=190002#primaryimage"},"image":{"@id":"https:\/\/aconteceunovale.com.br\/portal\/?p=190002#primaryimage"},"thumbnailUrl":"https:\/\/aconteceunovale.com.br\/portal\/wp-content\/uploads\/2022\/08\/trf6_fachada.png","datePublished":"2022-08-19T23:06:10+00:00","dateModified":"2022-08-19T23:06:43+00:00","author":{"@id":"https:\/\/aconteceunovale.com.br\/portal\/#\/schema\/person\/7d2f26d1483f8a63de73da1ee0754d35"},"breadcrumb":{"@id":"https:\/\/aconteceunovale.com.br\/portal\/?p=190002#breadcrumb"},"inLanguage":"pt-BR","potentialAction":[{"@type":"ReadAction","target":["https:\/\/aconteceunovale.com.br\/portal\/?p=190002"]}]},{"@type":"ImageObject","inLanguage":"pt-BR","@id":"https:\/\/aconteceunovale.com.br\/portal\/?p=190002#primaryimage","url":"https:\/\/aconteceunovale.com.br\/portal\/wp-content\/uploads\/2022\/08\/trf6_fachada.png","contentUrl":"https:\/\/aconteceunovale.com.br\/portal\/wp-content\/uploads\/2022\/08\/trf6_fachada.png","width":678,"height":349},{"@type":"BreadcrumbList","@id":"https:\/\/aconteceunovale.com.br\/portal\/?p=190002#breadcrumb","itemListElement":[{"@type":"ListItem","position":1,"name":"In\u00edcio","item":"https:\/\/aconteceunovale.com.br\/portal\/"},{"@type":"ListItem","position":2,"name":"TRF6 \u00e9 instalado em Minas Gerais"}]},{"@type":"WebSite","@id":"https:\/\/aconteceunovale.com.br\/portal\/#website","url":"https:\/\/aconteceunovale.com.br\/portal\/","name":"Aconteceu no Vale","description":"Portal de Not\u00edcias","potentialAction":[{"@type":"SearchAction","target":{"@type":"EntryPoint","urlTemplate":"https:\/\/aconteceunovale.com.br\/portal\/?s={search_term_string}"},"query-input":{"@type":"PropertyValueSpecification","valueRequired":true,"valueName":"search_term_string"}}],"inLanguage":"pt-BR"},{"@type":"Person","@id":"https:\/\/aconteceunovale.com.br\/portal\/#\/schema\/person\/7d2f26d1483f8a63de73da1ee0754d35","name":"Reda\u00e7\u00e3o Aconteceu no Vale","description":"Equipe de reportagem do Aconteceu no Vale, portal de not\u00edcias do Vale do Jequitinhonha, em Minas Gerais. Cobrimos as 51 cidades do Vale desde 2013. Sugest\u00f5es de pauta e pedidos de corre\u00e7\u00e3o: contato@aconteceunovale.com.br","url":"https:\/\/aconteceunovale.com.br\/portal\/?author=4"}]}},"_links":{"self":[{"href":"https:\/\/aconteceunovale.com.br\/portal\/index.php?rest_route=\/wp\/v2\/posts\/190002","targetHints":{"allow":["GET"]}}],"collection":[{"href":"https:\/\/aconteceunovale.com.br\/portal\/index.php?rest_route=\/wp\/v2\/posts"}],"about":[{"href":"https:\/\/aconteceunovale.com.br\/portal\/index.php?rest_route=\/wp\/v2\/types\/post"}],"author":[{"embeddable":true,"href":"https:\/\/aconteceunovale.com.br\/portal\/index.php?rest_route=\/wp\/v2\/users\/4"}],"replies":[{"embeddable":true,"href":"https:\/\/aconteceunovale.com.br\/portal\/index.php?rest_route=%2Fwp%2Fv2%2Fcomments&post=190002"}],"version-history":[{"count":1,"href":"https:\/\/aconteceunovale.com.br\/portal\/index.php?rest_route=\/wp\/v2\/posts\/190002\/revisions"}],"predecessor-version":[{"id":190004,"href":"https:\/\/aconteceunovale.com.br\/portal\/index.php?rest_route=\/wp\/v2\/posts\/190002\/revisions\/190004"}],"wp:featuredmedia":[{"embeddable":true,"href":"https:\/\/aconteceunovale.com.br\/portal\/index.php?rest_route=\/wp\/v2\/media\/190003"}],"wp:attachment":[{"href":"https:\/\/aconteceunovale.com.br\/portal\/index.php?rest_route=%2Fwp%2Fv2%2Fmedia&parent=190002"}],"wp:term":[{"taxonomy":"category","embeddable":true,"href":"https:\/\/aconteceunovale.com.br\/portal\/index.php?rest_route=%2Fwp%2Fv2%2Fcategories&post=190002"},{"taxonomy":"post_tag","embeddable":true,"href":"https:\/\/aconteceunovale.com.br\/portal\/index.php?rest_route=%2Fwp%2Fv2%2Ftags&post=190002"}],"curies":[{"name":"wp","href":"https:\/\/api.w.org\/{rel}","templated":true}]}}