{"id":189989,"date":"2022-08-18T16:03:00","date_gmt":"2022-08-18T19:03:00","guid":{"rendered":"https:\/\/aconteceunovale.com.br\/portal\/?p=189989"},"modified":"2022-08-18T16:04:13","modified_gmt":"2022-08-18T19:04:13","slug":"vaga-exclusiva-para-pcd-em-pirapora","status":"publish","type":"post","link":"https:\/\/aconteceunovale.com.br\/portal\/?p=189989","title":{"rendered":"Vaga exclusiva para PCD em Pirapora"},"content":{"rendered":"\n<p class=\"has-background wp-block-paragraph\" style=\"background-color:#f2f2f4\"><em><strong>SEST SENAT<\/strong> <strong>Torna p\u00fablica a abertura de processo seletivo para contrata\u00e7\u00e3o de\u00a0Auxiliar Administrativo (<u>vaga exclusiva para PCD \u2013 c\u00f3digo 1321\/2022<\/u>)\u00a0para atuar em Pirapora-MG.<\/strong><\/em><br><br><em><strong>Comunicado de Abertura de Processo Seletivo \u2013\u00a0 N\u00ba 1321\/2022.<\/strong>\u00a0<\/em><br><br><em>Para mais informa\u00e7\u00f5es, acesse o endere\u00e7o eletr\u00f4nico:\u00a0<a rel=\"noreferrer noopener\" href=\"https:\/\/www.sestsenat.org.br\/trabalhe-conosco\" target=\"_blank\">https:\/\/www.sestsenat.org.br\/trabalhe-conosco<\/a>,\u00a0durante o per\u00edodo de inscri\u00e7\u00f5es, que ser\u00e1 de\u00a0<strong>21\/08\u00a0a 04\/09\/2022.<\/strong><\/em><br><br><em><strong>O processo seletivo ter\u00e1 as seguintes etapas:<\/strong>\u00a0avalia\u00e7\u00e3o documental,\u00a0avalia\u00e7\u00e3o de conhecimentos espec\u00edficos e entrevista.<\/em><\/p>\n\n\n\n<p class=\"has-text-align-center wp-block-paragraph\"><em>Publicado por Aconteceu no Vale \u2013 18\/8\/2022 | 16h03<\/em><\/p>\n","protected":false},"excerpt":{"rendered":"<p>SEST SENAT Torna p\u00fablica a abertura de processo seletivo para contrata\u00e7\u00e3o de\u00a0Auxiliar Administrativo (vaga exclusiva para PCD \u2013 c\u00f3digo 1321\/2022)\u00a0para atuar em Pirapora-MG. Comunicado de Abertura de Processo Seletivo \u2013\u00a0 N\u00ba 1321\/2022.\u00a0 Para mais informa\u00e7\u00f5es, acesse o endere\u00e7o eletr\u00f4nico:\u00a0https:\/\/www.sestsenat.org.br\/trabalhe-conosco,\u00a0durante o per\u00edodo de inscri\u00e7\u00f5es, que ser\u00e1 de\u00a021\/08\u00a0a 04\/09\/2022. O processo seletivo ter\u00e1 as seguintes etapas:\u00a0avalia\u00e7\u00e3o documental,\u00a0avalia\u00e7\u00e3o [&hellip;]<\/p>\n","protected":false},"author":4,"featured_media":189990,"comment_status":"open","ping_status":"closed","sticky":false,"template":"","format":"standard","meta":{"amp_status":"","footnotes":""},"categories":[155260,1236],"tags":[1018,254,262588,262586,262585,262589,262587],"class_list":["post-189989","post","type-post","status-publish","format-standard","has-post-thumbnail","hentry","category-editais","category-norte_de_minas","tag-destaque","tag-pirapora","tag-sest-senat-pirapora","tag-vaga-de-emprego-em-pirapora","tag-vaga-exclusiva-para-pcd-em-pirapora","tag-vaga-no-sest-senat-em-pirapora","tag-vaga-pcd-pirapora"],"yoast_head":"<!-- This site is optimized with the Yoast SEO plugin v28.3 - https:\/\/yoast.com\/product\/yoast-seo-wordpress\/ -->\n<title>Vaga exclusiva para PCD em Pirapora - Aconteceu no Vale<\/title>\n<meta name=\"robots\" content=\"index, follow, max-snippet:-1, max-image-preview:large, max-video-preview:-1\" \/>\n<link rel=\"canonical\" href=\"https:\/\/aconteceunovale.com.br\/portal\/?p=189989\" \/>\n<meta property=\"og:locale\" content=\"pt_BR\" \/>\n<meta property=\"og:type\" content=\"article\" \/>\n<meta property=\"og:title\" content=\"Vaga exclusiva para PCD em Pirapora - Aconteceu no Vale\" \/>\n<meta property=\"og:description\" content=\"SEST SENAT Torna p\u00fablica a abertura de processo seletivo para contrata\u00e7\u00e3o de\u00a0Auxiliar Administrativo (vaga exclusiva para PCD \u2013 c\u00f3digo 1321\/2022)\u00a0para atuar em Pirapora-MG. Comunicado de Abertura de Processo Seletivo \u2013\u00a0 N\u00ba 1321\/2022.\u00a0 Para mais informa\u00e7\u00f5es, acesse o endere\u00e7o eletr\u00f4nico:\u00a0https:\/\/www.sestsenat.org.br\/trabalhe-conosco,\u00a0durante o per\u00edodo de inscri\u00e7\u00f5es, que ser\u00e1 de\u00a021\/08\u00a0a 04\/09\/2022. O processo seletivo ter\u00e1 as seguintes etapas:\u00a0avalia\u00e7\u00e3o documental,\u00a0avalia\u00e7\u00e3o [&hellip;]\" \/>\n<meta property=\"og:url\" content=\"https:\/\/aconteceunovale.com.br\/portal\/?p=189989\" \/>\n<meta property=\"og:site_name\" content=\"Aconteceu no Vale\" \/>\n<meta property=\"article:publisher\" content=\"https:\/\/www.facebook.com\/aconteceunovale\/\" \/>\n<meta property=\"article:published_time\" content=\"2022-08-18T19:03:00+00:00\" \/>\n<meta property=\"article:modified_time\" content=\"2022-08-18T19:04:13+00:00\" \/>\n<meta property=\"og:image\" content=\"https:\/\/aconteceunovale.com.br\/portal\/wp-content\/uploads\/2022\/08\/sest_senat_pirapora.jpg\" \/>\n\t<meta property=\"og:image:width\" content=\"678\" \/>\n\t<meta property=\"og:image:height\" content=\"358\" \/>\n\t<meta property=\"og:image:type\" content=\"image\/jpeg\" \/>\n<meta name=\"author\" content=\"Reda\u00e7\u00e3o Aconteceu no Vale\" \/>\n<meta name=\"twitter:card\" content=\"summary_large_image\" \/>\n<meta name=\"twitter:creator\" content=\"@noticiadosvales\" \/>\n<meta name=\"twitter:site\" content=\"@noticiadosvales\" \/>\n<meta name=\"twitter:label1\" content=\"Escrito por\" \/>\n\t<meta name=\"twitter:data1\" content=\"Reda\u00e7\u00e3o Aconteceu no Vale\" \/>\n<script type=\"application\/ld+json\" class=\"yoast-schema-graph\">{\"@context\":\"https:\\\/\\\/schema.org\",\"@graph\":[{\"@type\":\"Article\",\"@id\":\"https:\\\/\\\/aconteceunovale.com.br\\\/portal\\\/?p=189989#article\",\"isPartOf\":{\"@id\":\"https:\\\/\\\/aconteceunovale.com.br\\\/portal\\\/?p=189989\"},\"author\":{\"name\":\"Reda\u00e7\u00e3o Aconteceu no Vale\",\"@id\":\"https:\\\/\\\/aconteceunovale.com.br\\\/portal\\\/#\\\/schema\\\/person\\\/7d2f26d1483f8a63de73da1ee0754d35\"},\"headline\":\"Vaga exclusiva para PCD em Pirapora\",\"datePublished\":\"2022-08-18T19:03:00+00:00\",\"dateModified\":\"2022-08-18T19:04:13+00:00\",\"mainEntityOfPage\":{\"@id\":\"https:\\\/\\\/aconteceunovale.com.br\\\/portal\\\/?p=189989\"},\"wordCount\":90,\"commentCount\":0,\"image\":{\"@id\":\"https:\\\/\\\/aconteceunovale.com.br\\\/portal\\\/?p=189989#primaryimage\"},\"thumbnailUrl\":\"https:\\\/\\\/aconteceunovale.com.br\\\/portal\\\/wp-content\\\/uploads\\\/2022\\\/08\\\/sest_senat_pirapora.jpg\",\"keywords\":[\"destaque\",\"Pirapora\",\"Sest Senat Pirapora\",\"Vaga de emprego em Pirapora\",\"Vaga exclusiva para PCD em Pirapora\",\"Vaga no Sest Senat em Pirapora\",\"Vaga PCD Pirapora\"],\"articleSection\":[\"Editais\",\"Norte de Minas\"],\"inLanguage\":\"pt-BR\",\"potentialAction\":[{\"@type\":\"CommentAction\",\"name\":\"Comment\",\"target\":[\"https:\\\/\\\/aconteceunovale.com.br\\\/portal\\\/?p=189989#respond\"]}]},{\"@type\":\"WebPage\",\"@id\":\"https:\\\/\\\/aconteceunovale.com.br\\\/portal\\\/?p=189989\",\"url\":\"https:\\\/\\\/aconteceunovale.com.br\\\/portal\\\/?p=189989\",\"name\":\"Vaga exclusiva para PCD em Pirapora - Aconteceu no Vale\",\"isPartOf\":{\"@id\":\"https:\\\/\\\/aconteceunovale.com.br\\\/portal\\\/#website\"},\"primaryImageOfPage\":{\"@id\":\"https:\\\/\\\/aconteceunovale.com.br\\\/portal\\\/?p=189989#primaryimage\"},\"image\":{\"@id\":\"https:\\\/\\\/aconteceunovale.com.br\\\/portal\\\/?p=189989#primaryimage\"},\"thumbnailUrl\":\"https:\\\/\\\/aconteceunovale.com.br\\\/portal\\\/wp-content\\\/uploads\\\/2022\\\/08\\\/sest_senat_pirapora.jpg\",\"datePublished\":\"2022-08-18T19:03:00+00:00\",\"dateModified\":\"2022-08-18T19:04:13+00:00\",\"author\":{\"@id\":\"https:\\\/\\\/aconteceunovale.com.br\\\/portal\\\/#\\\/schema\\\/person\\\/7d2f26d1483f8a63de73da1ee0754d35\"},\"breadcrumb\":{\"@id\":\"https:\\\/\\\/aconteceunovale.com.br\\\/portal\\\/?p=189989#breadcrumb\"},\"inLanguage\":\"pt-BR\",\"potentialAction\":[{\"@type\":\"ReadAction\",\"target\":[\"https:\\\/\\\/aconteceunovale.com.br\\\/portal\\\/?p=189989\"]}]},{\"@type\":\"ImageObject\",\"inLanguage\":\"pt-BR\",\"@id\":\"https:\\\/\\\/aconteceunovale.com.br\\\/portal\\\/?p=189989#primaryimage\",\"url\":\"https:\\\/\\\/aconteceunovale.com.br\\\/portal\\\/wp-content\\\/uploads\\\/2022\\\/08\\\/sest_senat_pirapora.jpg\",\"contentUrl\":\"https:\\\/\\\/aconteceunovale.com.br\\\/portal\\\/wp-content\\\/uploads\\\/2022\\\/08\\\/sest_senat_pirapora.jpg\",\"width\":678,\"height\":358},{\"@type\":\"BreadcrumbList\",\"@id\":\"https:\\\/\\\/aconteceunovale.com.br\\\/portal\\\/?p=189989#breadcrumb\",\"itemListElement\":[{\"@type\":\"ListItem\",\"position\":1,\"name\":\"In\u00edcio\",\"item\":\"https:\\\/\\\/aconteceunovale.com.br\\\/portal\\\/\"},{\"@type\":\"ListItem\",\"position\":2,\"name\":\"Vaga exclusiva para PCD em Pirapora\"}]},{\"@type\":\"WebSite\",\"@id\":\"https:\\\/\\\/aconteceunovale.com.br\\\/portal\\\/#website\",\"url\":\"https:\\\/\\\/aconteceunovale.com.br\\\/portal\\\/\",\"name\":\"Aconteceu no Vale\",\"description\":\"Portal de Not\u00edcias\",\"potentialAction\":[{\"@type\":\"SearchAction\",\"target\":{\"@type\":\"EntryPoint\",\"urlTemplate\":\"https:\\\/\\\/aconteceunovale.com.br\\\/portal\\\/?s={search_term_string}\"},\"query-input\":{\"@type\":\"PropertyValueSpecification\",\"valueRequired\":true,\"valueName\":\"search_term_string\"}}],\"inLanguage\":\"pt-BR\"},{\"@type\":\"Person\",\"@id\":\"https:\\\/\\\/aconteceunovale.com.br\\\/portal\\\/#\\\/schema\\\/person\\\/7d2f26d1483f8a63de73da1ee0754d35\",\"name\":\"Reda\u00e7\u00e3o Aconteceu no Vale\",\"description\":\"Equipe de reportagem do Aconteceu no Vale, portal de not\u00edcias do Vale do Jequitinhonha, em Minas Gerais. Cobrimos as 51 cidades do Vale desde 2013. Sugest\u00f5es de pauta e pedidos de corre\u00e7\u00e3o: contato@aconteceunovale.com.br\",\"url\":\"https:\\\/\\\/aconteceunovale.com.br\\\/portal\\\/?author=4\"}]}<\/script>\n<!-- \/ Yoast SEO plugin. -->","yoast_head_json":{"title":"Vaga exclusiva para PCD em Pirapora - Aconteceu no Vale","robots":{"index":"index","follow":"follow","max-snippet":"max-snippet:-1","max-image-preview":"max-image-preview:large","max-video-preview":"max-video-preview:-1"},"canonical":"https:\/\/aconteceunovale.com.br\/portal\/?p=189989","og_locale":"pt_BR","og_type":"article","og_title":"Vaga exclusiva para PCD em Pirapora - Aconteceu no Vale","og_description":"SEST SENAT Torna p\u00fablica a abertura de processo seletivo para contrata\u00e7\u00e3o de\u00a0Auxiliar Administrativo (vaga exclusiva para PCD \u2013 c\u00f3digo 1321\/2022)\u00a0para atuar em Pirapora-MG. Comunicado de Abertura de Processo Seletivo \u2013\u00a0 N\u00ba 1321\/2022.\u00a0 Para mais informa\u00e7\u00f5es, acesse o endere\u00e7o eletr\u00f4nico:\u00a0https:\/\/www.sestsenat.org.br\/trabalhe-conosco,\u00a0durante o per\u00edodo de inscri\u00e7\u00f5es, que ser\u00e1 de\u00a021\/08\u00a0a 04\/09\/2022. O processo seletivo ter\u00e1 as seguintes etapas:\u00a0avalia\u00e7\u00e3o documental,\u00a0avalia\u00e7\u00e3o [&hellip;]","og_url":"https:\/\/aconteceunovale.com.br\/portal\/?p=189989","og_site_name":"Aconteceu no Vale","article_publisher":"https:\/\/www.facebook.com\/aconteceunovale\/","article_published_time":"2022-08-18T19:03:00+00:00","article_modified_time":"2022-08-18T19:04:13+00:00","og_image":[{"width":678,"height":358,"url":"https:\/\/aconteceunovale.com.br\/portal\/wp-content\/uploads\/2022\/08\/sest_senat_pirapora.jpg","type":"image\/jpeg"}],"author":"Reda\u00e7\u00e3o Aconteceu no Vale","twitter_card":"summary_large_image","twitter_creator":"@noticiadosvales","twitter_site":"@noticiadosvales","twitter_misc":{"Escrito por":"Reda\u00e7\u00e3o Aconteceu no Vale"},"schema":{"@context":"https:\/\/schema.org","@graph":[{"@type":"Article","@id":"https:\/\/aconteceunovale.com.br\/portal\/?p=189989#article","isPartOf":{"@id":"https:\/\/aconteceunovale.com.br\/portal\/?p=189989"},"author":{"name":"Reda\u00e7\u00e3o Aconteceu no Vale","@id":"https:\/\/aconteceunovale.com.br\/portal\/#\/schema\/person\/7d2f26d1483f8a63de73da1ee0754d35"},"headline":"Vaga exclusiva para PCD em Pirapora","datePublished":"2022-08-18T19:03:00+00:00","dateModified":"2022-08-18T19:04:13+00:00","mainEntityOfPage":{"@id":"https:\/\/aconteceunovale.com.br\/portal\/?p=189989"},"wordCount":90,"commentCount":0,"image":{"@id":"https:\/\/aconteceunovale.com.br\/portal\/?p=189989#primaryimage"},"thumbnailUrl":"https:\/\/aconteceunovale.com.br\/portal\/wp-content\/uploads\/2022\/08\/sest_senat_pirapora.jpg","keywords":["destaque","Pirapora","Sest Senat Pirapora","Vaga de emprego em Pirapora","Vaga exclusiva para PCD em Pirapora","Vaga no Sest Senat em Pirapora","Vaga PCD Pirapora"],"articleSection":["Editais","Norte de Minas"],"inLanguage":"pt-BR","potentialAction":[{"@type":"CommentAction","name":"Comment","target":["https:\/\/aconteceunovale.com.br\/portal\/?p=189989#respond"]}]},{"@type":"WebPage","@id":"https:\/\/aconteceunovale.com.br\/portal\/?p=189989","url":"https:\/\/aconteceunovale.com.br\/portal\/?p=189989","name":"Vaga exclusiva para PCD em Pirapora - Aconteceu no Vale","isPartOf":{"@id":"https:\/\/aconteceunovale.com.br\/portal\/#website"},"primaryImageOfPage":{"@id":"https:\/\/aconteceunovale.com.br\/portal\/?p=189989#primaryimage"},"image":{"@id":"https:\/\/aconteceunovale.com.br\/portal\/?p=189989#primaryimage"},"thumbnailUrl":"https:\/\/aconteceunovale.com.br\/portal\/wp-content\/uploads\/2022\/08\/sest_senat_pirapora.jpg","datePublished":"2022-08-18T19:03:00+00:00","dateModified":"2022-08-18T19:04:13+00:00","author":{"@id":"https:\/\/aconteceunovale.com.br\/portal\/#\/schema\/person\/7d2f26d1483f8a63de73da1ee0754d35"},"breadcrumb":{"@id":"https:\/\/aconteceunovale.com.br\/portal\/?p=189989#breadcrumb"},"inLanguage":"pt-BR","potentialAction":[{"@type":"ReadAction","target":["https:\/\/aconteceunovale.com.br\/portal\/?p=189989"]}]},{"@type":"ImageObject","inLanguage":"pt-BR","@id":"https:\/\/aconteceunovale.com.br\/portal\/?p=189989#primaryimage","url":"https:\/\/aconteceunovale.com.br\/portal\/wp-content\/uploads\/2022\/08\/sest_senat_pirapora.jpg","contentUrl":"https:\/\/aconteceunovale.com.br\/portal\/wp-content\/uploads\/2022\/08\/sest_senat_pirapora.jpg","width":678,"height":358},{"@type":"BreadcrumbList","@id":"https:\/\/aconteceunovale.com.br\/portal\/?p=189989#breadcrumb","itemListElement":[{"@type":"ListItem","position":1,"name":"In\u00edcio","item":"https:\/\/aconteceunovale.com.br\/portal\/"},{"@type":"ListItem","position":2,"name":"Vaga exclusiva para PCD em Pirapora"}]},{"@type":"WebSite","@id":"https:\/\/aconteceunovale.com.br\/portal\/#website","url":"https:\/\/aconteceunovale.com.br\/portal\/","name":"Aconteceu no Vale","description":"Portal de Not\u00edcias","potentialAction":[{"@type":"SearchAction","target":{"@type":"EntryPoint","urlTemplate":"https:\/\/aconteceunovale.com.br\/portal\/?s={search_term_string}"},"query-input":{"@type":"PropertyValueSpecification","valueRequired":true,"valueName":"search_term_string"}}],"inLanguage":"pt-BR"},{"@type":"Person","@id":"https:\/\/aconteceunovale.com.br\/portal\/#\/schema\/person\/7d2f26d1483f8a63de73da1ee0754d35","name":"Reda\u00e7\u00e3o Aconteceu no Vale","description":"Equipe de reportagem do Aconteceu no Vale, portal de not\u00edcias do Vale do Jequitinhonha, em Minas Gerais. Cobrimos as 51 cidades do Vale desde 2013. Sugest\u00f5es de pauta e pedidos de corre\u00e7\u00e3o: contato@aconteceunovale.com.br","url":"https:\/\/aconteceunovale.com.br\/portal\/?author=4"}]}},"_links":{"self":[{"href":"https:\/\/aconteceunovale.com.br\/portal\/index.php?rest_route=\/wp\/v2\/posts\/189989","targetHints":{"allow":["GET"]}}],"collection":[{"href":"https:\/\/aconteceunovale.com.br\/portal\/index.php?rest_route=\/wp\/v2\/posts"}],"about":[{"href":"https:\/\/aconteceunovale.com.br\/portal\/index.php?rest_route=\/wp\/v2\/types\/post"}],"author":[{"embeddable":true,"href":"https:\/\/aconteceunovale.com.br\/portal\/index.php?rest_route=\/wp\/v2\/users\/4"}],"replies":[{"embeddable":true,"href":"https:\/\/aconteceunovale.com.br\/portal\/index.php?rest_route=%2Fwp%2Fv2%2Fcomments&post=189989"}],"version-history":[{"count":1,"href":"https:\/\/aconteceunovale.com.br\/portal\/index.php?rest_route=\/wp\/v2\/posts\/189989\/revisions"}],"predecessor-version":[{"id":189991,"href":"https:\/\/aconteceunovale.com.br\/portal\/index.php?rest_route=\/wp\/v2\/posts\/189989\/revisions\/189991"}],"wp:featuredmedia":[{"embeddable":true,"href":"https:\/\/aconteceunovale.com.br\/portal\/index.php?rest_route=\/wp\/v2\/media\/189990"}],"wp:attachment":[{"href":"https:\/\/aconteceunovale.com.br\/portal\/index.php?rest_route=%2Fwp%2Fv2%2Fmedia&parent=189989"}],"wp:term":[{"taxonomy":"category","embeddable":true,"href":"https:\/\/aconteceunovale.com.br\/portal\/index.php?rest_route=%2Fwp%2Fv2%2Fcategories&post=189989"},{"taxonomy":"post_tag","embeddable":true,"href":"https:\/\/aconteceunovale.com.br\/portal\/index.php?rest_route=%2Fwp%2Fv2%2Ftags&post=189989"}],"curies":[{"name":"wp","href":"https:\/\/api.w.org\/{rel}","templated":true}]}}