{"id":18998,"date":"2014-01-21T10:48:52","date_gmt":"2014-01-21T12:48:52","guid":{"rendered":"http:\/\/aconteceunovale.com.br\/portal\/?p=18998"},"modified":"2014-01-21T10:48:52","modified_gmt":"2014-01-21T12:48:52","slug":"parceria-garante-campanha-de-combate-ao-abuso-contra-criancas-e-adolescentes-no-vale","status":"publish","type":"post","link":"https:\/\/aconteceunovale.com.br\/portal\/?p=18998","title":{"rendered":"Parceria garante campanha de combate ao abuso contra crian\u00e7as e adolescentes no Vale"},"content":{"rendered":"<p>A ONG Oficina de Imagens em parceria com o F\u00f3rum Interinstitucional de Enfretamento \u00e0 Viol\u00eancia Dom\u00e9stica, Abuso e Explora\u00e7\u00e3o Sexual de Crian\u00e7as e Adolescentes do Estado de Minas Gerais FEVCAMG &#8211; e apoio t\u00e9cnico financeiro do CEDCA\/MG e SEDESE est\u00e1 realizando o projeto \u201cVIOL\u00caNCIA SEXUAL N\u00c3O!\u201d.<\/p>\n<p>Com dura\u00e7\u00e3o de 12 meses (in\u00edcio em Janeiro de 2014), o projeto tem por objetivo central fortalecer a rede de enfrentamento \u00e0 viol\u00eancia sexual contra crian\u00e7as e adolescentes na regi\u00e3o do Norte de Minas e do Vale do Jequitinhonha, abrangendo adolescentes, jovens, representantes de organiza\u00e7\u00f5es sociais, comunidade escolar, conselhos tutelares e projetos governamentais de 23 munic\u00edpios das regi\u00f5es citadas.<\/p>\n<p>As a\u00e7\u00f5es a serem desenvolvidas no projeto estabelecem como meta o enfrentamento ao abuso e \u00e0 explora\u00e7\u00e3o sexual de crian\u00e7as e adolescentes. <\/p>\n<p>Ser\u00e3o desenvolvidas a\u00e7\u00f5es de preven\u00e7\u00e3o como: forma\u00e7\u00e3o de um grupo de jovens mobilizadores (composto por dois representantes de cada um dos 23 munic\u00edpios) para o enfrentamento da viol\u00eancia sexual contra crian\u00e7as e adolescentes; produ\u00e7\u00e3o de materiais informativos sobre o tema com linguagem acess\u00edvel ao p\u00fablico das comunidades e escolas; mobiliza\u00e7\u00e3o social de atores estrat\u00e9gicos nos munic\u00edpios e no estado, com foco no acesso \u00e0 informa\u00e7\u00e3o para preven\u00e7\u00e3o.<\/p>\n<p>Ao final do projeto espera-se que o p\u00fablico envolvido nas a\u00e7\u00f5es esteja apto a identificar situa\u00e7\u00f5es de viol\u00eancia sexual, quais s\u00e3o os canais de den\u00fancia, al\u00e9m de terem a capacidade de mobiliza\u00e7\u00e3o intensificada.<\/p>\n<p><strong>Munic\u00edpios envolvidos:<\/strong><\/p>\n<p>Angel\u00e2ndia; Aricanduva; Capelinha; Carbonita; Coluna; Couto Magalh\u00e3es; Datas; Diamantina; Fel\u00edcio dos Santos; Gouveia; Itamarandiba; Leme do Prado; Minas Novas; Presidente Kubstcheck; Rio Vermelho; S\u00e3o Gon\u00e7alo do Rio das Pedras; Santo Ant\u00f4nio do Itamb\u00e9; Senador Modestino; Serra Azul de Minas; Serro; Turmalina; Veredinha.<\/p>\n<p><em>(Imagem ilustrativa)<\/em><br \/>\n<img decoding=\"async\" src=\"http:\/\/aconteceunovale.com.br\/portal\/wp-content\/uploads\/2013\/12\/abuso.jpg\" alt=\"\" \/><\/p>\n","protected":false},"excerpt":{"rendered":"<p>A ONG Oficina de Imagens em parceria com o F\u00f3rum Interinstitucional de Enfretamento \u00e0 Viol\u00eancia Dom\u00e9stica, Abuso e Explora\u00e7\u00e3o Sexual de Crian\u00e7as e Adolescentes do Estado de Minas Gerais FEVCAMG &#8211; e apoio t\u00e9cnico financeiro do CEDCA\/MG e SEDESE est\u00e1 realizando o projeto \u201cVIOL\u00caNCIA SEXUAL N\u00c3O!\u201d. Com dura\u00e7\u00e3o de 12 meses (in\u00edcio em Janeiro de [&hellip;]<\/p>\n","protected":false},"author":1,"featured_media":14576,"comment_status":"open","ping_status":"closed","sticky":false,"template":"","format":"standard","meta":{"amp_status":"","footnotes":""},"categories":[120],"tags":[657,551,132,557,281,3278,3279,198,879,3277,2998,149,480,137,3276,3274,3280,3275,445,315,153,3281,327,154,178,916],"class_list":["post-18998","post","type-post","status-publish","format-standard","has-post-thumbnail","hentry","category-jequi","tag-angelandia","tag-aricanduva","tag-capelinha","tag-carbonita","tag-coluna","tag-couto-magalhaes","tag-datas","tag-diamantina","tag-felicio-dos-santos","tag-fevcamg","tag-gouveia","tag-itamarandiba","tag-leme-do-prado","tag-minas-novas","tag-ong-oficina-de-imagens","tag-parceria-garante-campanha-de-combate-ao-abuso-contra-criancas-e-adolescentes-no-vale","tag-presidente-kubstcheck","tag-projeto-violencia-sexual-nao","tag-rio-vermelho","tag-santo-antonio-do-itambe","tag-sao-goncalo-do-rio-das-pedras","tag-senador-modestino","tag-serra-azul-de-minas","tag-serro","tag-turmalina","tag-veredinha"],"_links":{"self":[{"href":"https:\/\/aconteceunovale.com.br\/portal\/index.php?rest_route=\/wp\/v2\/posts\/18998","targetHints":{"allow":["GET"]}}],"collection":[{"href":"https:\/\/aconteceunovale.com.br\/portal\/index.php?rest_route=\/wp\/v2\/posts"}],"about":[{"href":"https:\/\/aconteceunovale.com.br\/portal\/index.php?rest_route=\/wp\/v2\/types\/post"}],"author":[{"embeddable":true,"href":"https:\/\/aconteceunovale.com.br\/portal\/index.php?rest_route=\/wp\/v2\/users\/1"}],"replies":[{"embeddable":true,"href":"https:\/\/aconteceunovale.com.br\/portal\/index.php?rest_route=%2Fwp%2Fv2%2Fcomments&post=18998"}],"version-history":[{"count":0,"href":"https:\/\/aconteceunovale.com.br\/portal\/index.php?rest_route=\/wp\/v2\/posts\/18998\/revisions"}],"wp:featuredmedia":[{"embeddable":true,"href":"https:\/\/aconteceunovale.com.br\/portal\/index.php?rest_route=\/wp\/v2\/media\/14576"}],"wp:attachment":[{"href":"https:\/\/aconteceunovale.com.br\/portal\/index.php?rest_route=%2Fwp%2Fv2%2Fmedia&parent=18998"}],"wp:term":[{"taxonomy":"category","embeddable":true,"href":"https:\/\/aconteceunovale.com.br\/portal\/index.php?rest_route=%2Fwp%2Fv2%2Fcategories&post=18998"},{"taxonomy":"post_tag","embeddable":true,"href":"https:\/\/aconteceunovale.com.br\/portal\/index.php?rest_route=%2Fwp%2Fv2%2Ftags&post=18998"}],"curies":[{"name":"wp","href":"https:\/\/api.w.org\/{rel}","templated":true}]}}