{"id":18995,"date":"2014-01-21T10:44:35","date_gmt":"2014-01-21T12:44:35","guid":{"rendered":"http:\/\/aconteceunovale.com.br\/portal\/?p=18995"},"modified":"2014-01-21T10:44:35","modified_gmt":"2014-01-21T12:44:35","slug":"escola-do-vale-do-jequitinhonha-mobiliza-alunos-para-a-tematica-ambiental","status":"publish","type":"post","link":"https:\/\/aconteceunovale.com.br\/portal\/?p=18995","title":{"rendered":"Escola do Vale do Jequitinhonha mobiliza alunos para a tem\u00e1tica ambiental"},"content":{"rendered":"<p><em><strong>No \u00faltimo ano, 1.333 alunos dos ensinos fundamental e m\u00e9dio da Escola Estadual S\u00e3o Miguel participaram de atividades ligadas relacionadas ao meio ambiente<\/strong><\/em><\/p>\n<p><img decoding=\"async\" src=\"http:\/\/aconteceunovale.com.br\/portal\/wp-content\/uploads\/2014\/01\/escola-do-vale-do-jequitinhonha-mobiliza-alunos-para-a-tematica-ambiental.jpg\" alt=\"\" \/><br \/>\n<em>Os estudantes apresentaram trabalhos desenvolvidos em sala de aula<\/em><\/p>\n<p>A preserva\u00e7\u00e3o do meio ambiente foi o assunto em todas as disciplinas da Escola Estadual S\u00e3o Miguel, em Jequitinhonha, munic\u00edpio localizado no Vale do Jequitinhonha, em todo o ano de 2013. Segundo informa\u00e7\u00f5es disponibilizadas pela Secretaria de Estado de Educa\u00e7\u00e3o, os 1.333 alunos dos ensinos fundamental e m\u00e9dio participaram de atividades e aprenderam conte\u00fados relacionados ao tema em todas as disciplinas, inclusive nas das \u00e1reas de empregabilidade do Reinventando o Ensino M\u00e9dio: Tecnologia da Informa\u00e7\u00e3o, Meio Ambiente e Recursos Naturais e Empreendedorismo e Gest\u00e3o.<\/p>\n<p>O principal objetivo do projeto \u2018Meio Ambiente: Despertando uma Consci\u00eancia Ecol\u00f3gica\u2019 era contribuir para a constru\u00e7\u00e3o de uma consci\u00eancia cidad\u00e3 de preserva\u00e7\u00e3o e cuidado com o meio ambiente nos alunos. Para isso, diversas a\u00e7\u00f5es foram desenvolvidas, como an\u00e1lise da realidade ambiental na comunidade, identifica\u00e7\u00e3o de problemas em rela\u00e7\u00e3o ao lixo, palestras, pesquisas bibliogr\u00e1ficas, v\u00eddeos e muito mais. Cada atividade foi inserida em uma ou mais disciplinas, se adequando aos conte\u00fados.<\/p>\n<p>Nas aulas de L\u00edngua Portuguesa, por exemplo, os alunos produziram textos, pe\u00e7as teatrais cartazes e murais sobre a reciclagem e Meio Ambiente. Em Matem\u00e1tica, os estudantes fizeram an\u00e1lise de dados, baseados em pesquisas, entrevistas e materiais coletados, que resultaram em gr\u00e1ficos e tabelas. Nas aulas de Ci\u00eancias ou Biologia, foram discutidos os problemas criados com aterros sanit\u00e1rios, contamina\u00e7\u00f5es e polui\u00e7\u00e3o das \u00e1guas e os alunos conheceram os cuidados que se devem ter para evitar as doen\u00e7as transmitidas pelo lixo mal-acondicionado.<\/p>\n<p>As disciplinas do &#8216;Reinventando o Ensino M\u00e9dio&#8217; n\u00e3o ficaram de fora. Um dos trabalhos da turma de Tecnologia da Informa\u00e7\u00e3o foi a divulga\u00e7\u00e3o do trabalho da escola no Facebook. J\u00e1 os alunos de Empreendedorismo e Gest\u00e3o analisaram, refletiram e relatara sobre as a\u00e7\u00f5es do poder p\u00fablico em rela\u00e7\u00e3o \u00e0 preserva\u00e7\u00e3o da flora e fauna local. Os estudantes que cursam a \u00e1rea de empregabilidade Meio Ambiente e Recursos Naturais focaram na quest\u00e3o da coleta seletiva e da reciclagem.<\/p>\n","protected":false},"excerpt":{"rendered":"<p>No \u00faltimo ano, 1.333 alunos dos ensinos fundamental e m\u00e9dio da Escola Estadual S\u00e3o Miguel participaram de atividades ligadas relacionadas ao meio ambiente Os estudantes apresentaram trabalhos desenvolvidos em sala de aula A preserva\u00e7\u00e3o do meio ambiente foi o assunto em todas as disciplinas da Escola Estadual S\u00e3o Miguel, em Jequitinhonha, munic\u00edpio localizado no Vale [&hellip;]<\/p>\n","protected":false},"author":1,"featured_media":18996,"comment_status":"open","ping_status":"closed","sticky":false,"template":"","format":"standard","meta":{"amp_status":"","footnotes":""},"categories":[120],"tags":[3272,3273,206030],"class_list":["post-18995","post","type-post","status-publish","format-standard","has-post-thumbnail","hentry","category-jequi","tag-escola-do-vale-do-jequitinhonha-mobiliza-alunos-para-a-tematica-ambiental","tag-escola-estadual-sao-miguel-em-jequitinhonha","tag-jequi"],"_links":{"self":[{"href":"https:\/\/aconteceunovale.com.br\/portal\/index.php?rest_route=\/wp\/v2\/posts\/18995","targetHints":{"allow":["GET"]}}],"collection":[{"href":"https:\/\/aconteceunovale.com.br\/portal\/index.php?rest_route=\/wp\/v2\/posts"}],"about":[{"href":"https:\/\/aconteceunovale.com.br\/portal\/index.php?rest_route=\/wp\/v2\/types\/post"}],"author":[{"embeddable":true,"href":"https:\/\/aconteceunovale.com.br\/portal\/index.php?rest_route=\/wp\/v2\/users\/1"}],"replies":[{"embeddable":true,"href":"https:\/\/aconteceunovale.com.br\/portal\/index.php?rest_route=%2Fwp%2Fv2%2Fcomments&post=18995"}],"version-history":[{"count":0,"href":"https:\/\/aconteceunovale.com.br\/portal\/index.php?rest_route=\/wp\/v2\/posts\/18995\/revisions"}],"wp:featuredmedia":[{"embeddable":true,"href":"https:\/\/aconteceunovale.com.br\/portal\/index.php?rest_route=\/wp\/v2\/media\/18996"}],"wp:attachment":[{"href":"https:\/\/aconteceunovale.com.br\/portal\/index.php?rest_route=%2Fwp%2Fv2%2Fmedia&parent=18995"}],"wp:term":[{"taxonomy":"category","embeddable":true,"href":"https:\/\/aconteceunovale.com.br\/portal\/index.php?rest_route=%2Fwp%2Fv2%2Fcategories&post=18995"},{"taxonomy":"post_tag","embeddable":true,"href":"https:\/\/aconteceunovale.com.br\/portal\/index.php?rest_route=%2Fwp%2Fv2%2Ftags&post=18995"}],"curies":[{"name":"wp","href":"https:\/\/api.w.org\/{rel}","templated":true}]}}