{"id":189931,"date":"2022-08-16T21:49:59","date_gmt":"2022-08-17T00:49:59","guid":{"rendered":"https:\/\/aconteceunovale.com.br\/portal\/?p=189931"},"modified":"2022-08-16T21:50:31","modified_gmt":"2022-08-17T00:50:31","slug":"saiba-quem-sao-os-candidatos-a-governador-de-rondonia","status":"publish","type":"post","link":"https:\/\/aconteceunovale.com.br\/portal\/?p=189931","title":{"rendered":"Saiba quem s\u00e3o os candidatos a governador de Rond\u00f4nia"},"content":{"rendered":"\n<p class=\"wp-block-paragraph\">A Justi\u00e7a Eleitoral recebeu no total&nbsp;pelo menos 28 mil registros de candidaturas para as elei\u00e7\u00f5es de outubro. A campanha come\u00e7a oficialmente nesta ter\u00e7a-feira (16).<\/p>\n\n\n\n<p class=\"wp-block-paragraph\">Foram recebidos 12 registros de candidaturas \u00e0 Presid\u00eancia e 12 a vice-presidente; 223 para governador e vice-governador, 231 para senador, 10.238 para deputado federal, 16.161 para deputado estadual e 591 para deputado distrital.<\/p>\n\n\n\n<figure class=\"wp-block-gallery has-nested-images columns-default is-cropped wp-block-gallery-1 is-layout-flex wp-block-gallery-is-layout-flex\">\n<figure class=\"wp-block-image size-large\"><img loading=\"lazy\" decoding=\"async\" width=\"678\" height=\"353\" data-id=\"189932\" src=\"https:\/\/aconteceunovale.com.br\/portal\/wp-content\/uploads\/2022\/08\/candidatos_gov_rondonia.jpg\" alt=\"\" class=\"wp-image-189932\" srcset=\"https:\/\/aconteceunovale.com.br\/portal\/wp-content\/uploads\/2022\/08\/candidatos_gov_rondonia.jpg 678w, https:\/\/aconteceunovale.com.br\/portal\/wp-content\/uploads\/2022\/08\/candidatos_gov_rondonia-300x156.jpg 300w\" sizes=\"auto, (max-width: 678px) 100vw, 678px\" \/><figcaption><em><sub>Candidatos a governador de Rond\u00f4nia &#8211; Arte: Aconteceu no Vale<\/sub><\/em><\/figcaption><\/figure>\n<\/figure>\n\n\n\n<p class=\"wp-block-paragraph\">Em Rond\u00f4nia, sete candidatos concorrem ao cargo de governador. Confira a lista:<\/p>\n\n\n\n<ul class=\"wp-block-list\"><li>Comendador Val Queiroz (AGIR) &#8211; <a href=\"https:\/\/divulgacandcontas.tse.jus.br\/divulga\/#\/candidato\/2022\/2040602022\/RO\/220001713811\" target=\"_blank\" rel=\"noreferrer noopener\">Saiba mais<\/a><\/li><li>Coronel Marcos Rocha (Uni\u00e3o Brasil) &#8211; <a href=\"https:\/\/divulgacandcontas.tse.jus.br\/divulga\/#\/candidato\/2022\/2040602022\/RO\/220001609511\" target=\"_blank\" rel=\"noreferrer noopener\">Saiba mais<\/a><\/li><li>Daniel Pereira (Solidariedade) &#8211; <a href=\"https:\/\/divulgacandcontas.tse.jus.br\/divulga\/#\/candidato\/2022\/2040602022\/RO\/220001723308\" target=\"_blank\" rel=\"noreferrer noopener\">Saiba mais<\/a><\/li><li>Ivo Cassol (PP) &#8211; <a href=\"https:\/\/divulgacandcontas.tse.jus.br\/divulga\/#\/candidato\/2022\/2040602022\/RO\/220001609507\" target=\"_blank\" rel=\"noreferrer noopener\">Saiba mais<\/a><\/li><li>L\u00e9o Moraes (Podemos) &#8211; <a href=\"https:\/\/divulgacandcontas.tse.jus.br\/divulga\/#\/candidato\/2022\/2040602022\/RO\/220001719268\" target=\"_blank\" rel=\"noreferrer noopener\">Saiba mais<\/a><\/li><li>Marcos Rog\u00e9rio (PL) &#8211; <a href=\"https:\/\/divulgacandcontas.tse.jus.br\/divulga\/#\/candidato\/2022\/2040602022\/RO\/220001647595\" target=\"_blank\" rel=\"noreferrer noopener\">Saiba mais<\/a><\/li><li>Pimenta de Rond\u00f4nia (PSOL) &#8211; <a href=\"https:\/\/divulgacandcontas.tse.jus.br\/divulga\/#\/candidato\/2022\/2040602022\/RO\/220001635569\" target=\"_blank\" rel=\"noreferrer noopener\">Saiba mais<\/a><\/li><\/ul>\n\n\n\n<p class=\"wp-block-paragraph\">&#8212;&#8212;&#8212;&#8212;&#8212;&#8212;<br><br><strong>Sabia que o Aconteceu no Vale est\u00e1 tamb\u00e9m no Telegram? <a rel=\"noreferrer noopener\" href=\"https:\/\/t.me\/aconteceunovaleoficial\" target=\"_blank\">Inscreva-se no canal<\/a>.<\/strong><br><br><strong>J\u00e1 curtiu ou seguiu nossas p\u00e1ginas nas redes sociais?\u00a0Receba as not\u00edcias em primeira m\u00e3o:<\/strong><br>\u2022 <a rel=\"noreferrer noopener\" href=\"https:\/\/news.google.com\/publications\/CAAqBwgKMNjklQswi4etAw?hl=pt-BR&amp;gl=BR&amp;ceid=BR%3Apt-419\" target=\"_blank\">Google News<\/a><br>\u2022 <a rel=\"noreferrer noopener\" href=\"https:\/\/www.facebook.com\/aconteceunovale\/\" target=\"_blank\">Facebook<\/a><br>\u2022 <a rel=\"noreferrer noopener\" href=\"https:\/\/twitter.com\/noticiadosvales\" target=\"_blank\">Twitter<\/a><br>\u2022 <a rel=\"noreferrer noopener\" href=\"https:\/\/www.instagram.com\/aconteceunovale\" target=\"_blank\">Instagram<\/a><br>\u2022 <a rel=\"noreferrer noopener\" href=\"https:\/\/www.youtube.com\/AconteceunoValeOficial\" target=\"_blank\">Youtube<\/a><br>\u2022 <a rel=\"noreferrer noopener\" href=\"https:\/\/www.tiktok.com\/@aconteceunovale\" target=\"_blank\">TikTok<\/a><\/p>\n","protected":false},"excerpt":{"rendered":"<p>A Justi\u00e7a Eleitoral recebeu no total&nbsp;pelo menos 28 mil registros de candidaturas para as elei\u00e7\u00f5es de outubro. A campanha come\u00e7a oficialmente nesta ter\u00e7a-feira (16). Foram recebidos 12 registros de candidaturas \u00e0 Presid\u00eancia e 12 a vice-presidente; 223 para governador e vice-governador, 231 para senador, 10.238 para deputado federal, 16.161 para deputado estadual e 591 para [&hellip;]<\/p>\n","protected":false},"author":4,"featured_media":189932,"comment_status":"open","ping_status":"closed","sticky":false,"template":"","format":"standard","meta":{"amp_status":"","footnotes":""},"categories":[6,249933],"tags":[262511,262516,262510,184340,27561,252238,262515,262514,262517,262518,249596,262513,262519,262512,20571,262509],"class_list":["post-189931","post","type-post","status-publish","format-standard","has-post-thumbnail","hentry","category-br","category-eleicoes-2022","tag-candidatos-a-governador-de-rondonia","tag-comendador-val-queiroz","tag-confira-a-lista-de-candidatos-a-governador-de-rondonia","tag-coronel-marcos-rocha","tag-daniel-pereira","tag-eleicoes-2022","tag-eleicoes-2022-em-rondonia","tag-informacoes-sobre-os-candidatos-a-governador-de-rondonia","tag-ivo-cassol","tag-leo-moraes","tag-marcos-rogerio","tag-nomes-dos-candidatos-a-governador-de-rondonia","tag-pimenta-de-rondonia","tag-relacao-de-candidatos-a-governador-de-rondonia","tag-rondonia","tag-saiba-quem-sao-os-candidatos-a-governador-de-rondonia"],"yoast_head":"<!-- This site is optimized with the Yoast SEO plugin v28.3 - https:\/\/yoast.com\/product\/yoast-seo-wordpress\/ -->\n<title>Saiba quem s\u00e3o os candidatos a governador de Rond\u00f4nia - Aconteceu no Vale<\/title>\n<meta name=\"robots\" content=\"index, follow, max-snippet:-1, max-image-preview:large, max-video-preview:-1\" \/>\n<link rel=\"canonical\" href=\"https:\/\/aconteceunovale.com.br\/portal\/?p=189931\" \/>\n<meta property=\"og:locale\" content=\"pt_BR\" \/>\n<meta property=\"og:type\" content=\"article\" \/>\n<meta property=\"og:title\" content=\"Saiba quem s\u00e3o os candidatos a governador de Rond\u00f4nia - Aconteceu no Vale\" \/>\n<meta property=\"og:description\" content=\"A Justi\u00e7a Eleitoral recebeu no total&nbsp;pelo menos 28 mil registros de candidaturas para as elei\u00e7\u00f5es de outubro. A campanha come\u00e7a oficialmente nesta ter\u00e7a-feira (16). Foram recebidos 12 registros de candidaturas \u00e0 Presid\u00eancia e 12 a vice-presidente; 223 para governador e vice-governador, 231 para senador, 10.238 para deputado federal, 16.161 para deputado estadual e 591 para [&hellip;]\" \/>\n<meta property=\"og:url\" content=\"https:\/\/aconteceunovale.com.br\/portal\/?p=189931\" \/>\n<meta property=\"og:site_name\" content=\"Aconteceu no Vale\" \/>\n<meta property=\"article:publisher\" content=\"https:\/\/www.facebook.com\/aconteceunovale\/\" \/>\n<meta property=\"article:published_time\" content=\"2022-08-17T00:49:59+00:00\" \/>\n<meta property=\"article:modified_time\" content=\"2022-08-17T00:50:31+00:00\" \/>\n<meta property=\"og:image\" content=\"https:\/\/aconteceunovale.com.br\/portal\/wp-content\/uploads\/2022\/08\/candidatos_gov_rondonia.jpg\" \/>\n\t<meta property=\"og:image:width\" content=\"678\" \/>\n\t<meta property=\"og:image:height\" content=\"353\" \/>\n\t<meta property=\"og:image:type\" content=\"image\/jpeg\" \/>\n<meta name=\"author\" content=\"Reda\u00e7\u00e3o Aconteceu no Vale\" \/>\n<meta name=\"twitter:card\" content=\"summary_large_image\" \/>\n<meta name=\"twitter:creator\" content=\"@noticiadosvales\" \/>\n<meta name=\"twitter:site\" content=\"@noticiadosvales\" \/>\n<meta name=\"twitter:label1\" content=\"Escrito por\" \/>\n\t<meta name=\"twitter:data1\" content=\"Reda\u00e7\u00e3o Aconteceu no Vale\" \/>\n\t<meta name=\"twitter:label2\" content=\"Est. tempo de leitura\" \/>\n\t<meta name=\"twitter:data2\" content=\"1 minuto\" \/>\n<script type=\"application\/ld+json\" class=\"yoast-schema-graph\">{\"@context\":\"https:\\\/\\\/schema.org\",\"@graph\":[{\"@type\":\"Article\",\"@id\":\"https:\\\/\\\/aconteceunovale.com.br\\\/portal\\\/?p=189931#article\",\"isPartOf\":{\"@id\":\"https:\\\/\\\/aconteceunovale.com.br\\\/portal\\\/?p=189931\"},\"author\":{\"name\":\"Reda\u00e7\u00e3o Aconteceu no Vale\",\"@id\":\"https:\\\/\\\/aconteceunovale.com.br\\\/portal\\\/#\\\/schema\\\/person\\\/7d2f26d1483f8a63de73da1ee0754d35\"},\"headline\":\"Saiba quem s\u00e3o os candidatos a governador de Rond\u00f4nia\",\"datePublished\":\"2022-08-17T00:49:59+00:00\",\"dateModified\":\"2022-08-17T00:50:31+00:00\",\"mainEntityOfPage\":{\"@id\":\"https:\\\/\\\/aconteceunovale.com.br\\\/portal\\\/?p=189931\"},\"wordCount\":179,\"commentCount\":0,\"image\":{\"@id\":\"https:\\\/\\\/aconteceunovale.com.br\\\/portal\\\/?p=189931#primaryimage\"},\"thumbnailUrl\":\"https:\\\/\\\/aconteceunovale.com.br\\\/portal\\\/wp-content\\\/uploads\\\/2022\\\/08\\\/candidatos_gov_rondonia.jpg\",\"keywords\":[\"Candidatos a governador de Rond\u00f4nia\",\"Comendador Val Queiroz\",\"Confira a lista de candidatos a governador de Rond\u00f4nia\",\"Coronel Marcos Rocha\",\"Daniel Pereira\",\"Elei\u00e7\u00f5es 2022\",\"Elei\u00e7\u00f5es 2022 em Rond\u00f4nia\",\"Informa\u00e7\u00f5es sobre os Candidatos a governador de Rond\u00f4nia\",\"Ivo Cassol\",\"L\u00e9o Moraes\",\"Marcos Rog\u00e9rio\",\"Nomes dos Candidatos a governador de Rond\u00f4nia\",\"Pimenta de Rond\u00f4nia\",\"Rela\u00e7\u00e3o de candidatos a governador de Rond\u00f4nia\",\"Rond\u00f4nia\",\"Saiba quem s\u00e3o os candidatos a governador de Rond\u00f4nia\"],\"articleSection\":[\"Brasil\",\"Elei\u00e7\u00f5es 2022\"],\"inLanguage\":\"pt-BR\",\"potentialAction\":[{\"@type\":\"CommentAction\",\"name\":\"Comment\",\"target\":[\"https:\\\/\\\/aconteceunovale.com.br\\\/portal\\\/?p=189931#respond\"]}]},{\"@type\":\"WebPage\",\"@id\":\"https:\\\/\\\/aconteceunovale.com.br\\\/portal\\\/?p=189931\",\"url\":\"https:\\\/\\\/aconteceunovale.com.br\\\/portal\\\/?p=189931\",\"name\":\"Saiba quem s\u00e3o os candidatos a governador de Rond\u00f4nia - Aconteceu no Vale\",\"isPartOf\":{\"@id\":\"https:\\\/\\\/aconteceunovale.com.br\\\/portal\\\/#website\"},\"primaryImageOfPage\":{\"@id\":\"https:\\\/\\\/aconteceunovale.com.br\\\/portal\\\/?p=189931#primaryimage\"},\"image\":{\"@id\":\"https:\\\/\\\/aconteceunovale.com.br\\\/portal\\\/?p=189931#primaryimage\"},\"thumbnailUrl\":\"https:\\\/\\\/aconteceunovale.com.br\\\/portal\\\/wp-content\\\/uploads\\\/2022\\\/08\\\/candidatos_gov_rondonia.jpg\",\"datePublished\":\"2022-08-17T00:49:59+00:00\",\"dateModified\":\"2022-08-17T00:50:31+00:00\",\"author\":{\"@id\":\"https:\\\/\\\/aconteceunovale.com.br\\\/portal\\\/#\\\/schema\\\/person\\\/7d2f26d1483f8a63de73da1ee0754d35\"},\"breadcrumb\":{\"@id\":\"https:\\\/\\\/aconteceunovale.com.br\\\/portal\\\/?p=189931#breadcrumb\"},\"inLanguage\":\"pt-BR\",\"potentialAction\":[{\"@type\":\"ReadAction\",\"target\":[\"https:\\\/\\\/aconteceunovale.com.br\\\/portal\\\/?p=189931\"]}]},{\"@type\":\"ImageObject\",\"inLanguage\":\"pt-BR\",\"@id\":\"https:\\\/\\\/aconteceunovale.com.br\\\/portal\\\/?p=189931#primaryimage\",\"url\":\"https:\\\/\\\/aconteceunovale.com.br\\\/portal\\\/wp-content\\\/uploads\\\/2022\\\/08\\\/candidatos_gov_rondonia.jpg\",\"contentUrl\":\"https:\\\/\\\/aconteceunovale.com.br\\\/portal\\\/wp-content\\\/uploads\\\/2022\\\/08\\\/candidatos_gov_rondonia.jpg\",\"width\":678,\"height\":353},{\"@type\":\"BreadcrumbList\",\"@id\":\"https:\\\/\\\/aconteceunovale.com.br\\\/portal\\\/?p=189931#breadcrumb\",\"itemListElement\":[{\"@type\":\"ListItem\",\"position\":1,\"name\":\"In\u00edcio\",\"item\":\"https:\\\/\\\/aconteceunovale.com.br\\\/portal\\\/\"},{\"@type\":\"ListItem\",\"position\":2,\"name\":\"Saiba quem s\u00e3o os candidatos a governador de Rond\u00f4nia\"}]},{\"@type\":\"WebSite\",\"@id\":\"https:\\\/\\\/aconteceunovale.com.br\\\/portal\\\/#website\",\"url\":\"https:\\\/\\\/aconteceunovale.com.br\\\/portal\\\/\",\"name\":\"Aconteceu no Vale\",\"description\":\"Portal de Not\u00edcias\",\"potentialAction\":[{\"@type\":\"SearchAction\",\"target\":{\"@type\":\"EntryPoint\",\"urlTemplate\":\"https:\\\/\\\/aconteceunovale.com.br\\\/portal\\\/?s={search_term_string}\"},\"query-input\":{\"@type\":\"PropertyValueSpecification\",\"valueRequired\":true,\"valueName\":\"search_term_string\"}}],\"inLanguage\":\"pt-BR\"},{\"@type\":\"Person\",\"@id\":\"https:\\\/\\\/aconteceunovale.com.br\\\/portal\\\/#\\\/schema\\\/person\\\/7d2f26d1483f8a63de73da1ee0754d35\",\"name\":\"Reda\u00e7\u00e3o Aconteceu no Vale\",\"description\":\"Equipe de reportagem do Aconteceu no Vale, portal de not\u00edcias do Vale do Jequitinhonha, em Minas Gerais. Cobrimos as 51 cidades do Vale desde 2013. Sugest\u00f5es de pauta e pedidos de corre\u00e7\u00e3o: contato@aconteceunovale.com.br\",\"url\":\"https:\\\/\\\/aconteceunovale.com.br\\\/portal\\\/?author=4\"}]}<\/script>\n<!-- \/ Yoast SEO plugin. -->","yoast_head_json":{"title":"Saiba quem s\u00e3o os candidatos a governador de Rond\u00f4nia - Aconteceu no Vale","robots":{"index":"index","follow":"follow","max-snippet":"max-snippet:-1","max-image-preview":"max-image-preview:large","max-video-preview":"max-video-preview:-1"},"canonical":"https:\/\/aconteceunovale.com.br\/portal\/?p=189931","og_locale":"pt_BR","og_type":"article","og_title":"Saiba quem s\u00e3o os candidatos a governador de Rond\u00f4nia - Aconteceu no Vale","og_description":"A Justi\u00e7a Eleitoral recebeu no total&nbsp;pelo menos 28 mil registros de candidaturas para as elei\u00e7\u00f5es de outubro. A campanha come\u00e7a oficialmente nesta ter\u00e7a-feira (16). Foram recebidos 12 registros de candidaturas \u00e0 Presid\u00eancia e 12 a vice-presidente; 223 para governador e vice-governador, 231 para senador, 10.238 para deputado federal, 16.161 para deputado estadual e 591 para [&hellip;]","og_url":"https:\/\/aconteceunovale.com.br\/portal\/?p=189931","og_site_name":"Aconteceu no Vale","article_publisher":"https:\/\/www.facebook.com\/aconteceunovale\/","article_published_time":"2022-08-17T00:49:59+00:00","article_modified_time":"2022-08-17T00:50:31+00:00","og_image":[{"width":678,"height":353,"url":"https:\/\/aconteceunovale.com.br\/portal\/wp-content\/uploads\/2022\/08\/candidatos_gov_rondonia.jpg","type":"image\/jpeg"}],"author":"Reda\u00e7\u00e3o Aconteceu no Vale","twitter_card":"summary_large_image","twitter_creator":"@noticiadosvales","twitter_site":"@noticiadosvales","twitter_misc":{"Escrito por":"Reda\u00e7\u00e3o Aconteceu no Vale","Est. tempo de leitura":"1 minuto"},"schema":{"@context":"https:\/\/schema.org","@graph":[{"@type":"Article","@id":"https:\/\/aconteceunovale.com.br\/portal\/?p=189931#article","isPartOf":{"@id":"https:\/\/aconteceunovale.com.br\/portal\/?p=189931"},"author":{"name":"Reda\u00e7\u00e3o Aconteceu no Vale","@id":"https:\/\/aconteceunovale.com.br\/portal\/#\/schema\/person\/7d2f26d1483f8a63de73da1ee0754d35"},"headline":"Saiba quem s\u00e3o os candidatos a governador de Rond\u00f4nia","datePublished":"2022-08-17T00:49:59+00:00","dateModified":"2022-08-17T00:50:31+00:00","mainEntityOfPage":{"@id":"https:\/\/aconteceunovale.com.br\/portal\/?p=189931"},"wordCount":179,"commentCount":0,"image":{"@id":"https:\/\/aconteceunovale.com.br\/portal\/?p=189931#primaryimage"},"thumbnailUrl":"https:\/\/aconteceunovale.com.br\/portal\/wp-content\/uploads\/2022\/08\/candidatos_gov_rondonia.jpg","keywords":["Candidatos a governador de Rond\u00f4nia","Comendador Val Queiroz","Confira a lista de candidatos a governador de Rond\u00f4nia","Coronel Marcos Rocha","Daniel Pereira","Elei\u00e7\u00f5es 2022","Elei\u00e7\u00f5es 2022 em Rond\u00f4nia","Informa\u00e7\u00f5es sobre os Candidatos a governador de Rond\u00f4nia","Ivo Cassol","L\u00e9o Moraes","Marcos Rog\u00e9rio","Nomes dos Candidatos a governador de Rond\u00f4nia","Pimenta de Rond\u00f4nia","Rela\u00e7\u00e3o de candidatos a governador de Rond\u00f4nia","Rond\u00f4nia","Saiba quem s\u00e3o os candidatos a governador de Rond\u00f4nia"],"articleSection":["Brasil","Elei\u00e7\u00f5es 2022"],"inLanguage":"pt-BR","potentialAction":[{"@type":"CommentAction","name":"Comment","target":["https:\/\/aconteceunovale.com.br\/portal\/?p=189931#respond"]}]},{"@type":"WebPage","@id":"https:\/\/aconteceunovale.com.br\/portal\/?p=189931","url":"https:\/\/aconteceunovale.com.br\/portal\/?p=189931","name":"Saiba quem s\u00e3o os candidatos a governador de Rond\u00f4nia - Aconteceu no Vale","isPartOf":{"@id":"https:\/\/aconteceunovale.com.br\/portal\/#website"},"primaryImageOfPage":{"@id":"https:\/\/aconteceunovale.com.br\/portal\/?p=189931#primaryimage"},"image":{"@id":"https:\/\/aconteceunovale.com.br\/portal\/?p=189931#primaryimage"},"thumbnailUrl":"https:\/\/aconteceunovale.com.br\/portal\/wp-content\/uploads\/2022\/08\/candidatos_gov_rondonia.jpg","datePublished":"2022-08-17T00:49:59+00:00","dateModified":"2022-08-17T00:50:31+00:00","author":{"@id":"https:\/\/aconteceunovale.com.br\/portal\/#\/schema\/person\/7d2f26d1483f8a63de73da1ee0754d35"},"breadcrumb":{"@id":"https:\/\/aconteceunovale.com.br\/portal\/?p=189931#breadcrumb"},"inLanguage":"pt-BR","potentialAction":[{"@type":"ReadAction","target":["https:\/\/aconteceunovale.com.br\/portal\/?p=189931"]}]},{"@type":"ImageObject","inLanguage":"pt-BR","@id":"https:\/\/aconteceunovale.com.br\/portal\/?p=189931#primaryimage","url":"https:\/\/aconteceunovale.com.br\/portal\/wp-content\/uploads\/2022\/08\/candidatos_gov_rondonia.jpg","contentUrl":"https:\/\/aconteceunovale.com.br\/portal\/wp-content\/uploads\/2022\/08\/candidatos_gov_rondonia.jpg","width":678,"height":353},{"@type":"BreadcrumbList","@id":"https:\/\/aconteceunovale.com.br\/portal\/?p=189931#breadcrumb","itemListElement":[{"@type":"ListItem","position":1,"name":"In\u00edcio","item":"https:\/\/aconteceunovale.com.br\/portal\/"},{"@type":"ListItem","position":2,"name":"Saiba quem s\u00e3o os candidatos a governador de Rond\u00f4nia"}]},{"@type":"WebSite","@id":"https:\/\/aconteceunovale.com.br\/portal\/#website","url":"https:\/\/aconteceunovale.com.br\/portal\/","name":"Aconteceu no Vale","description":"Portal de Not\u00edcias","potentialAction":[{"@type":"SearchAction","target":{"@type":"EntryPoint","urlTemplate":"https:\/\/aconteceunovale.com.br\/portal\/?s={search_term_string}"},"query-input":{"@type":"PropertyValueSpecification","valueRequired":true,"valueName":"search_term_string"}}],"inLanguage":"pt-BR"},{"@type":"Person","@id":"https:\/\/aconteceunovale.com.br\/portal\/#\/schema\/person\/7d2f26d1483f8a63de73da1ee0754d35","name":"Reda\u00e7\u00e3o Aconteceu no Vale","description":"Equipe de reportagem do Aconteceu no Vale, portal de not\u00edcias do Vale do Jequitinhonha, em Minas Gerais. Cobrimos as 51 cidades do Vale desde 2013. Sugest\u00f5es de pauta e pedidos de corre\u00e7\u00e3o: contato@aconteceunovale.com.br","url":"https:\/\/aconteceunovale.com.br\/portal\/?author=4"}]}},"_links":{"self":[{"href":"https:\/\/aconteceunovale.com.br\/portal\/index.php?rest_route=\/wp\/v2\/posts\/189931","targetHints":{"allow":["GET"]}}],"collection":[{"href":"https:\/\/aconteceunovale.com.br\/portal\/index.php?rest_route=\/wp\/v2\/posts"}],"about":[{"href":"https:\/\/aconteceunovale.com.br\/portal\/index.php?rest_route=\/wp\/v2\/types\/post"}],"author":[{"embeddable":true,"href":"https:\/\/aconteceunovale.com.br\/portal\/index.php?rest_route=\/wp\/v2\/users\/4"}],"replies":[{"embeddable":true,"href":"https:\/\/aconteceunovale.com.br\/portal\/index.php?rest_route=%2Fwp%2Fv2%2Fcomments&post=189931"}],"version-history":[{"count":1,"href":"https:\/\/aconteceunovale.com.br\/portal\/index.php?rest_route=\/wp\/v2\/posts\/189931\/revisions"}],"predecessor-version":[{"id":189933,"href":"https:\/\/aconteceunovale.com.br\/portal\/index.php?rest_route=\/wp\/v2\/posts\/189931\/revisions\/189933"}],"wp:featuredmedia":[{"embeddable":true,"href":"https:\/\/aconteceunovale.com.br\/portal\/index.php?rest_route=\/wp\/v2\/media\/189932"}],"wp:attachment":[{"href":"https:\/\/aconteceunovale.com.br\/portal\/index.php?rest_route=%2Fwp%2Fv2%2Fmedia&parent=189931"}],"wp:term":[{"taxonomy":"category","embeddable":true,"href":"https:\/\/aconteceunovale.com.br\/portal\/index.php?rest_route=%2Fwp%2Fv2%2Fcategories&post=189931"},{"taxonomy":"post_tag","embeddable":true,"href":"https:\/\/aconteceunovale.com.br\/portal\/index.php?rest_route=%2Fwp%2Fv2%2Ftags&post=189931"}],"curies":[{"name":"wp","href":"https:\/\/api.w.org\/{rel}","templated":true}]}}