{"id":18992,"date":"2014-01-21T10:39:25","date_gmt":"2014-01-21T12:39:25","guid":{"rendered":"http:\/\/aconteceunovale.com.br\/portal\/?p=18992"},"modified":"2014-01-21T10:39:25","modified_gmt":"2014-01-21T12:39:25","slug":"policia-civil-apura-agressao-a-tiros-contra-35-familias-quilombolas-em-verdelandia","status":"publish","type":"post","link":"https:\/\/aconteceunovale.com.br\/portal\/?p=18992","title":{"rendered":"Pol\u00edcia Civil apura agress\u00e3o a tiros contra 35 fam\u00edlias quilombolas em Verdel\u00e2ndia"},"content":{"rendered":"<p>As pol\u00edcias Militar e Civil de Jana\u00faba (Norte de Minas) est\u00e3o empenhadas na tentativa de localizar e prender os integrantes de um grupo armado que, na tarde de domingo, invadiu a Fazenda Torto, no munic\u00edpio de Verdel\u00e2ndia (na mesma regi\u00e3o), agrediu e expulsou integrantes de 35 fam\u00edlias de trabalhadores sem-terra, integradas por quilombolas (remanescentes de escravos), que, na v\u00e9spera, tinham invadido a \u00e1rea. Duas pessoas foram feridas a tiros, sendo que uma delas est\u00e1 internada em estado grave na Santa Casa de Montes Claros e outra continua internada no Hospital Regional de Jana\u00faba \u2013sem correr risco.<\/p>\n<p><img decoding=\"async\" src=\"http:\/\/aconteceunovale.com.br\/portal\/wp-content\/uploads\/2014\/01\/fazenda_torto_verdelandia.jpg\" alt=\"\" \/><br \/>\n<em>Sede da fazenda da Torta, em Verdel\u00e2ndia (Foto: Michelly Oda)<\/em><\/p>\n<p>Na noite dessa segunda-feira, a PM informou que recebeu informa\u00e7\u00f5es de que um dos envolvidos no ataque e expuls\u00e3o dos sem-terra seria um homem conhecido por Jo\u00e3ozinho, filho do propriet\u00e1rio da fazenda, identificado como Jo\u00e3o Dias. Jo\u00e3ozinho continua foragido.<\/p>\n<p>De acordo com informa\u00e7\u00f5es da PM, as fam\u00edlias tiveram que sair \u00e0s pressas depois que um grupo de cerca de 10 a 12 homens encapuzados chegou ao local e come\u00e7ou a atirar e agredir os ocupantes. A mesma fazenda j\u00e1 tinha sido ocupada anteriormente pelos quilombolas, que, h\u00e1 anos, trava luta contra fazendeiros da regi\u00e3o por causa da terras que alegam terem direito da ocupa\u00e7\u00e3o. A \u00e1rea fica distante 10 quil\u00f4metros da sede urbana de Verdel\u00e2ndia \u2013 de 8,2 mil habitantes, a 560 quil\u00f4metros de Belo Horizonte.<\/p>\n<p>Testemunhas disseram para \u00e0 PM que os homens encapuzados chegaram na fazenda em dois ve\u00edculos \u2013 uma caminhonete e um carro de passeio. Uma mulher que estava na \u00e1rea contou que os homens disseram que \u201ceram da policia\u201d. Segundo a PM, eles usavam carabinas, rev\u00f3lveres e pistolas. Assim que entraram na propriedade, come\u00e7aram a atirar e passaram a agredir os quilombolas, que, amedrontados, sa\u00edram correndo do local. Os sem-terra disseram que tiveram tamb\u00e9m dinheiro, celulares e outros pertences levados pelos homens armados. A PM informou ainda que, devido ao medo provocado pelo grupo armado, ontem, n\u00e3o havia mais ningu\u00e9m na fazenda invadida no fim de semana.<\/p>\n<p><em>(Informa\u00e7\u00f5es do Jornal Estado de Minas)<\/em><\/p>\n","protected":false},"excerpt":{"rendered":"<p>As pol\u00edcias Militar e Civil de Jana\u00faba (Norte de Minas) est\u00e3o empenhadas na tentativa de localizar e prender os integrantes de um grupo armado que, na tarde de domingo, invadiu a Fazenda Torto, no munic\u00edpio de Verdel\u00e2ndia (na mesma regi\u00e3o), agrediu e expulsou integrantes de 35 fam\u00edlias de trabalhadores sem-terra, integradas por quilombolas (remanescentes de [&hellip;]<\/p>\n","protected":false},"author":1,"featured_media":18993,"comment_status":"open","ping_status":"closed","sticky":false,"template":"","format":"standard","meta":{"amp_status":"","footnotes":""},"categories":[1236],"tags":[3271,3270,1814],"class_list":["post-18992","post","type-post","status-publish","format-standard","has-post-thumbnail","hentry","category-norte_de_minas","tag-ataque-a-familias-quilombolas-de-verdelandia","tag-policia-civil-apura-agressao-a-tiros-contra-35-familias-quilombolas-em-verdelandia","tag-verdelandia"],"_links":{"self":[{"href":"https:\/\/aconteceunovale.com.br\/portal\/index.php?rest_route=\/wp\/v2\/posts\/18992","targetHints":{"allow":["GET"]}}],"collection":[{"href":"https:\/\/aconteceunovale.com.br\/portal\/index.php?rest_route=\/wp\/v2\/posts"}],"about":[{"href":"https:\/\/aconteceunovale.com.br\/portal\/index.php?rest_route=\/wp\/v2\/types\/post"}],"author":[{"embeddable":true,"href":"https:\/\/aconteceunovale.com.br\/portal\/index.php?rest_route=\/wp\/v2\/users\/1"}],"replies":[{"embeddable":true,"href":"https:\/\/aconteceunovale.com.br\/portal\/index.php?rest_route=%2Fwp%2Fv2%2Fcomments&post=18992"}],"version-history":[{"count":0,"href":"https:\/\/aconteceunovale.com.br\/portal\/index.php?rest_route=\/wp\/v2\/posts\/18992\/revisions"}],"wp:featuredmedia":[{"embeddable":true,"href":"https:\/\/aconteceunovale.com.br\/portal\/index.php?rest_route=\/wp\/v2\/media\/18993"}],"wp:attachment":[{"href":"https:\/\/aconteceunovale.com.br\/portal\/index.php?rest_route=%2Fwp%2Fv2%2Fmedia&parent=18992"}],"wp:term":[{"taxonomy":"category","embeddable":true,"href":"https:\/\/aconteceunovale.com.br\/portal\/index.php?rest_route=%2Fwp%2Fv2%2Fcategories&post=18992"},{"taxonomy":"post_tag","embeddable":true,"href":"https:\/\/aconteceunovale.com.br\/portal\/index.php?rest_route=%2Fwp%2Fv2%2Ftags&post=18992"}],"curies":[{"name":"wp","href":"https:\/\/api.w.org\/{rel}","templated":true}]}}