{"id":189901,"date":"2022-08-16T17:31:09","date_gmt":"2022-08-16T20:31:09","guid":{"rendered":"https:\/\/aconteceunovale.com.br\/portal\/?p=189901"},"modified":"2022-08-16T17:32:22","modified_gmt":"2022-08-16T20:32:22","slug":"saiba-quem-sao-os-candidatos-a-governador-do-tocantins","status":"publish","type":"post","link":"https:\/\/aconteceunovale.com.br\/portal\/?p=189901","title":{"rendered":"Saiba quem s\u00e3o os candidatos a governador do Tocantins"},"content":{"rendered":"\n<p class=\"wp-block-paragraph\">A Justi\u00e7a Eleitoral recebeu pelo menos 28 mil registros de candidaturas para as elei\u00e7\u00f5es de outubro. A campanha come\u00e7a oficialmente nesta ter\u00e7a-feira (16).<\/p>\n\n\n\n<p class=\"wp-block-paragraph\">Foram recebidos 12 registros de candidaturas \u00e0 Presid\u00eancia e 12 a vice-presidente; 223 para governador e vice-governador, 231 para senador, 10.238 para deputado federal, 16.161 para deputado estadual e 591 para deputado distrital.<\/p>\n\n\n\n<figure class=\"wp-block-gallery has-nested-images columns-default is-cropped wp-block-gallery-1 is-layout-flex wp-block-gallery-is-layout-flex\">\n<figure class=\"wp-block-image size-large\"><img loading=\"lazy\" decoding=\"async\" width=\"678\" height=\"353\" data-id=\"189902\" src=\"https:\/\/aconteceunovale.com.br\/portal\/wp-content\/uploads\/2022\/08\/candidatos_gov_to.jpg\" alt=\"\" class=\"wp-image-189902\" srcset=\"https:\/\/aconteceunovale.com.br\/portal\/wp-content\/uploads\/2022\/08\/candidatos_gov_to.jpg 678w, https:\/\/aconteceunovale.com.br\/portal\/wp-content\/uploads\/2022\/08\/candidatos_gov_to-300x156.jpg 300w\" sizes=\"auto, (max-width: 678px) 100vw, 678px\" \/><figcaption><em><sub>Candidatos a governador do Tocantins &#8211; Arte: Aconteceu no Vale<\/sub><\/em><\/figcaption><\/figure>\n<\/figure>\n\n\n\n<p class=\"wp-block-paragraph\">Em Tocantins, oito candidatos concorrem ao cargo. Confira lista completa:<\/p>\n\n\n\n<p class=\"wp-block-paragraph\"><strong>Carmen Hannud (PCO):<\/strong>\u00a0\u00e9 psic\u00f3loga\u00a0de 30 anos, mestre em ci\u00eancias sociais e doutoranda em psicologia pela Universidade Federal do Par\u00e1. Athos Daniel Rodrigues da Silva, 21 anos, do mesmo partido, foi o escolhido para concorrer a vice-governador. <a href=\"https:\/\/divulgacandcontas.tse.jus.br\/divulga\/#\/candidato\/2022\/2040602022\/TO\/270001644066\" target=\"_blank\" rel=\"noreferrer noopener\">Saiba mais<\/a>.<\/p>\n\n\n\n<p class=\"wp-block-paragraph\"><strong>Coronel Ricardo Macedo (PMB):<\/strong>\u00a0tem 57 anos, natural de Porto Nacional (TO), \u00e9 aviador da For\u00e7a A\u00e9rea Brasileira. Esta \u00e9 a\u00a0primeira disputa eleitoral dele. O candidato a vice \u00e9 o pastor Geldes, do mesmo partido, de 64 anos. <a href=\"https:\/\/divulgacandcontas.tse.jus.br\/divulga\/#\/candidato\/2022\/2040602022\/TO\/270001676047\" target=\"_blank\" rel=\"noreferrer noopener\">Saiba mais<\/a>.<\/p>\n\n\n\n<p class=\"wp-block-paragraph\"><strong>Dr. Luciano do Oswaldo Cruz (Democracia Crist\u00e3):<\/strong>\u00a0m\u00e9dico e profissional do Hospital Geral de Palmas (HGP), de 47 anos, nunca ocupou cargo p\u00fablico. J\u00e1 disputou os cargos de deputado estadual, prefeito e depois vice-prefeito de Palmas, deputado federal e vereador de Palmas. A vice da chapa ser\u00e1 a administradora Luciene Mamedes, 53 anos, do mesmo partido. <a href=\"https:\/\/divulgacandcontas.tse.jus.br\/divulga\/#\/candidato\/2022\/2040602022\/TO\/270001697141\" target=\"_blank\" rel=\"noreferrer noopener\">Saiba mais<\/a>.<\/p>\n\n\n\n<p class=\"wp-block-paragraph\"><strong>Iraj\u00e1 (PSD):<\/strong>\u00a0Iraj\u00e1 Silvestre Filho, de 39 anos, \u00e9 senador pelo Tocantins e\u00a0preside o PSD no estado. \u00c9\u00a0filho da tamb\u00e9m senadora K\u00e1tia Abreu (Progressistas). O candidato j\u00e1 ocupou o cargo de deputado federal por dois mandatos e tamb\u00e9m atuou como secret\u00e1rio estadual de Desenvolvimento Agr\u00e1rio. A candidata a vice da chapa \u00e9 a professora Lires Ferneda, ex-prefeita de Guara\u00ed, de 71 anos. <a href=\"https:\/\/divulgacandcontas.tse.jus.br\/divulga\/#\/candidato\/2022\/2040602022\/TO\/270001697127\" target=\"_blank\" rel=\"noreferrer noopener\">Saiba mais<\/a>.<\/p>\n\n\n\n<p class=\"wp-block-paragraph\"><strong>Karol Chaves (PSOL):<\/strong>\u00a0advogada de\u00a041 anos, Karol Chaves \u00e9 paulista de Osasco. \u00c9 especialista em direitos das mulheres e pessoas LGBTQIA+ e mestre em desenvolvimento regional. Atua na 1\u00aa Secretaria de Movimentos Sociais e Populares do PSOL no Tocantins. O vice da chapa \u00e9 o eletricista Silvio de Sousa (PSOL), de 50 anos. <a href=\"https:\/\/divulgacandcontas.tse.jus.br\/divulga\/#\/candidato\/2022\/2040602022\/TO\/270001621506\" target=\"_blank\" rel=\"noreferrer noopener\">Saiba mais<\/a>.<\/p>\n\n\n\n<p class=\"wp-block-paragraph\"><strong>Paulo Mour\u00e3o (PT):<\/strong>\u00a0tem 66 anos, formado em engenharia agron\u00f4mica, foi deputado constituinte. Foi deputado federal por quatro mandatos, al\u00e9m de prefeito de Porto Nacional e deputado estadual. A candidata a vice da chapa\u00a0\u00e9\u00a0Professora Germana (PCdoB), 42 anos. <a href=\"https:\/\/divulgacandcontas.tse.jus.br\/divulga\/#\/candidato\/2022\/2040602022\/TO\/270001651884\" target=\"_blank\" rel=\"noreferrer noopener\">Saiba mais<\/a>.<\/p>\n\n\n\n<p class=\"wp-block-paragraph\"><strong>Ronaldo Dimas (PL):<\/strong>\u00a061 anos, natural da cidade de Frutal (MG), Dimas \u00e9 formado em Engenharia Civil pela Universidade de Uberaba. J\u00e1 foi prefeito de Aragua\u00edna (TO) por dois mandatos e tamb\u00e9m\u00a0foi\u00a0deputado federal. Tamb\u00e9m j\u00e1 esteve \u00e0 frente da Federa\u00e7\u00e3o das Ind\u00fastrias do Estado do Tocantins. O economista Freire J\u00fanior, do MDB,\u00a0foi anunciado como candidato a vice. <a href=\"https:\/\/divulgacandcontas.tse.jus.br\/divulga\/#\/candidato\/2022\/2040602022\/TO\/270001649556\" target=\"_blank\" rel=\"noreferrer noopener\">Saiba mais<\/a>.<\/p>\n\n\n\n<p class=\"wp-block-paragraph\"><strong>Wanderlei Barbosa (Republicanos)<\/strong>: 58 anos, atual governador, Barbosa tentar\u00e1 a reelei\u00e7\u00e3o. J\u00e1 foi vereador de Porto Nacional (TO) e tamb\u00e9m da capital, Palmas. Foi deputado estadual por duas vezes. Assumiu o comando do estado ap\u00f3s ren\u00fancia de Mauro Carlesse. O candidato a vice da chapa ser\u00e1 o ex-prefeito de Gurupi, Laurez Moreira (PDT), de 65 anos. <a href=\"https:\/\/divulgacandcontas.tse.jus.br\/divulga\/#\/candidato\/2022\/2040602022\/TO\/270001652198\" target=\"_blank\" rel=\"noreferrer noopener\">Saiba mais<\/a>.<\/p>\n\n\n\n<p class=\"wp-block-paragraph\">&#8212;&#8212;&#8212;&#8212;&#8212;&#8212;<br><br><strong>Sabia que o Aconteceu no Vale est\u00e1 tamb\u00e9m no Telegram? <a rel=\"noreferrer noopener\" href=\"https:\/\/t.me\/aconteceunovaleoficial\" target=\"_blank\">Inscreva-se no canal<\/a>.<\/strong><br><br><strong>J\u00e1 curtiu ou seguiu nossas p\u00e1ginas nas redes sociais?\u00a0Receba as not\u00edcias em primeira m\u00e3o:<\/strong><br>\u2022 <a rel=\"noreferrer noopener\" href=\"https:\/\/news.google.com\/publications\/CAAqBwgKMNjklQswi4etAw?hl=pt-BR&amp;gl=BR&amp;ceid=BR%3Apt-419\" target=\"_blank\">Google News<\/a><br>\u2022 <a rel=\"noreferrer noopener\" href=\"https:\/\/www.facebook.com\/aconteceunovale\/\" target=\"_blank\">Facebook<\/a><br>\u2022 <a rel=\"noreferrer noopener\" href=\"https:\/\/twitter.com\/noticiadosvales\" target=\"_blank\">Twitter<\/a><br>\u2022 <a rel=\"noreferrer noopener\" href=\"https:\/\/www.instagram.com\/aconteceunovale\" target=\"_blank\">Instagram<\/a><br>\u2022 <a rel=\"noreferrer noopener\" href=\"https:\/\/www.youtube.com\/AconteceunoValeOficial\" target=\"_blank\">Youtube<\/a><br>\u2022 <a rel=\"noreferrer noopener\" href=\"https:\/\/www.tiktok.com\/@aconteceunovale\" target=\"_blank\">TikTok<\/a><\/p>\n","protected":false},"excerpt":{"rendered":"<p>A Justi\u00e7a Eleitoral recebeu pelo menos 28 mil registros de candidaturas para as elei\u00e7\u00f5es de outubro. A campanha come\u00e7a oficialmente nesta ter\u00e7a-feira (16). Foram recebidos 12 registros de candidaturas \u00e0 Presid\u00eancia e 12 a vice-presidente; 223 para governador e vice-governador, 231 para senador, 10.238 para deputado federal, 16.161 para deputado estadual e 591 para deputado [&hellip;]<\/p>\n","protected":false},"author":4,"featured_media":189902,"comment_status":"open","ping_status":"closed","sticky":false,"template":"","format":"standard","meta":{"amp_status":"","footnotes":""},"categories":[6,249933],"tags":[262364,262361,262371,262360,262372,262373,252238,262370,262368,262369,262374,262375,262365,262367,262363,262376,262362,262366,262377,1577,262378],"class_list":["post-189901","post","type-post","status-publish","format-standard","has-post-thumbnail","hentry","category-br","category-eleicoes-2022","tag-candidatos-a-governador-do-to","tag-candidatos-a-governador-do-tocantins","tag-carmen-hannud","tag-confira-a-lista-de-candidatos-a-governador-do-tocantins","tag-coronel-ricardo-macedo","tag-dr-luciano-do-oswaldo-cruz","tag-eleicoes-2022","tag-eleicoes-2022-no-tocantins","tag-informacoes-sobre-os-candidatos-a-governador-do-to","tag-informacoes-sobre-os-candidatos-a-governador-do-tocantins","tag-iraja","tag-karol-chaves","tag-lista-dos-candidatos-a-governador-do-to","tag-nomes-dos-candidatos-a-governador-do-to","tag-nomes-dos-candidatos-a-governador-do-tocantins","tag-paulo-mourao","tag-relacao-de-candidatos-a-governador-do-tocantins","tag-relacao-dos-candidatos-a-governador-do-to","tag-ronaldo-dimas","tag-tocantins","tag-wanderlei-barbosa"],"yoast_head":"<!-- This site is optimized with the Yoast SEO plugin v28.3 - https:\/\/yoast.com\/product\/yoast-seo-wordpress\/ -->\n<title>Saiba quem s\u00e3o os candidatos a governador do Tocantins - Aconteceu no Vale<\/title>\n<meta name=\"robots\" content=\"index, follow, max-snippet:-1, max-image-preview:large, max-video-preview:-1\" \/>\n<link rel=\"canonical\" href=\"https:\/\/aconteceunovale.com.br\/portal\/?p=189901\" \/>\n<meta property=\"og:locale\" content=\"pt_BR\" \/>\n<meta property=\"og:type\" content=\"article\" \/>\n<meta property=\"og:title\" content=\"Saiba quem s\u00e3o os candidatos a governador do Tocantins - Aconteceu no Vale\" \/>\n<meta property=\"og:description\" content=\"A Justi\u00e7a Eleitoral recebeu pelo menos 28 mil registros de candidaturas para as elei\u00e7\u00f5es de outubro. A campanha come\u00e7a oficialmente nesta ter\u00e7a-feira (16). Foram recebidos 12 registros de candidaturas \u00e0 Presid\u00eancia e 12 a vice-presidente; 223 para governador e vice-governador, 231 para senador, 10.238 para deputado federal, 16.161 para deputado estadual e 591 para deputado [&hellip;]\" \/>\n<meta property=\"og:url\" content=\"https:\/\/aconteceunovale.com.br\/portal\/?p=189901\" \/>\n<meta property=\"og:site_name\" content=\"Aconteceu no Vale\" \/>\n<meta property=\"article:publisher\" content=\"https:\/\/www.facebook.com\/aconteceunovale\/\" \/>\n<meta property=\"article:published_time\" content=\"2022-08-16T20:31:09+00:00\" \/>\n<meta property=\"article:modified_time\" content=\"2022-08-16T20:32:22+00:00\" \/>\n<meta property=\"og:image\" content=\"https:\/\/aconteceunovale.com.br\/portal\/wp-content\/uploads\/2022\/08\/candidatos_gov_to.jpg\" \/>\n\t<meta property=\"og:image:width\" content=\"678\" \/>\n\t<meta property=\"og:image:height\" content=\"353\" \/>\n\t<meta property=\"og:image:type\" content=\"image\/jpeg\" \/>\n<meta name=\"author\" content=\"Reda\u00e7\u00e3o Aconteceu no Vale\" \/>\n<meta name=\"twitter:card\" content=\"summary_large_image\" \/>\n<meta name=\"twitter:creator\" content=\"@noticiadosvales\" \/>\n<meta name=\"twitter:site\" content=\"@noticiadosvales\" \/>\n<meta name=\"twitter:label1\" content=\"Escrito por\" \/>\n\t<meta name=\"twitter:data1\" content=\"Reda\u00e7\u00e3o Aconteceu no Vale\" \/>\n\t<meta name=\"twitter:label2\" content=\"Est. tempo de leitura\" \/>\n\t<meta name=\"twitter:data2\" content=\"3 minutos\" \/>\n<script type=\"application\/ld+json\" class=\"yoast-schema-graph\">{\"@context\":\"https:\\\/\\\/schema.org\",\"@graph\":[{\"@type\":\"Article\",\"@id\":\"https:\\\/\\\/aconteceunovale.com.br\\\/portal\\\/?p=189901#article\",\"isPartOf\":{\"@id\":\"https:\\\/\\\/aconteceunovale.com.br\\\/portal\\\/?p=189901\"},\"author\":{\"name\":\"Reda\u00e7\u00e3o Aconteceu no Vale\",\"@id\":\"https:\\\/\\\/aconteceunovale.com.br\\\/portal\\\/#\\\/schema\\\/person\\\/7d2f26d1483f8a63de73da1ee0754d35\"},\"headline\":\"Saiba quem s\u00e3o os candidatos a governador do Tocantins\",\"datePublished\":\"2022-08-16T20:31:09+00:00\",\"dateModified\":\"2022-08-16T20:32:22+00:00\",\"mainEntityOfPage\":{\"@id\":\"https:\\\/\\\/aconteceunovale.com.br\\\/portal\\\/?p=189901\"},\"wordCount\":539,\"commentCount\":0,\"image\":{\"@id\":\"https:\\\/\\\/aconteceunovale.com.br\\\/portal\\\/?p=189901#primaryimage\"},\"thumbnailUrl\":\"https:\\\/\\\/aconteceunovale.com.br\\\/portal\\\/wp-content\\\/uploads\\\/2022\\\/08\\\/candidatos_gov_to.jpg\",\"keywords\":[\"Candidatos a governador do TO\",\"Candidatos a governador do Tocantins\",\"Carmen Hannud\",\"Confira a lista de candidatos a governador do Tocantins\",\"Coronel Ricardo Macedo\",\"Dr. Luciano do Oswaldo Cruz\",\"Elei\u00e7\u00f5es 2022\",\"Elei\u00e7\u00f5es 2022 no Tocantins\",\"Informa\u00e7\u00f5es sobre os Candidatos a governador do TO\",\"Informa\u00e7\u00f5es sobre os Candidatos a governador do Tocantins\",\"Iraj\u00e1\",\"Karol Chaves\",\"Lista dos Candidatos a governador do TO\",\"Nomes dos Candidatos a governador do TO\",\"Nomes dos Candidatos a governador do Tocantins\",\"Paulo Mour\u00e3o\",\"Rela\u00e7\u00e3o de candidatos a governador do Tocantins\",\"Rela\u00e7\u00e3o dos Candidatos a governador do TO\",\"Ronaldo Dimas\",\"Tocantins\",\"Wanderlei Barbosa\"],\"articleSection\":[\"Brasil\",\"Elei\u00e7\u00f5es 2022\"],\"inLanguage\":\"pt-BR\",\"potentialAction\":[{\"@type\":\"CommentAction\",\"name\":\"Comment\",\"target\":[\"https:\\\/\\\/aconteceunovale.com.br\\\/portal\\\/?p=189901#respond\"]}]},{\"@type\":\"WebPage\",\"@id\":\"https:\\\/\\\/aconteceunovale.com.br\\\/portal\\\/?p=189901\",\"url\":\"https:\\\/\\\/aconteceunovale.com.br\\\/portal\\\/?p=189901\",\"name\":\"Saiba quem s\u00e3o os candidatos a governador do Tocantins - Aconteceu no Vale\",\"isPartOf\":{\"@id\":\"https:\\\/\\\/aconteceunovale.com.br\\\/portal\\\/#website\"},\"primaryImageOfPage\":{\"@id\":\"https:\\\/\\\/aconteceunovale.com.br\\\/portal\\\/?p=189901#primaryimage\"},\"image\":{\"@id\":\"https:\\\/\\\/aconteceunovale.com.br\\\/portal\\\/?p=189901#primaryimage\"},\"thumbnailUrl\":\"https:\\\/\\\/aconteceunovale.com.br\\\/portal\\\/wp-content\\\/uploads\\\/2022\\\/08\\\/candidatos_gov_to.jpg\",\"datePublished\":\"2022-08-16T20:31:09+00:00\",\"dateModified\":\"2022-08-16T20:32:22+00:00\",\"author\":{\"@id\":\"https:\\\/\\\/aconteceunovale.com.br\\\/portal\\\/#\\\/schema\\\/person\\\/7d2f26d1483f8a63de73da1ee0754d35\"},\"breadcrumb\":{\"@id\":\"https:\\\/\\\/aconteceunovale.com.br\\\/portal\\\/?p=189901#breadcrumb\"},\"inLanguage\":\"pt-BR\",\"potentialAction\":[{\"@type\":\"ReadAction\",\"target\":[\"https:\\\/\\\/aconteceunovale.com.br\\\/portal\\\/?p=189901\"]}]},{\"@type\":\"ImageObject\",\"inLanguage\":\"pt-BR\",\"@id\":\"https:\\\/\\\/aconteceunovale.com.br\\\/portal\\\/?p=189901#primaryimage\",\"url\":\"https:\\\/\\\/aconteceunovale.com.br\\\/portal\\\/wp-content\\\/uploads\\\/2022\\\/08\\\/candidatos_gov_to.jpg\",\"contentUrl\":\"https:\\\/\\\/aconteceunovale.com.br\\\/portal\\\/wp-content\\\/uploads\\\/2022\\\/08\\\/candidatos_gov_to.jpg\",\"width\":678,\"height\":353},{\"@type\":\"BreadcrumbList\",\"@id\":\"https:\\\/\\\/aconteceunovale.com.br\\\/portal\\\/?p=189901#breadcrumb\",\"itemListElement\":[{\"@type\":\"ListItem\",\"position\":1,\"name\":\"In\u00edcio\",\"item\":\"https:\\\/\\\/aconteceunovale.com.br\\\/portal\\\/\"},{\"@type\":\"ListItem\",\"position\":2,\"name\":\"Saiba quem s\u00e3o os candidatos a governador do Tocantins\"}]},{\"@type\":\"WebSite\",\"@id\":\"https:\\\/\\\/aconteceunovale.com.br\\\/portal\\\/#website\",\"url\":\"https:\\\/\\\/aconteceunovale.com.br\\\/portal\\\/\",\"name\":\"Aconteceu no Vale\",\"description\":\"Portal de Not\u00edcias\",\"potentialAction\":[{\"@type\":\"SearchAction\",\"target\":{\"@type\":\"EntryPoint\",\"urlTemplate\":\"https:\\\/\\\/aconteceunovale.com.br\\\/portal\\\/?s={search_term_string}\"},\"query-input\":{\"@type\":\"PropertyValueSpecification\",\"valueRequired\":true,\"valueName\":\"search_term_string\"}}],\"inLanguage\":\"pt-BR\"},{\"@type\":\"Person\",\"@id\":\"https:\\\/\\\/aconteceunovale.com.br\\\/portal\\\/#\\\/schema\\\/person\\\/7d2f26d1483f8a63de73da1ee0754d35\",\"name\":\"Reda\u00e7\u00e3o Aconteceu no Vale\",\"description\":\"Equipe de reportagem do Aconteceu no Vale, portal de not\u00edcias do Vale do Jequitinhonha, em Minas Gerais. Cobrimos as 51 cidades do Vale desde 2013. Sugest\u00f5es de pauta e pedidos de corre\u00e7\u00e3o: contato@aconteceunovale.com.br\",\"url\":\"https:\\\/\\\/aconteceunovale.com.br\\\/portal\\\/?author=4\"}]}<\/script>\n<!-- \/ Yoast SEO plugin. -->","yoast_head_json":{"title":"Saiba quem s\u00e3o os candidatos a governador do Tocantins - Aconteceu no Vale","robots":{"index":"index","follow":"follow","max-snippet":"max-snippet:-1","max-image-preview":"max-image-preview:large","max-video-preview":"max-video-preview:-1"},"canonical":"https:\/\/aconteceunovale.com.br\/portal\/?p=189901","og_locale":"pt_BR","og_type":"article","og_title":"Saiba quem s\u00e3o os candidatos a governador do Tocantins - Aconteceu no Vale","og_description":"A Justi\u00e7a Eleitoral recebeu pelo menos 28 mil registros de candidaturas para as elei\u00e7\u00f5es de outubro. A campanha come\u00e7a oficialmente nesta ter\u00e7a-feira (16). Foram recebidos 12 registros de candidaturas \u00e0 Presid\u00eancia e 12 a vice-presidente; 223 para governador e vice-governador, 231 para senador, 10.238 para deputado federal, 16.161 para deputado estadual e 591 para deputado [&hellip;]","og_url":"https:\/\/aconteceunovale.com.br\/portal\/?p=189901","og_site_name":"Aconteceu no Vale","article_publisher":"https:\/\/www.facebook.com\/aconteceunovale\/","article_published_time":"2022-08-16T20:31:09+00:00","article_modified_time":"2022-08-16T20:32:22+00:00","og_image":[{"width":678,"height":353,"url":"https:\/\/aconteceunovale.com.br\/portal\/wp-content\/uploads\/2022\/08\/candidatos_gov_to.jpg","type":"image\/jpeg"}],"author":"Reda\u00e7\u00e3o Aconteceu no Vale","twitter_card":"summary_large_image","twitter_creator":"@noticiadosvales","twitter_site":"@noticiadosvales","twitter_misc":{"Escrito por":"Reda\u00e7\u00e3o Aconteceu no Vale","Est. tempo de leitura":"3 minutos"},"schema":{"@context":"https:\/\/schema.org","@graph":[{"@type":"Article","@id":"https:\/\/aconteceunovale.com.br\/portal\/?p=189901#article","isPartOf":{"@id":"https:\/\/aconteceunovale.com.br\/portal\/?p=189901"},"author":{"name":"Reda\u00e7\u00e3o Aconteceu no Vale","@id":"https:\/\/aconteceunovale.com.br\/portal\/#\/schema\/person\/7d2f26d1483f8a63de73da1ee0754d35"},"headline":"Saiba quem s\u00e3o os candidatos a governador do Tocantins","datePublished":"2022-08-16T20:31:09+00:00","dateModified":"2022-08-16T20:32:22+00:00","mainEntityOfPage":{"@id":"https:\/\/aconteceunovale.com.br\/portal\/?p=189901"},"wordCount":539,"commentCount":0,"image":{"@id":"https:\/\/aconteceunovale.com.br\/portal\/?p=189901#primaryimage"},"thumbnailUrl":"https:\/\/aconteceunovale.com.br\/portal\/wp-content\/uploads\/2022\/08\/candidatos_gov_to.jpg","keywords":["Candidatos a governador do TO","Candidatos a governador do Tocantins","Carmen Hannud","Confira a lista de candidatos a governador do Tocantins","Coronel Ricardo Macedo","Dr. Luciano do Oswaldo Cruz","Elei\u00e7\u00f5es 2022","Elei\u00e7\u00f5es 2022 no Tocantins","Informa\u00e7\u00f5es sobre os Candidatos a governador do TO","Informa\u00e7\u00f5es sobre os Candidatos a governador do Tocantins","Iraj\u00e1","Karol Chaves","Lista dos Candidatos a governador do TO","Nomes dos Candidatos a governador do TO","Nomes dos Candidatos a governador do Tocantins","Paulo Mour\u00e3o","Rela\u00e7\u00e3o de candidatos a governador do Tocantins","Rela\u00e7\u00e3o dos Candidatos a governador do TO","Ronaldo Dimas","Tocantins","Wanderlei Barbosa"],"articleSection":["Brasil","Elei\u00e7\u00f5es 2022"],"inLanguage":"pt-BR","potentialAction":[{"@type":"CommentAction","name":"Comment","target":["https:\/\/aconteceunovale.com.br\/portal\/?p=189901#respond"]}]},{"@type":"WebPage","@id":"https:\/\/aconteceunovale.com.br\/portal\/?p=189901","url":"https:\/\/aconteceunovale.com.br\/portal\/?p=189901","name":"Saiba quem s\u00e3o os candidatos a governador do Tocantins - Aconteceu no Vale","isPartOf":{"@id":"https:\/\/aconteceunovale.com.br\/portal\/#website"},"primaryImageOfPage":{"@id":"https:\/\/aconteceunovale.com.br\/portal\/?p=189901#primaryimage"},"image":{"@id":"https:\/\/aconteceunovale.com.br\/portal\/?p=189901#primaryimage"},"thumbnailUrl":"https:\/\/aconteceunovale.com.br\/portal\/wp-content\/uploads\/2022\/08\/candidatos_gov_to.jpg","datePublished":"2022-08-16T20:31:09+00:00","dateModified":"2022-08-16T20:32:22+00:00","author":{"@id":"https:\/\/aconteceunovale.com.br\/portal\/#\/schema\/person\/7d2f26d1483f8a63de73da1ee0754d35"},"breadcrumb":{"@id":"https:\/\/aconteceunovale.com.br\/portal\/?p=189901#breadcrumb"},"inLanguage":"pt-BR","potentialAction":[{"@type":"ReadAction","target":["https:\/\/aconteceunovale.com.br\/portal\/?p=189901"]}]},{"@type":"ImageObject","inLanguage":"pt-BR","@id":"https:\/\/aconteceunovale.com.br\/portal\/?p=189901#primaryimage","url":"https:\/\/aconteceunovale.com.br\/portal\/wp-content\/uploads\/2022\/08\/candidatos_gov_to.jpg","contentUrl":"https:\/\/aconteceunovale.com.br\/portal\/wp-content\/uploads\/2022\/08\/candidatos_gov_to.jpg","width":678,"height":353},{"@type":"BreadcrumbList","@id":"https:\/\/aconteceunovale.com.br\/portal\/?p=189901#breadcrumb","itemListElement":[{"@type":"ListItem","position":1,"name":"In\u00edcio","item":"https:\/\/aconteceunovale.com.br\/portal\/"},{"@type":"ListItem","position":2,"name":"Saiba quem s\u00e3o os candidatos a governador do Tocantins"}]},{"@type":"WebSite","@id":"https:\/\/aconteceunovale.com.br\/portal\/#website","url":"https:\/\/aconteceunovale.com.br\/portal\/","name":"Aconteceu no Vale","description":"Portal de Not\u00edcias","potentialAction":[{"@type":"SearchAction","target":{"@type":"EntryPoint","urlTemplate":"https:\/\/aconteceunovale.com.br\/portal\/?s={search_term_string}"},"query-input":{"@type":"PropertyValueSpecification","valueRequired":true,"valueName":"search_term_string"}}],"inLanguage":"pt-BR"},{"@type":"Person","@id":"https:\/\/aconteceunovale.com.br\/portal\/#\/schema\/person\/7d2f26d1483f8a63de73da1ee0754d35","name":"Reda\u00e7\u00e3o Aconteceu no Vale","description":"Equipe de reportagem do Aconteceu no Vale, portal de not\u00edcias do Vale do Jequitinhonha, em Minas Gerais. Cobrimos as 51 cidades do Vale desde 2013. Sugest\u00f5es de pauta e pedidos de corre\u00e7\u00e3o: contato@aconteceunovale.com.br","url":"https:\/\/aconteceunovale.com.br\/portal\/?author=4"}]}},"_links":{"self":[{"href":"https:\/\/aconteceunovale.com.br\/portal\/index.php?rest_route=\/wp\/v2\/posts\/189901","targetHints":{"allow":["GET"]}}],"collection":[{"href":"https:\/\/aconteceunovale.com.br\/portal\/index.php?rest_route=\/wp\/v2\/posts"}],"about":[{"href":"https:\/\/aconteceunovale.com.br\/portal\/index.php?rest_route=\/wp\/v2\/types\/post"}],"author":[{"embeddable":true,"href":"https:\/\/aconteceunovale.com.br\/portal\/index.php?rest_route=\/wp\/v2\/users\/4"}],"replies":[{"embeddable":true,"href":"https:\/\/aconteceunovale.com.br\/portal\/index.php?rest_route=%2Fwp%2Fv2%2Fcomments&post=189901"}],"version-history":[{"count":1,"href":"https:\/\/aconteceunovale.com.br\/portal\/index.php?rest_route=\/wp\/v2\/posts\/189901\/revisions"}],"predecessor-version":[{"id":189903,"href":"https:\/\/aconteceunovale.com.br\/portal\/index.php?rest_route=\/wp\/v2\/posts\/189901\/revisions\/189903"}],"wp:featuredmedia":[{"embeddable":true,"href":"https:\/\/aconteceunovale.com.br\/portal\/index.php?rest_route=\/wp\/v2\/media\/189902"}],"wp:attachment":[{"href":"https:\/\/aconteceunovale.com.br\/portal\/index.php?rest_route=%2Fwp%2Fv2%2Fmedia&parent=189901"}],"wp:term":[{"taxonomy":"category","embeddable":true,"href":"https:\/\/aconteceunovale.com.br\/portal\/index.php?rest_route=%2Fwp%2Fv2%2Fcategories&post=189901"},{"taxonomy":"post_tag","embeddable":true,"href":"https:\/\/aconteceunovale.com.br\/portal\/index.php?rest_route=%2Fwp%2Fv2%2Ftags&post=189901"}],"curies":[{"name":"wp","href":"https:\/\/api.w.org\/{rel}","templated":true}]}}