{"id":189898,"date":"2022-08-16T17:23:12","date_gmt":"2022-08-16T20:23:12","guid":{"rendered":"https:\/\/aconteceunovale.com.br\/portal\/?p=189898"},"modified":"2022-08-16T17:24:28","modified_gmt":"2022-08-16T20:24:28","slug":"confira-a-lista-dos-candidatos-a-governador-do-acre","status":"publish","type":"post","link":"https:\/\/aconteceunovale.com.br\/portal\/?p=189898","title":{"rendered":"Confira a lista dos candidatos a governador do Acre"},"content":{"rendered":"\n<p class=\"wp-block-paragraph\">A Justi\u00e7a Eleitoral recebeu pelo menos 28 mil registros de candidaturas para as elei\u00e7\u00f5es de outubro. A campanha come\u00e7a oficialmente\u00a0nesta ter\u00e7a-feira\u00a0(16).<\/p>\n\n\n\n<p class=\"wp-block-paragraph\">Foram recebidos 12 registros de candidaturas \u00e0 Presid\u00eancia e 12 a vice-presidente; 223 para governador e vice-governador, 231 para senador, 10.238 para deputado federal, 16.161 para deputado estadual e 591 para deputado distrital.<\/p>\n\n\n\n<figure class=\"wp-block-gallery has-nested-images columns-default is-cropped wp-block-gallery-1 is-layout-flex wp-block-gallery-is-layout-flex\">\n<figure class=\"wp-block-image size-large\"><img loading=\"lazy\" decoding=\"async\" width=\"678\" height=\"353\" data-id=\"189899\" src=\"https:\/\/aconteceunovale.com.br\/portal\/wp-content\/uploads\/2022\/08\/candidatos_gov_ac.jpg\" alt=\"\" class=\"wp-image-189899\" srcset=\"https:\/\/aconteceunovale.com.br\/portal\/wp-content\/uploads\/2022\/08\/candidatos_gov_ac.jpg 678w, https:\/\/aconteceunovale.com.br\/portal\/wp-content\/uploads\/2022\/08\/candidatos_gov_ac-300x156.jpg 300w\" sizes=\"auto, (max-width: 678px) 100vw, 678px\" \/><figcaption><em><sub>Candidatos a governador do Acre &#8211; Arte: Aconteceu no Vale<\/sub><\/em><\/figcaption><\/figure>\n<\/figure>\n\n\n\n<p class=\"wp-block-paragraph\">No Acre, sete candidatos concorrem ao cargo de governador. Confira lista completa:<\/p>\n\n\n\n<p class=\"wp-block-paragraph\"><strong>David Hall (Agir):<\/strong>\u00a035 anos, professor de filosofia no Instituto Federal do Acre\u00a0e na rede p\u00fablica estadual, vai concorrer pela segunda vez ao cargo de governador. Em 2020, disputou uma vaga de vereador. A empres\u00e1ria Jorgiene da Silva Carneiro, do mesmo partido, de 49 anos, \u00e9 a\u00a0candidata a vice-governadora. <a href=\"https:\/\/divulgacandcontas.tse.jus.br\/divulga\/#\/candidato\/2022\/2040602022\/AC\/10001606307\" target=\"_blank\" rel=\"noreferrer noopener\">Saiba mais<\/a>.<\/p>\n\n\n\n<p class=\"wp-block-paragraph\"><strong>Gladson Cameli (Progressistas)<\/strong>: 44 anos,\u00a0atual governador, Cameli \u00e9 engenheiro civil e empres\u00e1rio. Natural de Cruzeiro do Sul (AC), o candidato j\u00e1 ocupou os cargos de deputado federal e de senador. Ele \u00e9 sobrinho do ex-governador Orleir Cameli, que morreu em 2013. A vice na chapa ser\u00e1 a senadora Mailza Gomes, tamb\u00e9m do Progressistas, de 45 anos. <a href=\"https:\/\/divulgacandcontas.tse.jus.br\/divulga\/#\/candidato\/2022\/2040602022\/AC\/10001612476\" target=\"_blank\" rel=\"noreferrer noopener\">Saiba mais<\/a>.<\/p>\n\n\n\n<p class=\"wp-block-paragraph\"><strong>Jorge Viana (PT):\u00a0<\/strong>62 anos, ex-senador, \u00e9 natural de Rio Branco. Engenheiro florestal, j\u00e1 comandou a Prefeitura de Rio Branco em duas ocasi\u00f5es. Tamb\u00e9m foi governador do estado duas vezes. O vice na chapa \u00e9 o ex-prefeito de Rio Branco, Marcus Alexandre (PT), 45 anos. <a href=\"https:\/\/divulgacandcontas.tse.jus.br\/divulga\/#\/candidato\/2022\/2040602022\/AC\/10001616169\" data-type=\"URL\" data-id=\"https:\/\/divulgacandcontas.tse.jus.br\/divulga\/#\/candidato\/2022\/2040602022\/AC\/10001616169\" target=\"_blank\" rel=\"noreferrer noopener\">Saiba mais<\/a>.<\/p>\n\n\n\n<p class=\"wp-block-paragraph\"><strong>Mara Rocha (MDB):<\/strong>\u00a0Cylmara Fernandes da Rocha Gripp, 48 anos, natural de Rio Branco, atualmente ocupa o cargo de deputada federal. \u00c9 jornalista e empres\u00e1ria e est\u00e1 concorrendo pela segunda vez a um cargo p\u00fablico. O pecuarista Fernando Zamora, do PRTB, de 53 anos, ser\u00e1 o candidato a vice na chapa. <a href=\"https:\/\/divulgacandcontas.tse.jus.br\/divulga\/#\/candidato\/2022\/2040602022\/AC\/10001639519\" target=\"_blank\" rel=\"noreferrer noopener\">Saiba mais<\/a>.<\/p>\n\n\n\n<p class=\"wp-block-paragraph\"><strong>Marcio Bittar (Uni\u00e3o Brasil):<\/strong>\u00a059 anos, atualmente ocupando uma vaga no Senado, nasceu em Franca (SP). \u00c9 formado em hist\u00f3ria e \u00e9 agropecuarista. J\u00e1 foi eleito deputado estadual e deputado federal. Em 2004, disputou a prefeitura de Rio Branco, mas n\u00e3o se elegeu. A candidata a vice \u00e9 a m\u00e9dica Georgia Cristina Micheletti, do mesmo partido, de 45 anos. <a href=\"https:\/\/divulgacandcontas.tse.jus.br\/divulga\/#\/candidato\/2022\/2040602022\/AC\/10001623440\" target=\"_blank\" rel=\"noreferrer noopener\">Saiba mais<\/a>.<\/p>\n\n\n\n<p class=\"wp-block-paragraph\"><strong>Petec\u00e3o (PSD):<\/strong>\u00a0S\u00e9rgio de Oliveira Cunha, de 62 anos, atualmente ocupa uma vaga no Senado e \u00e9 natural de Rio Branco (AC). J\u00e1 foi deputado estadual por tr\u00eas mandatos consecutivos e tamb\u00e9m deputado federal. Al\u00e9m de pol\u00edtico, \u00e9 empres\u00e1rio e t\u00e9cnico em contabilidade. O candidato a vice \u00e9 o advogado Tota Filho, do PSD, de\u00a045 anos. <a href=\"https:\/\/divulgacandcontas.tse.jus.br\/divulga\/#\/candidato\/2022\/2040602022\/AC\/10001601556\" target=\"_blank\" rel=\"noreferrer noopener\">Saiba mais<\/a>.<\/p>\n\n\n\n<p class=\"wp-block-paragraph\"><strong>Professor Nilson (PSOL):<\/strong>\u00a0Nilson Euclides da Silva, de 58 anos, professor da Universidade Federal do Acre, \u00e9 graduado em ci\u00eancias sociais pela Universidade Federal do Acre, com mestrado e doutorado em ci\u00eancias sociais pela Pontif\u00edcia Universidade Cat\u00f3lica de S\u00e3o Paulo. Vai disputar uma elei\u00e7\u00e3o para cargo majorit\u00e1rio pela primeira vez. A gestora hospitalar Jane Rosas, de 46 anos, do PSOL, ser\u00e1 a candidata a vice. <a href=\"https:\/\/divulgacandcontas.tse.jus.br\/divulga\/#\/candidato\/2022\/2040602022\/AC\/10001595336\" target=\"_blank\" rel=\"noreferrer noopener\">Saiba mais<\/a>.<\/p>\n\n\n\n<p class=\"wp-block-paragraph\">&#8212;&#8212;&#8212;&#8212;&#8212;&#8212;<br><br><strong>Sabia que o Aconteceu no Vale est\u00e1 tamb\u00e9m no Telegram? <a rel=\"noreferrer noopener\" href=\"https:\/\/t.me\/aconteceunovaleoficial\" target=\"_blank\">Inscreva-se no canal<\/a>.<\/strong><br><br><strong>J\u00e1 curtiu ou seguiu nossas p\u00e1ginas nas redes sociais?\u00a0Receba as not\u00edcias em primeira m\u00e3o:<\/strong><br>\u2022 <a rel=\"noreferrer noopener\" href=\"https:\/\/news.google.com\/publications\/CAAqBwgKMNjklQswi4etAw?hl=pt-BR&amp;gl=BR&amp;ceid=BR%3Apt-419\" target=\"_blank\">Google News<\/a><br>\u2022 <a rel=\"noreferrer noopener\" href=\"https:\/\/www.facebook.com\/aconteceunovale\/\" target=\"_blank\">Facebook<\/a><br>\u2022 <a rel=\"noreferrer noopener\" href=\"https:\/\/twitter.com\/noticiadosvales\" target=\"_blank\">Twitter<\/a><br>\u2022 <a rel=\"noreferrer noopener\" href=\"https:\/\/www.instagram.com\/aconteceunovale\" target=\"_blank\">Instagram<\/a><br>\u2022 <a rel=\"noreferrer noopener\" href=\"https:\/\/www.youtube.com\/AconteceunoValeOficial\" target=\"_blank\">Youtube<\/a><br>\u2022 <a rel=\"noreferrer noopener\" href=\"https:\/\/www.tiktok.com\/@aconteceunovale\" target=\"_blank\">TikTok<\/a><\/p>\n","protected":false},"excerpt":{"rendered":"<p>A Justi\u00e7a Eleitoral recebeu pelo menos 28 mil registros de candidaturas para as elei\u00e7\u00f5es de outubro. A campanha come\u00e7a oficialmente\u00a0nesta ter\u00e7a-feira\u00a0(16). Foram recebidos 12 registros de candidaturas \u00e0 Presid\u00eancia e 12 a vice-presidente; 223 para governador e vice-governador, 231 para senador, 10.238 para deputado federal, 16.161 para deputado estadual e 591 para deputado distrital. No [&hellip;]<\/p>\n","protected":false},"author":4,"featured_media":189899,"comment_status":"open","ping_status":"closed","sticky":false,"template":"","format":"standard","meta":{"amp_status":"","footnotes":""},"categories":[6,249933],"tags":[20597,262347,262344,262343,262354,252238,262353,262355,262351,262352,262356,262348,262357,20598,262350,262346,262358,262359,262345,262349],"class_list":["post-189898","post","type-post","status-publish","format-standard","has-post-thumbnail","hentry","category-br","category-eleicoes-2022","tag-acre","tag-candidatos-a-governador-do-ac","tag-candidatos-a-governador-do-acre","tag-confira-a-lista-de-candidatos-a-governador-do-acre","tag-david-hall","tag-eleicoes-2022","tag-eleicoes-2022-no-acre","tag-gladson-cameli","tag-informacoes-sobre-os-candidatos-a-governador-do-ac","tag-informacoes-sobre-os-candidatos-a-governador-do-acre","tag-jorge-viana","tag-lista-dos-candidatos-a-governador-do-ac","tag-mara-rocha","tag-marcio-bittar","tag-nomes-dos-candidatos-a-governador-do-ac","tag-nomes-dos-candidatos-a-governador-do-acre","tag-petecao","tag-professor-nilson","tag-relacao-de-candidatos-a-governador-do-acre","tag-relacao-dos-candidatos-a-governador-do-ac"],"yoast_head":"<!-- This site is optimized with the Yoast SEO plugin v28.3 - https:\/\/yoast.com\/product\/yoast-seo-wordpress\/ -->\n<title>Confira a lista dos candidatos a governador do Acre - Aconteceu no Vale<\/title>\n<meta name=\"robots\" content=\"index, follow, max-snippet:-1, max-image-preview:large, max-video-preview:-1\" \/>\n<link rel=\"canonical\" href=\"https:\/\/aconteceunovale.com.br\/portal\/?p=189898\" \/>\n<meta property=\"og:locale\" content=\"pt_BR\" \/>\n<meta property=\"og:type\" content=\"article\" \/>\n<meta property=\"og:title\" content=\"Confira a lista dos candidatos a governador do Acre - Aconteceu no Vale\" \/>\n<meta property=\"og:description\" content=\"A Justi\u00e7a Eleitoral recebeu pelo menos 28 mil registros de candidaturas para as elei\u00e7\u00f5es de outubro. A campanha come\u00e7a oficialmente\u00a0nesta ter\u00e7a-feira\u00a0(16). Foram recebidos 12 registros de candidaturas \u00e0 Presid\u00eancia e 12 a vice-presidente; 223 para governador e vice-governador, 231 para senador, 10.238 para deputado federal, 16.161 para deputado estadual e 591 para deputado distrital. No [&hellip;]\" \/>\n<meta property=\"og:url\" content=\"https:\/\/aconteceunovale.com.br\/portal\/?p=189898\" \/>\n<meta property=\"og:site_name\" content=\"Aconteceu no Vale\" \/>\n<meta property=\"article:publisher\" content=\"https:\/\/www.facebook.com\/aconteceunovale\/\" \/>\n<meta property=\"article:published_time\" content=\"2022-08-16T20:23:12+00:00\" \/>\n<meta property=\"article:modified_time\" content=\"2022-08-16T20:24:28+00:00\" \/>\n<meta property=\"og:image\" content=\"https:\/\/aconteceunovale.com.br\/portal\/wp-content\/uploads\/2022\/08\/candidatos_gov_ac.jpg\" \/>\n\t<meta property=\"og:image:width\" content=\"678\" \/>\n\t<meta property=\"og:image:height\" content=\"353\" \/>\n\t<meta property=\"og:image:type\" content=\"image\/jpeg\" \/>\n<meta name=\"author\" content=\"Reda\u00e7\u00e3o Aconteceu no Vale\" \/>\n<meta name=\"twitter:card\" content=\"summary_large_image\" \/>\n<meta name=\"twitter:creator\" content=\"@noticiadosvales\" \/>\n<meta name=\"twitter:site\" content=\"@noticiadosvales\" \/>\n<meta name=\"twitter:label1\" content=\"Escrito por\" \/>\n\t<meta name=\"twitter:data1\" content=\"Reda\u00e7\u00e3o Aconteceu no Vale\" \/>\n\t<meta name=\"twitter:label2\" content=\"Est. tempo de leitura\" \/>\n\t<meta name=\"twitter:data2\" content=\"3 minutos\" \/>\n<script type=\"application\/ld+json\" class=\"yoast-schema-graph\">{\"@context\":\"https:\\\/\\\/schema.org\",\"@graph\":[{\"@type\":\"Article\",\"@id\":\"https:\\\/\\\/aconteceunovale.com.br\\\/portal\\\/?p=189898#article\",\"isPartOf\":{\"@id\":\"https:\\\/\\\/aconteceunovale.com.br\\\/portal\\\/?p=189898\"},\"author\":{\"name\":\"Reda\u00e7\u00e3o Aconteceu no Vale\",\"@id\":\"https:\\\/\\\/aconteceunovale.com.br\\\/portal\\\/#\\\/schema\\\/person\\\/7d2f26d1483f8a63de73da1ee0754d35\"},\"headline\":\"Confira a lista dos candidatos a governador do Acre\",\"datePublished\":\"2022-08-16T20:23:12+00:00\",\"dateModified\":\"2022-08-16T20:24:28+00:00\",\"mainEntityOfPage\":{\"@id\":\"https:\\\/\\\/aconteceunovale.com.br\\\/portal\\\/?p=189898\"},\"wordCount\":518,\"commentCount\":0,\"image\":{\"@id\":\"https:\\\/\\\/aconteceunovale.com.br\\\/portal\\\/?p=189898#primaryimage\"},\"thumbnailUrl\":\"https:\\\/\\\/aconteceunovale.com.br\\\/portal\\\/wp-content\\\/uploads\\\/2022\\\/08\\\/candidatos_gov_ac.jpg\",\"keywords\":[\"Acre\",\"Candidatos a governador do AC\",\"Candidatos a governador do Acre\",\"Confira a lista de candidatos a governador do Acre\",\"David Hall\",\"Elei\u00e7\u00f5es 2022\",\"Elei\u00e7\u00f5es 2022 no Acre\",\"Gladson Cameli\",\"Informa\u00e7\u00f5es sobre os Candidatos a governador do AC\",\"Informa\u00e7\u00f5es sobre os Candidatos a governador do Acre\",\"Jorge Viana\",\"Lista dos Candidatos a governador do AC\",\"Mara Rocha\",\"M\u00e1rcio Bittar\",\"Nomes dos Candidatos a governador do AC\",\"Nomes dos Candidatos a governador do Acre\",\"Petec\u00e3o\",\"Professor Nilson\",\"Rela\u00e7\u00e3o de candidatos a governador do Acre\",\"Rela\u00e7\u00e3o dos Candidatos a governador do AC\"],\"articleSection\":[\"Brasil\",\"Elei\u00e7\u00f5es 2022\"],\"inLanguage\":\"pt-BR\",\"potentialAction\":[{\"@type\":\"CommentAction\",\"name\":\"Comment\",\"target\":[\"https:\\\/\\\/aconteceunovale.com.br\\\/portal\\\/?p=189898#respond\"]}]},{\"@type\":\"WebPage\",\"@id\":\"https:\\\/\\\/aconteceunovale.com.br\\\/portal\\\/?p=189898\",\"url\":\"https:\\\/\\\/aconteceunovale.com.br\\\/portal\\\/?p=189898\",\"name\":\"Confira a lista dos candidatos a governador do Acre - Aconteceu no Vale\",\"isPartOf\":{\"@id\":\"https:\\\/\\\/aconteceunovale.com.br\\\/portal\\\/#website\"},\"primaryImageOfPage\":{\"@id\":\"https:\\\/\\\/aconteceunovale.com.br\\\/portal\\\/?p=189898#primaryimage\"},\"image\":{\"@id\":\"https:\\\/\\\/aconteceunovale.com.br\\\/portal\\\/?p=189898#primaryimage\"},\"thumbnailUrl\":\"https:\\\/\\\/aconteceunovale.com.br\\\/portal\\\/wp-content\\\/uploads\\\/2022\\\/08\\\/candidatos_gov_ac.jpg\",\"datePublished\":\"2022-08-16T20:23:12+00:00\",\"dateModified\":\"2022-08-16T20:24:28+00:00\",\"author\":{\"@id\":\"https:\\\/\\\/aconteceunovale.com.br\\\/portal\\\/#\\\/schema\\\/person\\\/7d2f26d1483f8a63de73da1ee0754d35\"},\"breadcrumb\":{\"@id\":\"https:\\\/\\\/aconteceunovale.com.br\\\/portal\\\/?p=189898#breadcrumb\"},\"inLanguage\":\"pt-BR\",\"potentialAction\":[{\"@type\":\"ReadAction\",\"target\":[\"https:\\\/\\\/aconteceunovale.com.br\\\/portal\\\/?p=189898\"]}]},{\"@type\":\"ImageObject\",\"inLanguage\":\"pt-BR\",\"@id\":\"https:\\\/\\\/aconteceunovale.com.br\\\/portal\\\/?p=189898#primaryimage\",\"url\":\"https:\\\/\\\/aconteceunovale.com.br\\\/portal\\\/wp-content\\\/uploads\\\/2022\\\/08\\\/candidatos_gov_ac.jpg\",\"contentUrl\":\"https:\\\/\\\/aconteceunovale.com.br\\\/portal\\\/wp-content\\\/uploads\\\/2022\\\/08\\\/candidatos_gov_ac.jpg\",\"width\":678,\"height\":353},{\"@type\":\"BreadcrumbList\",\"@id\":\"https:\\\/\\\/aconteceunovale.com.br\\\/portal\\\/?p=189898#breadcrumb\",\"itemListElement\":[{\"@type\":\"ListItem\",\"position\":1,\"name\":\"In\u00edcio\",\"item\":\"https:\\\/\\\/aconteceunovale.com.br\\\/portal\\\/\"},{\"@type\":\"ListItem\",\"position\":2,\"name\":\"Confira a lista dos candidatos a governador do Acre\"}]},{\"@type\":\"WebSite\",\"@id\":\"https:\\\/\\\/aconteceunovale.com.br\\\/portal\\\/#website\",\"url\":\"https:\\\/\\\/aconteceunovale.com.br\\\/portal\\\/\",\"name\":\"Aconteceu no Vale\",\"description\":\"Portal de Not\u00edcias\",\"potentialAction\":[{\"@type\":\"SearchAction\",\"target\":{\"@type\":\"EntryPoint\",\"urlTemplate\":\"https:\\\/\\\/aconteceunovale.com.br\\\/portal\\\/?s={search_term_string}\"},\"query-input\":{\"@type\":\"PropertyValueSpecification\",\"valueRequired\":true,\"valueName\":\"search_term_string\"}}],\"inLanguage\":\"pt-BR\"},{\"@type\":\"Person\",\"@id\":\"https:\\\/\\\/aconteceunovale.com.br\\\/portal\\\/#\\\/schema\\\/person\\\/7d2f26d1483f8a63de73da1ee0754d35\",\"name\":\"Reda\u00e7\u00e3o Aconteceu no Vale\",\"description\":\"Equipe de reportagem do Aconteceu no Vale, portal de not\u00edcias do Vale do Jequitinhonha, em Minas Gerais. Cobrimos as 51 cidades do Vale desde 2013. Sugest\u00f5es de pauta e pedidos de corre\u00e7\u00e3o: contato@aconteceunovale.com.br\",\"url\":\"https:\\\/\\\/aconteceunovale.com.br\\\/portal\\\/?author=4\"}]}<\/script>\n<!-- \/ Yoast SEO plugin. -->","yoast_head_json":{"title":"Confira a lista dos candidatos a governador do Acre - Aconteceu no Vale","robots":{"index":"index","follow":"follow","max-snippet":"max-snippet:-1","max-image-preview":"max-image-preview:large","max-video-preview":"max-video-preview:-1"},"canonical":"https:\/\/aconteceunovale.com.br\/portal\/?p=189898","og_locale":"pt_BR","og_type":"article","og_title":"Confira a lista dos candidatos a governador do Acre - Aconteceu no Vale","og_description":"A Justi\u00e7a Eleitoral recebeu pelo menos 28 mil registros de candidaturas para as elei\u00e7\u00f5es de outubro. A campanha come\u00e7a oficialmente\u00a0nesta ter\u00e7a-feira\u00a0(16). Foram recebidos 12 registros de candidaturas \u00e0 Presid\u00eancia e 12 a vice-presidente; 223 para governador e vice-governador, 231 para senador, 10.238 para deputado federal, 16.161 para deputado estadual e 591 para deputado distrital. No [&hellip;]","og_url":"https:\/\/aconteceunovale.com.br\/portal\/?p=189898","og_site_name":"Aconteceu no Vale","article_publisher":"https:\/\/www.facebook.com\/aconteceunovale\/","article_published_time":"2022-08-16T20:23:12+00:00","article_modified_time":"2022-08-16T20:24:28+00:00","og_image":[{"width":678,"height":353,"url":"https:\/\/aconteceunovale.com.br\/portal\/wp-content\/uploads\/2022\/08\/candidatos_gov_ac.jpg","type":"image\/jpeg"}],"author":"Reda\u00e7\u00e3o Aconteceu no Vale","twitter_card":"summary_large_image","twitter_creator":"@noticiadosvales","twitter_site":"@noticiadosvales","twitter_misc":{"Escrito por":"Reda\u00e7\u00e3o Aconteceu no Vale","Est. tempo de leitura":"3 minutos"},"schema":{"@context":"https:\/\/schema.org","@graph":[{"@type":"Article","@id":"https:\/\/aconteceunovale.com.br\/portal\/?p=189898#article","isPartOf":{"@id":"https:\/\/aconteceunovale.com.br\/portal\/?p=189898"},"author":{"name":"Reda\u00e7\u00e3o Aconteceu no Vale","@id":"https:\/\/aconteceunovale.com.br\/portal\/#\/schema\/person\/7d2f26d1483f8a63de73da1ee0754d35"},"headline":"Confira a lista dos candidatos a governador do Acre","datePublished":"2022-08-16T20:23:12+00:00","dateModified":"2022-08-16T20:24:28+00:00","mainEntityOfPage":{"@id":"https:\/\/aconteceunovale.com.br\/portal\/?p=189898"},"wordCount":518,"commentCount":0,"image":{"@id":"https:\/\/aconteceunovale.com.br\/portal\/?p=189898#primaryimage"},"thumbnailUrl":"https:\/\/aconteceunovale.com.br\/portal\/wp-content\/uploads\/2022\/08\/candidatos_gov_ac.jpg","keywords":["Acre","Candidatos a governador do AC","Candidatos a governador do Acre","Confira a lista de candidatos a governador do Acre","David Hall","Elei\u00e7\u00f5es 2022","Elei\u00e7\u00f5es 2022 no Acre","Gladson Cameli","Informa\u00e7\u00f5es sobre os Candidatos a governador do AC","Informa\u00e7\u00f5es sobre os Candidatos a governador do Acre","Jorge Viana","Lista dos Candidatos a governador do AC","Mara Rocha","M\u00e1rcio Bittar","Nomes dos Candidatos a governador do AC","Nomes dos Candidatos a governador do Acre","Petec\u00e3o","Professor Nilson","Rela\u00e7\u00e3o de candidatos a governador do Acre","Rela\u00e7\u00e3o dos Candidatos a governador do AC"],"articleSection":["Brasil","Elei\u00e7\u00f5es 2022"],"inLanguage":"pt-BR","potentialAction":[{"@type":"CommentAction","name":"Comment","target":["https:\/\/aconteceunovale.com.br\/portal\/?p=189898#respond"]}]},{"@type":"WebPage","@id":"https:\/\/aconteceunovale.com.br\/portal\/?p=189898","url":"https:\/\/aconteceunovale.com.br\/portal\/?p=189898","name":"Confira a lista dos candidatos a governador do Acre - Aconteceu no Vale","isPartOf":{"@id":"https:\/\/aconteceunovale.com.br\/portal\/#website"},"primaryImageOfPage":{"@id":"https:\/\/aconteceunovale.com.br\/portal\/?p=189898#primaryimage"},"image":{"@id":"https:\/\/aconteceunovale.com.br\/portal\/?p=189898#primaryimage"},"thumbnailUrl":"https:\/\/aconteceunovale.com.br\/portal\/wp-content\/uploads\/2022\/08\/candidatos_gov_ac.jpg","datePublished":"2022-08-16T20:23:12+00:00","dateModified":"2022-08-16T20:24:28+00:00","author":{"@id":"https:\/\/aconteceunovale.com.br\/portal\/#\/schema\/person\/7d2f26d1483f8a63de73da1ee0754d35"},"breadcrumb":{"@id":"https:\/\/aconteceunovale.com.br\/portal\/?p=189898#breadcrumb"},"inLanguage":"pt-BR","potentialAction":[{"@type":"ReadAction","target":["https:\/\/aconteceunovale.com.br\/portal\/?p=189898"]}]},{"@type":"ImageObject","inLanguage":"pt-BR","@id":"https:\/\/aconteceunovale.com.br\/portal\/?p=189898#primaryimage","url":"https:\/\/aconteceunovale.com.br\/portal\/wp-content\/uploads\/2022\/08\/candidatos_gov_ac.jpg","contentUrl":"https:\/\/aconteceunovale.com.br\/portal\/wp-content\/uploads\/2022\/08\/candidatos_gov_ac.jpg","width":678,"height":353},{"@type":"BreadcrumbList","@id":"https:\/\/aconteceunovale.com.br\/portal\/?p=189898#breadcrumb","itemListElement":[{"@type":"ListItem","position":1,"name":"In\u00edcio","item":"https:\/\/aconteceunovale.com.br\/portal\/"},{"@type":"ListItem","position":2,"name":"Confira a lista dos candidatos a governador do Acre"}]},{"@type":"WebSite","@id":"https:\/\/aconteceunovale.com.br\/portal\/#website","url":"https:\/\/aconteceunovale.com.br\/portal\/","name":"Aconteceu no Vale","description":"Portal de Not\u00edcias","potentialAction":[{"@type":"SearchAction","target":{"@type":"EntryPoint","urlTemplate":"https:\/\/aconteceunovale.com.br\/portal\/?s={search_term_string}"},"query-input":{"@type":"PropertyValueSpecification","valueRequired":true,"valueName":"search_term_string"}}],"inLanguage":"pt-BR"},{"@type":"Person","@id":"https:\/\/aconteceunovale.com.br\/portal\/#\/schema\/person\/7d2f26d1483f8a63de73da1ee0754d35","name":"Reda\u00e7\u00e3o Aconteceu no Vale","description":"Equipe de reportagem do Aconteceu no Vale, portal de not\u00edcias do Vale do Jequitinhonha, em Minas Gerais. Cobrimos as 51 cidades do Vale desde 2013. Sugest\u00f5es de pauta e pedidos de corre\u00e7\u00e3o: contato@aconteceunovale.com.br","url":"https:\/\/aconteceunovale.com.br\/portal\/?author=4"}]}},"_links":{"self":[{"href":"https:\/\/aconteceunovale.com.br\/portal\/index.php?rest_route=\/wp\/v2\/posts\/189898","targetHints":{"allow":["GET"]}}],"collection":[{"href":"https:\/\/aconteceunovale.com.br\/portal\/index.php?rest_route=\/wp\/v2\/posts"}],"about":[{"href":"https:\/\/aconteceunovale.com.br\/portal\/index.php?rest_route=\/wp\/v2\/types\/post"}],"author":[{"embeddable":true,"href":"https:\/\/aconteceunovale.com.br\/portal\/index.php?rest_route=\/wp\/v2\/users\/4"}],"replies":[{"embeddable":true,"href":"https:\/\/aconteceunovale.com.br\/portal\/index.php?rest_route=%2Fwp%2Fv2%2Fcomments&post=189898"}],"version-history":[{"count":1,"href":"https:\/\/aconteceunovale.com.br\/portal\/index.php?rest_route=\/wp\/v2\/posts\/189898\/revisions"}],"predecessor-version":[{"id":189900,"href":"https:\/\/aconteceunovale.com.br\/portal\/index.php?rest_route=\/wp\/v2\/posts\/189898\/revisions\/189900"}],"wp:featuredmedia":[{"embeddable":true,"href":"https:\/\/aconteceunovale.com.br\/portal\/index.php?rest_route=\/wp\/v2\/media\/189899"}],"wp:attachment":[{"href":"https:\/\/aconteceunovale.com.br\/portal\/index.php?rest_route=%2Fwp%2Fv2%2Fmedia&parent=189898"}],"wp:term":[{"taxonomy":"category","embeddable":true,"href":"https:\/\/aconteceunovale.com.br\/portal\/index.php?rest_route=%2Fwp%2Fv2%2Fcategories&post=189898"},{"taxonomy":"post_tag","embeddable":true,"href":"https:\/\/aconteceunovale.com.br\/portal\/index.php?rest_route=%2Fwp%2Fv2%2Ftags&post=189898"}],"curies":[{"name":"wp","href":"https:\/\/api.w.org\/{rel}","templated":true}]}}