{"id":189889,"date":"2022-08-16T16:56:32","date_gmt":"2022-08-16T19:56:32","guid":{"rendered":"https:\/\/aconteceunovale.com.br\/portal\/?p=189889"},"modified":"2022-08-16T16:57:38","modified_gmt":"2022-08-16T19:57:38","slug":"confira-a-lista-de-candidatos-ao-cargo-de-governador-de-roraima","status":"publish","type":"post","link":"https:\/\/aconteceunovale.com.br\/portal\/?p=189889","title":{"rendered":"Confira a lista de candidatos ao cargo de governador de Roraima"},"content":{"rendered":"\n<p class=\"wp-block-paragraph\">A Justi\u00e7a Eleitoral recebeu pelo menos 28 mil registros de candidaturas para as elei\u00e7\u00f5es de outubro. A campanha come\u00e7a oficialmente nesta ter\u00e7a-feira (16).<\/p>\n\n\n\n<p class=\"wp-block-paragraph\">Foram recebidos 12 registros de candidaturas \u00e0 Presid\u00eancia e 12 a vice-presidente; 223 para governador e vice-governador, 231 para senador, 10.238 para deputado federal, 16.161 para deputado estadual e 591 para deputado distrital.<\/p>\n\n\n\n<figure class=\"wp-block-gallery has-nested-images columns-default is-cropped wp-block-gallery-1 is-layout-flex wp-block-gallery-is-layout-flex\">\n<figure class=\"wp-block-image size-large\"><img loading=\"lazy\" decoding=\"async\" width=\"678\" height=\"353\" data-id=\"189890\" src=\"https:\/\/aconteceunovale.com.br\/portal\/wp-content\/uploads\/2022\/08\/candidatos_gov_rr.jpg\" alt=\"\" class=\"wp-image-189890\" srcset=\"https:\/\/aconteceunovale.com.br\/portal\/wp-content\/uploads\/2022\/08\/candidatos_gov_rr.jpg 678w, https:\/\/aconteceunovale.com.br\/portal\/wp-content\/uploads\/2022\/08\/candidatos_gov_rr-300x156.jpg 300w\" sizes=\"auto, (max-width: 678px) 100vw, 678px\" \/><figcaption><em><sub>Candidatos a governador de Roraima &#8211; Arte: Aconteceu no Vale<\/sub><\/em><\/figcaption><\/figure>\n<\/figure>\n\n\n\n<p class=\"wp-block-paragraph\">Em Roraima, cinco candidatos concorrem ao cargo de governador. Confira lista completa:<\/p>\n\n\n\n<p class=\"wp-block-paragraph\"><strong>Antonio Denarium (PP)<\/strong>: aos 58 anos, \u00e9 candidato \u00e0 reelei\u00e7\u00e3o. Antes de tomar posse como governador, em 2019, foi interventor federal em dezembro de 2018, quando a ent\u00e3o governadora Suely Campos foi afastada do cargo. Natural de An\u00e1polis (GO), \u00e9 empres\u00e1rio do ramo de agroneg\u00f3cio e tamb\u00e9m atua no setor imobili\u00e1rio. A chapa tem como vice o engenheiro Edilson Dami\u00e3o (Republicanos), de 44 anos. <a href=\"https:\/\/divulgacandcontas.tse.jus.br\/divulga\/#\/candidato\/2022\/2040602022\/RR\/230001604255\" target=\"_blank\" rel=\"noreferrer noopener\">Saiba mais<\/a>.<\/p>\n\n\n\n<p class=\"wp-block-paragraph\"><strong>F\u00e1bio Almeida (PSOL)<\/strong>: professor de hist\u00f3ria e jornalista tem 47 anos e atua com comunica\u00e7\u00e3o popular. Almeida \u00e9 natural de Jo\u00e3o Pessoa e j\u00e1 ocupou o cargo de secret\u00e1rio de Sa\u00fade do munic\u00edpio do Cant\u00e1, de presidente do Conselho de secret\u00e1rios municipais de Sa\u00fade de Roraima e de diretor do Conselho Nacional dos Secret\u00e1rios Municipais de Sa\u00fade. O agricultor Francisco Alc\u00e2ntara Sevino tamb\u00e9m do PSOL, 49 anos, ser\u00e1 o candidato a vice-governador pela chapa. <a href=\"https:\/\/divulgacandcontas.tse.jus.br\/divulga\/#\/candidato\/2022\/2040602022\/RR\/230001610641\" target=\"_blank\" rel=\"noreferrer noopener\">Saiba mais<\/a>.<\/p>\n\n\n\n<p class=\"wp-block-paragraph\"><strong>Juraci Escurinho (PDT)<\/strong>: aos 50 anos, \u00e9 empres\u00e1rio do ramo de terraplanagem. \u00c9 casado, tem duas filhas e um neto. J\u00e1 foi vereador no munic\u00edpio de Caroebe, no sul de Roraima. Esta \u00e9 a primeira vez em que concorre ao cargo. A psic\u00f3loga e correligion\u00e1ria Lia Raquel, de 30 anos, \u00e9 a candidata a vice. <a href=\"https:\/\/divulgacandcontas.tse.jus.br\/divulga\/#\/candidato\/2022\/2040602022\/RR\/230001670967\" target=\"_blank\" rel=\"noreferrer noopener\">Saiba mais<\/a>.<\/p>\n\n\n\n<p class=\"wp-block-paragraph\"><strong>Rudson Leite (PV)<\/strong>: formado em administra\u00e7\u00e3o, tem 59 anos e \u00e9 natural de Boa Vista. Atualmente \u00e9 suplente de senador. Tamb\u00e9m j\u00e1 disputou duas vezes o cargo de deputado estadual e uma vez o cargo de deputado federal. Em 2012 foi candidato a vice-prefeito. Cristina Burger (PV), de 43 anos, ser\u00e1 a vice. <a href=\"https:\/\/divulgacandcontas.tse.jus.br\/divulga\/#\/candidato\/2022\/2040602022\/RR\/230001610816\" target=\"_blank\" rel=\"noreferrer noopener\">Saiba mais<\/a>.<\/p>\n\n\n\n<p class=\"wp-block-paragraph\"><strong>Teresa Surita (MDB)<\/strong>: aos 66 anos, a ex-prefeita de Boa Vista \u00e9 formada em turismo. Casada, ela tem duas filhas. J\u00e1 foi deputada federal por Roraima por duas vezes. Esta vai ser a segunda vez que disputa o cargo de governadora do estado. O deputado federal Edio Lopes (PL), de 70 anos, ser\u00e1 o vice. <a href=\"https:\/\/divulgacandcontas.tse.jus.br\/divulga\/#\/candidato\/2022\/2040602022\/RR\/230001602186\" target=\"_blank\" rel=\"noreferrer noopener\">Saiba mais<\/a>.<\/p>\n\n\n\n<p class=\"wp-block-paragraph\">&#8212;&#8212;&#8212;&#8212;&#8212;&#8212;<br><br><strong>Sabia que o Aconteceu no Vale est\u00e1 tamb\u00e9m no Telegram? <a rel=\"noreferrer noopener\" href=\"https:\/\/t.me\/aconteceunovaleoficial\" target=\"_blank\">Inscreva-se no canal<\/a>.<\/strong><br><br><strong>J\u00e1 curtiu ou seguiu nossas p\u00e1ginas nas redes sociais?\u00a0Receba as not\u00edcias em primeira m\u00e3o:<\/strong><br>\u2022 <a rel=\"noreferrer noopener\" href=\"https:\/\/news.google.com\/publications\/CAAqBwgKMNjklQswi4etAw?hl=pt-BR&amp;gl=BR&amp;ceid=BR%3Apt-419\" target=\"_blank\">Google News<\/a><br>\u2022 <a rel=\"noreferrer noopener\" href=\"https:\/\/www.facebook.com\/aconteceunovale\/\" target=\"_blank\">Facebook<\/a><br>\u2022 <a rel=\"noreferrer noopener\" href=\"https:\/\/twitter.com\/noticiadosvales\" target=\"_blank\">Twitter<\/a><br>\u2022 <a rel=\"noreferrer noopener\" href=\"https:\/\/www.instagram.com\/aconteceunovale\" target=\"_blank\">Instagram<\/a><br>\u2022 <a rel=\"noreferrer noopener\" href=\"https:\/\/www.youtube.com\/AconteceunoValeOficial\" target=\"_blank\">Youtube<\/a><br>\u2022 <a rel=\"noreferrer noopener\" href=\"https:\/\/www.tiktok.com\/@aconteceunovale\" target=\"_blank\">TikTok<\/a><\/p>\n","protected":false},"excerpt":{"rendered":"<p>A Justi\u00e7a Eleitoral recebeu pelo menos 28 mil registros de candidaturas para as elei\u00e7\u00f5es de outubro. A campanha come\u00e7a oficialmente nesta ter\u00e7a-feira (16). Foram recebidos 12 registros de candidaturas \u00e0 Presid\u00eancia e 12 a vice-presidente; 223 para governador e vice-governador, 231 para senador, 10.238 para deputado federal, 16.161 para deputado estadual e 591 para deputado [&hellip;]<\/p>\n","protected":false},"author":4,"featured_media":189890,"comment_status":"open","ping_status":"closed","sticky":false,"template":"","format":"standard","meta":{"amp_status":"","footnotes":""},"categories":[6,249933],"tags":[184367,262295,262298,262294,252238,262304,262305,262303,262302,262306,262299,262297,262301,262296,262300,20593,262307,262308],"class_list":["post-189889","post","type-post","status-publish","format-standard","has-post-thumbnail","hentry","category-br","category-eleicoes-2022","tag-antonio-denarium","tag-candidatos-a-governador-de-roraima","tag-candidatos-a-governador-de-rr","tag-confira-a-lista-de-candidatos-a-governador-de-roraima","tag-eleicoes-2022","tag-eleicoes-2022-em-roraima","tag-fabio-almeida","tag-informacoes-sobre-os-candidatos-a-governador-de-roraima","tag-informacoes-sobre-os-candidatos-a-governador-de-rr","tag-juraci-escurinho","tag-lista-dos-candidatos-a-governador-de-rr","tag-nomes-dos-candidatos-a-governador-de-roraima","tag-nomes-dos-candidatos-a-governador-de-rr","tag-relacao-de-candidatos-a-governador-de-roraima","tag-relacao-dos-candidatos-a-governador-de-rr","tag-roraima","tag-rudson-leite","tag-teresa-surita"],"yoast_head":"<!-- This site is optimized with the Yoast SEO plugin v28.3 - https:\/\/yoast.com\/product\/yoast-seo-wordpress\/ -->\n<title>Confira a lista de candidatos ao cargo de governador de Roraima - Aconteceu no Vale<\/title>\n<meta name=\"robots\" content=\"index, follow, max-snippet:-1, max-image-preview:large, max-video-preview:-1\" \/>\n<link rel=\"canonical\" href=\"https:\/\/aconteceunovale.com.br\/portal\/?p=189889\" \/>\n<meta property=\"og:locale\" content=\"pt_BR\" \/>\n<meta property=\"og:type\" content=\"article\" \/>\n<meta property=\"og:title\" content=\"Confira a lista de candidatos ao cargo de governador de Roraima - Aconteceu no Vale\" \/>\n<meta property=\"og:description\" content=\"A Justi\u00e7a Eleitoral recebeu pelo menos 28 mil registros de candidaturas para as elei\u00e7\u00f5es de outubro. A campanha come\u00e7a oficialmente nesta ter\u00e7a-feira (16). Foram recebidos 12 registros de candidaturas \u00e0 Presid\u00eancia e 12 a vice-presidente; 223 para governador e vice-governador, 231 para senador, 10.238 para deputado federal, 16.161 para deputado estadual e 591 para deputado [&hellip;]\" \/>\n<meta property=\"og:url\" content=\"https:\/\/aconteceunovale.com.br\/portal\/?p=189889\" \/>\n<meta property=\"og:site_name\" content=\"Aconteceu no Vale\" \/>\n<meta property=\"article:publisher\" content=\"https:\/\/www.facebook.com\/aconteceunovale\/\" \/>\n<meta property=\"article:published_time\" content=\"2022-08-16T19:56:32+00:00\" \/>\n<meta property=\"article:modified_time\" content=\"2022-08-16T19:57:38+00:00\" \/>\n<meta property=\"og:image\" content=\"https:\/\/aconteceunovale.com.br\/portal\/wp-content\/uploads\/2022\/08\/candidatos_gov_rr.jpg\" \/>\n\t<meta property=\"og:image:width\" content=\"678\" \/>\n\t<meta property=\"og:image:height\" content=\"353\" \/>\n\t<meta property=\"og:image:type\" content=\"image\/jpeg\" \/>\n<meta name=\"author\" content=\"Reda\u00e7\u00e3o Aconteceu no Vale\" \/>\n<meta name=\"twitter:card\" content=\"summary_large_image\" \/>\n<meta name=\"twitter:creator\" content=\"@noticiadosvales\" \/>\n<meta name=\"twitter:site\" content=\"@noticiadosvales\" \/>\n<meta name=\"twitter:label1\" content=\"Escrito por\" \/>\n\t<meta name=\"twitter:data1\" content=\"Reda\u00e7\u00e3o Aconteceu no Vale\" \/>\n\t<meta name=\"twitter:label2\" content=\"Est. tempo de leitura\" \/>\n\t<meta name=\"twitter:data2\" content=\"2 minutos\" \/>\n<script type=\"application\/ld+json\" class=\"yoast-schema-graph\">{\"@context\":\"https:\\\/\\\/schema.org\",\"@graph\":[{\"@type\":\"Article\",\"@id\":\"https:\\\/\\\/aconteceunovale.com.br\\\/portal\\\/?p=189889#article\",\"isPartOf\":{\"@id\":\"https:\\\/\\\/aconteceunovale.com.br\\\/portal\\\/?p=189889\"},\"author\":{\"name\":\"Reda\u00e7\u00e3o Aconteceu no Vale\",\"@id\":\"https:\\\/\\\/aconteceunovale.com.br\\\/portal\\\/#\\\/schema\\\/person\\\/7d2f26d1483f8a63de73da1ee0754d35\"},\"headline\":\"Confira a lista de candidatos ao cargo de governador de Roraima\",\"datePublished\":\"2022-08-16T19:56:32+00:00\",\"dateModified\":\"2022-08-16T19:57:38+00:00\",\"mainEntityOfPage\":{\"@id\":\"https:\\\/\\\/aconteceunovale.com.br\\\/portal\\\/?p=189889\"},\"wordCount\":438,\"commentCount\":0,\"image\":{\"@id\":\"https:\\\/\\\/aconteceunovale.com.br\\\/portal\\\/?p=189889#primaryimage\"},\"thumbnailUrl\":\"https:\\\/\\\/aconteceunovale.com.br\\\/portal\\\/wp-content\\\/uploads\\\/2022\\\/08\\\/candidatos_gov_rr.jpg\",\"keywords\":[\"Ant\u00f4nio Denarium\",\"Candidatos a governador de Roraima\",\"Candidatos a governador de RR\",\"Confira a lista de candidatos a governador de Roraima\",\"Elei\u00e7\u00f5es 2022\",\"Elei\u00e7\u00f5es 2022 em Roraima\",\"F\u00e1bio Almeida\",\"Informa\u00e7\u00f5es sobre os Candidatos a governador de Roraima\",\"Informa\u00e7\u00f5es sobre os Candidatos a governador de RR\",\"Juraci Escurinho\",\"Lista dos Candidatos a governador de RR\",\"Nomes dos Candidatos a governador de Roraima\",\"Nomes dos Candidatos a governador de RR\",\"Rela\u00e7\u00e3o de candidatos a governador de Roraima\",\"Rela\u00e7\u00e3o dos Candidatos a governador de RR\",\"Roraima\",\"Rudson Leite\",\"Teresa Surita\"],\"articleSection\":[\"Brasil\",\"Elei\u00e7\u00f5es 2022\"],\"inLanguage\":\"pt-BR\",\"potentialAction\":[{\"@type\":\"CommentAction\",\"name\":\"Comment\",\"target\":[\"https:\\\/\\\/aconteceunovale.com.br\\\/portal\\\/?p=189889#respond\"]}]},{\"@type\":\"WebPage\",\"@id\":\"https:\\\/\\\/aconteceunovale.com.br\\\/portal\\\/?p=189889\",\"url\":\"https:\\\/\\\/aconteceunovale.com.br\\\/portal\\\/?p=189889\",\"name\":\"Confira a lista de candidatos ao cargo de governador de Roraima - Aconteceu no Vale\",\"isPartOf\":{\"@id\":\"https:\\\/\\\/aconteceunovale.com.br\\\/portal\\\/#website\"},\"primaryImageOfPage\":{\"@id\":\"https:\\\/\\\/aconteceunovale.com.br\\\/portal\\\/?p=189889#primaryimage\"},\"image\":{\"@id\":\"https:\\\/\\\/aconteceunovale.com.br\\\/portal\\\/?p=189889#primaryimage\"},\"thumbnailUrl\":\"https:\\\/\\\/aconteceunovale.com.br\\\/portal\\\/wp-content\\\/uploads\\\/2022\\\/08\\\/candidatos_gov_rr.jpg\",\"datePublished\":\"2022-08-16T19:56:32+00:00\",\"dateModified\":\"2022-08-16T19:57:38+00:00\",\"author\":{\"@id\":\"https:\\\/\\\/aconteceunovale.com.br\\\/portal\\\/#\\\/schema\\\/person\\\/7d2f26d1483f8a63de73da1ee0754d35\"},\"breadcrumb\":{\"@id\":\"https:\\\/\\\/aconteceunovale.com.br\\\/portal\\\/?p=189889#breadcrumb\"},\"inLanguage\":\"pt-BR\",\"potentialAction\":[{\"@type\":\"ReadAction\",\"target\":[\"https:\\\/\\\/aconteceunovale.com.br\\\/portal\\\/?p=189889\"]}]},{\"@type\":\"ImageObject\",\"inLanguage\":\"pt-BR\",\"@id\":\"https:\\\/\\\/aconteceunovale.com.br\\\/portal\\\/?p=189889#primaryimage\",\"url\":\"https:\\\/\\\/aconteceunovale.com.br\\\/portal\\\/wp-content\\\/uploads\\\/2022\\\/08\\\/candidatos_gov_rr.jpg\",\"contentUrl\":\"https:\\\/\\\/aconteceunovale.com.br\\\/portal\\\/wp-content\\\/uploads\\\/2022\\\/08\\\/candidatos_gov_rr.jpg\",\"width\":678,\"height\":353},{\"@type\":\"BreadcrumbList\",\"@id\":\"https:\\\/\\\/aconteceunovale.com.br\\\/portal\\\/?p=189889#breadcrumb\",\"itemListElement\":[{\"@type\":\"ListItem\",\"position\":1,\"name\":\"In\u00edcio\",\"item\":\"https:\\\/\\\/aconteceunovale.com.br\\\/portal\\\/\"},{\"@type\":\"ListItem\",\"position\":2,\"name\":\"Confira a lista de candidatos ao cargo de governador de Roraima\"}]},{\"@type\":\"WebSite\",\"@id\":\"https:\\\/\\\/aconteceunovale.com.br\\\/portal\\\/#website\",\"url\":\"https:\\\/\\\/aconteceunovale.com.br\\\/portal\\\/\",\"name\":\"Aconteceu no Vale\",\"description\":\"Portal de Not\u00edcias\",\"potentialAction\":[{\"@type\":\"SearchAction\",\"target\":{\"@type\":\"EntryPoint\",\"urlTemplate\":\"https:\\\/\\\/aconteceunovale.com.br\\\/portal\\\/?s={search_term_string}\"},\"query-input\":{\"@type\":\"PropertyValueSpecification\",\"valueRequired\":true,\"valueName\":\"search_term_string\"}}],\"inLanguage\":\"pt-BR\"},{\"@type\":\"Person\",\"@id\":\"https:\\\/\\\/aconteceunovale.com.br\\\/portal\\\/#\\\/schema\\\/person\\\/7d2f26d1483f8a63de73da1ee0754d35\",\"name\":\"Reda\u00e7\u00e3o Aconteceu no Vale\",\"description\":\"Equipe de reportagem do Aconteceu no Vale, portal de not\u00edcias do Vale do Jequitinhonha, em Minas Gerais. Cobrimos as 51 cidades do Vale desde 2013. Sugest\u00f5es de pauta e pedidos de corre\u00e7\u00e3o: contato@aconteceunovale.com.br\",\"url\":\"https:\\\/\\\/aconteceunovale.com.br\\\/portal\\\/?author=4\"}]}<\/script>\n<!-- \/ Yoast SEO plugin. -->","yoast_head_json":{"title":"Confira a lista de candidatos ao cargo de governador de Roraima - Aconteceu no Vale","robots":{"index":"index","follow":"follow","max-snippet":"max-snippet:-1","max-image-preview":"max-image-preview:large","max-video-preview":"max-video-preview:-1"},"canonical":"https:\/\/aconteceunovale.com.br\/portal\/?p=189889","og_locale":"pt_BR","og_type":"article","og_title":"Confira a lista de candidatos ao cargo de governador de Roraima - Aconteceu no Vale","og_description":"A Justi\u00e7a Eleitoral recebeu pelo menos 28 mil registros de candidaturas para as elei\u00e7\u00f5es de outubro. A campanha come\u00e7a oficialmente nesta ter\u00e7a-feira (16). Foram recebidos 12 registros de candidaturas \u00e0 Presid\u00eancia e 12 a vice-presidente; 223 para governador e vice-governador, 231 para senador, 10.238 para deputado federal, 16.161 para deputado estadual e 591 para deputado [&hellip;]","og_url":"https:\/\/aconteceunovale.com.br\/portal\/?p=189889","og_site_name":"Aconteceu no Vale","article_publisher":"https:\/\/www.facebook.com\/aconteceunovale\/","article_published_time":"2022-08-16T19:56:32+00:00","article_modified_time":"2022-08-16T19:57:38+00:00","og_image":[{"width":678,"height":353,"url":"https:\/\/aconteceunovale.com.br\/portal\/wp-content\/uploads\/2022\/08\/candidatos_gov_rr.jpg","type":"image\/jpeg"}],"author":"Reda\u00e7\u00e3o Aconteceu no Vale","twitter_card":"summary_large_image","twitter_creator":"@noticiadosvales","twitter_site":"@noticiadosvales","twitter_misc":{"Escrito por":"Reda\u00e7\u00e3o Aconteceu no Vale","Est. tempo de leitura":"2 minutos"},"schema":{"@context":"https:\/\/schema.org","@graph":[{"@type":"Article","@id":"https:\/\/aconteceunovale.com.br\/portal\/?p=189889#article","isPartOf":{"@id":"https:\/\/aconteceunovale.com.br\/portal\/?p=189889"},"author":{"name":"Reda\u00e7\u00e3o Aconteceu no Vale","@id":"https:\/\/aconteceunovale.com.br\/portal\/#\/schema\/person\/7d2f26d1483f8a63de73da1ee0754d35"},"headline":"Confira a lista de candidatos ao cargo de governador de Roraima","datePublished":"2022-08-16T19:56:32+00:00","dateModified":"2022-08-16T19:57:38+00:00","mainEntityOfPage":{"@id":"https:\/\/aconteceunovale.com.br\/portal\/?p=189889"},"wordCount":438,"commentCount":0,"image":{"@id":"https:\/\/aconteceunovale.com.br\/portal\/?p=189889#primaryimage"},"thumbnailUrl":"https:\/\/aconteceunovale.com.br\/portal\/wp-content\/uploads\/2022\/08\/candidatos_gov_rr.jpg","keywords":["Ant\u00f4nio Denarium","Candidatos a governador de Roraima","Candidatos a governador de RR","Confira a lista de candidatos a governador de Roraima","Elei\u00e7\u00f5es 2022","Elei\u00e7\u00f5es 2022 em Roraima","F\u00e1bio Almeida","Informa\u00e7\u00f5es sobre os Candidatos a governador de Roraima","Informa\u00e7\u00f5es sobre os Candidatos a governador de RR","Juraci Escurinho","Lista dos Candidatos a governador de RR","Nomes dos Candidatos a governador de Roraima","Nomes dos Candidatos a governador de RR","Rela\u00e7\u00e3o de candidatos a governador de Roraima","Rela\u00e7\u00e3o dos Candidatos a governador de RR","Roraima","Rudson Leite","Teresa Surita"],"articleSection":["Brasil","Elei\u00e7\u00f5es 2022"],"inLanguage":"pt-BR","potentialAction":[{"@type":"CommentAction","name":"Comment","target":["https:\/\/aconteceunovale.com.br\/portal\/?p=189889#respond"]}]},{"@type":"WebPage","@id":"https:\/\/aconteceunovale.com.br\/portal\/?p=189889","url":"https:\/\/aconteceunovale.com.br\/portal\/?p=189889","name":"Confira a lista de candidatos ao cargo de governador de Roraima - Aconteceu no Vale","isPartOf":{"@id":"https:\/\/aconteceunovale.com.br\/portal\/#website"},"primaryImageOfPage":{"@id":"https:\/\/aconteceunovale.com.br\/portal\/?p=189889#primaryimage"},"image":{"@id":"https:\/\/aconteceunovale.com.br\/portal\/?p=189889#primaryimage"},"thumbnailUrl":"https:\/\/aconteceunovale.com.br\/portal\/wp-content\/uploads\/2022\/08\/candidatos_gov_rr.jpg","datePublished":"2022-08-16T19:56:32+00:00","dateModified":"2022-08-16T19:57:38+00:00","author":{"@id":"https:\/\/aconteceunovale.com.br\/portal\/#\/schema\/person\/7d2f26d1483f8a63de73da1ee0754d35"},"breadcrumb":{"@id":"https:\/\/aconteceunovale.com.br\/portal\/?p=189889#breadcrumb"},"inLanguage":"pt-BR","potentialAction":[{"@type":"ReadAction","target":["https:\/\/aconteceunovale.com.br\/portal\/?p=189889"]}]},{"@type":"ImageObject","inLanguage":"pt-BR","@id":"https:\/\/aconteceunovale.com.br\/portal\/?p=189889#primaryimage","url":"https:\/\/aconteceunovale.com.br\/portal\/wp-content\/uploads\/2022\/08\/candidatos_gov_rr.jpg","contentUrl":"https:\/\/aconteceunovale.com.br\/portal\/wp-content\/uploads\/2022\/08\/candidatos_gov_rr.jpg","width":678,"height":353},{"@type":"BreadcrumbList","@id":"https:\/\/aconteceunovale.com.br\/portal\/?p=189889#breadcrumb","itemListElement":[{"@type":"ListItem","position":1,"name":"In\u00edcio","item":"https:\/\/aconteceunovale.com.br\/portal\/"},{"@type":"ListItem","position":2,"name":"Confira a lista de candidatos ao cargo de governador de Roraima"}]},{"@type":"WebSite","@id":"https:\/\/aconteceunovale.com.br\/portal\/#website","url":"https:\/\/aconteceunovale.com.br\/portal\/","name":"Aconteceu no Vale","description":"Portal de Not\u00edcias","potentialAction":[{"@type":"SearchAction","target":{"@type":"EntryPoint","urlTemplate":"https:\/\/aconteceunovale.com.br\/portal\/?s={search_term_string}"},"query-input":{"@type":"PropertyValueSpecification","valueRequired":true,"valueName":"search_term_string"}}],"inLanguage":"pt-BR"},{"@type":"Person","@id":"https:\/\/aconteceunovale.com.br\/portal\/#\/schema\/person\/7d2f26d1483f8a63de73da1ee0754d35","name":"Reda\u00e7\u00e3o Aconteceu no Vale","description":"Equipe de reportagem do Aconteceu no Vale, portal de not\u00edcias do Vale do Jequitinhonha, em Minas Gerais. Cobrimos as 51 cidades do Vale desde 2013. Sugest\u00f5es de pauta e pedidos de corre\u00e7\u00e3o: contato@aconteceunovale.com.br","url":"https:\/\/aconteceunovale.com.br\/portal\/?author=4"}]}},"_links":{"self":[{"href":"https:\/\/aconteceunovale.com.br\/portal\/index.php?rest_route=\/wp\/v2\/posts\/189889","targetHints":{"allow":["GET"]}}],"collection":[{"href":"https:\/\/aconteceunovale.com.br\/portal\/index.php?rest_route=\/wp\/v2\/posts"}],"about":[{"href":"https:\/\/aconteceunovale.com.br\/portal\/index.php?rest_route=\/wp\/v2\/types\/post"}],"author":[{"embeddable":true,"href":"https:\/\/aconteceunovale.com.br\/portal\/index.php?rest_route=\/wp\/v2\/users\/4"}],"replies":[{"embeddable":true,"href":"https:\/\/aconteceunovale.com.br\/portal\/index.php?rest_route=%2Fwp%2Fv2%2Fcomments&post=189889"}],"version-history":[{"count":1,"href":"https:\/\/aconteceunovale.com.br\/portal\/index.php?rest_route=\/wp\/v2\/posts\/189889\/revisions"}],"predecessor-version":[{"id":189891,"href":"https:\/\/aconteceunovale.com.br\/portal\/index.php?rest_route=\/wp\/v2\/posts\/189889\/revisions\/189891"}],"wp:featuredmedia":[{"embeddable":true,"href":"https:\/\/aconteceunovale.com.br\/portal\/index.php?rest_route=\/wp\/v2\/media\/189890"}],"wp:attachment":[{"href":"https:\/\/aconteceunovale.com.br\/portal\/index.php?rest_route=%2Fwp%2Fv2%2Fmedia&parent=189889"}],"wp:term":[{"taxonomy":"category","embeddable":true,"href":"https:\/\/aconteceunovale.com.br\/portal\/index.php?rest_route=%2Fwp%2Fv2%2Fcategories&post=189889"},{"taxonomy":"post_tag","embeddable":true,"href":"https:\/\/aconteceunovale.com.br\/portal\/index.php?rest_route=%2Fwp%2Fv2%2Ftags&post=189889"}],"curies":[{"name":"wp","href":"https:\/\/api.w.org\/{rel}","templated":true}]}}