{"id":189886,"date":"2022-08-16T16:49:41","date_gmt":"2022-08-16T19:49:41","guid":{"rendered":"https:\/\/aconteceunovale.com.br\/portal\/?p=189886"},"modified":"2022-08-16T16:51:12","modified_gmt":"2022-08-16T19:51:12","slug":"confira-a-lista-dos-candidatos-a-governador-do-para","status":"publish","type":"post","link":"https:\/\/aconteceunovale.com.br\/portal\/?p=189886","title":{"rendered":"Confira a lista dos candidatos a governador do Par\u00e1"},"content":{"rendered":"\n<p class=\"wp-block-paragraph\">A Justi\u00e7a Eleitoral recebeu pelo menos 28 mil registros de candidaturas para as elei\u00e7\u00f5es de outubro. A campanha come\u00e7a oficialmente nesta ter\u00e7a-feira (16).<\/p>\n\n\n\n<p class=\"wp-block-paragraph\">Foram recebidos 12 registros de candidaturas \u00e0 Presid\u00eancia e 12 a Vice-Presid\u00eancia; 223 para governador e vice-governador, 231 para senador, 10.238 para deputado federal, 16.161 para deputado estadual e 591 para deputado distrital.<\/p>\n\n\n\n<figure class=\"wp-block-gallery has-nested-images columns-default is-cropped wp-block-gallery-1 is-layout-flex wp-block-gallery-is-layout-flex\">\n<figure class=\"wp-block-image size-large\"><img loading=\"lazy\" decoding=\"async\" width=\"678\" height=\"353\" data-id=\"189887\" src=\"https:\/\/aconteceunovale.com.br\/portal\/wp-content\/uploads\/2022\/08\/candidatos_gov_pa.jpg\" alt=\"\" class=\"wp-image-189887\" srcset=\"https:\/\/aconteceunovale.com.br\/portal\/wp-content\/uploads\/2022\/08\/candidatos_gov_pa.jpg 678w, https:\/\/aconteceunovale.com.br\/portal\/wp-content\/uploads\/2022\/08\/candidatos_gov_pa-300x156.jpg 300w\" sizes=\"auto, (max-width: 678px) 100vw, 678px\" \/><figcaption><em><sub>Candidatos a governador do Par\u00e1 &#8211; Arte: Aconteceu no Vale<\/sub><\/em><\/figcaption><\/figure>\n<\/figure>\n\n\n\n<p class=\"wp-block-paragraph\">No Par\u00e1, nove candidatos concorrem ao cargo de governador. Confira lista completa:<\/p>\n\n\n\n<p class=\"wp-block-paragraph\"><strong>Adolfo Oliveira (PSOL)<\/strong>: 37 anos, ge\u00f3grafo e professor da Universidade Federal do Par\u00e1 (UFPA), \u00e9 tamb\u00e9m formado em Pedagogia pela Universidade do Estado do Par\u00e1 (Uepa). Ele tem p\u00f3s-doutorado em Geografia pela Cardiff University, de Londres. Possui atua\u00e7\u00e3o no movimento sindical na UFPA. A cabeleireira Vera Rodrigues, de 39 anos, tamb\u00e9m do PSOL, ser\u00e1 candidata a vice. <a href=\"https:\/\/divulgacandcontas.tse.jus.br\/divulga\/#\/candidato\/2022\/2040602022\/PA\/140001650094\" target=\"_blank\" rel=\"noreferrer noopener\">Saiba mais<\/a>.<\/p>\n\n\n\n<p class=\"wp-block-paragraph\"><strong>Cleber Rabelo (PSTU)<\/strong>: 49 anos, maranhense do munic\u00edpio de Bacuri, Rabelo \u00e9 oper\u00e1rio do setor da constru\u00e7\u00e3o civil e dirigente sindical. Ele j\u00e1 concorreu tr\u00eas vezes ao cargo de prefeito de Bel\u00e9m e tamb\u00e9m ao governo estadual. Em 2012, foi eleito vereador por Bel\u00e9m. A candidata \u00e0 vice-governadora \u00e9 a professora Benedita do Amaral (PSTU), de 67 anos. <a href=\"https:\/\/divulgacandcontas.tse.jus.br\/divulga\/#\/candidato\/2022\/2040602022\/PA\/140001650519\" target=\"_blank\" rel=\"noreferrer noopener\">Saiba mais<\/a>.<\/p>\n\n\n\n<p class=\"wp-block-paragraph\"><strong>Dr. Felipe (PRTB)<\/strong>: aos 37 anos, \u00e9 m\u00e9dico cardiologista e produtor rural. \u00c9 natural do munic\u00edpio de Xinguara, no sul do Par\u00e1. Esta ser\u00e1 sua primeira disputa eleitoral. O vice \u00e9 Fernando Dourado, de 50 anos, que foi atleta profissional e \u00e9 t\u00e9cnico em desportos, do mesmo partido. \u00a0<a href=\"https:\/\/divulgacandcontas.tse.jus.br\/divulga\/#\/candidato\/2022\/2040602022\/PA\/140001721579\" target=\"_blank\" rel=\"noreferrer noopener\">Saiba mais<\/a>.<\/p>\n\n\n\n<p class=\"wp-block-paragraph\"><strong>Helder Barbalho (MDB)<\/strong>: aos 43 anos, \u00e9 o atual governador do estado e tenta a reelei\u00e7\u00e3o. Formado em administra\u00e7\u00e3o e p\u00f3s-graduado com MBA executivo em gest\u00e3o p\u00fablica, ele j\u00e1 foi ministro-chefe da Secretaria Nacional dos Portos e da Integra\u00e7\u00e3o Nacional. Tamb\u00e9m, foi vereador e prefeito da cidade de Ananindeua (PA) e deputado estadual. A candidata a vice \u00e9 a servidora p\u00fablica estadual Hana Ghassan (MDB), de 54 anos. <a href=\"https:\/\/divulgacandcontas.tse.jus.br\/divulga\/#\/candidato\/2022\/2040602022\/PA\/140001651993\" target=\"_blank\" rel=\"noreferrer noopener\">Saiba mais<\/a>.<\/p>\n\n\n\n<p class=\"wp-block-paragraph\"><strong>Major Marcony (Solidariedade)<\/strong>: de 51 anos, natural de Bel\u00e9m, \u00e9 militar da reserva do Ex\u00e9rcito e tamb\u00e9m empres\u00e1rio do segmento da seguran\u00e7a p\u00fablica. Atual presidente do partido no estado do Par\u00e1, ele concorre ao cargo de governador pela primeira vez. O vice na chapa \u00e9 o administrador Nilo Noronha, 59 anos, do Solidariedade. <a href=\"https:\/\/divulgacandcontas.tse.jus.br\/divulga\/#\/candidato\/2022\/2040602022\/PA\/140001721685\" target=\"_blank\" rel=\"noreferrer noopener\">Saiba mais<\/a>.<\/p>\n\n\n\n<p class=\"wp-block-paragraph\"><strong>Paulo Roseira (AGIR)<\/strong>: aos 63 anos e natural de Bel\u00e9m, Roseira \u00e9 engenheiro por forma\u00e7\u00e3o. Casado, esta \u00e9 a primeira vez que concorre a um cargo eletivo. Seu vice na chapa \u00e9 o advogado Murilo Monteiro, de 39 anos, do mesmo partido. <a href=\"https:\/\/divulgacandcontas.tse.jus.br\/divulga\/#\/candidato\/2022\/2040602022\/PA\/140001721635\" target=\"_blank\" rel=\"noreferrer noopener\">Saiba mais<\/a>.<\/p>\n\n\n\n<p class=\"wp-block-paragraph\"><strong>Shirley Helena Rolim de Souza (PROS)<\/strong>: presidente da legenda no Par\u00e1, \u00e9 natural de Bel\u00e9m. Pedagoga de forma\u00e7\u00e3o, a candidata de 49 anos trabalha na rede p\u00fablica municipal de Barcarena, na regi\u00e3o metropolitana de Bel\u00e9m. \u00c9 a primeira vez que concorre a um cargo p\u00fablico. O vice na chapa \u00e9 o comerciante Ricardo Cunha, de 48 anos. \u00a0<a href=\"https:\/\/divulgacandcontas.tse.jus.br\/divulga\/#\/candidato\/2022\/2040602022\/PA\/140001723383\" target=\"_blank\" rel=\"noreferrer noopener\">Saiba mais<\/a>.<\/p>\n\n\n\n<p class=\"wp-block-paragraph\"><strong>Sofia Couto (PMB)<\/strong>: presidente estadual do PMB, tem 56 anos e est\u00e1 na pol\u00edtica h\u00e1 12 anos. Nasceu em Bel\u00e9m e foi suplente de vereadora em 2012 e 2016, e suplente de deputada estadual em 2018. \u00c9 a primeira vez que concorre ao cargo de governadora. O vice na chapa \u00e9 o bombeiro militar Luciano Nazareno de Furtado Sewnarine, conhecido como Luciano Bombeiro, de 45 anos.\u00a0<a href=\"https:\/\/divulgacandcontas.tse.jus.br\/divulga\/#\/candidato\/2022\/2040602022\/PA\/140001723385\" target=\"_blank\" rel=\"noreferrer noopener\">Saiba mais<\/a>.\u00a0<\/p>\n\n\n\n<p class=\"wp-block-paragraph\"><strong>Zequinha Marinho (PL)<\/strong>: aos 62 anos, \u00e9 senador pelo Par\u00e1. Marinho j\u00e1 ocupou o cargo de vice-governador de 2015 a 2019. Tamb\u00e9m foi deputado estadual e federal. Formado em pedagogia, ele tem p\u00f3s-gradua\u00e7\u00e3o em administra\u00e7\u00e3o p\u00fablica. A candidata dele \u00e0 vice \u00e9 a servidora p\u00fablica municipal Rosiany Eguchi (PSC), de 49 anos. <a href=\"https:\/\/divulgacandcontas.tse.jus.br\/divulga\/#\/candidato\/2022\/2040602022\/PA\/140001596649\" target=\"_blank\" rel=\"noreferrer noopener\">Saiba mais<\/a>.<\/p>\n\n\n\n<p class=\"wp-block-paragraph\">&#8212;&#8212;&#8212;&#8212;&#8212;&#8212;<br><br><strong>Sabia que o Aconteceu no Vale est\u00e1 tamb\u00e9m no Telegram? <a rel=\"noreferrer noopener\" href=\"https:\/\/t.me\/aconteceunovaleoficial\" target=\"_blank\">Inscreva-se no canal<\/a>.<\/strong><br><br><strong>J\u00e1 curtiu ou seguiu nossas p\u00e1ginas nas redes sociais?\u00a0Receba as not\u00edcias em primeira m\u00e3o:<\/strong><br>\u2022 <a rel=\"noreferrer noopener\" href=\"https:\/\/news.google.com\/publications\/CAAqBwgKMNjklQswi4etAw?hl=pt-BR&amp;gl=BR&amp;ceid=BR%3Apt-419\" target=\"_blank\">Google News<\/a><br>\u2022 <a rel=\"noreferrer noopener\" href=\"https:\/\/www.facebook.com\/aconteceunovale\/\" target=\"_blank\">Facebook<\/a><br>\u2022 <a rel=\"noreferrer noopener\" href=\"https:\/\/twitter.com\/noticiadosvales\" target=\"_blank\">Twitter<\/a><br>\u2022 <a rel=\"noreferrer noopener\" href=\"https:\/\/www.instagram.com\/aconteceunovale\" target=\"_blank\">Instagram<\/a><br>\u2022 <a rel=\"noreferrer noopener\" href=\"https:\/\/www.youtube.com\/AconteceunoValeOficial\" target=\"_blank\">Youtube<\/a><br>\u2022 <a rel=\"noreferrer noopener\" href=\"https:\/\/www.tiktok.com\/@aconteceunovale\" target=\"_blank\">TikTok<\/a><\/p>\n","protected":false},"excerpt":{"rendered":"<p>A Justi\u00e7a Eleitoral recebeu pelo menos 28 mil registros de candidaturas para as elei\u00e7\u00f5es de outubro. A campanha come\u00e7a oficialmente nesta ter\u00e7a-feira (16). Foram recebidos 12 registros de candidaturas \u00e0 Presid\u00eancia e 12 a Vice-Presid\u00eancia; 223 para governador e vice-governador, 231 para senador, 10.238 para deputado federal, 16.161 para deputado estadual e 591 para deputado [&hellip;]<\/p>\n","protected":false},"author":4,"featured_media":189887,"comment_status":"open","ping_status":"closed","sticky":false,"template":"","format":"standard","meta":{"amp_status":"","footnotes":""},"categories":[6,249933],"tags":[262287,262280,262277,262288,262276,262289,252238,262286,27846,262284,262285,262281,262290,262283,262279,15362,262291,262278,262282,262292,262293,245081],"class_list":["post-189886","post","type-post","status-publish","format-standard","has-post-thumbnail","hentry","category-br","category-eleicoes-2022","tag-adolfo-oliveira","tag-candidatos-a-governador-do-pa","tag-candidatos-a-governador-do-para","tag-cleber-rabelo","tag-confira-a-lista-de-candidatos-a-governador-do-para","tag-dr-felipe","tag-eleicoes-2022","tag-eleicoes-2022-no-para","tag-helder-barbalho","tag-informacoes-sobre-os-candidatos-a-governador-do-pa","tag-informacoes-sobre-os-candidatos-a-governador-do-para","tag-lista-dos-candidatos-a-governador-do-pa","tag-major-marcony","tag-nomes-dos-candidatos-a-governador-do-pa","tag-nomes-dos-candidatos-a-governador-do-para","tag-para","tag-paulo-roseira","tag-relacao-de-candidatos-a-governador-do-para","tag-relacao-dos-candidatos-a-governador-do-pa","tag-shirley-helena-rolim-de-souza","tag-sofia-couto","tag-zequinha-marinho"],"yoast_head":"<!-- This site is optimized with the Yoast SEO plugin v28.3 - https:\/\/yoast.com\/product\/yoast-seo-wordpress\/ -->\n<title>Confira a lista dos candidatos a governador do Par\u00e1 - Aconteceu no Vale<\/title>\n<meta name=\"robots\" content=\"index, follow, max-snippet:-1, max-image-preview:large, max-video-preview:-1\" \/>\n<link rel=\"canonical\" href=\"https:\/\/aconteceunovale.com.br\/portal\/?p=189886\" \/>\n<meta property=\"og:locale\" content=\"pt_BR\" \/>\n<meta property=\"og:type\" content=\"article\" \/>\n<meta property=\"og:title\" content=\"Confira a lista dos candidatos a governador do Par\u00e1 - Aconteceu no Vale\" \/>\n<meta property=\"og:description\" content=\"A Justi\u00e7a Eleitoral recebeu pelo menos 28 mil registros de candidaturas para as elei\u00e7\u00f5es de outubro. A campanha come\u00e7a oficialmente nesta ter\u00e7a-feira (16). Foram recebidos 12 registros de candidaturas \u00e0 Presid\u00eancia e 12 a Vice-Presid\u00eancia; 223 para governador e vice-governador, 231 para senador, 10.238 para deputado federal, 16.161 para deputado estadual e 591 para deputado [&hellip;]\" \/>\n<meta property=\"og:url\" content=\"https:\/\/aconteceunovale.com.br\/portal\/?p=189886\" \/>\n<meta property=\"og:site_name\" content=\"Aconteceu no Vale\" \/>\n<meta property=\"article:publisher\" content=\"https:\/\/www.facebook.com\/aconteceunovale\/\" \/>\n<meta property=\"article:published_time\" content=\"2022-08-16T19:49:41+00:00\" \/>\n<meta property=\"article:modified_time\" content=\"2022-08-16T19:51:12+00:00\" \/>\n<meta property=\"og:image\" content=\"https:\/\/aconteceunovale.com.br\/portal\/wp-content\/uploads\/2022\/08\/candidatos_gov_pa.jpg\" \/>\n\t<meta property=\"og:image:width\" content=\"678\" \/>\n\t<meta property=\"og:image:height\" content=\"353\" \/>\n\t<meta property=\"og:image:type\" content=\"image\/jpeg\" \/>\n<meta name=\"author\" content=\"Reda\u00e7\u00e3o Aconteceu no Vale\" \/>\n<meta name=\"twitter:card\" content=\"summary_large_image\" \/>\n<meta name=\"twitter:creator\" content=\"@noticiadosvales\" \/>\n<meta name=\"twitter:site\" content=\"@noticiadosvales\" \/>\n<meta name=\"twitter:label1\" content=\"Escrito por\" \/>\n\t<meta name=\"twitter:data1\" content=\"Reda\u00e7\u00e3o Aconteceu no Vale\" \/>\n\t<meta name=\"twitter:label2\" content=\"Est. tempo de leitura\" \/>\n\t<meta name=\"twitter:data2\" content=\"3 minutos\" \/>\n<script type=\"application\/ld+json\" class=\"yoast-schema-graph\">{\"@context\":\"https:\\\/\\\/schema.org\",\"@graph\":[{\"@type\":\"Article\",\"@id\":\"https:\\\/\\\/aconteceunovale.com.br\\\/portal\\\/?p=189886#article\",\"isPartOf\":{\"@id\":\"https:\\\/\\\/aconteceunovale.com.br\\\/portal\\\/?p=189886\"},\"author\":{\"name\":\"Reda\u00e7\u00e3o Aconteceu no Vale\",\"@id\":\"https:\\\/\\\/aconteceunovale.com.br\\\/portal\\\/#\\\/schema\\\/person\\\/7d2f26d1483f8a63de73da1ee0754d35\"},\"headline\":\"Confira a lista dos candidatos a governador do Par\u00e1\",\"datePublished\":\"2022-08-16T19:49:41+00:00\",\"dateModified\":\"2022-08-16T19:51:12+00:00\",\"mainEntityOfPage\":{\"@id\":\"https:\\\/\\\/aconteceunovale.com.br\\\/portal\\\/?p=189886\"},\"wordCount\":639,\"commentCount\":0,\"image\":{\"@id\":\"https:\\\/\\\/aconteceunovale.com.br\\\/portal\\\/?p=189886#primaryimage\"},\"thumbnailUrl\":\"https:\\\/\\\/aconteceunovale.com.br\\\/portal\\\/wp-content\\\/uploads\\\/2022\\\/08\\\/candidatos_gov_pa.jpg\",\"keywords\":[\"Adolfo Oliveira\",\"Candidatos a governador do PA\",\"Candidatos a governador do Par\u00e1\",\"Cleber Rabelo\",\"Confira a lista de candidatos a governador do Par\u00e1\",\"Dr. Felipe\",\"Elei\u00e7\u00f5es 2022\",\"Elei\u00e7\u00f5es 2022 no Par\u00e1\",\"Helder Barbalho\",\"Informa\u00e7\u00f5es sobre os Candidatos a governador do PA\",\"Informa\u00e7\u00f5es sobre os Candidatos a governador do Par\u00e1\",\"Lista dos Candidatos a governador do PA\",\"Major Marcony\",\"Nomes dos Candidatos a governador do PA\",\"Nomes dos Candidatos a governador do Par\u00e1\",\"Par\u00e1\",\"Paulo Roseira\",\"Rela\u00e7\u00e3o de candidatos a governador do Par\u00e1\",\"Rela\u00e7\u00e3o dos Candidatos a governador do PA\",\"Shirley Helena Rolim de Souza\",\"Sofia Couto\",\"Zequinha Marinho\"],\"articleSection\":[\"Brasil\",\"Elei\u00e7\u00f5es 2022\"],\"inLanguage\":\"pt-BR\",\"potentialAction\":[{\"@type\":\"CommentAction\",\"name\":\"Comment\",\"target\":[\"https:\\\/\\\/aconteceunovale.com.br\\\/portal\\\/?p=189886#respond\"]}]},{\"@type\":\"WebPage\",\"@id\":\"https:\\\/\\\/aconteceunovale.com.br\\\/portal\\\/?p=189886\",\"url\":\"https:\\\/\\\/aconteceunovale.com.br\\\/portal\\\/?p=189886\",\"name\":\"Confira a lista dos candidatos a governador do Par\u00e1 - Aconteceu no Vale\",\"isPartOf\":{\"@id\":\"https:\\\/\\\/aconteceunovale.com.br\\\/portal\\\/#website\"},\"primaryImageOfPage\":{\"@id\":\"https:\\\/\\\/aconteceunovale.com.br\\\/portal\\\/?p=189886#primaryimage\"},\"image\":{\"@id\":\"https:\\\/\\\/aconteceunovale.com.br\\\/portal\\\/?p=189886#primaryimage\"},\"thumbnailUrl\":\"https:\\\/\\\/aconteceunovale.com.br\\\/portal\\\/wp-content\\\/uploads\\\/2022\\\/08\\\/candidatos_gov_pa.jpg\",\"datePublished\":\"2022-08-16T19:49:41+00:00\",\"dateModified\":\"2022-08-16T19:51:12+00:00\",\"author\":{\"@id\":\"https:\\\/\\\/aconteceunovale.com.br\\\/portal\\\/#\\\/schema\\\/person\\\/7d2f26d1483f8a63de73da1ee0754d35\"},\"breadcrumb\":{\"@id\":\"https:\\\/\\\/aconteceunovale.com.br\\\/portal\\\/?p=189886#breadcrumb\"},\"inLanguage\":\"pt-BR\",\"potentialAction\":[{\"@type\":\"ReadAction\",\"target\":[\"https:\\\/\\\/aconteceunovale.com.br\\\/portal\\\/?p=189886\"]}]},{\"@type\":\"ImageObject\",\"inLanguage\":\"pt-BR\",\"@id\":\"https:\\\/\\\/aconteceunovale.com.br\\\/portal\\\/?p=189886#primaryimage\",\"url\":\"https:\\\/\\\/aconteceunovale.com.br\\\/portal\\\/wp-content\\\/uploads\\\/2022\\\/08\\\/candidatos_gov_pa.jpg\",\"contentUrl\":\"https:\\\/\\\/aconteceunovale.com.br\\\/portal\\\/wp-content\\\/uploads\\\/2022\\\/08\\\/candidatos_gov_pa.jpg\",\"width\":678,\"height\":353},{\"@type\":\"BreadcrumbList\",\"@id\":\"https:\\\/\\\/aconteceunovale.com.br\\\/portal\\\/?p=189886#breadcrumb\",\"itemListElement\":[{\"@type\":\"ListItem\",\"position\":1,\"name\":\"In\u00edcio\",\"item\":\"https:\\\/\\\/aconteceunovale.com.br\\\/portal\\\/\"},{\"@type\":\"ListItem\",\"position\":2,\"name\":\"Confira a lista dos candidatos a governador do Par\u00e1\"}]},{\"@type\":\"WebSite\",\"@id\":\"https:\\\/\\\/aconteceunovale.com.br\\\/portal\\\/#website\",\"url\":\"https:\\\/\\\/aconteceunovale.com.br\\\/portal\\\/\",\"name\":\"Aconteceu no Vale\",\"description\":\"Portal de Not\u00edcias\",\"potentialAction\":[{\"@type\":\"SearchAction\",\"target\":{\"@type\":\"EntryPoint\",\"urlTemplate\":\"https:\\\/\\\/aconteceunovale.com.br\\\/portal\\\/?s={search_term_string}\"},\"query-input\":{\"@type\":\"PropertyValueSpecification\",\"valueRequired\":true,\"valueName\":\"search_term_string\"}}],\"inLanguage\":\"pt-BR\"},{\"@type\":\"Person\",\"@id\":\"https:\\\/\\\/aconteceunovale.com.br\\\/portal\\\/#\\\/schema\\\/person\\\/7d2f26d1483f8a63de73da1ee0754d35\",\"name\":\"Reda\u00e7\u00e3o Aconteceu no Vale\",\"description\":\"Equipe de reportagem do Aconteceu no Vale, portal de not\u00edcias do Vale do Jequitinhonha, em Minas Gerais. Cobrimos as 51 cidades do Vale desde 2013. Sugest\u00f5es de pauta e pedidos de corre\u00e7\u00e3o: contato@aconteceunovale.com.br\",\"url\":\"https:\\\/\\\/aconteceunovale.com.br\\\/portal\\\/?author=4\"}]}<\/script>\n<!-- \/ Yoast SEO plugin. -->","yoast_head_json":{"title":"Confira a lista dos candidatos a governador do Par\u00e1 - Aconteceu no Vale","robots":{"index":"index","follow":"follow","max-snippet":"max-snippet:-1","max-image-preview":"max-image-preview:large","max-video-preview":"max-video-preview:-1"},"canonical":"https:\/\/aconteceunovale.com.br\/portal\/?p=189886","og_locale":"pt_BR","og_type":"article","og_title":"Confira a lista dos candidatos a governador do Par\u00e1 - Aconteceu no Vale","og_description":"A Justi\u00e7a Eleitoral recebeu pelo menos 28 mil registros de candidaturas para as elei\u00e7\u00f5es de outubro. A campanha come\u00e7a oficialmente nesta ter\u00e7a-feira (16). Foram recebidos 12 registros de candidaturas \u00e0 Presid\u00eancia e 12 a Vice-Presid\u00eancia; 223 para governador e vice-governador, 231 para senador, 10.238 para deputado federal, 16.161 para deputado estadual e 591 para deputado [&hellip;]","og_url":"https:\/\/aconteceunovale.com.br\/portal\/?p=189886","og_site_name":"Aconteceu no Vale","article_publisher":"https:\/\/www.facebook.com\/aconteceunovale\/","article_published_time":"2022-08-16T19:49:41+00:00","article_modified_time":"2022-08-16T19:51:12+00:00","og_image":[{"width":678,"height":353,"url":"https:\/\/aconteceunovale.com.br\/portal\/wp-content\/uploads\/2022\/08\/candidatos_gov_pa.jpg","type":"image\/jpeg"}],"author":"Reda\u00e7\u00e3o Aconteceu no Vale","twitter_card":"summary_large_image","twitter_creator":"@noticiadosvales","twitter_site":"@noticiadosvales","twitter_misc":{"Escrito por":"Reda\u00e7\u00e3o Aconteceu no Vale","Est. tempo de leitura":"3 minutos"},"schema":{"@context":"https:\/\/schema.org","@graph":[{"@type":"Article","@id":"https:\/\/aconteceunovale.com.br\/portal\/?p=189886#article","isPartOf":{"@id":"https:\/\/aconteceunovale.com.br\/portal\/?p=189886"},"author":{"name":"Reda\u00e7\u00e3o Aconteceu no Vale","@id":"https:\/\/aconteceunovale.com.br\/portal\/#\/schema\/person\/7d2f26d1483f8a63de73da1ee0754d35"},"headline":"Confira a lista dos candidatos a governador do Par\u00e1","datePublished":"2022-08-16T19:49:41+00:00","dateModified":"2022-08-16T19:51:12+00:00","mainEntityOfPage":{"@id":"https:\/\/aconteceunovale.com.br\/portal\/?p=189886"},"wordCount":639,"commentCount":0,"image":{"@id":"https:\/\/aconteceunovale.com.br\/portal\/?p=189886#primaryimage"},"thumbnailUrl":"https:\/\/aconteceunovale.com.br\/portal\/wp-content\/uploads\/2022\/08\/candidatos_gov_pa.jpg","keywords":["Adolfo Oliveira","Candidatos a governador do PA","Candidatos a governador do Par\u00e1","Cleber Rabelo","Confira a lista de candidatos a governador do Par\u00e1","Dr. Felipe","Elei\u00e7\u00f5es 2022","Elei\u00e7\u00f5es 2022 no Par\u00e1","Helder Barbalho","Informa\u00e7\u00f5es sobre os Candidatos a governador do PA","Informa\u00e7\u00f5es sobre os Candidatos a governador do Par\u00e1","Lista dos Candidatos a governador do PA","Major Marcony","Nomes dos Candidatos a governador do PA","Nomes dos Candidatos a governador do Par\u00e1","Par\u00e1","Paulo Roseira","Rela\u00e7\u00e3o de candidatos a governador do Par\u00e1","Rela\u00e7\u00e3o dos Candidatos a governador do PA","Shirley Helena Rolim de Souza","Sofia Couto","Zequinha Marinho"],"articleSection":["Brasil","Elei\u00e7\u00f5es 2022"],"inLanguage":"pt-BR","potentialAction":[{"@type":"CommentAction","name":"Comment","target":["https:\/\/aconteceunovale.com.br\/portal\/?p=189886#respond"]}]},{"@type":"WebPage","@id":"https:\/\/aconteceunovale.com.br\/portal\/?p=189886","url":"https:\/\/aconteceunovale.com.br\/portal\/?p=189886","name":"Confira a lista dos candidatos a governador do Par\u00e1 - Aconteceu no Vale","isPartOf":{"@id":"https:\/\/aconteceunovale.com.br\/portal\/#website"},"primaryImageOfPage":{"@id":"https:\/\/aconteceunovale.com.br\/portal\/?p=189886#primaryimage"},"image":{"@id":"https:\/\/aconteceunovale.com.br\/portal\/?p=189886#primaryimage"},"thumbnailUrl":"https:\/\/aconteceunovale.com.br\/portal\/wp-content\/uploads\/2022\/08\/candidatos_gov_pa.jpg","datePublished":"2022-08-16T19:49:41+00:00","dateModified":"2022-08-16T19:51:12+00:00","author":{"@id":"https:\/\/aconteceunovale.com.br\/portal\/#\/schema\/person\/7d2f26d1483f8a63de73da1ee0754d35"},"breadcrumb":{"@id":"https:\/\/aconteceunovale.com.br\/portal\/?p=189886#breadcrumb"},"inLanguage":"pt-BR","potentialAction":[{"@type":"ReadAction","target":["https:\/\/aconteceunovale.com.br\/portal\/?p=189886"]}]},{"@type":"ImageObject","inLanguage":"pt-BR","@id":"https:\/\/aconteceunovale.com.br\/portal\/?p=189886#primaryimage","url":"https:\/\/aconteceunovale.com.br\/portal\/wp-content\/uploads\/2022\/08\/candidatos_gov_pa.jpg","contentUrl":"https:\/\/aconteceunovale.com.br\/portal\/wp-content\/uploads\/2022\/08\/candidatos_gov_pa.jpg","width":678,"height":353},{"@type":"BreadcrumbList","@id":"https:\/\/aconteceunovale.com.br\/portal\/?p=189886#breadcrumb","itemListElement":[{"@type":"ListItem","position":1,"name":"In\u00edcio","item":"https:\/\/aconteceunovale.com.br\/portal\/"},{"@type":"ListItem","position":2,"name":"Confira a lista dos candidatos a governador do Par\u00e1"}]},{"@type":"WebSite","@id":"https:\/\/aconteceunovale.com.br\/portal\/#website","url":"https:\/\/aconteceunovale.com.br\/portal\/","name":"Aconteceu no Vale","description":"Portal de Not\u00edcias","potentialAction":[{"@type":"SearchAction","target":{"@type":"EntryPoint","urlTemplate":"https:\/\/aconteceunovale.com.br\/portal\/?s={search_term_string}"},"query-input":{"@type":"PropertyValueSpecification","valueRequired":true,"valueName":"search_term_string"}}],"inLanguage":"pt-BR"},{"@type":"Person","@id":"https:\/\/aconteceunovale.com.br\/portal\/#\/schema\/person\/7d2f26d1483f8a63de73da1ee0754d35","name":"Reda\u00e7\u00e3o Aconteceu no Vale","description":"Equipe de reportagem do Aconteceu no Vale, portal de not\u00edcias do Vale do Jequitinhonha, em Minas Gerais. Cobrimos as 51 cidades do Vale desde 2013. Sugest\u00f5es de pauta e pedidos de corre\u00e7\u00e3o: contato@aconteceunovale.com.br","url":"https:\/\/aconteceunovale.com.br\/portal\/?author=4"}]}},"_links":{"self":[{"href":"https:\/\/aconteceunovale.com.br\/portal\/index.php?rest_route=\/wp\/v2\/posts\/189886","targetHints":{"allow":["GET"]}}],"collection":[{"href":"https:\/\/aconteceunovale.com.br\/portal\/index.php?rest_route=\/wp\/v2\/posts"}],"about":[{"href":"https:\/\/aconteceunovale.com.br\/portal\/index.php?rest_route=\/wp\/v2\/types\/post"}],"author":[{"embeddable":true,"href":"https:\/\/aconteceunovale.com.br\/portal\/index.php?rest_route=\/wp\/v2\/users\/4"}],"replies":[{"embeddable":true,"href":"https:\/\/aconteceunovale.com.br\/portal\/index.php?rest_route=%2Fwp%2Fv2%2Fcomments&post=189886"}],"version-history":[{"count":1,"href":"https:\/\/aconteceunovale.com.br\/portal\/index.php?rest_route=\/wp\/v2\/posts\/189886\/revisions"}],"predecessor-version":[{"id":189888,"href":"https:\/\/aconteceunovale.com.br\/portal\/index.php?rest_route=\/wp\/v2\/posts\/189886\/revisions\/189888"}],"wp:featuredmedia":[{"embeddable":true,"href":"https:\/\/aconteceunovale.com.br\/portal\/index.php?rest_route=\/wp\/v2\/media\/189887"}],"wp:attachment":[{"href":"https:\/\/aconteceunovale.com.br\/portal\/index.php?rest_route=%2Fwp%2Fv2%2Fmedia&parent=189886"}],"wp:term":[{"taxonomy":"category","embeddable":true,"href":"https:\/\/aconteceunovale.com.br\/portal\/index.php?rest_route=%2Fwp%2Fv2%2Fcategories&post=189886"},{"taxonomy":"post_tag","embeddable":true,"href":"https:\/\/aconteceunovale.com.br\/portal\/index.php?rest_route=%2Fwp%2Fv2%2Ftags&post=189886"}],"curies":[{"name":"wp","href":"https:\/\/api.w.org\/{rel}","templated":true}]}}